{"id":4584,"date":"2026-08-23T01:41:20","date_gmt":"2026-08-23T04:41:20","guid":{"rendered":"https:\/\/gazetapernambucana.com\/?p=4584"},"modified":"2026-08-23T02:32:08","modified_gmt":"2026-08-23T05:32:08","slug":"tulio-gadelha-abre-comite-com-mega-adesivaco-e-escancara-ao-povo-o-senado-nao-se-ganha-nos-gabinetes-ganha-se-nas-ruas","status":"publish","type":"post","link":"https:\/\/gazetapernambucana.com\/?p=4584","title":{"rendered":"T\u00falio Gad\u00ealha abre comit\u00ea com mega adesiva\u00e7o e escancara ao povo: \u201cO Senado n\u00e3o se ganha nos gabinetes, ganha-se nas ruas\u201d"},"content":{"rendered":"<h5><span class=\"\">Deputado mais premiado de Pernambuco, T\u00falio Gad\u00ealha (PSD) inaugura neste domingo (23) sua base no Recife com ato que promete ser o maior evento de rua da campanha, e reafirma: a mudan\u00e7a no Senado passa pela participa\u00e7\u00e3o popular<\/span><\/h5>\n<p class=\"ds-markdown-paragraph\"><strong><span class=\"\">Recife \u2013<\/span><\/strong><span class=\"\">\u00a0Neste domingo (23), o Recife ser\u00e1 o epicentro da mobiliza\u00e7\u00e3o popular em Pernambuco. O deputado federal\u00a0<\/span><strong><span class=\"\">T\u00falio Gad\u00ealha (PSD)<\/span><\/strong><span class=\"\">, candidato ao Senado na chapa da governadora Raquel Lyra<\/span><span class=\"\">, inaugura seu comit\u00ea de campanha com um\u00a0<\/span><strong><span class=\"\">grande adesiva\u00e7o<\/span><\/strong><span class=\"\">\u00a0que promete reunir militantes, lideran\u00e7as pol\u00edticas, movimentos sociais e a popula\u00e7\u00e3o em geral. Mais do que a abertura de um espa\u00e7o f\u00edsico, o evento simboliza o\u00a0<\/span><strong><span class=\"\">in\u00edcio da ofensiva final<\/span><\/strong><span class=\"\"> rumo ao Senado, e T\u00falio faz quest\u00e3o de dar o tom:\u00a0<\/span><strong><span class=\"\">a campanha ser\u00e1 feita nas ruas, ao lado do povo<\/span><\/strong><span class=\"\">.<\/span><\/p>\n<div style=\"width: 640px;\" class=\"wp-video\"><video class=\"wp-video-shortcode\" id=\"video-4584-1\" width=\"640\" height=\"1138\" preload=\"metadata\" controls=\"controls\"><source type=\"video\/mp4\" src=\"http:\/\/gazetapernambucana.com\/wp-content\/uploads\/2026\/08\/SnapInsta.to_AQNDOhGUvvrCVCY09myUPqyOyxRKq4w0EghU3vnpp35Rdj9uIilbOMEIwQl3gHgE9EZG6NYKoCxOE01CbhC55z6tjC93dWEgxIWcxAo.mp4?_=1\" \/><a href=\"http:\/\/gazetapernambucana.com\/wp-content\/uploads\/2026\/08\/SnapInsta.to_AQNDOhGUvvrCVCY09myUPqyOyxRKq4w0EghU3vnpp35Rdj9uIilbOMEIwQl3gHgE9EZG6NYKoCxOE01CbhC55z6tjC93dWEgxIWcxAo.mp4\">http:\/\/gazetapernambucana.com\/wp-content\/uploads\/2026\/08\/SnapInsta.to_AQNDOhGUvvrCVCY09myUPqyOyxRKq4w0EghU3vnpp35Rdj9uIilbOMEIwQl3gHgE9EZG6NYKoCxOE01CbhC55z6tjC93dWEgxIWcxAo.mp4<\/a><\/video><\/div>\n<h3><span class=\"\">Uma trajet\u00f3ria que n\u00e3o se improvisa: oito indica\u00e7\u00f5es e seis pr\u00eamios<\/span><\/h3>\n<p class=\"ds-markdown-paragraph\"><span class=\"\">T\u00falio Gad\u00ealha n\u00e3o \u00e9 um nome de \u00faltima hora na pol\u00edtica pernambucana.\u00a0<\/span><strong><span class=\"\">Deputado federal por dois mandatos consecutivos (2018 e 2022)<\/span><\/strong><span class=\"\">, ele construiu uma carreira pautada pela\u00a0<\/span><strong><span class=\"\">transpar\u00eancia, participa\u00e7\u00e3o popular e defesa intransigente das pautas sociais<\/span><\/strong><span class=\"\">.<\/span><\/p>\n<p class=\"ds-markdown-paragraph\"><span class=\"\">Os n\u00fameros falam por si: T\u00falio foi\u00a0<\/span><strong><span class=\"\">indicado pela oitava vez<\/span><\/strong><span class=\"\"> ao Pr\u00eamio Congresso em Foco , considerado o &#8220;Oscar da pol\u00edtica brasileira&#8221;<\/span><span class=\"\">. E n\u00e3o \u00e9 s\u00f3 indica\u00e7\u00e3o: ele j\u00e1\u00a0<\/span><strong><span class=\"\">venceu seis edi\u00e7\u00f5es<\/span><\/strong><span class=\"\">\u00a0na categoria\u00a0<\/span><strong><span class=\"\">Melhor Deputado do Nordeste<\/span><\/strong><span class=\"\">. Em 2025, foi eleito o\u00a0<\/span><strong><span class=\"\">melhor deputado federal de Pernambuco<\/span><\/strong><span class=\"\">\u00a0na premia\u00e7\u00e3o<\/span><span class=\"\">, consolidando-se como uma das principais vozes progressistas do Estado<\/span><span class=\"\">.<\/span><\/p>\n<p class=\"ds-markdown-paragraph\"><span class=\"\">O reconhecimento, segundo o pr\u00f3prio T\u00falio, \u00e9 resultado de um modelo de atua\u00e7\u00e3o que ele leva como bandeira:\u00a0<\/span><em><span class=\"\">\u201cEsse reconhecimento \u00e9 resultado de um mandato constru\u00eddo com as pessoas, com transpar\u00eancia, participa\u00e7\u00e3o popular e muito trabalho por Pernambuco\u201d<\/span><\/em><span class=\"\">. E n\u00e3o \u00e9 ret\u00f3rica: levantamento recente apontou seu mandato como o\u00a0<\/span><strong><span class=\"\">de maior relev\u00e2ncia nas redes sociais entre os deputados federais do Nordeste<\/span><\/strong><span class=\"\">.<\/span><\/p>\n<h3><span class=\"\">Propostas concretas, n\u00e3o promessas vazias<\/span><\/h3>\n<p class=\"ds-markdown-paragraph\"><span class=\"\">Diferentemente de candidatos que apostam em discursos gen\u00e9ricos ou em ataques institucionais, T\u00falio apresenta\u00a0<\/span><strong><span class=\"\">projetos reais<\/span><\/strong><span class=\"\">\u00a0e\u00a0<\/span><strong><span class=\"\">propostas estruturantes<\/span><\/strong><span class=\"\">\u00a0para o futuro de Pernambuco e do Brasil:<\/span><\/p>\n<ul>\n<li>\n<p class=\"ds-markdown-paragraph\"><strong><span class=\"\">Federaliza\u00e7\u00e3o da educa\u00e7\u00e3o b\u00e1sica<\/span><\/strong><span class=\"\">\u00a0\u2014 proposta apresentada em sabatina nesta semana, para ampliar a participa\u00e7\u00e3o da Uni\u00e3o no financiamento e na gest\u00e3o do ensino b\u00e1sico, reduzindo as desigualdades entre estados e munic\u00edpios<\/span><span class=\"\">;<\/span><\/p>\n<\/li>\n<li>\n<p class=\"ds-markdown-paragraph\"><strong><span class=\"\">Emendas Participativas<\/span><\/strong><span class=\"\">\u00a0\u2014 mecanismo inovador que permite \u00e0 popula\u00e7\u00e3o indicar projetos que receber\u00e3o recursos do mandato<\/span><span class=\"\">. Em 2026,\u00a0<\/span><strong><span class=\"\">R$ 10 milh\u00f5es<\/span><\/strong><span class=\"\">\u00a0em emendas federais foram colocados em vota\u00e7\u00e3o popular, com mais de\u00a0<\/span><strong><span class=\"\">200 projetos inscritos<\/span><\/strong><span class=\"\">\u00a0nas \u00e1reas de educa\u00e7\u00e3o, sa\u00fade, meio ambiente, cultura e direitos humanos<\/span><span class=\"\">;<\/span><\/p>\n<\/li>\n<li>\n<p class=\"ds-markdown-paragraph\"><strong><span class=\"\">Defesa da democracia e do di\u00e1logo entre os Poderes<\/span><\/strong><span class=\"\">\u00a0\u2014 T\u00falio tem se posicionado contra o uso do impeachment de ministros como plataforma de campanha, defendendo que eventuais processos sejam baseados na apura\u00e7\u00e3o de crimes<\/span><span class=\"\">;<\/span><\/p>\n<\/li>\n<li>\n<p class=\"ds-markdown-paragraph\"><strong><span class=\"\">Atua\u00e7\u00e3o em comiss\u00f5es estrat\u00e9gicas<\/span><\/strong><span class=\"\">\u00a0\u2014 meio ambiente, trabalho e previd\u00eancia, al\u00e9m de grupos de trabalho sobre transi\u00e7\u00e3o energ\u00e9tica e desenvolvimento sustent\u00e1vel<\/span><span class=\"\">;<\/span><\/p>\n<\/li>\n<li>\n<p class=\"ds-markdown-paragraph\"><strong><span class=\"\">Valoriza\u00e7\u00e3o do magist\u00e9rio<\/span><\/strong><span class=\"\">\u00a0\u2014 com emendas apresentadas em 2026 para atualiza\u00e7\u00e3o do piso nacional dos professores<\/span><span class=\"\">.<\/span><\/p>\n<\/li>\n<\/ul>\n<h3><span class=\"\">O adesiva\u00e7o: mais que adesivo, um grito de mobiliza\u00e7\u00e3o<\/span><\/h3>\n<p class=\"ds-markdown-paragraph\"><span class=\"\">O grande adesiva\u00e7o deste domingo n\u00e3o \u00e9 apenas um evento de campanha. \u00c9 a\u00a0<\/span><strong><span class=\"\">materializa\u00e7\u00e3o de uma estrat\u00e9gia pol\u00edtica clara<\/span><\/strong><span class=\"\">:\u00a0<\/span><strong><span class=\"\">ocupar as ruas, multiplicar a mensagem e fortalecer a milit\u00e2ncia<\/span><\/strong><span class=\"\">. Carros, motos, bicicletas e caminh\u00f5es ser\u00e3o adesivados com a marca da candidatura, transformando cada apoiador em um\u00a0<\/span><strong><span class=\"\">agente de transforma\u00e7\u00e3o<\/span><\/strong><span class=\"\">\u00a0pelas ruas do Recife e, em breve, por todo o interior de Pernambuco.<\/span><\/p>\n<p class=\"ds-markdown-paragraph\"><span class=\"\">A expectativa \u00e9 que centenas de ve\u00edculos circulem pela cidade, levando a mensagem de que\u00a0<\/span><strong><span class=\"\">Pernambuco precisa de um senador que conhe\u00e7a a realidade do estado<\/span><\/strong><span class=\"\">, que tenha\u00a0<\/span><strong><span class=\"\">experi\u00eancia em Bras\u00edlia<\/span><\/strong><span class=\"\">\u00a0e, ao mesmo tempo,\u00a0<\/span><strong><span class=\"\">liga\u00e7\u00e3o direta com os movimentos populares<\/span><\/strong><span class=\"\">.<\/span><\/p>\n<h3><span class=\"\">Senado n\u00e3o pode ser trampolim, tem que ser miss\u00e3o<\/span><\/h3>\n<p class=\"ds-markdown-paragraph\"><span class=\"\">T\u00falio Gad\u00ealha deixa claro: sua candidatura ao Senado \u00e9\u00a0<\/span><strong><span class=\"\">um projeto de Estado, n\u00e3o de ocasi\u00e3o<\/span><\/strong><span class=\"\">. Enquanto muitos veem a Casa Alta como um pr\u00eamio ou um degrau, T\u00falio enxerga o Senado como a\u00a0<\/span><strong><span class=\"\">trincheira para aprovar reformas estruturais<\/span><\/strong><span class=\"\">\u00a0que o Brasil e Pernambuco precisam.<\/span><\/p>\n<p class=\"ds-markdown-paragraph\"><span class=\"\">O deputado j\u00e1 demonstrou, em seus mandatos, que\u00a0<\/span><strong><span class=\"\">sabe dialogar com os tr\u00eas Poderes sem abrir m\u00e3o de seus princ\u00edpios<\/span><\/strong><span class=\"\">. Defensor da harmonia institucional, ele rejeita a pol\u00edtica do confronto e aposta no\u00a0<\/span><strong><span class=\"\">debate qualificado<\/span><\/strong><span class=\"\">, na constru\u00e7\u00e3o de consensos e na\u00a0<\/span><strong><span class=\"\">defesa da democracia<\/span><\/strong><span class=\"\">\u00a0como valor inegoci\u00e1vel.<\/span><\/p>\n<h3><span class=\"\">Apoio de lideran\u00e7as e capilaridade pol\u00edtica<\/span><\/h3>\n<p class=\"ds-markdown-paragraph\"><span class=\"\">T\u00falio Gad\u00ealha chega \u00e0 disputa com o\u00a0<\/span><strong><span class=\"\">respaldo da governadora Raquel Lyra<\/span><\/strong><span class=\"\">, que o classificou como o <\/span><strong><span class=\"\">\u00fanico pr\u00e9-candidato ao Senado definido por ela<\/span><\/strong><span class=\"\">, e de uma ampla frente que re\u00fane for\u00e7as do PSD, do Avante e de outros partidos<\/span><span class=\"\">. Ele tamb\u00e9m carrega o apoio de\u00a0<\/span><strong><span class=\"\">mais de 100 prefeitos e prefeitas<\/span><\/strong><span class=\"\">\u00a0de todo o estado<\/span><span class=\"\">.<\/span><\/p>\n<p class=\"ds-markdown-paragraph\"><span class=\"\">Al\u00e9m disso, T\u00falio tem uma\u00a0<\/span><strong><span class=\"\">base de apoio s\u00f3lida entre movimentos sociais, sindicatos, associa\u00e7\u00f5es de bairro, jovens e mulheres<\/span><\/strong><span class=\"\">, que veem nele um int\u00e9rprete fiel das demandas populares. O adesiva\u00e7o de domingo ser\u00e1, por isso, um\u00a0<\/span><strong><span class=\"\">retrato da diversidade<\/span><\/strong><span class=\"\">\u00a0que apoia sua candidatura.<\/span><\/p>\n<h3><span class=\"\">Transpar\u00eancia e compromisso com a coisa p\u00fablica<\/span><\/h3>\n<p class=\"ds-markdown-paragraph\"><span class=\"\">Em tempos de desconfian\u00e7a com a pol\u00edtica, T\u00falio Gad\u00ealha d\u00e1 o exemplo: sua declara\u00e7\u00e3o de bens ao TSE, com\u00a0<\/span><strong><span class=\"\">R$ 1,3 milh\u00e3o<\/span><\/strong><span class=\"\">, \u00e9 p\u00fablica e acess\u00edvel a todos , um gesto de transpar\u00eancia que poucos candidatos t\u00eam coragem de fazer. O crescimento patrimonial, devidamente declarado, refor\u00e7a seu compromisso com a <\/span><strong><span class=\"\">lisura e a presta\u00e7\u00e3o de contas<\/span><\/strong><span class=\"\">\u00a0\u00e0 sociedade<\/span><span class=\"\">.<\/span><\/p>\n<h3><span class=\"\">O que est\u00e1 em jogo?<\/span><\/h3>\n<p class=\"ds-markdown-paragraph\"><span class=\"\">Pernambuco precisa de um senador que\u00a0<\/span><strong><span class=\"\">n\u00e3o se esconda em gabinete<\/span><\/strong><span class=\"\">, que\u00a0<\/span><strong><span class=\"\">n\u00e3o troque o povo por acordos de bastidor<\/span><\/strong><span class=\"\">\u00a0e que\u00a0<\/span><strong><span class=\"\">n\u00e3o use o cargo para beneficiar poucos<\/span><\/strong><span class=\"\">. T\u00falio Gad\u00ealha representa exatamente o oposto:\u00a0<\/span><strong><span class=\"\">transpar\u00eancia, compromisso e coragem<\/span><\/strong><span class=\"\"> para enfrentar os desafios do estado, da seca ao subdesenvolvimento, da viol\u00eancia \u00e0 desigualdade.<\/span><\/p>\n<p class=\"ds-markdown-paragraph\"><span class=\"\">Neste domingo, o comit\u00ea abre suas portas, mas a mensagem \u00e9 clara:\u00a0<\/span><strong><span class=\"\">a campanha de T\u00falio n\u00e3o vai se limitar a quatro paredes<\/span><\/strong><span class=\"\">. Ela vai ganhar as ruas, os bairros, os munic\u00edpios, as feiras, as escolas, as f\u00e1bricas e os lares pernambucanos.<\/span><\/p>\n<h3><span class=\"\">Servi\u00e7o \u2013 Participe!<\/span><\/h3>\n<p class=\"ds-markdown-paragraph\"><strong><span class=\"\">\ud83d\udcc5 Data:<\/span><\/strong><span class=\"\">\u00a0Domingo, 23 de agosto<\/span><br \/>\n<strong><span class=\"\">\ud83d\udccd Local:<\/span><\/strong><span class=\"\"> Comit\u00ea de Campanha \u2013 Recife ( Em frente ao Hospital da Restaura\u00e7\u00e3o (Avenida Agamenon Magalh\u00e3es)<\/span><br \/>\n<strong><span class=\"\">\ud83c\udfaf Atra\u00e7\u00e3o principal:<\/span><\/strong><span class=\"\">\u00a0Grande adesiva\u00e7o com milit\u00e2ncia, carros e muito entusiasmo<\/span><br \/>\n<strong><span class=\"\">\ud83d\udcf2 Confirme sua presen\u00e7a e compartilhe:<\/span><\/strong><span class=\"\">\u00a0<\/span><a href=\"https:\/\/www.instagram.com\/reel\/DcWgCmBDz_c\/\" target=\"_blank\" rel=\"noopener noreferrer\"><span class=\"\">Clique aqui para ver o convite oficial no Instagram<\/span><\/a><span class=\"\">\u00a0e ajude a espalhar essa corrente!<\/span><\/p>\n<p class=\"ds-markdown-paragraph\"><strong><span class=\"\">Pernambuco merece um senador \u00e0 altura de sua hist\u00f3ria. T\u00falio Gad\u00ealha \u00e9 esse nome. No domingo, estaremos juntos. Nas ruas, nos carros, nos cora\u00e7\u00f5es. Porque a mudan\u00e7a n\u00e3o espera, ela se faz com a gente.<\/span><\/strong><\/p>\n","protected":false},"excerpt":{"rendered":"<p>Deputado mais premiado de Pernambuco, T\u00falio Gad\u00ealha (PSD) inaugura neste domingo (23) sua base no Recife com ato que promete ser o maior evento de rua da campanha, e reafirma: a mudan\u00e7a no Senado passa pela participa\u00e7\u00e3o popular Recife \u2013\u00a0Neste domingo (23), o Recife ser\u00e1 o epicentro da mobiliza\u00e7\u00e3o popular em Pernambuco. O deputado federal\u00a0T\u00falio [&hellip;]<\/p>\n","protected":false},"author":1,"featured_media":4586,"comment_status":"open","ping_status":"open","sticky":false,"template":"","format":"standard","meta":{"footnotes":"","jetpack_publicize_message":"","jetpack_publicize_feature_enabled":true,"jetpack_social_post_already_shared":true,"jetpack_social_options":{"image_generator_settings":{"template":"highway","default_image_id":0,"font":"","enabled":false},"version":2}},"categories":[66,1,65],"tags":[],"class_list":["post-4584","post","type-post","status-publish","format-standard","has-post-thumbnail","hentry","category-cidades","category-https-gazetapernambucana-com-page_id225","category-politica"],"yoast_head":"<!-- This site is optimized with the Yoast SEO plugin v24.5 - https:\/\/yoast.com\/wordpress\/plugins\/seo\/ -->\n<title>T\u00falio Gad\u00ealha abre comit\u00ea com mega adesiva\u00e7o e escancara ao povo: \u201cO Senado n\u00e3o se ganha nos gabinetes, ganha-se nas ruas\u201d -<\/title>\n<meta name=\"robots\" content=\"index, follow, max-snippet:-1, max-image-preview:large, max-video-preview:-1\" \/>\n<link rel=\"canonical\" href=\"https:\/\/gazetapernambucana.com\/?p=4584\" \/>\n<meta property=\"og:locale\" content=\"pt_BR\" \/>\n<meta property=\"og:type\" content=\"article\" \/>\n<meta property=\"og:title\" content=\"T\u00falio Gad\u00ealha abre comit\u00ea com mega adesiva\u00e7o e escancara ao povo: \u201cO Senado n\u00e3o se ganha nos gabinetes, ganha-se nas ruas\u201d -\" \/>\n<meta property=\"og:description\" content=\"Deputado mais premiado de Pernambuco, T\u00falio Gad\u00ealha (PSD) inaugura neste domingo (23) sua base no Recife com ato que promete ser o maior evento de rua da campanha, e reafirma: a mudan\u00e7a no Senado passa pela participa\u00e7\u00e3o popular Recife \u2013\u00a0Neste domingo (23), o Recife ser\u00e1 o epicentro da mobiliza\u00e7\u00e3o popular em Pernambuco. O deputado federal\u00a0T\u00falio [&hellip;]\" \/>\n<meta property=\"og:url\" content=\"https:\/\/gazetapernambucana.com\/?p=4584\" \/>\n<meta property=\"article:published_time\" content=\"2026-08-23T04:41:20+00:00\" \/>\n<meta property=\"article:modified_time\" content=\"2026-08-23T05:32:08+00:00\" \/>\n<meta property=\"og:image\" content=\"https:\/\/gazetapernambucana.com\/wp-content\/uploads\/2026\/08\/images-4.jpg\" \/>\n\t<meta property=\"og:image:width\" content=\"194\" \/>\n\t<meta property=\"og:image:height\" content=\"259\" \/>\n\t<meta property=\"og:image:type\" content=\"image\/jpeg\" \/>\n<meta name=\"author\" content=\"GP\" \/>\n<meta name=\"twitter:card\" content=\"summary_large_image\" \/>\n<meta name=\"twitter:label1\" content=\"Escrito por\" \/>\n\t<meta name=\"twitter:data1\" content=\"GP\" \/>\n\t<meta name=\"twitter:label2\" content=\"Est. tempo de leitura\" \/>\n\t<meta name=\"twitter:data2\" content=\"6 minutos\" \/>\n<script type=\"application\/ld+json\" class=\"yoast-schema-graph\">{\"@context\":\"https:\/\/schema.org\",\"@graph\":[{\"@type\":\"WebPage\",\"@id\":\"https:\/\/gazetapernambucana.com\/?p=4584\",\"url\":\"https:\/\/gazetapernambucana.com\/?p=4584\",\"name\":\"T\u00falio Gad\u00ealha abre comit\u00ea com mega adesiva\u00e7o e escancara ao povo: \u201cO Senado n\u00e3o se ganha nos gabinetes, ganha-se nas ruas\u201d -\",\"isPartOf\":{\"@id\":\"https:\/\/gazetapernambucana.com\/#website\"},\"primaryImageOfPage\":{\"@id\":\"https:\/\/gazetapernambucana.com\/?p=4584#primaryimage\"},\"image\":{\"@id\":\"https:\/\/gazetapernambucana.com\/?p=4584#primaryimage\"},\"thumbnailUrl\":\"https:\/\/gazetapernambucana.com\/wp-content\/uploads\/2026\/08\/images-4.jpg\",\"datePublished\":\"2026-08-23T04:41:20+00:00\",\"dateModified\":\"2026-08-23T05:32:08+00:00\",\"author\":{\"@id\":\"https:\/\/gazetapernambucana.com\/#\/schema\/person\/188dc283325181ac2de4db1e9e987427\"},\"breadcrumb\":{\"@id\":\"https:\/\/gazetapernambucana.com\/?p=4584#breadcrumb\"},\"inLanguage\":\"pt-BR\",\"potentialAction\":[{\"@type\":\"ReadAction\",\"target\":[\"https:\/\/gazetapernambucana.com\/?p=4584\"]}]},{\"@type\":\"ImageObject\",\"inLanguage\":\"pt-BR\",\"@id\":\"https:\/\/gazetapernambucana.com\/?p=4584#primaryimage\",\"url\":\"https:\/\/gazetapernambucana.com\/wp-content\/uploads\/2026\/08\/images-4.jpg\",\"contentUrl\":\"https:\/\/gazetapernambucana.com\/wp-content\/uploads\/2026\/08\/images-4.jpg\",\"width\":194,\"height\":259},{\"@type\":\"BreadcrumbList\",\"@id\":\"https:\/\/gazetapernambucana.com\/?p=4584#breadcrumb\",\"itemListElement\":[{\"@type\":\"ListItem\",\"position\":1,\"name\":\"In\u00edcio\",\"item\":\"https:\/\/gazetapernambucana.com\/\"},{\"@type\":\"ListItem\",\"position\":2,\"name\":\"T\u00falio Gad\u00ealha abre comit\u00ea com mega adesiva\u00e7o e escancara ao povo: \u201cO Senado n\u00e3o se ganha nos gabinetes, ganha-se nas ruas\u201d\"}]},{\"@type\":\"WebSite\",\"@id\":\"https:\/\/gazetapernambucana.com\/#website\",\"url\":\"https:\/\/gazetapernambucana.com\/\",\"name\":\"\",\"description\":\"\",\"potentialAction\":[{\"@type\":\"SearchAction\",\"target\":{\"@type\":\"EntryPoint\",\"urlTemplate\":\"https:\/\/gazetapernambucana.com\/?s={search_term_string}\"},\"query-input\":{\"@type\":\"PropertyValueSpecification\",\"valueRequired\":true,\"valueName\":\"search_term_string\"}}],\"inLanguage\":\"pt-BR\"},{\"@type\":\"Person\",\"@id\":\"https:\/\/gazetapernambucana.com\/#\/schema\/person\/188dc283325181ac2de4db1e9e987427\",\"name\":\"GP\",\"image\":{\"@type\":\"ImageObject\",\"inLanguage\":\"pt-BR\",\"@id\":\"https:\/\/gazetapernambucana.com\/#\/schema\/person\/image\/\",\"url\":\"https:\/\/secure.gravatar.com\/avatar\/9dad78ff9a2d8b5742d11779f8a3f53b052320c550b2e1907882353c067bb111?s=96&d=mm&r=g\",\"contentUrl\":\"https:\/\/secure.gravatar.com\/avatar\/9dad78ff9a2d8b5742d11779f8a3f53b052320c550b2e1907882353c067bb111?s=96&d=mm&r=g\",\"caption\":\"GP\"},\"sameAs\":[\"http:\/\/gazetapernambucana.com\"],\"url\":\"https:\/\/gazetapernambucana.com\/?author=1\"}]}<\/script>\n<!-- \/ Yoast SEO plugin. -->","yoast_head_json":{"title":"T\u00falio Gad\u00ealha abre comit\u00ea com mega adesiva\u00e7o e escancara ao povo: \u201cO Senado n\u00e3o se ganha nos gabinetes, ganha-se nas ruas\u201d -","robots":{"index":"index","follow":"follow","max-snippet":"max-snippet:-1","max-image-preview":"max-image-preview:large","max-video-preview":"max-video-preview:-1"},"canonical":"https:\/\/gazetapernambucana.com\/?p=4584","og_locale":"pt_BR","og_type":"article","og_title":"T\u00falio Gad\u00ealha abre comit\u00ea com mega adesiva\u00e7o e escancara ao povo: \u201cO Senado n\u00e3o se ganha nos gabinetes, ganha-se nas ruas\u201d -","og_description":"Deputado mais premiado de Pernambuco, T\u00falio Gad\u00ealha (PSD) inaugura neste domingo (23) sua base no Recife com ato que promete ser o maior evento de rua da campanha, e reafirma: a mudan\u00e7a no Senado passa pela participa\u00e7\u00e3o popular Recife \u2013\u00a0Neste domingo (23), o Recife ser\u00e1 o epicentro da mobiliza\u00e7\u00e3o popular em Pernambuco. O deputado federal\u00a0T\u00falio [&hellip;]","og_url":"https:\/\/gazetapernambucana.com\/?p=4584","article_published_time":"2026-08-23T04:41:20+00:00","article_modified_time":"2026-08-23T05:32:08+00:00","og_image":[{"width":194,"height":259,"url":"https:\/\/gazetapernambucana.com\/wp-content\/uploads\/2026\/08\/images-4.jpg","type":"image\/jpeg"}],"author":"GP","twitter_card":"summary_large_image","twitter_misc":{"Escrito por":"GP","Est. tempo de leitura":"6 minutos"},"schema":{"@context":"https:\/\/schema.org","@graph":[{"@type":"WebPage","@id":"https:\/\/gazetapernambucana.com\/?p=4584","url":"https:\/\/gazetapernambucana.com\/?p=4584","name":"T\u00falio Gad\u00ealha abre comit\u00ea com mega adesiva\u00e7o e escancara ao povo: \u201cO Senado n\u00e3o se ganha nos gabinetes, ganha-se nas ruas\u201d -","isPartOf":{"@id":"https:\/\/gazetapernambucana.com\/#website"},"primaryImageOfPage":{"@id":"https:\/\/gazetapernambucana.com\/?p=4584#primaryimage"},"image":{"@id":"https:\/\/gazetapernambucana.com\/?p=4584#primaryimage"},"thumbnailUrl":"https:\/\/gazetapernambucana.com\/wp-content\/uploads\/2026\/08\/images-4.jpg","datePublished":"2026-08-23T04:41:20+00:00","dateModified":"2026-08-23T05:32:08+00:00","author":{"@id":"https:\/\/gazetapernambucana.com\/#\/schema\/person\/188dc283325181ac2de4db1e9e987427"},"breadcrumb":{"@id":"https:\/\/gazetapernambucana.com\/?p=4584#breadcrumb"},"inLanguage":"pt-BR","potentialAction":[{"@type":"ReadAction","target":["https:\/\/gazetapernambucana.com\/?p=4584"]}]},{"@type":"ImageObject","inLanguage":"pt-BR","@id":"https:\/\/gazetapernambucana.com\/?p=4584#primaryimage","url":"https:\/\/gazetapernambucana.com\/wp-content\/uploads\/2026\/08\/images-4.jpg","contentUrl":"https:\/\/gazetapernambucana.com\/wp-content\/uploads\/2026\/08\/images-4.jpg","width":194,"height":259},{"@type":"BreadcrumbList","@id":"https:\/\/gazetapernambucana.com\/?p=4584#breadcrumb","itemListElement":[{"@type":"ListItem","position":1,"name":"In\u00edcio","item":"https:\/\/gazetapernambucana.com\/"},{"@type":"ListItem","position":2,"name":"T\u00falio Gad\u00ealha abre comit\u00ea com mega adesiva\u00e7o e escancara ao povo: \u201cO Senado n\u00e3o se ganha nos gabinetes, ganha-se nas ruas\u201d"}]},{"@type":"WebSite","@id":"https:\/\/gazetapernambucana.com\/#website","url":"https:\/\/gazetapernambucana.com\/","name":"","description":"","potentialAction":[{"@type":"SearchAction","target":{"@type":"EntryPoint","urlTemplate":"https:\/\/gazetapernambucana.com\/?s={search_term_string}"},"query-input":{"@type":"PropertyValueSpecification","valueRequired":true,"valueName":"search_term_string"}}],"inLanguage":"pt-BR"},{"@type":"Person","@id":"https:\/\/gazetapernambucana.com\/#\/schema\/person\/188dc283325181ac2de4db1e9e987427","name":"GP","image":{"@type":"ImageObject","inLanguage":"pt-BR","@id":"https:\/\/gazetapernambucana.com\/#\/schema\/person\/image\/","url":"https:\/\/secure.gravatar.com\/avatar\/9dad78ff9a2d8b5742d11779f8a3f53b052320c550b2e1907882353c067bb111?s=96&d=mm&r=g","contentUrl":"https:\/\/secure.gravatar.com\/avatar\/9dad78ff9a2d8b5742d11779f8a3f53b052320c550b2e1907882353c067bb111?s=96&d=mm&r=g","caption":"GP"},"sameAs":["http:\/\/gazetapernambucana.com"],"url":"https:\/\/gazetapernambucana.com\/?author=1"}]}},"jetpack_publicize_connections":[],"_links":{"self":[{"href":"https:\/\/gazetapernambucana.com\/index.php?rest_route=\/wp\/v2\/posts\/4584","targetHints":{"allow":["GET"]}}],"collection":[{"href":"https:\/\/gazetapernambucana.com\/index.php?rest_route=\/wp\/v2\/posts"}],"about":[{"href":"https:\/\/gazetapernambucana.com\/index.php?rest_route=\/wp\/v2\/types\/post"}],"author":[{"embeddable":true,"href":"https:\/\/gazetapernambucana.com\/index.php?rest_route=\/wp\/v2\/users\/1"}],"replies":[{"embeddable":true,"href":"https:\/\/gazetapernambucana.com\/index.php?rest_route=%2Fwp%2Fv2%2Fcomments&post=4584"}],"version-history":[{"count":5,"href":"https:\/\/gazetapernambucana.com\/index.php?rest_route=\/wp\/v2\/posts\/4584\/revisions"}],"predecessor-version":[{"id":4592,"href":"https:\/\/gazetapernambucana.com\/index.php?rest_route=\/wp\/v2\/posts\/4584\/revisions\/4592"}],"wp:featuredmedia":[{"embeddable":true,"href":"https:\/\/gazetapernambucana.com\/index.php?rest_route=\/wp\/v2\/media\/4586"}],"wp:attachment":[{"href":"https:\/\/gazetapernambucana.com\/index.php?rest_route=%2Fwp%2Fv2%2Fmedia&parent=4584"}],"wp:term":[{"taxonomy":"category","embeddable":true,"href":"https:\/\/gazetapernambucana.com\/index.php?rest_route=%2Fwp%2Fv2%2Fcategories&post=4584"},{"taxonomy":"post_tag","embeddable":true,"href":"https:\/\/gazetapernambucana.com\/index.php?rest_route=%2Fwp%2Fv2%2Ftags&post=4584"}],"curies":[{"name":"wp","href":"https:\/\/api.w.org\/{rel}","templated":true}]}}