{"id":4581,"date":"2026-08-21T23:49:02","date_gmt":"2026-08-22T02:49:02","guid":{"rendered":"https:\/\/gazetapernambucana.com\/?p=4581"},"modified":"2026-08-21T23:49:02","modified_gmt":"2026-08-22T02:49:02","slug":"pesquisa-datafolha-aponta-virada-de-raquel-lyra-sobre-joao-campos-em-pernambuco-tendencia-e-de-resolucao-no-1o-turno","status":"publish","type":"post","link":"https:\/\/gazetapernambucana.com\/?p=4581","title":{"rendered":"Pesquisa Datafolha aponta virada de Raquel Lyra sobre Jo\u00e3o Campos em Pernambuco; tend\u00eancia \u00e9 de resolu\u00e7\u00e3o no 1\u00ba turno"},"content":{"rendered":"<p>A pesquisa Datafolha divulgada na noite desta sexta-feira (21) mostra que a governadora e candidata \u00e0 reelei\u00e7\u00e3o Raquel Lyra (PSD) lidera o primeiro turno em Pernambuco com 47% das inten\u00e7\u00f5es de voto, enquanto o candidato Jo\u00e3o Campos (PSB) tem 40%. Esta \u00e9 a primeira edi\u00e7\u00e3o da pesquisa ap\u00f3s o in\u00edcio oficial da campanha.<\/p>\n<p>Segundo o levantamento os candidatos Ivan Moraes (PSOL), Renan Hallais (Miss\u00e3o), Professora Camila (UP) e Guilherme Fonseca (PSTU), marcaram 1%. Os candidatos Professor Jeremias do Banco (Democrata) e Victor Assis (PCO) n\u00e3o pontuam.<\/p>\n<p>Os eleitores que votam branco\/nulo somam 5%, enquanto 4% n\u00e3o souberam como responder.<\/p>\n<p>A pesquisa Datafolha ouviu 1.204 eleitores de Pernambuco com 16 anos ou mais no per\u00edodo entre 18 e 20 de agosto.<\/p>\n<p>A margem de erro da amostra \u00e9 de tr\u00eas pontos percentuais, para mais ou para menos, dentro do n\u00edvel de confian\u00e7a de 95%. A pesquisa est\u00e1 registrada na Justi\u00e7a Eleitoral sob o n\u00famero PE-01528\/2026.<\/p>\n","protected":false},"excerpt":{"rendered":"<p>A pesquisa Datafolha divulgada na noite desta sexta-feira (21) mostra que a governadora e candidata \u00e0 reelei\u00e7\u00e3o Raquel Lyra (PSD) lidera o primeiro turno em Pernambuco com 47% das inten\u00e7\u00f5es de voto, enquanto o candidato Jo\u00e3o Campos (PSB) tem 40%. Esta \u00e9 a primeira edi\u00e7\u00e3o da pesquisa ap\u00f3s o in\u00edcio oficial da campanha. Segundo o [&hellip;]<\/p>\n","protected":false},"author":1,"featured_media":4582,"comment_status":"open","ping_status":"open","sticky":false,"template":"","format":"standard","meta":{"footnotes":"","jetpack_publicize_message":"","jetpack_publicize_feature_enabled":true,"jetpack_social_post_already_shared":true,"jetpack_social_options":{"image_generator_settings":{"template":"highway","default_image_id":0,"font":"","enabled":false},"version":2}},"categories":[66,1,65],"tags":[],"class_list":["post-4581","post","type-post","status-publish","format-standard","has-post-thumbnail","hentry","category-cidades","category-https-gazetapernambucana-com-page_id225","category-politica"],"yoast_head":"<!-- This site is optimized with the Yoast SEO plugin v24.5 - https:\/\/yoast.com\/wordpress\/plugins\/seo\/ -->\n<title>Pesquisa Datafolha aponta virada de Raquel Lyra sobre Jo\u00e3o Campos em Pernambuco; tend\u00eancia \u00e9 de resolu\u00e7\u00e3o no 1\u00ba turno -<\/title>\n<meta name=\"robots\" content=\"index, follow, max-snippet:-1, max-image-preview:large, max-video-preview:-1\" \/>\n<link rel=\"canonical\" href=\"https:\/\/gazetapernambucana.com\/?p=4581\" \/>\n<meta property=\"og:locale\" content=\"pt_BR\" \/>\n<meta property=\"og:type\" content=\"article\" \/>\n<meta property=\"og:title\" content=\"Pesquisa Datafolha aponta virada de Raquel Lyra sobre Jo\u00e3o Campos em Pernambuco; tend\u00eancia \u00e9 de resolu\u00e7\u00e3o no 1\u00ba turno -\" \/>\n<meta property=\"og:description\" content=\"A pesquisa Datafolha divulgada na noite desta sexta-feira (21) mostra que a governadora e candidata \u00e0 reelei\u00e7\u00e3o Raquel Lyra (PSD) lidera o primeiro turno em Pernambuco com 47% das inten\u00e7\u00f5es de voto, enquanto o candidato Jo\u00e3o Campos (PSB) tem 40%. Esta \u00e9 a primeira edi\u00e7\u00e3o da pesquisa ap\u00f3s o in\u00edcio oficial da campanha. Segundo o [&hellip;]\" \/>\n<meta property=\"og:url\" content=\"https:\/\/gazetapernambucana.com\/?p=4581\" \/>\n<meta property=\"article:published_time\" content=\"2026-08-22T02:49:02+00:00\" \/>\n<meta property=\"og:image\" content=\"https:\/\/gazetapernambucana.com\/wp-content\/uploads\/2026\/08\/d3a66378-2b6f-46f4-a495-33c6bac0e223.png\" \/>\n\t<meta property=\"og:image:width\" content=\"1492\" \/>\n\t<meta property=\"og:image:height\" content=\"1054\" \/>\n\t<meta property=\"og:image:type\" content=\"image\/png\" \/>\n<meta name=\"author\" content=\"GP\" \/>\n<meta name=\"twitter:card\" content=\"summary_large_image\" \/>\n<meta name=\"twitter:label1\" content=\"Escrito por\" \/>\n\t<meta name=\"twitter:data1\" content=\"GP\" \/>\n\t<meta name=\"twitter:label2\" content=\"Est. tempo de leitura\" \/>\n\t<meta name=\"twitter:data2\" content=\"2 minutos\" \/>\n<script type=\"application\/ld+json\" class=\"yoast-schema-graph\">{\"@context\":\"https:\/\/schema.org\",\"@graph\":[{\"@type\":\"WebPage\",\"@id\":\"https:\/\/gazetapernambucana.com\/?p=4581\",\"url\":\"https:\/\/gazetapernambucana.com\/?p=4581\",\"name\":\"Pesquisa Datafolha aponta virada de Raquel Lyra sobre Jo\u00e3o Campos em Pernambuco; tend\u00eancia \u00e9 de resolu\u00e7\u00e3o no 1\u00ba turno -\",\"isPartOf\":{\"@id\":\"https:\/\/gazetapernambucana.com\/#website\"},\"primaryImageOfPage\":{\"@id\":\"https:\/\/gazetapernambucana.com\/?p=4581#primaryimage\"},\"image\":{\"@id\":\"https:\/\/gazetapernambucana.com\/?p=4581#primaryimage\"},\"thumbnailUrl\":\"https:\/\/gazetapernambucana.com\/wp-content\/uploads\/2026\/08\/d3a66378-2b6f-46f4-a495-33c6bac0e223.png\",\"datePublished\":\"2026-08-22T02:49:02+00:00\",\"author\":{\"@id\":\"https:\/\/gazetapernambucana.com\/#\/schema\/person\/188dc283325181ac2de4db1e9e987427\"},\"breadcrumb\":{\"@id\":\"https:\/\/gazetapernambucana.com\/?p=4581#breadcrumb\"},\"inLanguage\":\"pt-BR\",\"potentialAction\":[{\"@type\":\"ReadAction\",\"target\":[\"https:\/\/gazetapernambucana.com\/?p=4581\"]}]},{\"@type\":\"ImageObject\",\"inLanguage\":\"pt-BR\",\"@id\":\"https:\/\/gazetapernambucana.com\/?p=4581#primaryimage\",\"url\":\"https:\/\/gazetapernambucana.com\/wp-content\/uploads\/2026\/08\/d3a66378-2b6f-46f4-a495-33c6bac0e223.png\",\"contentUrl\":\"https:\/\/gazetapernambucana.com\/wp-content\/uploads\/2026\/08\/d3a66378-2b6f-46f4-a495-33c6bac0e223.png\",\"width\":1492,\"height\":1054},{\"@type\":\"BreadcrumbList\",\"@id\":\"https:\/\/gazetapernambucana.com\/?p=4581#breadcrumb\",\"itemListElement\":[{\"@type\":\"ListItem\",\"position\":1,\"name\":\"In\u00edcio\",\"item\":\"https:\/\/gazetapernambucana.com\/\"},{\"@type\":\"ListItem\",\"position\":2,\"name\":\"Pesquisa Datafolha aponta virada de Raquel Lyra sobre Jo\u00e3o Campos em Pernambuco; tend\u00eancia \u00e9 de resolu\u00e7\u00e3o no 1\u00ba turno\"}]},{\"@type\":\"WebSite\",\"@id\":\"https:\/\/gazetapernambucana.com\/#website\",\"url\":\"https:\/\/gazetapernambucana.com\/\",\"name\":\"\",\"description\":\"\",\"potentialAction\":[{\"@type\":\"SearchAction\",\"target\":{\"@type\":\"EntryPoint\",\"urlTemplate\":\"https:\/\/gazetapernambucana.com\/?s={search_term_string}\"},\"query-input\":{\"@type\":\"PropertyValueSpecification\",\"valueRequired\":true,\"valueName\":\"search_term_string\"}}],\"inLanguage\":\"pt-BR\"},{\"@type\":\"Person\",\"@id\":\"https:\/\/gazetapernambucana.com\/#\/schema\/person\/188dc283325181ac2de4db1e9e987427\",\"name\":\"GP\",\"image\":{\"@type\":\"ImageObject\",\"inLanguage\":\"pt-BR\",\"@id\":\"https:\/\/gazetapernambucana.com\/#\/schema\/person\/image\/\",\"url\":\"https:\/\/secure.gravatar.com\/avatar\/9dad78ff9a2d8b5742d11779f8a3f53b052320c550b2e1907882353c067bb111?s=96&d=mm&r=g\",\"contentUrl\":\"https:\/\/secure.gravatar.com\/avatar\/9dad78ff9a2d8b5742d11779f8a3f53b052320c550b2e1907882353c067bb111?s=96&d=mm&r=g\",\"caption\":\"GP\"},\"sameAs\":[\"http:\/\/gazetapernambucana.com\"],\"url\":\"https:\/\/gazetapernambucana.com\/?author=1\"}]}<\/script>\n<!-- \/ Yoast SEO plugin. -->","yoast_head_json":{"title":"Pesquisa Datafolha aponta virada de Raquel Lyra sobre Jo\u00e3o Campos em Pernambuco; tend\u00eancia \u00e9 de resolu\u00e7\u00e3o no 1\u00ba turno -","robots":{"index":"index","follow":"follow","max-snippet":"max-snippet:-1","max-image-preview":"max-image-preview:large","max-video-preview":"max-video-preview:-1"},"canonical":"https:\/\/gazetapernambucana.com\/?p=4581","og_locale":"pt_BR","og_type":"article","og_title":"Pesquisa Datafolha aponta virada de Raquel Lyra sobre Jo\u00e3o Campos em Pernambuco; tend\u00eancia \u00e9 de resolu\u00e7\u00e3o no 1\u00ba turno -","og_description":"A pesquisa Datafolha divulgada na noite desta sexta-feira (21) mostra que a governadora e candidata \u00e0 reelei\u00e7\u00e3o Raquel Lyra (PSD) lidera o primeiro turno em Pernambuco com 47% das inten\u00e7\u00f5es de voto, enquanto o candidato Jo\u00e3o Campos (PSB) tem 40%. Esta \u00e9 a primeira edi\u00e7\u00e3o da pesquisa ap\u00f3s o in\u00edcio oficial da campanha. Segundo o [&hellip;]","og_url":"https:\/\/gazetapernambucana.com\/?p=4581","article_published_time":"2026-08-22T02:49:02+00:00","og_image":[{"width":1492,"height":1054,"url":"https:\/\/gazetapernambucana.com\/wp-content\/uploads\/2026\/08\/d3a66378-2b6f-46f4-a495-33c6bac0e223.png","type":"image\/png"}],"author":"GP","twitter_card":"summary_large_image","twitter_misc":{"Escrito por":"GP","Est. tempo de leitura":"2 minutos"},"schema":{"@context":"https:\/\/schema.org","@graph":[{"@type":"WebPage","@id":"https:\/\/gazetapernambucana.com\/?p=4581","url":"https:\/\/gazetapernambucana.com\/?p=4581","name":"Pesquisa Datafolha aponta virada de Raquel Lyra sobre Jo\u00e3o Campos em Pernambuco; tend\u00eancia \u00e9 de resolu\u00e7\u00e3o no 1\u00ba turno -","isPartOf":{"@id":"https:\/\/gazetapernambucana.com\/#website"},"primaryImageOfPage":{"@id":"https:\/\/gazetapernambucana.com\/?p=4581#primaryimage"},"image":{"@id":"https:\/\/gazetapernambucana.com\/?p=4581#primaryimage"},"thumbnailUrl":"https:\/\/gazetapernambucana.com\/wp-content\/uploads\/2026\/08\/d3a66378-2b6f-46f4-a495-33c6bac0e223.png","datePublished":"2026-08-22T02:49:02+00:00","author":{"@id":"https:\/\/gazetapernambucana.com\/#\/schema\/person\/188dc283325181ac2de4db1e9e987427"},"breadcrumb":{"@id":"https:\/\/gazetapernambucana.com\/?p=4581#breadcrumb"},"inLanguage":"pt-BR","potentialAction":[{"@type":"ReadAction","target":["https:\/\/gazetapernambucana.com\/?p=4581"]}]},{"@type":"ImageObject","inLanguage":"pt-BR","@id":"https:\/\/gazetapernambucana.com\/?p=4581#primaryimage","url":"https:\/\/gazetapernambucana.com\/wp-content\/uploads\/2026\/08\/d3a66378-2b6f-46f4-a495-33c6bac0e223.png","contentUrl":"https:\/\/gazetapernambucana.com\/wp-content\/uploads\/2026\/08\/d3a66378-2b6f-46f4-a495-33c6bac0e223.png","width":1492,"height":1054},{"@type":"BreadcrumbList","@id":"https:\/\/gazetapernambucana.com\/?p=4581#breadcrumb","itemListElement":[{"@type":"ListItem","position":1,"name":"In\u00edcio","item":"https:\/\/gazetapernambucana.com\/"},{"@type":"ListItem","position":2,"name":"Pesquisa Datafolha aponta virada de Raquel Lyra sobre Jo\u00e3o Campos em Pernambuco; tend\u00eancia \u00e9 de resolu\u00e7\u00e3o no 1\u00ba turno"}]},{"@type":"WebSite","@id":"https:\/\/gazetapernambucana.com\/#website","url":"https:\/\/gazetapernambucana.com\/","name":"","description":"","potentialAction":[{"@type":"SearchAction","target":{"@type":"EntryPoint","urlTemplate":"https:\/\/gazetapernambucana.com\/?s={search_term_string}"},"query-input":{"@type":"PropertyValueSpecification","valueRequired":true,"valueName":"search_term_string"}}],"inLanguage":"pt-BR"},{"@type":"Person","@id":"https:\/\/gazetapernambucana.com\/#\/schema\/person\/188dc283325181ac2de4db1e9e987427","name":"GP","image":{"@type":"ImageObject","inLanguage":"pt-BR","@id":"https:\/\/gazetapernambucana.com\/#\/schema\/person\/image\/","url":"https:\/\/secure.gravatar.com\/avatar\/9dad78ff9a2d8b5742d11779f8a3f53b052320c550b2e1907882353c067bb111?s=96&d=mm&r=g","contentUrl":"https:\/\/secure.gravatar.com\/avatar\/9dad78ff9a2d8b5742d11779f8a3f53b052320c550b2e1907882353c067bb111?s=96&d=mm&r=g","caption":"GP"},"sameAs":["http:\/\/gazetapernambucana.com"],"url":"https:\/\/gazetapernambucana.com\/?author=1"}]}},"jetpack_publicize_connections":[],"_links":{"self":[{"href":"https:\/\/gazetapernambucana.com\/index.php?rest_route=\/wp\/v2\/posts\/4581","targetHints":{"allow":["GET"]}}],"collection":[{"href":"https:\/\/gazetapernambucana.com\/index.php?rest_route=\/wp\/v2\/posts"}],"about":[{"href":"https:\/\/gazetapernambucana.com\/index.php?rest_route=\/wp\/v2\/types\/post"}],"author":[{"embeddable":true,"href":"https:\/\/gazetapernambucana.com\/index.php?rest_route=\/wp\/v2\/users\/1"}],"replies":[{"embeddable":true,"href":"https:\/\/gazetapernambucana.com\/index.php?rest_route=%2Fwp%2Fv2%2Fcomments&post=4581"}],"version-history":[{"count":1,"href":"https:\/\/gazetapernambucana.com\/index.php?rest_route=\/wp\/v2\/posts\/4581\/revisions"}],"predecessor-version":[{"id":4583,"href":"https:\/\/gazetapernambucana.com\/index.php?rest_route=\/wp\/v2\/posts\/4581\/revisions\/4583"}],"wp:featuredmedia":[{"embeddable":true,"href":"https:\/\/gazetapernambucana.com\/index.php?rest_route=\/wp\/v2\/media\/4582"}],"wp:attachment":[{"href":"https:\/\/gazetapernambucana.com\/index.php?rest_route=%2Fwp%2Fv2%2Fmedia&parent=4581"}],"wp:term":[{"taxonomy":"category","embeddable":true,"href":"https:\/\/gazetapernambucana.com\/index.php?rest_route=%2Fwp%2Fv2%2Fcategories&post=4581"},{"taxonomy":"post_tag","embeddable":true,"href":"https:\/\/gazetapernambucana.com\/index.php?rest_route=%2Fwp%2Fv2%2Ftags&post=4581"}],"curies":[{"name":"wp","href":"https:\/\/api.w.org\/{rel}","templated":true}]}}