{"id":4577,"date":"2026-08-21T23:18:09","date_gmt":"2026-08-22T02:18:09","guid":{"rendered":"https:\/\/gazetapernambucana.com\/?p=4577"},"modified":"2026-08-21T23:19:35","modified_gmt":"2026-08-22T02:19:35","slug":"tulio-gadelha-ganha-projecao-no-agreste-e-reforca-candidatura-ao-senado-ao-lado-de-raquel-e-lula","status":"publish","type":"post","link":"https:\/\/gazetapernambucana.com\/?p=4577","title":{"rendered":"T\u00falio Gad\u00ealha ganha proje\u00e7\u00e3o no Agreste e refor\u00e7a candidatura ao Senado ao lado de Raquel e Lula"},"content":{"rendered":"<p class=\"isSelectedEnd\">O candidato ao Senado <strong>T\u00falio Gad\u00ealha (PSD)<\/strong> refor\u00e7ou nesta sexta-feira (21), durante sabatina na R\u00e1dio Cultura do Nordeste, em Caruaru, a defesa de uma articula\u00e7\u00e3o pol\u00edtica que tenha <strong>Raquel Lyra na disputa pela reelei\u00e7\u00e3o ao Governo de Pernambuco e Lula na Presid\u00eancia da Rep\u00fablica<\/strong>.<\/p>\n<p class=\"isSelectedEnd\">Integrante da chapa liderada por Raquel, T\u00falio sustentou que Pernambuco precisa manter uma agenda permanente de di\u00e1logo com o governo federal e buscar converg\u00eancias entre diferentes for\u00e7as pol\u00edticas sempre que estiverem em jogo investimentos, obras e pol\u00edticas p\u00fablicas para o estado.<\/p>\n<p class=\"isSelectedEnd\">A passagem pelo munic\u00edpio tamb\u00e9m foi marcada pela boa receptividade ao nome de T\u00falio entre os caruaruenses. Durante a agenda no Agreste, o candidato encontrou um ambiente favor\u00e1vel ao di\u00e1logo e aproveitou a presen\u00e7a em uma das cidades mais importantes do interior pernambucano para ampliar sua aproxima\u00e7\u00e3o com a popula\u00e7\u00e3o e refor\u00e7ar o projeto pol\u00edtico que pretende levar \u00e0 disputa pelo Senado.<\/p>\n<p class=\"isSelectedEnd\">Ao falar sobre a gest\u00e3o de <strong>Raquel Lyra<\/strong>, T\u00falio destacou a\u00e7\u00f5es direcionadas especialmente \u00e0 popula\u00e7\u00e3o em situa\u00e7\u00e3o de maior vulnerabilidade social. Na avalia\u00e7\u00e3o do candidato, programas nas \u00e1reas de habita\u00e7\u00e3o, combate \u00e0 pobreza e seguran\u00e7a alimentar demonstram que o atual governo estadual mant\u00e9m forte presen\u00e7a em pol\u00edticas de car\u00e1ter social.<\/p>\n<p class=\"isSelectedEnd\">Entre os resultados citados durante a entrevista est\u00e3o a entrega de mais de <strong>25 mil unidades habitacionais<\/strong>, a sa\u00edda de aproximadamente <strong>540 mil pernambucanos da extrema pobreza<\/strong> e a implanta\u00e7\u00e3o de cerca de <strong>300 cozinhas comunit\u00e1rias e solid\u00e1rias<\/strong>.<\/p>\n<p class=\"isSelectedEnd\">T\u00falio tamb\u00e9m chamou aten\u00e7\u00e3o para a parceria entre o Governo de Pernambuco e a gest\u00e3o do presidente <strong>Luiz In\u00e1cio Lula da Silva<\/strong>, especialmente em iniciativas voltadas \u00e0 popula\u00e7\u00e3o de baixa renda. Para o candidato, a coopera\u00e7\u00e3o entre Estado e Uni\u00e3o demonstra que diferen\u00e7as partid\u00e1rias n\u00e3o precisam impedir a constru\u00e7\u00e3o de pol\u00edticas p\u00fablicas capazes de melhorar a vida dos pernambucanos.<\/p>\n<p class=\"isSelectedEnd\">Ao avaliar politicamente a administra\u00e7\u00e3o estadual, T\u00falio classificou o governo de Raquel como mais pr\u00f3ximo de uma agenda progressista do que conservadora.<\/p>\n<p class=\"isSelectedEnd\">\u201cUma mulher que consegue entregar mais de 25 mil unidades habitacionais, tirar 540 mil pernambucanos da extrema pobreza, que j\u00e1 construiu 300 cozinhas comunit\u00e1rias e solid\u00e1rias, junto ao governo Lula, isso \u00e9 um governo que olha pra quem est\u00e1 na ponta. Eu considero o governo dela mais progressista do que conservador\u201d, afirmou.<\/p>\n<p class=\"isSelectedEnd\">A declara\u00e7\u00e3o refor\u00e7a uma das principais linhas pol\u00edticas defendidas por T\u00falio neste momento: a constru\u00e7\u00e3o de uma ponte entre <strong>Raquel Lyra e Lula<\/strong>, colocando os interesses de Pernambuco acima das diferen\u00e7as partid\u00e1rias.<\/p>\n<p class=\"isSelectedEnd\">Durante a sabatina, o candidato tamb\u00e9m apresentou uma das bandeiras que pretende levar ao debate nacional caso seja eleito senador: a <strong>federaliza\u00e7\u00e3o da educa\u00e7\u00e3o b\u00e1sica<\/strong>.<\/p>\n<p class=\"isSelectedEnd\">Na avalia\u00e7\u00e3o de T\u00falio, o modelo atual produz profundas desigualdades porque munic\u00edpios e estados possuem capacidades financeiras muito distintas, embora sejam cobrados por resultados semelhantes na oferta do ensino p\u00fablico.<\/p>\n<p class=\"isSelectedEnd\">A proposta defendida pelo candidato prev\u00ea uma participa\u00e7\u00e3o maior da Uni\u00e3o no financiamento e na estrutura\u00e7\u00e3o da educa\u00e7\u00e3o b\u00e1sica brasileira, permitindo reduzir diferen\u00e7as entre redes municipais e estaduais e ampliar os investimentos na valoriza\u00e7\u00e3o de professores e demais profissionais da \u00e1rea.<\/p>\n<p class=\"isSelectedEnd\">\u201cA educa\u00e7\u00e3o b\u00e1sica precisa ser tratada como prioridade nacional. N\u00e3o podemos continuar aceitando que o lugar onde uma crian\u00e7a nasce determine a qualidade da escola que ela vai ter. Se queremos transformar o Brasil, precisamos discutir a federaliza\u00e7\u00e3o da educa\u00e7\u00e3o b\u00e1sica, com mais responsabilidade da Uni\u00e3o, mais investimentos e valoriza\u00e7\u00e3o dos profissionais\u201d, declarou.<\/p>\n<p class=\"isSelectedEnd\">Para T\u00falio, a educa\u00e7\u00e3o precisa ser encarada como um dos principais instrumentos de redu\u00e7\u00e3o das desigualdades sociais e regionais do pa\u00eds. A ideia \u00e9 estabelecer uma responsabilidade nacional mais ampla sobre a qualidade do ensino, evitando que a capacidade financeira de uma prefeitura determine as oportunidades oferecidas aos estudantes.<\/p>\n<p class=\"isSelectedEnd\">A agenda em Caruaru tamb\u00e9m serviu para fortalecer a presen\u00e7a pol\u00edtica do candidato no Agreste e consolidar o discurso que pretende apresentar aos pernambucanos ao longo da campanha.<\/p>\n<p class=\"isSelectedEnd\">Com uma linha baseada na defesa da continuidade de <strong>Raquel Lyra no Governo de Pernambuco<\/strong>, na perman\u00eancia de <strong>Lula na Presid\u00eancia da Rep\u00fablica<\/strong> e em uma maior articula\u00e7\u00e3o entre Estado e Uni\u00e3o, T\u00falio busca se apresentar ao eleitorado como um nome capaz de construir pontes entre diferentes campos pol\u00edticos.<\/p>\n<p>A mensagem levada a Caruaru foi clara: para T\u00falio, Pernambuco pode avan\u00e7ar mais quando governos e lideran\u00e7as pol\u00edticas conseguem superar diverg\u00eancias partid\u00e1rias e trabalhar em torno de objetivos comuns. Nesse desenho, o candidato aposta na uni\u00e3o entre <strong>T\u00falio no Senado, Raquel no Governo e Lula na Presid\u00eancia<\/strong> como uma composi\u00e7\u00e3o capaz de fortalecer a representa\u00e7\u00e3o de Pernambuco e ampliar a capacidade do estado de atrair investimentos e pol\u00edticas p\u00fablicas.<\/p>\n<p>V\u00cdDEO:<\/p>\n<div style=\"width: 640px;\" class=\"wp-video\"><video class=\"wp-video-shortcode\" id=\"video-4577-1\" width=\"640\" height=\"1138\" preload=\"metadata\" controls=\"controls\"><source type=\"video\/mp4\" src=\"http:\/\/gazetapernambucana.com\/wp-content\/uploads\/2026\/08\/SnapInsta.to_AQO2Ul1ZmyVn-ciuVR5sOoCaDHp2O0mUr1g3ygyYYfjbCsulhMNXgn4NQAgp_-lWBP28MjH0ZuyafGoL7u6tIQslWRIGYawvfRrOgss.mp4?_=1\" \/><a href=\"http:\/\/gazetapernambucana.com\/wp-content\/uploads\/2026\/08\/SnapInsta.to_AQO2Ul1ZmyVn-ciuVR5sOoCaDHp2O0mUr1g3ygyYYfjbCsulhMNXgn4NQAgp_-lWBP28MjH0ZuyafGoL7u6tIQslWRIGYawvfRrOgss.mp4\">http:\/\/gazetapernambucana.com\/wp-content\/uploads\/2026\/08\/SnapInsta.to_AQO2Ul1ZmyVn-ciuVR5sOoCaDHp2O0mUr1g3ygyYYfjbCsulhMNXgn4NQAgp_-lWBP28MjH0ZuyafGoL7u6tIQslWRIGYawvfRrOgss.mp4<\/a><\/video><\/div>\n","protected":false},"excerpt":{"rendered":"<p>O candidato ao Senado T\u00falio Gad\u00ealha (PSD) refor\u00e7ou nesta sexta-feira (21), durante sabatina na R\u00e1dio Cultura do Nordeste, em Caruaru, a defesa de uma articula\u00e7\u00e3o pol\u00edtica que tenha Raquel Lyra na disputa pela reelei\u00e7\u00e3o ao Governo de Pernambuco e Lula na Presid\u00eancia da Rep\u00fablica. Integrante da chapa liderada por Raquel, T\u00falio sustentou que Pernambuco precisa [&hellip;]<\/p>\n","protected":false},"author":1,"featured_media":4580,"comment_status":"open","ping_status":"open","sticky":false,"template":"","format":"standard","meta":{"footnotes":"","jetpack_publicize_message":"","jetpack_publicize_feature_enabled":true,"jetpack_social_post_already_shared":true,"jetpack_social_options":{"image_generator_settings":{"template":"highway","default_image_id":0,"font":"","enabled":false},"version":2}},"categories":[37,66,1,65],"tags":[],"class_list":["post-4577","post","type-post","status-publish","format-standard","has-post-thumbnail","hentry","category-https-gazetapernambucana-com-page_id212","category-cidades","category-https-gazetapernambucana-com-page_id225","category-politica"],"yoast_head":"<!-- This site is optimized with the Yoast SEO plugin v24.5 - https:\/\/yoast.com\/wordpress\/plugins\/seo\/ -->\n<title>T\u00falio Gad\u00ealha ganha proje\u00e7\u00e3o no Agreste e refor\u00e7a candidatura ao Senado ao lado de Raquel e Lula -<\/title>\n<meta name=\"robots\" content=\"index, follow, max-snippet:-1, max-image-preview:large, max-video-preview:-1\" \/>\n<link rel=\"canonical\" href=\"https:\/\/gazetapernambucana.com\/?p=4577\" \/>\n<meta property=\"og:locale\" content=\"pt_BR\" \/>\n<meta property=\"og:type\" content=\"article\" \/>\n<meta property=\"og:title\" content=\"T\u00falio Gad\u00ealha ganha proje\u00e7\u00e3o no Agreste e refor\u00e7a candidatura ao Senado ao lado de Raquel e Lula -\" \/>\n<meta property=\"og:description\" content=\"O candidato ao Senado T\u00falio Gad\u00ealha (PSD) refor\u00e7ou nesta sexta-feira (21), durante sabatina na R\u00e1dio Cultura do Nordeste, em Caruaru, a defesa de uma articula\u00e7\u00e3o pol\u00edtica que tenha Raquel Lyra na disputa pela reelei\u00e7\u00e3o ao Governo de Pernambuco e Lula na Presid\u00eancia da Rep\u00fablica. Integrante da chapa liderada por Raquel, T\u00falio sustentou que Pernambuco precisa [&hellip;]\" \/>\n<meta property=\"og:url\" content=\"https:\/\/gazetapernambucana.com\/?p=4577\" \/>\n<meta property=\"article:published_time\" content=\"2026-08-22T02:18:09+00:00\" \/>\n<meta property=\"article:modified_time\" content=\"2026-08-22T02:19:35+00:00\" \/>\n<meta property=\"og:image\" content=\"https:\/\/gazetapernambucana.com\/wp-content\/uploads\/2026\/08\/images-3.jpg\" \/>\n\t<meta property=\"og:image:width\" content=\"678\" \/>\n\t<meta property=\"og:image:height\" content=\"452\" \/>\n\t<meta property=\"og:image:type\" content=\"image\/jpeg\" \/>\n<meta name=\"author\" content=\"GP\" \/>\n<meta name=\"twitter:card\" content=\"summary_large_image\" \/>\n<meta name=\"twitter:label1\" content=\"Escrito por\" \/>\n\t<meta name=\"twitter:data1\" content=\"GP\" \/>\n\t<meta name=\"twitter:label2\" content=\"Est. tempo de leitura\" \/>\n\t<meta name=\"twitter:data2\" content=\"5 minutos\" \/>\n<script type=\"application\/ld+json\" class=\"yoast-schema-graph\">{\"@context\":\"https:\/\/schema.org\",\"@graph\":[{\"@type\":\"WebPage\",\"@id\":\"https:\/\/gazetapernambucana.com\/?p=4577\",\"url\":\"https:\/\/gazetapernambucana.com\/?p=4577\",\"name\":\"T\u00falio Gad\u00ealha ganha proje\u00e7\u00e3o no Agreste e refor\u00e7a candidatura ao Senado ao lado de Raquel e Lula -\",\"isPartOf\":{\"@id\":\"https:\/\/gazetapernambucana.com\/#website\"},\"primaryImageOfPage\":{\"@id\":\"https:\/\/gazetapernambucana.com\/?p=4577#primaryimage\"},\"image\":{\"@id\":\"https:\/\/gazetapernambucana.com\/?p=4577#primaryimage\"},\"thumbnailUrl\":\"https:\/\/gazetapernambucana.com\/wp-content\/uploads\/2026\/08\/images-3.jpg\",\"datePublished\":\"2026-08-22T02:18:09+00:00\",\"dateModified\":\"2026-08-22T02:19:35+00:00\",\"author\":{\"@id\":\"https:\/\/gazetapernambucana.com\/#\/schema\/person\/188dc283325181ac2de4db1e9e987427\"},\"breadcrumb\":{\"@id\":\"https:\/\/gazetapernambucana.com\/?p=4577#breadcrumb\"},\"inLanguage\":\"pt-BR\",\"potentialAction\":[{\"@type\":\"ReadAction\",\"target\":[\"https:\/\/gazetapernambucana.com\/?p=4577\"]}]},{\"@type\":\"ImageObject\",\"inLanguage\":\"pt-BR\",\"@id\":\"https:\/\/gazetapernambucana.com\/?p=4577#primaryimage\",\"url\":\"https:\/\/gazetapernambucana.com\/wp-content\/uploads\/2026\/08\/images-3.jpg\",\"contentUrl\":\"https:\/\/gazetapernambucana.com\/wp-content\/uploads\/2026\/08\/images-3.jpg\",\"width\":678,\"height\":452},{\"@type\":\"BreadcrumbList\",\"@id\":\"https:\/\/gazetapernambucana.com\/?p=4577#breadcrumb\",\"itemListElement\":[{\"@type\":\"ListItem\",\"position\":1,\"name\":\"In\u00edcio\",\"item\":\"https:\/\/gazetapernambucana.com\/\"},{\"@type\":\"ListItem\",\"position\":2,\"name\":\"T\u00falio Gad\u00ealha ganha proje\u00e7\u00e3o no Agreste e refor\u00e7a candidatura ao Senado ao lado de Raquel e Lula\"}]},{\"@type\":\"WebSite\",\"@id\":\"https:\/\/gazetapernambucana.com\/#website\",\"url\":\"https:\/\/gazetapernambucana.com\/\",\"name\":\"\",\"description\":\"\",\"potentialAction\":[{\"@type\":\"SearchAction\",\"target\":{\"@type\":\"EntryPoint\",\"urlTemplate\":\"https:\/\/gazetapernambucana.com\/?s={search_term_string}\"},\"query-input\":{\"@type\":\"PropertyValueSpecification\",\"valueRequired\":true,\"valueName\":\"search_term_string\"}}],\"inLanguage\":\"pt-BR\"},{\"@type\":\"Person\",\"@id\":\"https:\/\/gazetapernambucana.com\/#\/schema\/person\/188dc283325181ac2de4db1e9e987427\",\"name\":\"GP\",\"image\":{\"@type\":\"ImageObject\",\"inLanguage\":\"pt-BR\",\"@id\":\"https:\/\/gazetapernambucana.com\/#\/schema\/person\/image\/\",\"url\":\"https:\/\/secure.gravatar.com\/avatar\/9dad78ff9a2d8b5742d11779f8a3f53b052320c550b2e1907882353c067bb111?s=96&d=mm&r=g\",\"contentUrl\":\"https:\/\/secure.gravatar.com\/avatar\/9dad78ff9a2d8b5742d11779f8a3f53b052320c550b2e1907882353c067bb111?s=96&d=mm&r=g\",\"caption\":\"GP\"},\"sameAs\":[\"http:\/\/gazetapernambucana.com\"],\"url\":\"https:\/\/gazetapernambucana.com\/?author=1\"}]}<\/script>\n<!-- \/ Yoast SEO plugin. -->","yoast_head_json":{"title":"T\u00falio Gad\u00ealha ganha proje\u00e7\u00e3o no Agreste e refor\u00e7a candidatura ao Senado ao lado de Raquel e Lula -","robots":{"index":"index","follow":"follow","max-snippet":"max-snippet:-1","max-image-preview":"max-image-preview:large","max-video-preview":"max-video-preview:-1"},"canonical":"https:\/\/gazetapernambucana.com\/?p=4577","og_locale":"pt_BR","og_type":"article","og_title":"T\u00falio Gad\u00ealha ganha proje\u00e7\u00e3o no Agreste e refor\u00e7a candidatura ao Senado ao lado de Raquel e Lula -","og_description":"O candidato ao Senado T\u00falio Gad\u00ealha (PSD) refor\u00e7ou nesta sexta-feira (21), durante sabatina na R\u00e1dio Cultura do Nordeste, em Caruaru, a defesa de uma articula\u00e7\u00e3o pol\u00edtica que tenha Raquel Lyra na disputa pela reelei\u00e7\u00e3o ao Governo de Pernambuco e Lula na Presid\u00eancia da Rep\u00fablica. Integrante da chapa liderada por Raquel, T\u00falio sustentou que Pernambuco precisa [&hellip;]","og_url":"https:\/\/gazetapernambucana.com\/?p=4577","article_published_time":"2026-08-22T02:18:09+00:00","article_modified_time":"2026-08-22T02:19:35+00:00","og_image":[{"width":678,"height":452,"url":"https:\/\/gazetapernambucana.com\/wp-content\/uploads\/2026\/08\/images-3.jpg","type":"image\/jpeg"}],"author":"GP","twitter_card":"summary_large_image","twitter_misc":{"Escrito por":"GP","Est. tempo de leitura":"5 minutos"},"schema":{"@context":"https:\/\/schema.org","@graph":[{"@type":"WebPage","@id":"https:\/\/gazetapernambucana.com\/?p=4577","url":"https:\/\/gazetapernambucana.com\/?p=4577","name":"T\u00falio Gad\u00ealha ganha proje\u00e7\u00e3o no Agreste e refor\u00e7a candidatura ao Senado ao lado de Raquel e Lula -","isPartOf":{"@id":"https:\/\/gazetapernambucana.com\/#website"},"primaryImageOfPage":{"@id":"https:\/\/gazetapernambucana.com\/?p=4577#primaryimage"},"image":{"@id":"https:\/\/gazetapernambucana.com\/?p=4577#primaryimage"},"thumbnailUrl":"https:\/\/gazetapernambucana.com\/wp-content\/uploads\/2026\/08\/images-3.jpg","datePublished":"2026-08-22T02:18:09+00:00","dateModified":"2026-08-22T02:19:35+00:00","author":{"@id":"https:\/\/gazetapernambucana.com\/#\/schema\/person\/188dc283325181ac2de4db1e9e987427"},"breadcrumb":{"@id":"https:\/\/gazetapernambucana.com\/?p=4577#breadcrumb"},"inLanguage":"pt-BR","potentialAction":[{"@type":"ReadAction","target":["https:\/\/gazetapernambucana.com\/?p=4577"]}]},{"@type":"ImageObject","inLanguage":"pt-BR","@id":"https:\/\/gazetapernambucana.com\/?p=4577#primaryimage","url":"https:\/\/gazetapernambucana.com\/wp-content\/uploads\/2026\/08\/images-3.jpg","contentUrl":"https:\/\/gazetapernambucana.com\/wp-content\/uploads\/2026\/08\/images-3.jpg","width":678,"height":452},{"@type":"BreadcrumbList","@id":"https:\/\/gazetapernambucana.com\/?p=4577#breadcrumb","itemListElement":[{"@type":"ListItem","position":1,"name":"In\u00edcio","item":"https:\/\/gazetapernambucana.com\/"},{"@type":"ListItem","position":2,"name":"T\u00falio Gad\u00ealha ganha proje\u00e7\u00e3o no Agreste e refor\u00e7a candidatura ao Senado ao lado de Raquel e Lula"}]},{"@type":"WebSite","@id":"https:\/\/gazetapernambucana.com\/#website","url":"https:\/\/gazetapernambucana.com\/","name":"","description":"","potentialAction":[{"@type":"SearchAction","target":{"@type":"EntryPoint","urlTemplate":"https:\/\/gazetapernambucana.com\/?s={search_term_string}"},"query-input":{"@type":"PropertyValueSpecification","valueRequired":true,"valueName":"search_term_string"}}],"inLanguage":"pt-BR"},{"@type":"Person","@id":"https:\/\/gazetapernambucana.com\/#\/schema\/person\/188dc283325181ac2de4db1e9e987427","name":"GP","image":{"@type":"ImageObject","inLanguage":"pt-BR","@id":"https:\/\/gazetapernambucana.com\/#\/schema\/person\/image\/","url":"https:\/\/secure.gravatar.com\/avatar\/9dad78ff9a2d8b5742d11779f8a3f53b052320c550b2e1907882353c067bb111?s=96&d=mm&r=g","contentUrl":"https:\/\/secure.gravatar.com\/avatar\/9dad78ff9a2d8b5742d11779f8a3f53b052320c550b2e1907882353c067bb111?s=96&d=mm&r=g","caption":"GP"},"sameAs":["http:\/\/gazetapernambucana.com"],"url":"https:\/\/gazetapernambucana.com\/?author=1"}]}},"jetpack_publicize_connections":[],"_links":{"self":[{"href":"https:\/\/gazetapernambucana.com\/index.php?rest_route=\/wp\/v2\/posts\/4577","targetHints":{"allow":["GET"]}}],"collection":[{"href":"https:\/\/gazetapernambucana.com\/index.php?rest_route=\/wp\/v2\/posts"}],"about":[{"href":"https:\/\/gazetapernambucana.com\/index.php?rest_route=\/wp\/v2\/types\/post"}],"author":[{"embeddable":true,"href":"https:\/\/gazetapernambucana.com\/index.php?rest_route=\/wp\/v2\/users\/1"}],"replies":[{"embeddable":true,"href":"https:\/\/gazetapernambucana.com\/index.php?rest_route=%2Fwp%2Fv2%2Fcomments&post=4577"}],"version-history":[{"count":1,"href":"https:\/\/gazetapernambucana.com\/index.php?rest_route=\/wp\/v2\/posts\/4577\/revisions"}],"predecessor-version":[{"id":4579,"href":"https:\/\/gazetapernambucana.com\/index.php?rest_route=\/wp\/v2\/posts\/4577\/revisions\/4579"}],"wp:featuredmedia":[{"embeddable":true,"href":"https:\/\/gazetapernambucana.com\/index.php?rest_route=\/wp\/v2\/media\/4580"}],"wp:attachment":[{"href":"https:\/\/gazetapernambucana.com\/index.php?rest_route=%2Fwp%2Fv2%2Fmedia&parent=4577"}],"wp:term":[{"taxonomy":"category","embeddable":true,"href":"https:\/\/gazetapernambucana.com\/index.php?rest_route=%2Fwp%2Fv2%2Fcategories&post=4577"},{"taxonomy":"post_tag","embeddable":true,"href":"https:\/\/gazetapernambucana.com\/index.php?rest_route=%2Fwp%2Fv2%2Ftags&post=4577"}],"curies":[{"name":"wp","href":"https:\/\/api.w.org\/{rel}","templated":true}]}}