{"id":4575,"date":"2026-08-21T21:57:44","date_gmt":"2026-08-22T00:57:44","guid":{"rendered":"https:\/\/gazetapernambucana.com\/?p=4575"},"modified":"2026-08-21T21:57:44","modified_gmt":"2026-08-22T00:57:44","slug":"ubi-veritas-por-jose-paulo-cavalcanti-filho","status":"publish","type":"post","link":"https:\/\/gazetapernambucana.com\/?p=4575","title":{"rendered":"Ubi Veritas? Por Jos\u00e9 Paulo Cavalcanti Filho"},"content":{"rendered":"<p><strong><em>Por Jos\u00e9 Paulo Cavalcanti Filho \u00a0\u2013 \u00a0Escritor, poeta, membro das Academias Pernambucana de Letras, Brasileira de Letras e Portuguesa de Letras. \u00c9\u00a0 um dos maiores conhecedores da obra de Fernando Pessoa. Integrou a Comiss\u00e3o da Verdade\u00a0 \u2013\u00a0 <\/em><\/strong>Melhor resposta para a d\u00favida, no t\u00edtulo (<em>onde est\u00e1 a verdade?<\/em>), talvez fosse frase de Aulo G\u00e9lio (<em>Noites \u00c1ticas<\/em>) \u201cveritas temporis filia\u201d (<em>a verdade \u00e9 filha do tempo<\/em>). Mas prefiro come\u00e7ar essa conversa lembrando Millor Fernandes que disse (<em>Millor Definitivo<\/em>) \u201cA verdade n\u00e3o s\u00f3 \u00e9 muito mais incr\u00edvel do que a fic\u00e7\u00e3o, como \u00e9 muito mais dif\u00edcil de inventar\u2019\u2019. E talvez pudesse at\u00e9 complementar, \u201co perigo da meia verdade \u00e9 voc\u00ea dizer exatamente a metade que \u00e9 mentira.\u2019\u2019<\/p>\n<p>Mas o que tem isso a ver com nosso Brasil de hoje?, eis a quest\u00e3o. E a resposta \u00e9 tudo, ou quase. Tomemos um caso aleat\u00f3rio, como prova, o tarifa\u00e7o de Trump contra parte de produtos brasileiros. Ningu\u00e9m pode estar a favor do americano, at\u00e9 por romper uma tradi\u00e7\u00e3o de fraternidade que sempre uniu nossos dois pa\u00edses.<\/p>\n<p>O Presidente Lula, sem maiores preocupa\u00e7\u00f5es, reagiu como candidato. Agradecido ao gringo por assumir o rosto do\u00a0<em>Inimigo Externo<\/em>, t\u00e3o \u00fatil nas elei\u00e7\u00f5es. Tanto que, logo depois, anunciou com alarde que vai usar a Lei da Reciprocidade. \u201cPra que? Pra nada\u201d, como diria Ascenso Ferreira (<em>Ga\u00facho<\/em>) sobre o ga\u00facho \u201cem louca arrancada\u201d.<\/p>\n<p>S\u00f3 que, aos poucos, notou que os empres\u00e1rios brasileiros exigiam dele algo diferente. Que negociasse, como todos os outros pa\u00edses est\u00e3o fazendo. Mas como fazer?, sem incomodar sua campanha presidencial.<\/p>\n<p>Foi quando decidiu, junto com seu marqueteiro, levar a quest\u00e3o \u00e0 Organiza\u00e7\u00e3o Mundial do Com\u00e9rcio \u2013 OMC. Em tese, uma boa ideia. S\u00f3 que h\u00e1, no caso, um problema. Grande. \u00c9 que o tribunal, composto de 7 Ju\u00edzes Ativos, exige em cada caso vota\u00e7\u00e3o m\u00ednima com ao menos 3 deles.<\/p>\n<p>E a OMC, desde 2019, tem 0 (zero) ju\u00edzes. N\u00e3o funciona pela simples raz\u00e3o de n\u00e3o poder julgar nada. Aberto est\u00e1, claro, para coisas sem import\u00e2ncia, por exemplo receber requerimentos no protocolo. Reduzindo essa proposta, de ir a OMC, a seu verdadeiro papel de evento com car\u00e1ter s\u00f3 eleitoral.<\/p>\n<p>Os Estados Unidos deve ter achado muito divertido; tanto que em\u00a0<em>Resposta Formal<\/em>, protocolada em Genebra, disse estar \u201cinteiramente \u00e0 disposi\u00e7\u00e3o dos diplomatas brasileiros\u2019\u2019. Sabe que nada acontecer\u00e1 e entrou no jogo; se querem brincar, ent\u00e3o brinquemos todos.<\/p>\n<p>Resultado, amigo leitor, \u00e9 que vai dar em nada. Simples assim. Por essa via, pelo menos. E nossos jornais? Fico s\u00f3 num exemplo. Em que importante jornalista brasileiro, num formid\u00e1vel arroubo ufanista, chegou a declarar (FolhaSP) \u201cResposta aos Estados Unidos, na OMC, \u00e9 vit\u00f3ria brasileira\u201d.<\/p>\n<p>S\u00f3 uma baz\u00f3fia. Posto sabem todos, ele e os demais profissionais a seu lado, que nessa querela n\u00e3o h\u00e1 vencedores nem vencidos. Ao menos at\u00e9 quando sejam nomeados novos Ju\u00edzes. Se \u00e9 que ser\u00e3o. No Dia de S\u00e3o Nunca, talvez.<\/p>\n<p>Seria, figurativamente, uma\u00a0<em>Vit\u00f3ria de Pirro<\/em>\u00a0\u2013 quando n\u00e3o h\u00e1 propriamente vit\u00f3ria nenhuma. Pirro foi um comandante da Gr\u00e9cia Antiga que derrotou o ex\u00e9rcito romano na Batalha de \u00c1sculo, mas essa \u00e9 outra hist\u00f3ria. Fato \u00e9 que todos os jornais brasileiros conhecem os fatos. E nos espanta s\u00f3 por agirem como se fosse uma proposta s\u00e9ria. Sem perder tempo no lembrar, ao leitor, que por hora n\u00e3o h\u00e1 ju\u00edzes na OMC.<\/p>\n<p>Talvez aqui se pudesse lembrar uma lenda que vem de 1745, quando modesto moleiro desafiou o Rei Frederico II, da Pr\u00fassia (atual Alemanha), da\u00ed vindo a conhecida frase \u201cAinda h\u00e1 ju\u00edzes em Berlim\u201d. Em Berlim, sim. Em Genebra, com certeza n\u00e3o.<\/p>\n<p>E assim vai a nave, na conturbada pol\u00edtica brasileira de hoje. E n\u00e3o apenas com o caso da OMC. Reduzida a uma montanha de apar\u00eancias. Mas onde est\u00e1 a verdade nesses casos todos?, amigo leitor. A verdade, ora a verdade, quem se preocupa com ela?.<\/p>\n<p>\u00c9 pena. O que nos permite encerrar essa conversa com mais uma frase do amigo Millor,<em>\u00a0\u201cA verdade \u00e9 aquilo que sobra depois que voc\u00ea esgotou as mentiras\u201d.<\/em><\/p>\n","protected":false},"excerpt":{"rendered":"<p>Por Jos\u00e9 Paulo Cavalcanti Filho \u00a0\u2013 \u00a0Escritor, poeta, membro das Academias Pernambucana de Letras, Brasileira de Letras e Portuguesa de Letras. \u00c9\u00a0 um dos maiores conhecedores da obra de Fernando Pessoa. Integrou a Comiss\u00e3o da Verdade\u00a0 \u2013\u00a0 Melhor resposta para a d\u00favida, no t\u00edtulo (onde est\u00e1 a verdade?), talvez fosse frase de Aulo G\u00e9lio (Noites [&hellip;]<\/p>\n","protected":false},"author":1,"featured_media":4457,"comment_status":"open","ping_status":"open","sticky":false,"template":"","format":"standard","meta":{"footnotes":"","jetpack_publicize_message":"","jetpack_publicize_feature_enabled":true,"jetpack_social_post_already_shared":true,"jetpack_social_options":{"image_generator_settings":{"template":"highway","default_image_id":0,"font":"","enabled":false},"version":2}},"categories":[1,35,76,65],"tags":[],"class_list":["post-4575","post","type-post","status-publish","format-standard","has-post-thumbnail","hentry","category-https-gazetapernambucana-com-page_id225","category-https-gazetapernambucana-com-page_id218","category-opiniao","category-politica"],"yoast_head":"<!-- This site is optimized with the Yoast SEO plugin v24.5 - https:\/\/yoast.com\/wordpress\/plugins\/seo\/ -->\n<title>Ubi Veritas? Por Jos\u00e9 Paulo Cavalcanti Filho -<\/title>\n<meta name=\"robots\" content=\"index, follow, max-snippet:-1, max-image-preview:large, max-video-preview:-1\" \/>\n<link rel=\"canonical\" href=\"https:\/\/gazetapernambucana.com\/?p=4575\" \/>\n<meta property=\"og:locale\" content=\"pt_BR\" \/>\n<meta property=\"og:type\" content=\"article\" \/>\n<meta property=\"og:title\" content=\"Ubi Veritas? Por Jos\u00e9 Paulo Cavalcanti Filho -\" \/>\n<meta property=\"og:description\" content=\"Por Jos\u00e9 Paulo Cavalcanti Filho \u00a0\u2013 \u00a0Escritor, poeta, membro das Academias Pernambucana de Letras, Brasileira de Letras e Portuguesa de Letras. \u00c9\u00a0 um dos maiores conhecedores da obra de Fernando Pessoa. Integrou a Comiss\u00e3o da Verdade\u00a0 \u2013\u00a0 Melhor resposta para a d\u00favida, no t\u00edtulo (onde est\u00e1 a verdade?), talvez fosse frase de Aulo G\u00e9lio (Noites [&hellip;]\" \/>\n<meta property=\"og:url\" content=\"https:\/\/gazetapernambucana.com\/?p=4575\" \/>\n<meta property=\"article:published_time\" content=\"2026-08-22T00:57:44+00:00\" \/>\n<meta property=\"og:image\" content=\"https:\/\/gazetapernambucana.com\/wp-content\/uploads\/2026\/08\/11f77e6d8a8e346bc312bf2719fc2e63-2-300x147-1-150x147-1.webp\" \/>\n\t<meta property=\"og:image:width\" content=\"150\" \/>\n\t<meta property=\"og:image:height\" content=\"147\" \/>\n\t<meta property=\"og:image:type\" content=\"image\/webp\" \/>\n<meta name=\"author\" content=\"GP\" \/>\n<meta name=\"twitter:card\" content=\"summary_large_image\" \/>\n<meta name=\"twitter:label1\" content=\"Escrito por\" \/>\n\t<meta name=\"twitter:data1\" content=\"GP\" \/>\n\t<meta name=\"twitter:label2\" content=\"Est. tempo de leitura\" \/>\n\t<meta name=\"twitter:data2\" content=\"4 minutos\" \/>\n<script type=\"application\/ld+json\" class=\"yoast-schema-graph\">{\"@context\":\"https:\/\/schema.org\",\"@graph\":[{\"@type\":\"WebPage\",\"@id\":\"https:\/\/gazetapernambucana.com\/?p=4575\",\"url\":\"https:\/\/gazetapernambucana.com\/?p=4575\",\"name\":\"Ubi Veritas? Por Jos\u00e9 Paulo Cavalcanti Filho -\",\"isPartOf\":{\"@id\":\"https:\/\/gazetapernambucana.com\/#website\"},\"primaryImageOfPage\":{\"@id\":\"https:\/\/gazetapernambucana.com\/?p=4575#primaryimage\"},\"image\":{\"@id\":\"https:\/\/gazetapernambucana.com\/?p=4575#primaryimage\"},\"thumbnailUrl\":\"https:\/\/gazetapernambucana.com\/wp-content\/uploads\/2026\/08\/11f77e6d8a8e346bc312bf2719fc2e63-2-300x147-1-150x147-1.webp\",\"datePublished\":\"2026-08-22T00:57:44+00:00\",\"author\":{\"@id\":\"https:\/\/gazetapernambucana.com\/#\/schema\/person\/188dc283325181ac2de4db1e9e987427\"},\"breadcrumb\":{\"@id\":\"https:\/\/gazetapernambucana.com\/?p=4575#breadcrumb\"},\"inLanguage\":\"pt-BR\",\"potentialAction\":[{\"@type\":\"ReadAction\",\"target\":[\"https:\/\/gazetapernambucana.com\/?p=4575\"]}]},{\"@type\":\"ImageObject\",\"inLanguage\":\"pt-BR\",\"@id\":\"https:\/\/gazetapernambucana.com\/?p=4575#primaryimage\",\"url\":\"https:\/\/gazetapernambucana.com\/wp-content\/uploads\/2026\/08\/11f77e6d8a8e346bc312bf2719fc2e63-2-300x147-1-150x147-1.webp\",\"contentUrl\":\"https:\/\/gazetapernambucana.com\/wp-content\/uploads\/2026\/08\/11f77e6d8a8e346bc312bf2719fc2e63-2-300x147-1-150x147-1.webp\",\"width\":150,\"height\":147},{\"@type\":\"BreadcrumbList\",\"@id\":\"https:\/\/gazetapernambucana.com\/?p=4575#breadcrumb\",\"itemListElement\":[{\"@type\":\"ListItem\",\"position\":1,\"name\":\"In\u00edcio\",\"item\":\"https:\/\/gazetapernambucana.com\/\"},{\"@type\":\"ListItem\",\"position\":2,\"name\":\"Ubi Veritas? Por Jos\u00e9 Paulo Cavalcanti Filho\"}]},{\"@type\":\"WebSite\",\"@id\":\"https:\/\/gazetapernambucana.com\/#website\",\"url\":\"https:\/\/gazetapernambucana.com\/\",\"name\":\"\",\"description\":\"\",\"potentialAction\":[{\"@type\":\"SearchAction\",\"target\":{\"@type\":\"EntryPoint\",\"urlTemplate\":\"https:\/\/gazetapernambucana.com\/?s={search_term_string}\"},\"query-input\":{\"@type\":\"PropertyValueSpecification\",\"valueRequired\":true,\"valueName\":\"search_term_string\"}}],\"inLanguage\":\"pt-BR\"},{\"@type\":\"Person\",\"@id\":\"https:\/\/gazetapernambucana.com\/#\/schema\/person\/188dc283325181ac2de4db1e9e987427\",\"name\":\"GP\",\"image\":{\"@type\":\"ImageObject\",\"inLanguage\":\"pt-BR\",\"@id\":\"https:\/\/gazetapernambucana.com\/#\/schema\/person\/image\/\",\"url\":\"https:\/\/secure.gravatar.com\/avatar\/9dad78ff9a2d8b5742d11779f8a3f53b052320c550b2e1907882353c067bb111?s=96&d=mm&r=g\",\"contentUrl\":\"https:\/\/secure.gravatar.com\/avatar\/9dad78ff9a2d8b5742d11779f8a3f53b052320c550b2e1907882353c067bb111?s=96&d=mm&r=g\",\"caption\":\"GP\"},\"sameAs\":[\"http:\/\/gazetapernambucana.com\"],\"url\":\"https:\/\/gazetapernambucana.com\/?author=1\"}]}<\/script>\n<!-- \/ Yoast SEO plugin. -->","yoast_head_json":{"title":"Ubi Veritas? Por Jos\u00e9 Paulo Cavalcanti Filho -","robots":{"index":"index","follow":"follow","max-snippet":"max-snippet:-1","max-image-preview":"max-image-preview:large","max-video-preview":"max-video-preview:-1"},"canonical":"https:\/\/gazetapernambucana.com\/?p=4575","og_locale":"pt_BR","og_type":"article","og_title":"Ubi Veritas? Por Jos\u00e9 Paulo Cavalcanti Filho -","og_description":"Por Jos\u00e9 Paulo Cavalcanti Filho \u00a0\u2013 \u00a0Escritor, poeta, membro das Academias Pernambucana de Letras, Brasileira de Letras e Portuguesa de Letras. \u00c9\u00a0 um dos maiores conhecedores da obra de Fernando Pessoa. Integrou a Comiss\u00e3o da Verdade\u00a0 \u2013\u00a0 Melhor resposta para a d\u00favida, no t\u00edtulo (onde est\u00e1 a verdade?), talvez fosse frase de Aulo G\u00e9lio (Noites [&hellip;]","og_url":"https:\/\/gazetapernambucana.com\/?p=4575","article_published_time":"2026-08-22T00:57:44+00:00","og_image":[{"width":150,"height":147,"url":"https:\/\/gazetapernambucana.com\/wp-content\/uploads\/2026\/08\/11f77e6d8a8e346bc312bf2719fc2e63-2-300x147-1-150x147-1.webp","type":"image\/webp"}],"author":"GP","twitter_card":"summary_large_image","twitter_misc":{"Escrito por":"GP","Est. tempo de leitura":"4 minutos"},"schema":{"@context":"https:\/\/schema.org","@graph":[{"@type":"WebPage","@id":"https:\/\/gazetapernambucana.com\/?p=4575","url":"https:\/\/gazetapernambucana.com\/?p=4575","name":"Ubi Veritas? Por Jos\u00e9 Paulo Cavalcanti Filho -","isPartOf":{"@id":"https:\/\/gazetapernambucana.com\/#website"},"primaryImageOfPage":{"@id":"https:\/\/gazetapernambucana.com\/?p=4575#primaryimage"},"image":{"@id":"https:\/\/gazetapernambucana.com\/?p=4575#primaryimage"},"thumbnailUrl":"https:\/\/gazetapernambucana.com\/wp-content\/uploads\/2026\/08\/11f77e6d8a8e346bc312bf2719fc2e63-2-300x147-1-150x147-1.webp","datePublished":"2026-08-22T00:57:44+00:00","author":{"@id":"https:\/\/gazetapernambucana.com\/#\/schema\/person\/188dc283325181ac2de4db1e9e987427"},"breadcrumb":{"@id":"https:\/\/gazetapernambucana.com\/?p=4575#breadcrumb"},"inLanguage":"pt-BR","potentialAction":[{"@type":"ReadAction","target":["https:\/\/gazetapernambucana.com\/?p=4575"]}]},{"@type":"ImageObject","inLanguage":"pt-BR","@id":"https:\/\/gazetapernambucana.com\/?p=4575#primaryimage","url":"https:\/\/gazetapernambucana.com\/wp-content\/uploads\/2026\/08\/11f77e6d8a8e346bc312bf2719fc2e63-2-300x147-1-150x147-1.webp","contentUrl":"https:\/\/gazetapernambucana.com\/wp-content\/uploads\/2026\/08\/11f77e6d8a8e346bc312bf2719fc2e63-2-300x147-1-150x147-1.webp","width":150,"height":147},{"@type":"BreadcrumbList","@id":"https:\/\/gazetapernambucana.com\/?p=4575#breadcrumb","itemListElement":[{"@type":"ListItem","position":1,"name":"In\u00edcio","item":"https:\/\/gazetapernambucana.com\/"},{"@type":"ListItem","position":2,"name":"Ubi Veritas? Por Jos\u00e9 Paulo Cavalcanti Filho"}]},{"@type":"WebSite","@id":"https:\/\/gazetapernambucana.com\/#website","url":"https:\/\/gazetapernambucana.com\/","name":"","description":"","potentialAction":[{"@type":"SearchAction","target":{"@type":"EntryPoint","urlTemplate":"https:\/\/gazetapernambucana.com\/?s={search_term_string}"},"query-input":{"@type":"PropertyValueSpecification","valueRequired":true,"valueName":"search_term_string"}}],"inLanguage":"pt-BR"},{"@type":"Person","@id":"https:\/\/gazetapernambucana.com\/#\/schema\/person\/188dc283325181ac2de4db1e9e987427","name":"GP","image":{"@type":"ImageObject","inLanguage":"pt-BR","@id":"https:\/\/gazetapernambucana.com\/#\/schema\/person\/image\/","url":"https:\/\/secure.gravatar.com\/avatar\/9dad78ff9a2d8b5742d11779f8a3f53b052320c550b2e1907882353c067bb111?s=96&d=mm&r=g","contentUrl":"https:\/\/secure.gravatar.com\/avatar\/9dad78ff9a2d8b5742d11779f8a3f53b052320c550b2e1907882353c067bb111?s=96&d=mm&r=g","caption":"GP"},"sameAs":["http:\/\/gazetapernambucana.com"],"url":"https:\/\/gazetapernambucana.com\/?author=1"}]}},"jetpack_publicize_connections":[],"_links":{"self":[{"href":"https:\/\/gazetapernambucana.com\/index.php?rest_route=\/wp\/v2\/posts\/4575","targetHints":{"allow":["GET"]}}],"collection":[{"href":"https:\/\/gazetapernambucana.com\/index.php?rest_route=\/wp\/v2\/posts"}],"about":[{"href":"https:\/\/gazetapernambucana.com\/index.php?rest_route=\/wp\/v2\/types\/post"}],"author":[{"embeddable":true,"href":"https:\/\/gazetapernambucana.com\/index.php?rest_route=\/wp\/v2\/users\/1"}],"replies":[{"embeddable":true,"href":"https:\/\/gazetapernambucana.com\/index.php?rest_route=%2Fwp%2Fv2%2Fcomments&post=4575"}],"version-history":[{"count":1,"href":"https:\/\/gazetapernambucana.com\/index.php?rest_route=\/wp\/v2\/posts\/4575\/revisions"}],"predecessor-version":[{"id":4576,"href":"https:\/\/gazetapernambucana.com\/index.php?rest_route=\/wp\/v2\/posts\/4575\/revisions\/4576"}],"wp:featuredmedia":[{"embeddable":true,"href":"https:\/\/gazetapernambucana.com\/index.php?rest_route=\/wp\/v2\/media\/4457"}],"wp:attachment":[{"href":"https:\/\/gazetapernambucana.com\/index.php?rest_route=%2Fwp%2Fv2%2Fmedia&parent=4575"}],"wp:term":[{"taxonomy":"category","embeddable":true,"href":"https:\/\/gazetapernambucana.com\/index.php?rest_route=%2Fwp%2Fv2%2Fcategories&post=4575"},{"taxonomy":"post_tag","embeddable":true,"href":"https:\/\/gazetapernambucana.com\/index.php?rest_route=%2Fwp%2Fv2%2Ftags&post=4575"}],"curies":[{"name":"wp","href":"https:\/\/api.w.org\/{rel}","templated":true}]}}