{"id":4564,"date":"2026-08-20T22:36:29","date_gmt":"2026-08-21T01:36:29","guid":{"rendered":"https:\/\/gazetapernambucana.com\/?p=4564"},"modified":"2026-08-20T22:36:29","modified_gmt":"2026-08-21T01:36:29","slug":"encontro-nacional-de-escritores-e-professores-da-rede-publica-acontece-em-olinda","status":"publish","type":"post","link":"https:\/\/gazetapernambucana.com\/?p=4564","title":{"rendered":"Encontro Nacional de Escritores e Professores da rede p\u00fablica acontece em Olinda"},"content":{"rendered":"<header class=\"post-header\"><\/header>\n<div class=\"post-content\">\n<div><b><br \/>\n<\/b><i><img loading=\"lazy\" decoding=\"async\" class=\"aligncenter wp-image-95855 size-full\" src=\"https:\/\/i0.wp.com\/blogdellas.com.br\/wp-content\/uploads\/2026\/08\/Educacao-Olinda-1.jpeg?resize=720%2C346&amp;ssl=1\" sizes=\"auto, (max-width: 720px) 100vw, 720px\" srcset=\"https:\/\/i0.wp.com\/blogdellas.com.br\/wp-content\/uploads\/2026\/08\/Educacao-Olinda-1.jpeg?w=720&amp;ssl=1 720w, https:\/\/i0.wp.com\/blogdellas.com.br\/wp-content\/uploads\/2026\/08\/Educacao-Olinda-1.jpeg?resize=300%2C144&amp;ssl=1 300w, https:\/\/i0.wp.com\/blogdellas.com.br\/wp-content\/uploads\/2026\/08\/Educacao-Olinda-1.jpeg?resize=150%2C72&amp;ssl=1 150w\" alt=\"\" width=\"720\" height=\"346\" data-recalc-dims=\"1\" \/>Evento promove troca de experi\u00eancias sobre literatura e pr\u00e1ticas de leitura e escrita nas escolas<\/i>A Prefeitura de Olinda recebeu, na tarde dessa quarta-feira (19), a abertura do III Encontro Nacional de Escritores e Professores da Rede P\u00fablica de Olinda. Realizado pela Academia de Artes, Letras e Ci\u00eancias de Olinda (AALCO), em parceria com as Secretarias de Educa\u00e7\u00e3o do Estado de Pernambuco, por meio da GRE Metropolitana Norte, e do Munic\u00edpio de Olinda, o encontro tem como tema \u201cLiteratura Compartilhada: Encontro de Escritores e Professores em Olinda\u201d.<\/p>\n<p>O evento segue at\u00e9 esta sexta-feira (21), com atividades voltadas \u00e0 discuss\u00e3o e ao compartilhamento de experi\u00eancias sobre literatura nas escolas. A iniciativa tamb\u00e9m integra a programa\u00e7\u00e3o comemorativa dos 25 anos da Academia de Artes, Letras e Ci\u00eancias de Olinda, que celebrar\u00e1 seu Jubileu de Prata em 2027.<\/p>\n<\/div>\n<div><\/div>\n<div>A programa\u00e7\u00e3o de abertura foi realizada no audit\u00f3rio da Secretaria de Educa\u00e7\u00e3o de Olinda, em Ouro Preto, e reuniu professores, escritores e representantes da \u00e1rea educacional para um momento de troca de conhecimentos e experi\u00eancias sobre a presen\u00e7a da literatura no ambiente escolar.A abertura contou com participa\u00e7\u00e3o da Banda Sinf\u00f4nica Musical de Olinda, al\u00e9m de pronunciamentos de representantes da organiza\u00e7\u00e3o e da Secretaria de Educa\u00e7\u00e3o.&nbsp;<\/p>\n<p>Ao longo do encontro, os participantes acompanharam atividades voltadas \u00e0 literatura, incluindo palestra sobre contos e poesias, sess\u00e3o liter\u00e1ria com apresenta\u00e7\u00e3o de poemas e prosas, experi\u00eancias de clubes de leitura e atividades relacionadas \u00e0 literatura de cordel. A proposta \u00e9 aproximar escritores e educadores e contribuir para o fortalecimento do interesse e do prazer pela leitura e pela escrita entre os estudantes da rede p\u00fablica.<\/p>\n<\/div>\n<\/div>\n","protected":false},"excerpt":{"rendered":"<p>Evento promove troca de experi\u00eancias sobre literatura e pr\u00e1ticas de leitura e escrita nas escolasA Prefeitura de Olinda recebeu, na tarde dessa quarta-feira (19), a abertura do III Encontro Nacional de Escritores e Professores da Rede P\u00fablica de Olinda. Realizado pela Academia de Artes, Letras e Ci\u00eancias de Olinda (AALCO), em parceria com as Secretarias [&hellip;]<\/p>\n","protected":false},"author":1,"featured_media":4565,"comment_status":"open","ping_status":"open","sticky":false,"template":"","format":"standard","meta":{"footnotes":"","jetpack_publicize_message":"","jetpack_publicize_feature_enabled":true,"jetpack_social_post_already_shared":true,"jetpack_social_options":{"image_generator_settings":{"template":"highway","default_image_id":0,"font":"","enabled":false},"version":2}},"categories":[66,1,35,46,40],"tags":[],"class_list":["post-4564","post","type-post","status-publish","format-standard","has-post-thumbnail","hentry","category-cidades","category-https-gazetapernambucana-com-page_id225","category-https-gazetapernambucana-com-page_id218","category-literatura","category-https-gazetapernambucana-com-page_id224"],"yoast_head":"<!-- This site is optimized with the Yoast SEO plugin v24.5 - https:\/\/yoast.com\/wordpress\/plugins\/seo\/ -->\n<title>Encontro Nacional de Escritores e Professores da rede p\u00fablica acontece em Olinda -<\/title>\n<meta name=\"robots\" content=\"index, follow, max-snippet:-1, max-image-preview:large, max-video-preview:-1\" \/>\n<link rel=\"canonical\" href=\"https:\/\/gazetapernambucana.com\/?p=4564\" \/>\n<meta property=\"og:locale\" content=\"pt_BR\" \/>\n<meta property=\"og:type\" content=\"article\" \/>\n<meta property=\"og:title\" content=\"Encontro Nacional de Escritores e Professores da rede p\u00fablica acontece em Olinda -\" \/>\n<meta property=\"og:description\" content=\"Evento promove troca de experi\u00eancias sobre literatura e pr\u00e1ticas de leitura e escrita nas escolasA Prefeitura de Olinda recebeu, na tarde dessa quarta-feira (19), a abertura do III Encontro Nacional de Escritores e Professores da Rede P\u00fablica de Olinda. Realizado pela Academia de Artes, Letras e Ci\u00eancias de Olinda (AALCO), em parceria com as Secretarias [&hellip;]\" \/>\n<meta property=\"og:url\" content=\"https:\/\/gazetapernambucana.com\/?p=4564\" \/>\n<meta property=\"article:published_time\" content=\"2026-08-21T01:36:29+00:00\" \/>\n<meta property=\"og:image\" content=\"https:\/\/gazetapernambucana.com\/wp-content\/uploads\/2026\/08\/Educacao-Olinda-1.webp\" \/>\n\t<meta property=\"og:image:width\" content=\"720\" \/>\n\t<meta property=\"og:image:height\" content=\"346\" \/>\n\t<meta property=\"og:image:type\" content=\"image\/webp\" \/>\n<meta name=\"author\" content=\"GP\" \/>\n<meta name=\"twitter:card\" content=\"summary_large_image\" \/>\n<meta name=\"twitter:label1\" content=\"Escrito por\" \/>\n\t<meta name=\"twitter:data1\" content=\"GP\" \/>\n\t<meta name=\"twitter:label2\" content=\"Est. tempo de leitura\" \/>\n\t<meta name=\"twitter:data2\" content=\"2 minutos\" \/>\n<script type=\"application\/ld+json\" class=\"yoast-schema-graph\">{\"@context\":\"https:\/\/schema.org\",\"@graph\":[{\"@type\":\"WebPage\",\"@id\":\"https:\/\/gazetapernambucana.com\/?p=4564\",\"url\":\"https:\/\/gazetapernambucana.com\/?p=4564\",\"name\":\"Encontro Nacional de Escritores e Professores da rede p\u00fablica acontece em Olinda -\",\"isPartOf\":{\"@id\":\"https:\/\/gazetapernambucana.com\/#website\"},\"primaryImageOfPage\":{\"@id\":\"https:\/\/gazetapernambucana.com\/?p=4564#primaryimage\"},\"image\":{\"@id\":\"https:\/\/gazetapernambucana.com\/?p=4564#primaryimage\"},\"thumbnailUrl\":\"https:\/\/gazetapernambucana.com\/wp-content\/uploads\/2026\/08\/Educacao-Olinda-1.webp\",\"datePublished\":\"2026-08-21T01:36:29+00:00\",\"author\":{\"@id\":\"https:\/\/gazetapernambucana.com\/#\/schema\/person\/188dc283325181ac2de4db1e9e987427\"},\"breadcrumb\":{\"@id\":\"https:\/\/gazetapernambucana.com\/?p=4564#breadcrumb\"},\"inLanguage\":\"pt-BR\",\"potentialAction\":[{\"@type\":\"ReadAction\",\"target\":[\"https:\/\/gazetapernambucana.com\/?p=4564\"]}]},{\"@type\":\"ImageObject\",\"inLanguage\":\"pt-BR\",\"@id\":\"https:\/\/gazetapernambucana.com\/?p=4564#primaryimage\",\"url\":\"https:\/\/gazetapernambucana.com\/wp-content\/uploads\/2026\/08\/Educacao-Olinda-1.webp\",\"contentUrl\":\"https:\/\/gazetapernambucana.com\/wp-content\/uploads\/2026\/08\/Educacao-Olinda-1.webp\",\"width\":720,\"height\":346},{\"@type\":\"BreadcrumbList\",\"@id\":\"https:\/\/gazetapernambucana.com\/?p=4564#breadcrumb\",\"itemListElement\":[{\"@type\":\"ListItem\",\"position\":1,\"name\":\"In\u00edcio\",\"item\":\"https:\/\/gazetapernambucana.com\/\"},{\"@type\":\"ListItem\",\"position\":2,\"name\":\"Encontro Nacional de Escritores e Professores da rede p\u00fablica acontece em Olinda\"}]},{\"@type\":\"WebSite\",\"@id\":\"https:\/\/gazetapernambucana.com\/#website\",\"url\":\"https:\/\/gazetapernambucana.com\/\",\"name\":\"\",\"description\":\"\",\"potentialAction\":[{\"@type\":\"SearchAction\",\"target\":{\"@type\":\"EntryPoint\",\"urlTemplate\":\"https:\/\/gazetapernambucana.com\/?s={search_term_string}\"},\"query-input\":{\"@type\":\"PropertyValueSpecification\",\"valueRequired\":true,\"valueName\":\"search_term_string\"}}],\"inLanguage\":\"pt-BR\"},{\"@type\":\"Person\",\"@id\":\"https:\/\/gazetapernambucana.com\/#\/schema\/person\/188dc283325181ac2de4db1e9e987427\",\"name\":\"GP\",\"image\":{\"@type\":\"ImageObject\",\"inLanguage\":\"pt-BR\",\"@id\":\"https:\/\/gazetapernambucana.com\/#\/schema\/person\/image\/\",\"url\":\"https:\/\/secure.gravatar.com\/avatar\/9dad78ff9a2d8b5742d11779f8a3f53b052320c550b2e1907882353c067bb111?s=96&d=mm&r=g\",\"contentUrl\":\"https:\/\/secure.gravatar.com\/avatar\/9dad78ff9a2d8b5742d11779f8a3f53b052320c550b2e1907882353c067bb111?s=96&d=mm&r=g\",\"caption\":\"GP\"},\"sameAs\":[\"http:\/\/gazetapernambucana.com\"],\"url\":\"https:\/\/gazetapernambucana.com\/?author=1\"}]}<\/script>\n<!-- \/ Yoast SEO plugin. -->","yoast_head_json":{"title":"Encontro Nacional de Escritores e Professores da rede p\u00fablica acontece em Olinda -","robots":{"index":"index","follow":"follow","max-snippet":"max-snippet:-1","max-image-preview":"max-image-preview:large","max-video-preview":"max-video-preview:-1"},"canonical":"https:\/\/gazetapernambucana.com\/?p=4564","og_locale":"pt_BR","og_type":"article","og_title":"Encontro Nacional de Escritores e Professores da rede p\u00fablica acontece em Olinda -","og_description":"Evento promove troca de experi\u00eancias sobre literatura e pr\u00e1ticas de leitura e escrita nas escolasA Prefeitura de Olinda recebeu, na tarde dessa quarta-feira (19), a abertura do III Encontro Nacional de Escritores e Professores da Rede P\u00fablica de Olinda. Realizado pela Academia de Artes, Letras e Ci\u00eancias de Olinda (AALCO), em parceria com as Secretarias [&hellip;]","og_url":"https:\/\/gazetapernambucana.com\/?p=4564","article_published_time":"2026-08-21T01:36:29+00:00","og_image":[{"width":720,"height":346,"url":"https:\/\/gazetapernambucana.com\/wp-content\/uploads\/2026\/08\/Educacao-Olinda-1.webp","type":"image\/webp"}],"author":"GP","twitter_card":"summary_large_image","twitter_misc":{"Escrito por":"GP","Est. tempo de leitura":"2 minutos"},"schema":{"@context":"https:\/\/schema.org","@graph":[{"@type":"WebPage","@id":"https:\/\/gazetapernambucana.com\/?p=4564","url":"https:\/\/gazetapernambucana.com\/?p=4564","name":"Encontro Nacional de Escritores e Professores da rede p\u00fablica acontece em Olinda -","isPartOf":{"@id":"https:\/\/gazetapernambucana.com\/#website"},"primaryImageOfPage":{"@id":"https:\/\/gazetapernambucana.com\/?p=4564#primaryimage"},"image":{"@id":"https:\/\/gazetapernambucana.com\/?p=4564#primaryimage"},"thumbnailUrl":"https:\/\/gazetapernambucana.com\/wp-content\/uploads\/2026\/08\/Educacao-Olinda-1.webp","datePublished":"2026-08-21T01:36:29+00:00","author":{"@id":"https:\/\/gazetapernambucana.com\/#\/schema\/person\/188dc283325181ac2de4db1e9e987427"},"breadcrumb":{"@id":"https:\/\/gazetapernambucana.com\/?p=4564#breadcrumb"},"inLanguage":"pt-BR","potentialAction":[{"@type":"ReadAction","target":["https:\/\/gazetapernambucana.com\/?p=4564"]}]},{"@type":"ImageObject","inLanguage":"pt-BR","@id":"https:\/\/gazetapernambucana.com\/?p=4564#primaryimage","url":"https:\/\/gazetapernambucana.com\/wp-content\/uploads\/2026\/08\/Educacao-Olinda-1.webp","contentUrl":"https:\/\/gazetapernambucana.com\/wp-content\/uploads\/2026\/08\/Educacao-Olinda-1.webp","width":720,"height":346},{"@type":"BreadcrumbList","@id":"https:\/\/gazetapernambucana.com\/?p=4564#breadcrumb","itemListElement":[{"@type":"ListItem","position":1,"name":"In\u00edcio","item":"https:\/\/gazetapernambucana.com\/"},{"@type":"ListItem","position":2,"name":"Encontro Nacional de Escritores e Professores da rede p\u00fablica acontece em Olinda"}]},{"@type":"WebSite","@id":"https:\/\/gazetapernambucana.com\/#website","url":"https:\/\/gazetapernambucana.com\/","name":"","description":"","potentialAction":[{"@type":"SearchAction","target":{"@type":"EntryPoint","urlTemplate":"https:\/\/gazetapernambucana.com\/?s={search_term_string}"},"query-input":{"@type":"PropertyValueSpecification","valueRequired":true,"valueName":"search_term_string"}}],"inLanguage":"pt-BR"},{"@type":"Person","@id":"https:\/\/gazetapernambucana.com\/#\/schema\/person\/188dc283325181ac2de4db1e9e987427","name":"GP","image":{"@type":"ImageObject","inLanguage":"pt-BR","@id":"https:\/\/gazetapernambucana.com\/#\/schema\/person\/image\/","url":"https:\/\/secure.gravatar.com\/avatar\/9dad78ff9a2d8b5742d11779f8a3f53b052320c550b2e1907882353c067bb111?s=96&d=mm&r=g","contentUrl":"https:\/\/secure.gravatar.com\/avatar\/9dad78ff9a2d8b5742d11779f8a3f53b052320c550b2e1907882353c067bb111?s=96&d=mm&r=g","caption":"GP"},"sameAs":["http:\/\/gazetapernambucana.com"],"url":"https:\/\/gazetapernambucana.com\/?author=1"}]}},"jetpack_publicize_connections":[],"_links":{"self":[{"href":"https:\/\/gazetapernambucana.com\/index.php?rest_route=\/wp\/v2\/posts\/4564","targetHints":{"allow":["GET"]}}],"collection":[{"href":"https:\/\/gazetapernambucana.com\/index.php?rest_route=\/wp\/v2\/posts"}],"about":[{"href":"https:\/\/gazetapernambucana.com\/index.php?rest_route=\/wp\/v2\/types\/post"}],"author":[{"embeddable":true,"href":"https:\/\/gazetapernambucana.com\/index.php?rest_route=\/wp\/v2\/users\/1"}],"replies":[{"embeddable":true,"href":"https:\/\/gazetapernambucana.com\/index.php?rest_route=%2Fwp%2Fv2%2Fcomments&post=4564"}],"version-history":[{"count":1,"href":"https:\/\/gazetapernambucana.com\/index.php?rest_route=\/wp\/v2\/posts\/4564\/revisions"}],"predecessor-version":[{"id":4566,"href":"https:\/\/gazetapernambucana.com\/index.php?rest_route=\/wp\/v2\/posts\/4564\/revisions\/4566"}],"wp:featuredmedia":[{"embeddable":true,"href":"https:\/\/gazetapernambucana.com\/index.php?rest_route=\/wp\/v2\/media\/4565"}],"wp:attachment":[{"href":"https:\/\/gazetapernambucana.com\/index.php?rest_route=%2Fwp%2Fv2%2Fmedia&parent=4564"}],"wp:term":[{"taxonomy":"category","embeddable":true,"href":"https:\/\/gazetapernambucana.com\/index.php?rest_route=%2Fwp%2Fv2%2Fcategories&post=4564"},{"taxonomy":"post_tag","embeddable":true,"href":"https:\/\/gazetapernambucana.com\/index.php?rest_route=%2Fwp%2Fv2%2Ftags&post=4564"}],"curies":[{"name":"wp","href":"https:\/\/api.w.org\/{rel}","templated":true}]}}