{"id":4557,"date":"2026-08-20T22:25:42","date_gmt":"2026-08-21T01:25:42","guid":{"rendered":"https:\/\/gazetapernambucana.com\/?p=4557"},"modified":"2026-08-20T22:25:42","modified_gmt":"2026-08-21T01:25:42","slug":"pernambuco-meu-pais-leva-shows-cinema-e-espetaculos-gratuitos-para-buique","status":"publish","type":"post","link":"https:\/\/gazetapernambucana.com\/?p=4557","title":{"rendered":"Pernambuco Meu Pa\u00eds leva shows, cinema e espet\u00e1culos gratuitos para Bu\u00edque"},"content":{"rendered":"<p><strong>Festival Pernambuco Meu Pa\u00eds chega a Bu\u00edque, no Agreste do estado, nesta quarta-feira (19) e segue com programa\u00e7\u00e3o cultural at\u00e9 o domingo (22)<\/strong><\/p>\n<p class=\"texto\">Depois de percorrer diferentes regi\u00f5es de Pernambuco, a 3\u00aa edi\u00e7\u00e3o do Festival Pernambuco Meu Pa\u00eds segue no Agreste pernambucano, com programa\u00e7\u00e3o em Bu\u00edque, entre esta quarta-feira (19) e domingo (23). As atra\u00e7\u00f5es contam com atividades de forma\u00e7\u00e3o, m\u00fasica, cinema, culturas populares, circo, artes c\u00eanicas, audiovisual, cultura alimentar, artes visuais, forr\u00f3 e a\u00e7\u00f5es de economia criativa.<\/p>\n<p class=\"texto\">\u201cO Pernambuco Meu Pa\u00eds chega a Bu\u00edque reafirmando uma das principais caracter\u00edsticas do festival: construir uma programa\u00e7\u00e3o que dialogue diretamente com a identidade de cada territ\u00f3rio. Bu\u00edque tem uma riqueza cultural muito particular, que passa pelas tradi\u00e7\u00f5es populares, pela m\u00fasica, pelo artesanato, pela mem\u00f3ria e pela rela\u00e7\u00e3o com o territ\u00f3rio do Catimbau. Nossa chegada ao munic\u00edpio amplia a circula\u00e7\u00e3o da produ\u00e7\u00e3o pernambucana e cria novos encontros entre artistas, fazedores de cultura e popula\u00e7\u00e3o\u201d, destaca Ana Paula Jardim, secret\u00e1ria de Cultura de Pernambuco.<\/p>\n<p class=\"texto\">A pasta do Governo de Pernambuco \u00e9 respons\u00e1vel pela realiza\u00e7\u00e3o do festival, ao lado da Funda\u00e7\u00e3o do Patrim\u00f4nio Hist\u00f3rico e Art\u00edstico de Pernambuco (Fundarpe) e da Empresa de Turismo de Pernambuco (Empetur), em parceria com a Prefeitura de Bu\u00edque. A programa\u00e7\u00e3o tamb\u00e9m amplia a presen\u00e7a do evento em territ\u00f3rios mais afastados por meio de cortejos e da Caravana Pernambuco Meu Pa\u00eds, que leva apresenta\u00e7\u00f5es art\u00edsticas para a Vila do Carneiro e o Vale do Catimbau.<\/p>\n<p class=\"texto\"><strong>PROGRAMA\u00c7\u00c3O<\/strong><\/p>\n<p class=\"texto\">A programa\u00e7\u00e3o come\u00e7a na quarta-feira (19), com as atividades do Forma PE, realizadas na ETE Jornalista Cyl Galindo. Ao longo dos primeiros dias, o n\u00facleo de forma\u00e7\u00e3o recebe a oficina Light PE Painting: Fotografia Experimental e Pintura Luminosa, com Felipe Ferreira; a conta\u00e7\u00e3o sensorial Nosso Corpo Lembra, com Viviane Rezende; e, na sexta-feira (21), o F\u00f3rum Cadeia Produtiva da Cultura: Da Cria\u00e7\u00e3o ao Mercado, com Juliana Ferreira, Simone Souza e Vanda Kapinaw\u00e1.<\/p>\n<p class=\"texto\">Na quinta-feira (20), a Trupe Pernambuco Meu Pa\u00eds anuncia a chegada do festival \u00e0s ruas de Bu\u00edque. A concentra\u00e7\u00e3o acontece a partir das 16h, na Avenida Jonas Camelo de Almeida, com sa\u00edda \u00e0s 17h em dire\u00e7\u00e3o \u00e0 Pra\u00e7a Major Fran\u00e7a. A a\u00e7\u00e3o re\u00fane o Coletivo Art\u00edstico Os Gigantes, Boi Chifre de Ouro, Charlene Santos, Guilherme Milleron, Marcos Mercury, Trupe Vivarte e Som na Rural, combinando teatro de rua, dan\u00e7a, circo, m\u00fasica, performance e culturas populares em um grande arrast\u00e3o cultural.<\/p>\n<p class=\"texto\">A partir da sexta-feira (21), Bu\u00edque passa a receber a programa\u00e7\u00e3o dos diversos polos tem\u00e1ticos do festival. Entre os destaques est\u00e1 o Pa\u00eds das Brincadeiras, instalado na Pra\u00e7a Major Fran\u00e7a, que re\u00fane ao longo dos tr\u00eas dias espet\u00e1culos de circo, teatro, conta\u00e7\u00e3o de hist\u00f3rias, magia e atividades para diferentes p\u00fablicos.<\/p>\n<p class=\"texto\">O Pa\u00eds do Cinema tamb\u00e9m integra a programa\u00e7\u00e3o, com atividades realizadas na ETE Jornalista Cyl Galindo. Na sexta-feira, o p\u00fablico poder\u00e1 acompanhar a mostra V\u00eddeo Popular em Pernambuco, do Acervo do V\u00eddeo Popular em Pernambuco, e a mostra Cine Coquiv\u00eddeo, do Coletivo Coquev\u00eddeo. No s\u00e1bado, a programa\u00e7\u00e3o re\u00fane produ\u00e7\u00f5es como Ra\u00edzes de F\u00e9, Re Te Tei &#8211; O Filme, Das M\u00e3os \u00e0s Mesas Florestanas: O P\u00e3o de Z\u00e9 de Izabel, Obirim Dudu: Cultura e Ancestralidade nos Afox\u00e9s em Pernambuco e a mostra Cinebrilha Pernambucos.<\/p>\n<p class=\"texto\">A cultura popular ocupa a Pra\u00e7a Major Fran\u00e7a com o Pa\u00eds das Culturas Populares &#8211; Som da Rural, que re\u00fane apresenta\u00e7\u00f5es do Grupo de Xaxado Cabras de Lampi\u00e3o, Afox\u00e9 Filhos de Dandalunda, Renata Cordeiro com O Som dos Ancestrais, Xaxado Ra\u00edzes do Amanh\u00e3, Manac\u00e1 do Coco Juremado, Maracatu Le\u00e3ozinho de Itaquitinga, Quadrilha Origem Nordestina, Afox\u00e9 Yl\u00ea Ax\u00e9 Oxum e Maracatu Ra\u00edzes do Sert\u00e3o.<\/p>\n<p class=\"texto\">A programa\u00e7\u00e3o tamb\u00e9m estabelece uma rela\u00e7\u00e3o direta com os saberes e tradi\u00e7\u00f5es alimentares do territ\u00f3rio. No Pa\u00eds da Cultura Alimentar, instalado no Quilombo S\u00edtio Mundo Novo, o p\u00fablico poder\u00e1 participar de atividades como Ra\u00edzes e Redes, de Sulamita Santos; Pr\u00e1ticas Alimentares Ancestrais no Quilombo Mundo Novo, realizada pela Associa\u00e7\u00e3o dos Quilombolas e Descendentes de Bu\u00edque\/PE &#8211; Mundo Novo; Confeito de Festa: cultura, f\u00e9 e tradi\u00e7\u00e3o, do Coletivo Dona Maria do Confeito; e Do\u00e7aria Pernambucana para Crian\u00e7as, com Eduarda Pessanha.<\/p>\n<p class=\"texto\">A programa\u00e7\u00e3o conta ainda com o Pa\u00eds das Conex\u00f5es Urbanas, o Pa\u00eds das Conex\u00f5es Visuais, o Pa\u00eds das Matrizes do Forr\u00f3, instalado na Feira Livre de Bu\u00edque, e o Pa\u00eds da M\u00fasica &#8211; Som da Rural.<\/p>\n<p class=\"texto\"><strong>PALCO PERNAMBUCO MEU PA\u00cdS<\/strong><\/p>\n<p class=\"texto\">Os grandes shows da etapa de Bu\u00edque acontecem no P\u00e1tio de Eventos S\u00e3o Sebasti\u00e3o, entre sexta-feira (21) e domingo (23). A abertura, na sexta-feira, ser\u00e1 marcada pelo Espet\u00e1culo Pernambuco Meu Pa\u00eds, que homenageia Janete Costa, Mestre Vitalino e Mestre Irineu. A montagem, dirigida artisticamente por Leila Nascimento, re\u00fane cerca de 30 brincantes e parte de elementos como palha, tecido, barro e couro para abordar trabalho manual, identidade e transmiss\u00e3o de saberes entre gera\u00e7\u00f5es.<\/p>\n<p class=\"texto\">Na sequ\u00eancia, a programa\u00e7\u00e3o da sexta-feira re\u00fane Assum Preto, Mari &amp; Rayane, Eric Land e Rey Vaqueiro, com DJ Astley nos intervalos. No s\u00e1bado, o palco recebe Helder Vasconcelos e o Boi Marinho, Petr\u00facio Amorim, Juarez, Seu Jorge e V\u00edtor Fernandes, com DJ Karla Gnom. Encerrando a passagem do festival por Bu\u00edque, no domingo, apresentam-se Afox\u00e9 Oy\u00e1 Alax\u00e9, L\u00e9o da Bodega, Tribo de Jah, Maneva e Hungria, com DJ Rimas Inc nos intervalos.<\/p>\n<p class=\"texto\">Outro destaque da programa\u00e7\u00e3o s\u00e3o os Cortejos de Brincantes, que levam manifesta\u00e7\u00f5es populares para as ruas do munic\u00edpio. Na sexta-feira, o cortejo re\u00fane Batalh\u00e3o 74, Boi Fant\u00e1stico, Clube Carnavalesco Misto Amantes das Flores, Flor da Vertente e Maracatu \u00c1guia Misteriosa. No s\u00e1bado, participam Bloco de Caboclinhos do S\u00edtio Melancia de Jo\u00e3o Alfredo, Na\u00e7\u00e3o do Maracatu Aurora Africana e Urso Vagalume.<\/p>\n<p class=\"texto\">A programa\u00e7\u00e3o descentralizada tamb\u00e9m chega a dois territ\u00f3rios de Bu\u00edque por meio da Caravana Pernambuco Meu Pa\u00eds. No s\u00e1bado (22), a Vila do Carneiro recebe Mateus e Katilinda, Cavalo Marinho Mestre Batista, Trupe Gargalhada, Cinema de Brincar e En\u2019cantos de Coco. No domingo (23), a caravana chega ao Vale do Catimbau, reunindo Mateus e Katilinda, Grupo Cultural Fulni-\u00f4, Trupe Gargalhada, Cinema de Brincar e Nika Macedo.<\/p>\n<p class=\"texto\">Durante a realiza\u00e7\u00e3o do festival, o p\u00fablico tamb\u00e9m contar\u00e1 com a Rede PE, que re\u00fane servi\u00e7os, forma\u00e7\u00f5es e orienta\u00e7\u00f5es de \u00f3rg\u00e3os do Governo de Pernambuco, incluindo a\u00e7\u00f5es do Detran\/PE, Secretaria da Mulher, Secretaria de Comunica\u00e7\u00e3o, Ag\u00eancia de Empreendedorismo de Pernambuco (AGE), Secretaria de Desenvolvimento Profissional e Empreendedorismo (SEDEPE) e Secretaria de Meio Ambiente, Sustentabilidade e de Fernando de Noronha. Entre as a\u00e7\u00f5es previstas est\u00e3o iniciativas de educa\u00e7\u00e3o ambiental, coleta seletiva e valoriza\u00e7\u00e3o do trabalho dos agentes ambientais.<\/p>\n<p class=\"texto\"><strong>PROGRAMA\u00c7\u00c3O COMPLETA DO PALCO PERNAMBUCO MEU PA\u00cdS EM BU\u00cdQUE:<\/strong><br \/>\nLocal: P\u00e1tio de Eventos S\u00e3o Sebasti\u00e3o &#8211; Rua Frei Dami\u00e3o, 2-46 &#8211; Centro<\/p>\n<p class=\"texto\"><strong>Sexta &#8211; 21\/08<\/strong><br \/>\n19h30 | Espet\u00e1culo Pernambuco Meu Pa\u00eds<br \/>\n20h30 | Assum Preto<br \/>\n22h | Mari &amp; Rayane<br \/>\n23h30 | Eric Land<br \/>\n01h10 | Rey Vaqueiro<br \/>\nDJ Astley nos intervalos<\/p>\n<p class=\"texto\"><strong>S\u00e1bado &#8211; 22\/08<\/strong><br \/>\n19h30 | Helder Vasconcelos e o Boi Marinho<br \/>\n20h40 | Petr\u00facio Amorim<br \/>\n22h10 | Juarez<br \/>\n23h40 | Seu Jorge<br \/>\n01h20 | V\u00edtor Fernandes<br \/>\nDJ Karla Gnom nos intervalos<\/p>\n<p class=\"texto\"><strong>Domingo &#8211; 23\/08<\/strong><br \/>\n18h30 | Afox\u00e9 Oy\u00e1 Alax\u00e9<br \/>\n19h40 | L\u00e9o da Bodega<br \/>\n21h10 | Tribo de Jah<br \/>\n22h40 | Maneva<br \/>\n00h20 | Hungria<br \/>\nDJ Rimas Inc nos intervalos<\/p>\n","protected":false},"excerpt":{"rendered":"<p>Festival Pernambuco Meu Pa\u00eds chega a Bu\u00edque, no Agreste do estado, nesta quarta-feira (19) e segue com programa\u00e7\u00e3o cultural at\u00e9 o domingo (22) Depois de percorrer diferentes regi\u00f5es de Pernambuco, a 3\u00aa edi\u00e7\u00e3o do Festival Pernambuco Meu Pa\u00eds segue no Agreste pernambucano, com programa\u00e7\u00e3o em Bu\u00edque, entre esta quarta-feira (19) e domingo (23). As atra\u00e7\u00f5es [&hellip;]<\/p>\n","protected":false},"author":1,"featured_media":4558,"comment_status":"open","ping_status":"open","sticky":false,"template":"","format":"standard","meta":{"footnotes":"","jetpack_publicize_message":"","jetpack_publicize_feature_enabled":true,"jetpack_social_post_already_shared":true,"jetpack_social_options":{"image_generator_settings":{"template":"highway","default_image_id":0,"font":"","enabled":false},"version":2}},"categories":[66,1,35,40],"tags":[],"class_list":["post-4557","post","type-post","status-publish","format-standard","has-post-thumbnail","hentry","category-cidades","category-https-gazetapernambucana-com-page_id225","category-https-gazetapernambucana-com-page_id218","category-https-gazetapernambucana-com-page_id224"],"yoast_head":"<!-- This site is optimized with the Yoast SEO plugin v24.5 - https:\/\/yoast.com\/wordpress\/plugins\/seo\/ -->\n<title>Pernambuco Meu Pa\u00eds leva shows, cinema e espet\u00e1culos gratuitos para Bu\u00edque -<\/title>\n<meta name=\"robots\" content=\"index, follow, max-snippet:-1, max-image-preview:large, max-video-preview:-1\" \/>\n<link rel=\"canonical\" href=\"https:\/\/gazetapernambucana.com\/?p=4557\" \/>\n<meta property=\"og:locale\" content=\"pt_BR\" \/>\n<meta property=\"og:type\" content=\"article\" \/>\n<meta property=\"og:title\" content=\"Pernambuco Meu Pa\u00eds leva shows, cinema e espet\u00e1culos gratuitos para Bu\u00edque -\" \/>\n<meta property=\"og:description\" content=\"Festival Pernambuco Meu Pa\u00eds chega a Bu\u00edque, no Agreste do estado, nesta quarta-feira (19) e segue com programa\u00e7\u00e3o cultural at\u00e9 o domingo (22) Depois de percorrer diferentes regi\u00f5es de Pernambuco, a 3\u00aa edi\u00e7\u00e3o do Festival Pernambuco Meu Pa\u00eds segue no Agreste pernambucano, com programa\u00e7\u00e3o em Bu\u00edque, entre esta quarta-feira (19) e domingo (23). As atra\u00e7\u00f5es [&hellip;]\" \/>\n<meta property=\"og:url\" content=\"https:\/\/gazetapernambucana.com\/?p=4557\" \/>\n<meta property=\"article:published_time\" content=\"2026-08-21T01:25:42+00:00\" \/>\n<meta property=\"og:image\" content=\"https:\/\/gazetapernambucana.com\/wp-content\/uploads\/2026\/08\/seu_jorge-941144.jpeg\" \/>\n\t<meta property=\"og:image:width\" content=\"759\" \/>\n\t<meta property=\"og:image:height\" content=\"506\" \/>\n\t<meta property=\"og:image:type\" content=\"image\/jpeg\" \/>\n<meta name=\"author\" content=\"GP\" \/>\n<meta name=\"twitter:card\" content=\"summary_large_image\" \/>\n<meta name=\"twitter:label1\" content=\"Escrito por\" \/>\n\t<meta name=\"twitter:data1\" content=\"GP\" \/>\n\t<meta name=\"twitter:label2\" content=\"Est. tempo de leitura\" \/>\n\t<meta name=\"twitter:data2\" content=\"7 minutos\" \/>\n<script type=\"application\/ld+json\" class=\"yoast-schema-graph\">{\"@context\":\"https:\/\/schema.org\",\"@graph\":[{\"@type\":\"WebPage\",\"@id\":\"https:\/\/gazetapernambucana.com\/?p=4557\",\"url\":\"https:\/\/gazetapernambucana.com\/?p=4557\",\"name\":\"Pernambuco Meu Pa\u00eds leva shows, cinema e espet\u00e1culos gratuitos para Bu\u00edque -\",\"isPartOf\":{\"@id\":\"https:\/\/gazetapernambucana.com\/#website\"},\"primaryImageOfPage\":{\"@id\":\"https:\/\/gazetapernambucana.com\/?p=4557#primaryimage\"},\"image\":{\"@id\":\"https:\/\/gazetapernambucana.com\/?p=4557#primaryimage\"},\"thumbnailUrl\":\"https:\/\/gazetapernambucana.com\/wp-content\/uploads\/2026\/08\/seu_jorge-941144.jpeg\",\"datePublished\":\"2026-08-21T01:25:42+00:00\",\"author\":{\"@id\":\"https:\/\/gazetapernambucana.com\/#\/schema\/person\/188dc283325181ac2de4db1e9e987427\"},\"breadcrumb\":{\"@id\":\"https:\/\/gazetapernambucana.com\/?p=4557#breadcrumb\"},\"inLanguage\":\"pt-BR\",\"potentialAction\":[{\"@type\":\"ReadAction\",\"target\":[\"https:\/\/gazetapernambucana.com\/?p=4557\"]}]},{\"@type\":\"ImageObject\",\"inLanguage\":\"pt-BR\",\"@id\":\"https:\/\/gazetapernambucana.com\/?p=4557#primaryimage\",\"url\":\"https:\/\/gazetapernambucana.com\/wp-content\/uploads\/2026\/08\/seu_jorge-941144.jpeg\",\"contentUrl\":\"https:\/\/gazetapernambucana.com\/wp-content\/uploads\/2026\/08\/seu_jorge-941144.jpeg\",\"width\":759,\"height\":506},{\"@type\":\"BreadcrumbList\",\"@id\":\"https:\/\/gazetapernambucana.com\/?p=4557#breadcrumb\",\"itemListElement\":[{\"@type\":\"ListItem\",\"position\":1,\"name\":\"In\u00edcio\",\"item\":\"https:\/\/gazetapernambucana.com\/\"},{\"@type\":\"ListItem\",\"position\":2,\"name\":\"Pernambuco Meu Pa\u00eds leva shows, cinema e espet\u00e1culos gratuitos para Bu\u00edque\"}]},{\"@type\":\"WebSite\",\"@id\":\"https:\/\/gazetapernambucana.com\/#website\",\"url\":\"https:\/\/gazetapernambucana.com\/\",\"name\":\"\",\"description\":\"\",\"potentialAction\":[{\"@type\":\"SearchAction\",\"target\":{\"@type\":\"EntryPoint\",\"urlTemplate\":\"https:\/\/gazetapernambucana.com\/?s={search_term_string}\"},\"query-input\":{\"@type\":\"PropertyValueSpecification\",\"valueRequired\":true,\"valueName\":\"search_term_string\"}}],\"inLanguage\":\"pt-BR\"},{\"@type\":\"Person\",\"@id\":\"https:\/\/gazetapernambucana.com\/#\/schema\/person\/188dc283325181ac2de4db1e9e987427\",\"name\":\"GP\",\"image\":{\"@type\":\"ImageObject\",\"inLanguage\":\"pt-BR\",\"@id\":\"https:\/\/gazetapernambucana.com\/#\/schema\/person\/image\/\",\"url\":\"https:\/\/secure.gravatar.com\/avatar\/9dad78ff9a2d8b5742d11779f8a3f53b052320c550b2e1907882353c067bb111?s=96&d=mm&r=g\",\"contentUrl\":\"https:\/\/secure.gravatar.com\/avatar\/9dad78ff9a2d8b5742d11779f8a3f53b052320c550b2e1907882353c067bb111?s=96&d=mm&r=g\",\"caption\":\"GP\"},\"sameAs\":[\"http:\/\/gazetapernambucana.com\"],\"url\":\"https:\/\/gazetapernambucana.com\/?author=1\"}]}<\/script>\n<!-- \/ Yoast SEO plugin. -->","yoast_head_json":{"title":"Pernambuco Meu Pa\u00eds leva shows, cinema e espet\u00e1culos gratuitos para Bu\u00edque -","robots":{"index":"index","follow":"follow","max-snippet":"max-snippet:-1","max-image-preview":"max-image-preview:large","max-video-preview":"max-video-preview:-1"},"canonical":"https:\/\/gazetapernambucana.com\/?p=4557","og_locale":"pt_BR","og_type":"article","og_title":"Pernambuco Meu Pa\u00eds leva shows, cinema e espet\u00e1culos gratuitos para Bu\u00edque -","og_description":"Festival Pernambuco Meu Pa\u00eds chega a Bu\u00edque, no Agreste do estado, nesta quarta-feira (19) e segue com programa\u00e7\u00e3o cultural at\u00e9 o domingo (22) Depois de percorrer diferentes regi\u00f5es de Pernambuco, a 3\u00aa edi\u00e7\u00e3o do Festival Pernambuco Meu Pa\u00eds segue no Agreste pernambucano, com programa\u00e7\u00e3o em Bu\u00edque, entre esta quarta-feira (19) e domingo (23). As atra\u00e7\u00f5es [&hellip;]","og_url":"https:\/\/gazetapernambucana.com\/?p=4557","article_published_time":"2026-08-21T01:25:42+00:00","og_image":[{"width":759,"height":506,"url":"https:\/\/gazetapernambucana.com\/wp-content\/uploads\/2026\/08\/seu_jorge-941144.jpeg","type":"image\/jpeg"}],"author":"GP","twitter_card":"summary_large_image","twitter_misc":{"Escrito por":"GP","Est. tempo de leitura":"7 minutos"},"schema":{"@context":"https:\/\/schema.org","@graph":[{"@type":"WebPage","@id":"https:\/\/gazetapernambucana.com\/?p=4557","url":"https:\/\/gazetapernambucana.com\/?p=4557","name":"Pernambuco Meu Pa\u00eds leva shows, cinema e espet\u00e1culos gratuitos para Bu\u00edque -","isPartOf":{"@id":"https:\/\/gazetapernambucana.com\/#website"},"primaryImageOfPage":{"@id":"https:\/\/gazetapernambucana.com\/?p=4557#primaryimage"},"image":{"@id":"https:\/\/gazetapernambucana.com\/?p=4557#primaryimage"},"thumbnailUrl":"https:\/\/gazetapernambucana.com\/wp-content\/uploads\/2026\/08\/seu_jorge-941144.jpeg","datePublished":"2026-08-21T01:25:42+00:00","author":{"@id":"https:\/\/gazetapernambucana.com\/#\/schema\/person\/188dc283325181ac2de4db1e9e987427"},"breadcrumb":{"@id":"https:\/\/gazetapernambucana.com\/?p=4557#breadcrumb"},"inLanguage":"pt-BR","potentialAction":[{"@type":"ReadAction","target":["https:\/\/gazetapernambucana.com\/?p=4557"]}]},{"@type":"ImageObject","inLanguage":"pt-BR","@id":"https:\/\/gazetapernambucana.com\/?p=4557#primaryimage","url":"https:\/\/gazetapernambucana.com\/wp-content\/uploads\/2026\/08\/seu_jorge-941144.jpeg","contentUrl":"https:\/\/gazetapernambucana.com\/wp-content\/uploads\/2026\/08\/seu_jorge-941144.jpeg","width":759,"height":506},{"@type":"BreadcrumbList","@id":"https:\/\/gazetapernambucana.com\/?p=4557#breadcrumb","itemListElement":[{"@type":"ListItem","position":1,"name":"In\u00edcio","item":"https:\/\/gazetapernambucana.com\/"},{"@type":"ListItem","position":2,"name":"Pernambuco Meu Pa\u00eds leva shows, cinema e espet\u00e1culos gratuitos para Bu\u00edque"}]},{"@type":"WebSite","@id":"https:\/\/gazetapernambucana.com\/#website","url":"https:\/\/gazetapernambucana.com\/","name":"","description":"","potentialAction":[{"@type":"SearchAction","target":{"@type":"EntryPoint","urlTemplate":"https:\/\/gazetapernambucana.com\/?s={search_term_string}"},"query-input":{"@type":"PropertyValueSpecification","valueRequired":true,"valueName":"search_term_string"}}],"inLanguage":"pt-BR"},{"@type":"Person","@id":"https:\/\/gazetapernambucana.com\/#\/schema\/person\/188dc283325181ac2de4db1e9e987427","name":"GP","image":{"@type":"ImageObject","inLanguage":"pt-BR","@id":"https:\/\/gazetapernambucana.com\/#\/schema\/person\/image\/","url":"https:\/\/secure.gravatar.com\/avatar\/9dad78ff9a2d8b5742d11779f8a3f53b052320c550b2e1907882353c067bb111?s=96&d=mm&r=g","contentUrl":"https:\/\/secure.gravatar.com\/avatar\/9dad78ff9a2d8b5742d11779f8a3f53b052320c550b2e1907882353c067bb111?s=96&d=mm&r=g","caption":"GP"},"sameAs":["http:\/\/gazetapernambucana.com"],"url":"https:\/\/gazetapernambucana.com\/?author=1"}]}},"jetpack_publicize_connections":[],"_links":{"self":[{"href":"https:\/\/gazetapernambucana.com\/index.php?rest_route=\/wp\/v2\/posts\/4557","targetHints":{"allow":["GET"]}}],"collection":[{"href":"https:\/\/gazetapernambucana.com\/index.php?rest_route=\/wp\/v2\/posts"}],"about":[{"href":"https:\/\/gazetapernambucana.com\/index.php?rest_route=\/wp\/v2\/types\/post"}],"author":[{"embeddable":true,"href":"https:\/\/gazetapernambucana.com\/index.php?rest_route=\/wp\/v2\/users\/1"}],"replies":[{"embeddable":true,"href":"https:\/\/gazetapernambucana.com\/index.php?rest_route=%2Fwp%2Fv2%2Fcomments&post=4557"}],"version-history":[{"count":1,"href":"https:\/\/gazetapernambucana.com\/index.php?rest_route=\/wp\/v2\/posts\/4557\/revisions"}],"predecessor-version":[{"id":4559,"href":"https:\/\/gazetapernambucana.com\/index.php?rest_route=\/wp\/v2\/posts\/4557\/revisions\/4559"}],"wp:featuredmedia":[{"embeddable":true,"href":"https:\/\/gazetapernambucana.com\/index.php?rest_route=\/wp\/v2\/media\/4558"}],"wp:attachment":[{"href":"https:\/\/gazetapernambucana.com\/index.php?rest_route=%2Fwp%2Fv2%2Fmedia&parent=4557"}],"wp:term":[{"taxonomy":"category","embeddable":true,"href":"https:\/\/gazetapernambucana.com\/index.php?rest_route=%2Fwp%2Fv2%2Fcategories&post=4557"},{"taxonomy":"post_tag","embeddable":true,"href":"https:\/\/gazetapernambucana.com\/index.php?rest_route=%2Fwp%2Fv2%2Ftags&post=4557"}],"curies":[{"name":"wp","href":"https:\/\/api.w.org\/{rel}","templated":true}]}}