{"id":4551,"date":"2026-08-20T22:17:00","date_gmt":"2026-08-21T01:17:00","guid":{"rendered":"https:\/\/gazetapernambucana.com\/?p=4551"},"modified":"2026-08-20T22:17:00","modified_gmt":"2026-08-21T01:17:00","slug":"ciclista-denuncia-ter-sido-agredido-por-seguranca-no-parque-da-jaqueira-na-zona-norte-do-recife","status":"publish","type":"post","link":"https:\/\/gazetapernambucana.com\/?p=4551","title":{"rendered":"Ciclista denuncia ter sido agredido por seguran\u00e7a no Parque da Jaqueira, na Zona Norte do Recife"},"content":{"rendered":"<div class=\"cabecalhoNot mt-3\">\n<p class=\"descricaoNot font-normal text-[14px] md:text-[14px] tracking-[-3%] my-5\">Parque da Jaqueira, Zona Norte do Recife (Peu Ricardo\/Arquivo DP)<\/p>\n<\/div>\n<div class=\"corpoNot w-full py-5 text-[16px] font-normal leading-normal tracking-normal text-black\">\n<p class=\"texto\"><strong>Do Diario de Pernambuco<\/strong> &#8211; O administrador de empresas Eliel Santos denuncia ter sido agredido por um seguran\u00e7a do <strong>Parque da Jaqueira<\/strong>, localizado na Zona Norte do Recife e administrado pela empresa Viva Parques, na manh\u00e3 desta quinta-feira (20). Ciclista, ele conta que pedalava na ciclofaixa do parque quando um seguran\u00e7a se colocou em sua frente, derrubando-o da bicicleta e deslocando seu bra\u00e7o.<\/p>\n<p class=\"texto\">Ao\u00a0<strong>Diario de Pernambuco<\/strong>, Eliel contou que procurou uma unidade de sa\u00fade, onde constatou que teve o bra\u00e7o deslocado. Ele tamb\u00e9m registrou um boletim de ocorr\u00eancia na Delegacia de Pol\u00edcia do Espinheiro, onde foi aconselhado a seguir para o Instituto de Medicina Legal (IML).<\/p>\n<p class=\"texto\">\u201cEu estava fazendo meus treinos de bicicleta, como fa\u00e7o vez por outra. O seguran\u00e7a disse que a ciclofaixa era uma pista de caminhada e eu disse que n\u00e3o era. Ele reclamou da velocidade e perguntei qual a velocidade adequada, mas ele n\u00e3o soube dizer\u201d, afirma Eliel.<\/p>\n<p class=\"texto\">Segundo o ciclista, a agress\u00e3o aconteceu depois que ele deu uma volta na pista. \u201cEle se colocou na frente da bicicleta e puxou meu bra\u00e7o para que eu parasse. Ele me segurou pelo bra\u00e7o e eu ca\u00ed\u201d, conta.<\/p>\n<p class=\"texto\">Ap\u00f3s sentir fortes dores no bra\u00e7o, Eliel acionou sua companheira, a advogada Elisa Lucena, que se dirigiu ao local. \u201cA l\u00edder da administra\u00e7\u00e3o chegou, nos tratando como se fossemos criminosos. Se recusaram a informar o nome do seguran\u00e7a que o agrediu. Vamos pedir as imagens das c\u00e2meras\u201d, afirma Elisa.<\/p>\n<p class=\"texto\">De l\u00e1, o casal seguiu para o Hospital Santa Joana, na \u00e1rea central do Recife, onde Eliel foi atendido. \u201cMe identifico como pessoa negra. Com a consci\u00eancia e a viv\u00eancia que eu tenho, a gente sabe que o tratamento \u00e9 diferente, no geral, mas n\u00e3o teve uma fala direcionada\u00a0\u00e0 ra\u00e7a que eu possa usar na den\u00fancia. Se fosse uma pessoa com outra cor de pele, essa situa\u00e7\u00e3o provavelmente nem teria acontecido\u201d, conclui.<\/p>\n<p class=\"texto\"><strong>Restri\u00e7\u00e3o<\/strong><\/p>\n<p class=\"texto\">Em julho deste ano, a Viva Parques restringiu a circula\u00e7\u00e3o de bicicletas no Parque da Jaqueira. De acordo com a Associa\u00e7\u00e3o Metropolitana de Ciclistas do Recife (Ameciclo), a medida foi adotada em meados de junho, depois que um patinete el\u00e9trico atropelou uma corredora na pista de caminhada do equipamento p\u00fablico, administrado pela empresa h\u00e1 pouco mais de um ano.<\/p>\n<p class=\"texto\">Ap\u00f3s receber a informa\u00e7\u00e3o da restri\u00e7\u00e3o, a reportagem do Diario tentou acessar o parque com uma bicicleta alugada e atestou a exist\u00eancia da restri\u00e7\u00e3o. A seguran\u00e7a privada que atua no local tem interceptado ciclistas ainda na entrada principal, orientando o p\u00fablico a circular pelo parque empurrando as bicicletas. Pedalar s\u00f3 \u00e9 permitido na \u00e1rea espec\u00edfica para bicicletas, em uma pequena pista paralela a um trecho da pista de caminhada.<\/p>\n<p class=\"texto\">Na ocasi\u00e3o, a Viva Parques negou, por meio de nota, que exista \u201cqualquer restri\u00e7\u00e3o \u00e0 circula\u00e7\u00e3o de bicicletas convencionais no Parque da Jaqueira ou nos demais parques sob sua administra\u00e7\u00e3o\u201d. Segundo a empresa, a restri\u00e7\u00e3o se aplica \u201cexclusivamente ao uso pilotado de bicicletas el\u00e9tricas, patinetes el\u00e9tricos e outros equipamentos motorizados, por raz\u00f5es de seguran\u00e7a, dado que o parque recebe mais de 200 mil pessoas por m\u00eas e re\u00fane pedestres, corredores, crian\u00e7as e ciclistas em um mesmo espa\u00e7o\u201d.<\/p>\n<p class=\"texto\"><strong>Posicionamento<\/strong><\/p>\n<p class=\"texto\">Por meio de nota, a Viva Parques negou que o ciclista tenha sido agredido pela seguran\u00e7a privada do parque. Confira o posicionamento na \u00edntegra:<\/p>\n<p class=\"texto\"><em>&#8220;A Viva Parques Recife ZN S\/A esclarece que, na manh\u00e3 desta quinta-feira (20), durante o uso regular do Parque da Jaqueira, ocorreu uma abordagem a um ciclista que trafegava em alta velocidade pela pista destinada \u00e0s bicicletas.<\/em><\/p>\n<p class=\"texto\"><em>Naquele momento, o parque registrava fluxo habitual de usu\u00e1rios, incluindo crian\u00e7as e idosos, e o fato ocorreu justamente em um trecho da ciclovia que \u00e9 atravessado por pedestres para acesso \u00e0 sa\u00edda da Rua Deputado Pedro Pires Ferreira.<\/em><\/p>\n<p class=\"texto\"><em>As imagens do sistema de videomonitoramento registram integralmente a ocorr\u00eancia. Em um primeiro momento, o ciclista foi abordado e orientado pela equipe do parque a reduzir a velocidade, diante do risco aos demais frequentadores. Ap\u00f3s a orienta\u00e7\u00e3o, contudo, voltou a percorrer o trecho em alta velocidade, aproximando-se de usu\u00e1rios que atravessavam a pista, o que motivou nova interven\u00e7\u00e3o do seguran\u00e7a.<\/em><\/p>\n<p class=\"texto\"><em>As imagens mostram claramente que, durante essa segunda abordagem, o seguran\u00e7a cont\u00e9m a passagem da bicicleta, que reduz a velocidade at\u00e9 parar. Imediatamente ap\u00f3s o ocorrido, o seguran\u00e7a conversa com policiais militares que estavam no local relatando o ocorrido, enquanto outros usu\u00e1rios do parque se queixavam da velocidade que ele estava transitando, inclusive com um pai e uma crian\u00e7a pequena em um veloc\u00edpede a apenas poucos metros da interven\u00e7\u00e3o.<\/em><\/p>\n<p class=\"texto\"><em>A Viva Parques Recife refor\u00e7a que n\u00e3o existe proibi\u00e7\u00e3o ao uso de bicicletas no Parque da Jaqueira. Ao contr\u00e1rio, o parque disp\u00f5e de espa\u00e7o destinado a essa pr\u00e1tica, utilizado normalmente por ciclistas de diferentes idades. O que se exige \u00e9 que esse uso ocorra com prud\u00eancia e respeito \u00e0 seguran\u00e7a dos demais frequentadores.<\/em><\/p>\n<p class=\"texto\"><em>A seguran\u00e7a e o bem-estar de todos os usu\u00e1rios orientam a atua\u00e7\u00e3o das equipes dos parques. Todas as imagens do epis\u00f3dio foram gravadas e ser\u00e3o integralmente preservadas, a Viva adotar\u00e1 as provid\u00eancias para o registro formal da ocorr\u00eancia e todo o material permanecer\u00e1 \u00e0 disposi\u00e7\u00e3o das autoridades competentes para a apura\u00e7\u00e3o dos fatos&#8221;.<\/em><\/p>\n<\/div>\n","protected":false},"excerpt":{"rendered":"<p>Parque da Jaqueira, Zona Norte do Recife (Peu Ricardo\/Arquivo DP) Do Diario de Pernambuco &#8211; O administrador de empresas Eliel Santos denuncia ter sido agredido por um seguran\u00e7a do Parque da Jaqueira, localizado na Zona Norte do Recife e administrado pela empresa Viva Parques, na manh\u00e3 desta quinta-feira (20). Ciclista, ele conta que pedalava na [&hellip;]<\/p>\n","protected":false},"author":1,"featured_media":4552,"comment_status":"open","ping_status":"open","sticky":false,"template":"","format":"standard","meta":{"footnotes":"","jetpack_publicize_message":"","jetpack_publicize_feature_enabled":true,"jetpack_social_post_already_shared":true,"jetpack_social_options":{"image_generator_settings":{"template":"highway","default_image_id":0,"font":"","enabled":false},"version":2}},"categories":[66,1],"tags":[],"class_list":["post-4551","post","type-post","status-publish","format-standard","has-post-thumbnail","hentry","category-cidades","category-https-gazetapernambucana-com-page_id225"],"yoast_head":"<!-- This site is optimized with the Yoast SEO plugin v24.5 - https:\/\/yoast.com\/wordpress\/plugins\/seo\/ -->\n<title>Ciclista denuncia ter sido agredido por seguran\u00e7a no Parque da Jaqueira, na Zona Norte do Recife -<\/title>\n<meta name=\"robots\" content=\"index, follow, max-snippet:-1, max-image-preview:large, max-video-preview:-1\" \/>\n<link rel=\"canonical\" href=\"https:\/\/gazetapernambucana.com\/?p=4551\" \/>\n<meta property=\"og:locale\" content=\"pt_BR\" \/>\n<meta property=\"og:type\" content=\"article\" \/>\n<meta property=\"og:title\" content=\"Ciclista denuncia ter sido agredido por seguran\u00e7a no Parque da Jaqueira, na Zona Norte do Recife -\" \/>\n<meta property=\"og:description\" content=\"Parque da Jaqueira, Zona Norte do Recife (Peu Ricardo\/Arquivo DP) Do Diario de Pernambuco &#8211; O administrador de empresas Eliel Santos denuncia ter sido agredido por um seguran\u00e7a do Parque da Jaqueira, localizado na Zona Norte do Recife e administrado pela empresa Viva Parques, na manh\u00e3 desta quinta-feira (20). Ciclista, ele conta que pedalava na [&hellip;]\" \/>\n<meta property=\"og:url\" content=\"https:\/\/gazetapernambucana.com\/?p=4551\" \/>\n<meta property=\"article:published_time\" content=\"2026-08-21T01:17:00+00:00\" \/>\n<meta property=\"og:image\" content=\"https:\/\/gazetapernambucana.com\/wp-content\/uploads\/2026\/08\/design_sem_nome__32_-791849.jpg\" \/>\n\t<meta property=\"og:image:width\" content=\"960\" \/>\n\t<meta property=\"og:image:height\" content=\"640\" \/>\n\t<meta property=\"og:image:type\" content=\"image\/jpeg\" \/>\n<meta name=\"author\" content=\"GP\" \/>\n<meta name=\"twitter:card\" content=\"summary_large_image\" \/>\n<meta name=\"twitter:label1\" content=\"Escrito por\" \/>\n\t<meta name=\"twitter:data1\" content=\"GP\" \/>\n\t<meta name=\"twitter:label2\" content=\"Est. tempo de leitura\" \/>\n\t<meta name=\"twitter:data2\" content=\"5 minutos\" \/>\n<script type=\"application\/ld+json\" class=\"yoast-schema-graph\">{\"@context\":\"https:\/\/schema.org\",\"@graph\":[{\"@type\":\"WebPage\",\"@id\":\"https:\/\/gazetapernambucana.com\/?p=4551\",\"url\":\"https:\/\/gazetapernambucana.com\/?p=4551\",\"name\":\"Ciclista denuncia ter sido agredido por seguran\u00e7a no Parque da Jaqueira, na Zona Norte do Recife -\",\"isPartOf\":{\"@id\":\"https:\/\/gazetapernambucana.com\/#website\"},\"primaryImageOfPage\":{\"@id\":\"https:\/\/gazetapernambucana.com\/?p=4551#primaryimage\"},\"image\":{\"@id\":\"https:\/\/gazetapernambucana.com\/?p=4551#primaryimage\"},\"thumbnailUrl\":\"https:\/\/gazetapernambucana.com\/wp-content\/uploads\/2026\/08\/design_sem_nome__32_-791849.jpg\",\"datePublished\":\"2026-08-21T01:17:00+00:00\",\"author\":{\"@id\":\"https:\/\/gazetapernambucana.com\/#\/schema\/person\/188dc283325181ac2de4db1e9e987427\"},\"breadcrumb\":{\"@id\":\"https:\/\/gazetapernambucana.com\/?p=4551#breadcrumb\"},\"inLanguage\":\"pt-BR\",\"potentialAction\":[{\"@type\":\"ReadAction\",\"target\":[\"https:\/\/gazetapernambucana.com\/?p=4551\"]}]},{\"@type\":\"ImageObject\",\"inLanguage\":\"pt-BR\",\"@id\":\"https:\/\/gazetapernambucana.com\/?p=4551#primaryimage\",\"url\":\"https:\/\/gazetapernambucana.com\/wp-content\/uploads\/2026\/08\/design_sem_nome__32_-791849.jpg\",\"contentUrl\":\"https:\/\/gazetapernambucana.com\/wp-content\/uploads\/2026\/08\/design_sem_nome__32_-791849.jpg\",\"width\":960,\"height\":640},{\"@type\":\"BreadcrumbList\",\"@id\":\"https:\/\/gazetapernambucana.com\/?p=4551#breadcrumb\",\"itemListElement\":[{\"@type\":\"ListItem\",\"position\":1,\"name\":\"In\u00edcio\",\"item\":\"https:\/\/gazetapernambucana.com\/\"},{\"@type\":\"ListItem\",\"position\":2,\"name\":\"Ciclista denuncia ter sido agredido por seguran\u00e7a no Parque da Jaqueira, na Zona Norte do Recife\"}]},{\"@type\":\"WebSite\",\"@id\":\"https:\/\/gazetapernambucana.com\/#website\",\"url\":\"https:\/\/gazetapernambucana.com\/\",\"name\":\"\",\"description\":\"\",\"potentialAction\":[{\"@type\":\"SearchAction\",\"target\":{\"@type\":\"EntryPoint\",\"urlTemplate\":\"https:\/\/gazetapernambucana.com\/?s={search_term_string}\"},\"query-input\":{\"@type\":\"PropertyValueSpecification\",\"valueRequired\":true,\"valueName\":\"search_term_string\"}}],\"inLanguage\":\"pt-BR\"},{\"@type\":\"Person\",\"@id\":\"https:\/\/gazetapernambucana.com\/#\/schema\/person\/188dc283325181ac2de4db1e9e987427\",\"name\":\"GP\",\"image\":{\"@type\":\"ImageObject\",\"inLanguage\":\"pt-BR\",\"@id\":\"https:\/\/gazetapernambucana.com\/#\/schema\/person\/image\/\",\"url\":\"https:\/\/secure.gravatar.com\/avatar\/9dad78ff9a2d8b5742d11779f8a3f53b052320c550b2e1907882353c067bb111?s=96&d=mm&r=g\",\"contentUrl\":\"https:\/\/secure.gravatar.com\/avatar\/9dad78ff9a2d8b5742d11779f8a3f53b052320c550b2e1907882353c067bb111?s=96&d=mm&r=g\",\"caption\":\"GP\"},\"sameAs\":[\"http:\/\/gazetapernambucana.com\"],\"url\":\"https:\/\/gazetapernambucana.com\/?author=1\"}]}<\/script>\n<!-- \/ Yoast SEO plugin. -->","yoast_head_json":{"title":"Ciclista denuncia ter sido agredido por seguran\u00e7a no Parque da Jaqueira, na Zona Norte do Recife -","robots":{"index":"index","follow":"follow","max-snippet":"max-snippet:-1","max-image-preview":"max-image-preview:large","max-video-preview":"max-video-preview:-1"},"canonical":"https:\/\/gazetapernambucana.com\/?p=4551","og_locale":"pt_BR","og_type":"article","og_title":"Ciclista denuncia ter sido agredido por seguran\u00e7a no Parque da Jaqueira, na Zona Norte do Recife -","og_description":"Parque da Jaqueira, Zona Norte do Recife (Peu Ricardo\/Arquivo DP) Do Diario de Pernambuco &#8211; O administrador de empresas Eliel Santos denuncia ter sido agredido por um seguran\u00e7a do Parque da Jaqueira, localizado na Zona Norte do Recife e administrado pela empresa Viva Parques, na manh\u00e3 desta quinta-feira (20). Ciclista, ele conta que pedalava na [&hellip;]","og_url":"https:\/\/gazetapernambucana.com\/?p=4551","article_published_time":"2026-08-21T01:17:00+00:00","og_image":[{"width":960,"height":640,"url":"https:\/\/gazetapernambucana.com\/wp-content\/uploads\/2026\/08\/design_sem_nome__32_-791849.jpg","type":"image\/jpeg"}],"author":"GP","twitter_card":"summary_large_image","twitter_misc":{"Escrito por":"GP","Est. tempo de leitura":"5 minutos"},"schema":{"@context":"https:\/\/schema.org","@graph":[{"@type":"WebPage","@id":"https:\/\/gazetapernambucana.com\/?p=4551","url":"https:\/\/gazetapernambucana.com\/?p=4551","name":"Ciclista denuncia ter sido agredido por seguran\u00e7a no Parque da Jaqueira, na Zona Norte do Recife -","isPartOf":{"@id":"https:\/\/gazetapernambucana.com\/#website"},"primaryImageOfPage":{"@id":"https:\/\/gazetapernambucana.com\/?p=4551#primaryimage"},"image":{"@id":"https:\/\/gazetapernambucana.com\/?p=4551#primaryimage"},"thumbnailUrl":"https:\/\/gazetapernambucana.com\/wp-content\/uploads\/2026\/08\/design_sem_nome__32_-791849.jpg","datePublished":"2026-08-21T01:17:00+00:00","author":{"@id":"https:\/\/gazetapernambucana.com\/#\/schema\/person\/188dc283325181ac2de4db1e9e987427"},"breadcrumb":{"@id":"https:\/\/gazetapernambucana.com\/?p=4551#breadcrumb"},"inLanguage":"pt-BR","potentialAction":[{"@type":"ReadAction","target":["https:\/\/gazetapernambucana.com\/?p=4551"]}]},{"@type":"ImageObject","inLanguage":"pt-BR","@id":"https:\/\/gazetapernambucana.com\/?p=4551#primaryimage","url":"https:\/\/gazetapernambucana.com\/wp-content\/uploads\/2026\/08\/design_sem_nome__32_-791849.jpg","contentUrl":"https:\/\/gazetapernambucana.com\/wp-content\/uploads\/2026\/08\/design_sem_nome__32_-791849.jpg","width":960,"height":640},{"@type":"BreadcrumbList","@id":"https:\/\/gazetapernambucana.com\/?p=4551#breadcrumb","itemListElement":[{"@type":"ListItem","position":1,"name":"In\u00edcio","item":"https:\/\/gazetapernambucana.com\/"},{"@type":"ListItem","position":2,"name":"Ciclista denuncia ter sido agredido por seguran\u00e7a no Parque da Jaqueira, na Zona Norte do Recife"}]},{"@type":"WebSite","@id":"https:\/\/gazetapernambucana.com\/#website","url":"https:\/\/gazetapernambucana.com\/","name":"","description":"","potentialAction":[{"@type":"SearchAction","target":{"@type":"EntryPoint","urlTemplate":"https:\/\/gazetapernambucana.com\/?s={search_term_string}"},"query-input":{"@type":"PropertyValueSpecification","valueRequired":true,"valueName":"search_term_string"}}],"inLanguage":"pt-BR"},{"@type":"Person","@id":"https:\/\/gazetapernambucana.com\/#\/schema\/person\/188dc283325181ac2de4db1e9e987427","name":"GP","image":{"@type":"ImageObject","inLanguage":"pt-BR","@id":"https:\/\/gazetapernambucana.com\/#\/schema\/person\/image\/","url":"https:\/\/secure.gravatar.com\/avatar\/9dad78ff9a2d8b5742d11779f8a3f53b052320c550b2e1907882353c067bb111?s=96&d=mm&r=g","contentUrl":"https:\/\/secure.gravatar.com\/avatar\/9dad78ff9a2d8b5742d11779f8a3f53b052320c550b2e1907882353c067bb111?s=96&d=mm&r=g","caption":"GP"},"sameAs":["http:\/\/gazetapernambucana.com"],"url":"https:\/\/gazetapernambucana.com\/?author=1"}]}},"jetpack_publicize_connections":[],"_links":{"self":[{"href":"https:\/\/gazetapernambucana.com\/index.php?rest_route=\/wp\/v2\/posts\/4551","targetHints":{"allow":["GET"]}}],"collection":[{"href":"https:\/\/gazetapernambucana.com\/index.php?rest_route=\/wp\/v2\/posts"}],"about":[{"href":"https:\/\/gazetapernambucana.com\/index.php?rest_route=\/wp\/v2\/types\/post"}],"author":[{"embeddable":true,"href":"https:\/\/gazetapernambucana.com\/index.php?rest_route=\/wp\/v2\/users\/1"}],"replies":[{"embeddable":true,"href":"https:\/\/gazetapernambucana.com\/index.php?rest_route=%2Fwp%2Fv2%2Fcomments&post=4551"}],"version-history":[{"count":1,"href":"https:\/\/gazetapernambucana.com\/index.php?rest_route=\/wp\/v2\/posts\/4551\/revisions"}],"predecessor-version":[{"id":4553,"href":"https:\/\/gazetapernambucana.com\/index.php?rest_route=\/wp\/v2\/posts\/4551\/revisions\/4553"}],"wp:featuredmedia":[{"embeddable":true,"href":"https:\/\/gazetapernambucana.com\/index.php?rest_route=\/wp\/v2\/media\/4552"}],"wp:attachment":[{"href":"https:\/\/gazetapernambucana.com\/index.php?rest_route=%2Fwp%2Fv2%2Fmedia&parent=4551"}],"wp:term":[{"taxonomy":"category","embeddable":true,"href":"https:\/\/gazetapernambucana.com\/index.php?rest_route=%2Fwp%2Fv2%2Fcategories&post=4551"},{"taxonomy":"post_tag","embeddable":true,"href":"https:\/\/gazetapernambucana.com\/index.php?rest_route=%2Fwp%2Fv2%2Ftags&post=4551"}],"curies":[{"name":"wp","href":"https:\/\/api.w.org\/{rel}","templated":true}]}}