{"id":4547,"date":"2026-08-20T22:04:01","date_gmt":"2026-08-21T01:04:01","guid":{"rendered":"https:\/\/gazetapernambucana.com\/?p=4547"},"modified":"2026-08-20T22:04:01","modified_gmt":"2026-08-21T01:04:01","slug":"lider-do-governo-na-alepe-diz-que-pedido-de-impeachment-e-manobra-eleitoreira-do-psb","status":"publish","type":"post","link":"https:\/\/gazetapernambucana.com\/?p=4547","title":{"rendered":"L\u00edder do governo na Alepe diz que pedido de impeachment \u00e9 \u201cmanobra eleitoreira\u201d do PSB"},"content":{"rendered":"<figure class=\"wp-block-image size-large\"><figcaption class=\"wp-element-caption\">Foto: Roberto Soares<\/figcaption><\/figure>\n<p class=\"wp-block-paragraph\">A deputada estadual Socorro Pimentel (PSD), l\u00edder do governo Raquel Lyra na Assembleia Legislativa de Pernambuco (Alepe), manifestou seu mais profundo rep\u00fadio e indigna\u00e7\u00e3o diante da nova investida da bancada do PSB. Nesta quinta-feira, os deputados de oposi\u00e7\u00e3o Sileno Guedes, Rodrigo Farias e Romero Albuquerque \u2013 os mesmos que j\u00e1 haviam tentado sem sucesso emplacar um processo contra a governadora no passado \u2013 protocolaram um pedido de impeachment, desta vez mirando a vice-governadora Priscila Krause.<\/p>\n<p class=\"wp-block-paragraph\">Em nota que pauta o posicionamento oficial da base governista, Socorro Pimentel classificou a a\u00e7\u00e3o como uma \u201c<em>manobra de pura politicagem<\/em>\u201c, orquestrada \u00e0s v\u00e9speras do per\u00edodo eleitoral. O grupo de oposi\u00e7\u00e3o acusa a vice-governadora de suposto favorecimento \u00e0 Casa de Sa\u00fade e Maternidade Nossa Senhora do Perp\u00e9tuo Socorro, localizada em Garanhuns, cujo principal acionista \u00e9 Jorge Branco, esposo de Priscila.<\/p>\n<p class=\"wp-block-paragraph\">Como porta-voz do governo no Legislativo, Pimentel saiu em defesa irrestrita da vice-governadora. \u201c<em>Convivo diariamente com Priscila Krause e conhe\u00e7o de perto a sua trajet\u00f3ria. Trata-se de uma mulher extraordin\u00e1ria, de conduta \u00e9tica irretoc\u00e1vel e hist\u00f3rico limpo. Esse pedido de impeachment \u00e9 completamente infundado, desprovido de qualquer embasamento legal ou t\u00e9cnico que sustente uma medida de tamanha gravidade\u201d<\/em>, declarou a deputada.<\/p>\n<p class=\"wp-block-paragraph\">A l\u00edder do governo fez quest\u00e3o de expor a contradi\u00e7\u00e3o da narrativa oposicionista. A Casa de Sa\u00fade citada no documento presta servi\u00e7os essenciais \u00e0 popula\u00e7\u00e3o do interior h\u00e1 50 anos, sendo refer\u00eancia no tratamento oncol\u00f3gico. O hospital \u00e9 fruto do legado do Dr. Z\u00e9 Tinoco, m\u00e9dico historicamente respeitado no estado. Socorro Pimentel lembrou que a unidade de sa\u00fade operou e recebeu repasses estaduais durante todas as gest\u00f5es anteriores, incluindo os governos de Eduardo Campos e Paulo C\u00e2mara, ambos do PSB.<\/p>\n<p class=\"wp-block-paragraph\"><em>\u201c\u00c9 inadmiss\u00edvel o n\u00edvel de hipocrisia. Durante as gest\u00f5es do PSB, quando a institui\u00e7\u00e3o recebia repasses, o trabalho era considerado id\u00f4neo, vital para a rede de sa\u00fade do Agreste. Agora, pautados por interesses puramente eleitorais, tentam manchar a reputa\u00e7\u00e3o de um hospital com d\u00e9cadas de dedica\u00e7\u00e3o \u00e0 sa\u00fade p\u00fablica de Pernambuco<\/em>\u201c, questionou a deputada.<\/p>\n<p class=\"wp-block-paragraph\">Quanto ao regimento da Alepe, o avan\u00e7o de um pedido de impeachment exige no m\u00ednimo 17 assinaturas para ser protocolado e o acatamento do presidente da Alepe. Caso avance, passaria por an\u00e1lises t\u00e9cnicas e jur\u00eddicas, forma\u00e7\u00e3o de comiss\u00e3o especial e, por fim, necessitaria da aprova\u00e7\u00e3o de dois ter\u00e7os do plen\u00e1rio.<\/p>\n<p class=\"wp-block-paragraph\">Para a l\u00edder governista, no entanto, o pedido j\u00e1 nasce morto. \u201c<em>Tenho a plena convic\u00e7\u00e3o de que essa pe\u00e7a fantasiosa n\u00e3o avan\u00e7ar\u00e1. A pol\u00edtica e o povo de Pernambuco exigem seriedade, trabalho e respeito \u00e0s institui\u00e7\u00f5es, n\u00e3o o desespero de atitudes rasteiras como as que estamos assistindo\u201d<\/em>, concluiu Socorro Pimentel.<\/p>\n<p class=\"wp-block-paragraph\"><strong>Confira a \u00edntegra da nota:<\/strong><\/p>\n<p class=\"wp-block-paragraph\"><em>Como l\u00edder do Governo Raquel Lyra na Assembleia Legislativa de Pernambuco (Alepe), venho a p\u00fablico manifestar meu mais profundo rep\u00fadio e indigna\u00e7\u00e3o diante do infundado pedido de impeachment protocolado por deputados do PSB contra a nossa vice-governadora, Priscila Krause. Assistimos, mais uma vez, a uma tentativa desesperada da oposi\u00e7\u00e3o de criar tumulto onde h\u00e1 trabalho e seriedade, repetindo a mesma t\u00e1tica fracassada que tentaram usar contra a governadora.<\/em><\/p>\n<p class=\"wp-block-paragraph\"><em>Convivo diariamente com Priscila Krause e conhe\u00e7o de perto a sua trajet\u00f3ria. Trata-se de uma mulher extraordin\u00e1ria, de conduta \u00e9tica irretoc\u00e1vel e hist\u00f3rico limpo. Esse pedido de impeachment \u00e9 completamente infundado, desprovido de qualquer embasamento legal ou t\u00e9cnico que sustente uma medida de tamanha gravidade. \u00c9 uma verdadeira afronta n\u00e3o apenas \u00e0 vice-governadora, mas \u00e0 intelig\u00eancia do povo pernambucano, que sabe reconhecer uma manobra de pura politicagem \u00e0s v\u00e9speras de um per\u00edodo eleitoral.<\/em><\/p>\n<p class=\"wp-block-paragraph\"><em>A narrativa fabricada pela oposi\u00e7\u00e3o tenta atingir a Casa de Sa\u00fade e Maternidade Nossa Senhora do Perp\u00e9tuo Socorro, em Garanhuns, uma institui\u00e7\u00e3o que h\u00e1 50 anos presta servi\u00e7os essenciais e salva vidas no interior do estado. \u00c9 inadmiss\u00edvel o n\u00edvel de hipocrisia. Durante as gest\u00f5es do PSB, quando a institui\u00e7\u00e3o recebia repasses, inclusive em valores proporcionais superiores aos de hoje, o trabalho era considerado id\u00f4neo, vital para a rede de sa\u00fade do Agreste. Agora, pautados por interesses puramente eleitorais, tentam manchar a reputa\u00e7\u00e3o de um hospital com d\u00e9cadas de dedica\u00e7\u00e3o \u00e0 sa\u00fade p\u00fablica de Pernambuco.<\/em><\/p>\n<p class=\"wp-block-paragraph\"><em>Atacar uma unidade de sa\u00fade que realiza tratamentos oncol\u00f3gicos para tentar obter dividendos pol\u00edticos demonstra a baixeza que tomou conta de parte da oposi\u00e7\u00e3o. O Governo de Pernambuco j\u00e1 esclareceu os fatos, solicitou a revis\u00e3o do material ao Minist\u00e9rio da Sa\u00fade e tomar\u00e1 todas as medidas legais cab\u00edveis.<\/em><\/p>\n<p class=\"wp-block-paragraph\"><em>Tenho a plena convic\u00e7\u00e3o de que essa pe\u00e7a fantasiosa n\u00e3o avan\u00e7ar\u00e1 nesta Casa. A pol\u00edtica e o povo de Pernambuco exigem seriedade, trabalho e respeito \u00e0s institui\u00e7\u00f5es, n\u00e3o o desespero de atitudes rasteiras como as que estamos assistindo.<\/em><\/p>\n<p class=\"wp-block-paragraph\"><em>O compromisso do nosso governo, sob a lideran\u00e7a firme de Raquel Lyra e Priscila Krause, continua sendo o de reconstruir Pernambuco e cuidar daqueles que mais precisam. N\u00e3o recuaremos um mil\u00edmetro diante de narrativas caluniosas. Seguimos trabalhando, com a verdade e com a transpar\u00eancia que sempre nos guiaram.<\/em><\/p>\n<p class=\"wp-block-paragraph\"><em>Recife, 20 de agosto de 2026<\/em><\/p>\n<p class=\"wp-block-paragraph\"><em><strong>Deputada Estadual Socorro Pimentel<\/strong><\/em><br \/>\n<em>L\u00edder do governo na Assembleia Legislativa de Pernambuco (Alepe)<\/em><\/p>\n","protected":false},"excerpt":{"rendered":"<p>Foto: Roberto Soares A deputada estadual Socorro Pimentel (PSD), l\u00edder do governo Raquel Lyra na Assembleia Legislativa de Pernambuco (Alepe), manifestou seu mais profundo rep\u00fadio e indigna\u00e7\u00e3o diante da nova investida da bancada do PSB. Nesta quinta-feira, os deputados de oposi\u00e7\u00e3o Sileno Guedes, Rodrigo Farias e Romero Albuquerque \u2013 os mesmos que j\u00e1 haviam tentado [&hellip;]<\/p>\n","protected":false},"author":1,"featured_media":4548,"comment_status":"open","ping_status":"open","sticky":false,"template":"","format":"standard","meta":{"footnotes":"","jetpack_publicize_message":"","jetpack_publicize_feature_enabled":true,"jetpack_social_post_already_shared":true,"jetpack_social_options":{"image_generator_settings":{"template":"highway","default_image_id":0,"font":"","enabled":false},"version":2}},"categories":[66,1,65],"tags":[],"class_list":["post-4547","post","type-post","status-publish","format-standard","has-post-thumbnail","hentry","category-cidades","category-https-gazetapernambucana-com-page_id225","category-politica"],"yoast_head":"<!-- This site is optimized with the Yoast SEO plugin v24.5 - https:\/\/yoast.com\/wordpress\/plugins\/seo\/ -->\n<title>L\u00edder do governo na Alepe diz que pedido de impeachment \u00e9 \u201cmanobra eleitoreira\u201d do PSB -<\/title>\n<meta name=\"robots\" content=\"index, follow, max-snippet:-1, max-image-preview:large, max-video-preview:-1\" \/>\n<link rel=\"canonical\" href=\"https:\/\/gazetapernambucana.com\/?p=4547\" \/>\n<meta property=\"og:locale\" content=\"pt_BR\" \/>\n<meta property=\"og:type\" content=\"article\" \/>\n<meta property=\"og:title\" content=\"L\u00edder do governo na Alepe diz que pedido de impeachment \u00e9 \u201cmanobra eleitoreira\u201d do PSB -\" \/>\n<meta property=\"og:description\" content=\"Foto: Roberto Soares A deputada estadual Socorro Pimentel (PSD), l\u00edder do governo Raquel Lyra na Assembleia Legislativa de Pernambuco (Alepe), manifestou seu mais profundo rep\u00fadio e indigna\u00e7\u00e3o diante da nova investida da bancada do PSB. Nesta quinta-feira, os deputados de oposi\u00e7\u00e3o Sileno Guedes, Rodrigo Farias e Romero Albuquerque \u2013 os mesmos que j\u00e1 haviam tentado [&hellip;]\" \/>\n<meta property=\"og:url\" content=\"https:\/\/gazetapernambucana.com\/?p=4547\" \/>\n<meta property=\"article:published_time\" content=\"2026-08-21T01:04:01+00:00\" \/>\n<meta property=\"og:image\" content=\"https:\/\/gazetapernambucana.com\/wp-content\/uploads\/2026\/08\/IMG_1296-1024x683-1.jpeg\" \/>\n\t<meta property=\"og:image:width\" content=\"1024\" \/>\n\t<meta property=\"og:image:height\" content=\"683\" \/>\n\t<meta property=\"og:image:type\" content=\"image\/jpeg\" \/>\n<meta name=\"author\" content=\"GP\" \/>\n<meta name=\"twitter:card\" content=\"summary_large_image\" \/>\n<meta name=\"twitter:label1\" content=\"Escrito por\" \/>\n\t<meta name=\"twitter:data1\" content=\"GP\" \/>\n\t<meta name=\"twitter:label2\" content=\"Est. tempo de leitura\" \/>\n\t<meta name=\"twitter:data2\" content=\"5 minutos\" \/>\n<script type=\"application\/ld+json\" class=\"yoast-schema-graph\">{\"@context\":\"https:\/\/schema.org\",\"@graph\":[{\"@type\":\"WebPage\",\"@id\":\"https:\/\/gazetapernambucana.com\/?p=4547\",\"url\":\"https:\/\/gazetapernambucana.com\/?p=4547\",\"name\":\"L\u00edder do governo na Alepe diz que pedido de impeachment \u00e9 \u201cmanobra eleitoreira\u201d do PSB -\",\"isPartOf\":{\"@id\":\"https:\/\/gazetapernambucana.com\/#website\"},\"primaryImageOfPage\":{\"@id\":\"https:\/\/gazetapernambucana.com\/?p=4547#primaryimage\"},\"image\":{\"@id\":\"https:\/\/gazetapernambucana.com\/?p=4547#primaryimage\"},\"thumbnailUrl\":\"https:\/\/gazetapernambucana.com\/wp-content\/uploads\/2026\/08\/IMG_1296-1024x683-1.jpeg\",\"datePublished\":\"2026-08-21T01:04:01+00:00\",\"author\":{\"@id\":\"https:\/\/gazetapernambucana.com\/#\/schema\/person\/188dc283325181ac2de4db1e9e987427\"},\"breadcrumb\":{\"@id\":\"https:\/\/gazetapernambucana.com\/?p=4547#breadcrumb\"},\"inLanguage\":\"pt-BR\",\"potentialAction\":[{\"@type\":\"ReadAction\",\"target\":[\"https:\/\/gazetapernambucana.com\/?p=4547\"]}]},{\"@type\":\"ImageObject\",\"inLanguage\":\"pt-BR\",\"@id\":\"https:\/\/gazetapernambucana.com\/?p=4547#primaryimage\",\"url\":\"https:\/\/gazetapernambucana.com\/wp-content\/uploads\/2026\/08\/IMG_1296-1024x683-1.jpeg\",\"contentUrl\":\"https:\/\/gazetapernambucana.com\/wp-content\/uploads\/2026\/08\/IMG_1296-1024x683-1.jpeg\",\"width\":1024,\"height\":683},{\"@type\":\"BreadcrumbList\",\"@id\":\"https:\/\/gazetapernambucana.com\/?p=4547#breadcrumb\",\"itemListElement\":[{\"@type\":\"ListItem\",\"position\":1,\"name\":\"In\u00edcio\",\"item\":\"https:\/\/gazetapernambucana.com\/\"},{\"@type\":\"ListItem\",\"position\":2,\"name\":\"L\u00edder do governo na Alepe diz que pedido de impeachment \u00e9 \u201cmanobra eleitoreira\u201d do PSB\"}]},{\"@type\":\"WebSite\",\"@id\":\"https:\/\/gazetapernambucana.com\/#website\",\"url\":\"https:\/\/gazetapernambucana.com\/\",\"name\":\"\",\"description\":\"\",\"potentialAction\":[{\"@type\":\"SearchAction\",\"target\":{\"@type\":\"EntryPoint\",\"urlTemplate\":\"https:\/\/gazetapernambucana.com\/?s={search_term_string}\"},\"query-input\":{\"@type\":\"PropertyValueSpecification\",\"valueRequired\":true,\"valueName\":\"search_term_string\"}}],\"inLanguage\":\"pt-BR\"},{\"@type\":\"Person\",\"@id\":\"https:\/\/gazetapernambucana.com\/#\/schema\/person\/188dc283325181ac2de4db1e9e987427\",\"name\":\"GP\",\"image\":{\"@type\":\"ImageObject\",\"inLanguage\":\"pt-BR\",\"@id\":\"https:\/\/gazetapernambucana.com\/#\/schema\/person\/image\/\",\"url\":\"https:\/\/secure.gravatar.com\/avatar\/9dad78ff9a2d8b5742d11779f8a3f53b052320c550b2e1907882353c067bb111?s=96&d=mm&r=g\",\"contentUrl\":\"https:\/\/secure.gravatar.com\/avatar\/9dad78ff9a2d8b5742d11779f8a3f53b052320c550b2e1907882353c067bb111?s=96&d=mm&r=g\",\"caption\":\"GP\"},\"sameAs\":[\"http:\/\/gazetapernambucana.com\"],\"url\":\"https:\/\/gazetapernambucana.com\/?author=1\"}]}<\/script>\n<!-- \/ Yoast SEO plugin. -->","yoast_head_json":{"title":"L\u00edder do governo na Alepe diz que pedido de impeachment \u00e9 \u201cmanobra eleitoreira\u201d do PSB -","robots":{"index":"index","follow":"follow","max-snippet":"max-snippet:-1","max-image-preview":"max-image-preview:large","max-video-preview":"max-video-preview:-1"},"canonical":"https:\/\/gazetapernambucana.com\/?p=4547","og_locale":"pt_BR","og_type":"article","og_title":"L\u00edder do governo na Alepe diz que pedido de impeachment \u00e9 \u201cmanobra eleitoreira\u201d do PSB -","og_description":"Foto: Roberto Soares A deputada estadual Socorro Pimentel (PSD), l\u00edder do governo Raquel Lyra na Assembleia Legislativa de Pernambuco (Alepe), manifestou seu mais profundo rep\u00fadio e indigna\u00e7\u00e3o diante da nova investida da bancada do PSB. Nesta quinta-feira, os deputados de oposi\u00e7\u00e3o Sileno Guedes, Rodrigo Farias e Romero Albuquerque \u2013 os mesmos que j\u00e1 haviam tentado [&hellip;]","og_url":"https:\/\/gazetapernambucana.com\/?p=4547","article_published_time":"2026-08-21T01:04:01+00:00","og_image":[{"width":1024,"height":683,"url":"https:\/\/gazetapernambucana.com\/wp-content\/uploads\/2026\/08\/IMG_1296-1024x683-1.jpeg","type":"image\/jpeg"}],"author":"GP","twitter_card":"summary_large_image","twitter_misc":{"Escrito por":"GP","Est. tempo de leitura":"5 minutos"},"schema":{"@context":"https:\/\/schema.org","@graph":[{"@type":"WebPage","@id":"https:\/\/gazetapernambucana.com\/?p=4547","url":"https:\/\/gazetapernambucana.com\/?p=4547","name":"L\u00edder do governo na Alepe diz que pedido de impeachment \u00e9 \u201cmanobra eleitoreira\u201d do PSB -","isPartOf":{"@id":"https:\/\/gazetapernambucana.com\/#website"},"primaryImageOfPage":{"@id":"https:\/\/gazetapernambucana.com\/?p=4547#primaryimage"},"image":{"@id":"https:\/\/gazetapernambucana.com\/?p=4547#primaryimage"},"thumbnailUrl":"https:\/\/gazetapernambucana.com\/wp-content\/uploads\/2026\/08\/IMG_1296-1024x683-1.jpeg","datePublished":"2026-08-21T01:04:01+00:00","author":{"@id":"https:\/\/gazetapernambucana.com\/#\/schema\/person\/188dc283325181ac2de4db1e9e987427"},"breadcrumb":{"@id":"https:\/\/gazetapernambucana.com\/?p=4547#breadcrumb"},"inLanguage":"pt-BR","potentialAction":[{"@type":"ReadAction","target":["https:\/\/gazetapernambucana.com\/?p=4547"]}]},{"@type":"ImageObject","inLanguage":"pt-BR","@id":"https:\/\/gazetapernambucana.com\/?p=4547#primaryimage","url":"https:\/\/gazetapernambucana.com\/wp-content\/uploads\/2026\/08\/IMG_1296-1024x683-1.jpeg","contentUrl":"https:\/\/gazetapernambucana.com\/wp-content\/uploads\/2026\/08\/IMG_1296-1024x683-1.jpeg","width":1024,"height":683},{"@type":"BreadcrumbList","@id":"https:\/\/gazetapernambucana.com\/?p=4547#breadcrumb","itemListElement":[{"@type":"ListItem","position":1,"name":"In\u00edcio","item":"https:\/\/gazetapernambucana.com\/"},{"@type":"ListItem","position":2,"name":"L\u00edder do governo na Alepe diz que pedido de impeachment \u00e9 \u201cmanobra eleitoreira\u201d do PSB"}]},{"@type":"WebSite","@id":"https:\/\/gazetapernambucana.com\/#website","url":"https:\/\/gazetapernambucana.com\/","name":"","description":"","potentialAction":[{"@type":"SearchAction","target":{"@type":"EntryPoint","urlTemplate":"https:\/\/gazetapernambucana.com\/?s={search_term_string}"},"query-input":{"@type":"PropertyValueSpecification","valueRequired":true,"valueName":"search_term_string"}}],"inLanguage":"pt-BR"},{"@type":"Person","@id":"https:\/\/gazetapernambucana.com\/#\/schema\/person\/188dc283325181ac2de4db1e9e987427","name":"GP","image":{"@type":"ImageObject","inLanguage":"pt-BR","@id":"https:\/\/gazetapernambucana.com\/#\/schema\/person\/image\/","url":"https:\/\/secure.gravatar.com\/avatar\/9dad78ff9a2d8b5742d11779f8a3f53b052320c550b2e1907882353c067bb111?s=96&d=mm&r=g","contentUrl":"https:\/\/secure.gravatar.com\/avatar\/9dad78ff9a2d8b5742d11779f8a3f53b052320c550b2e1907882353c067bb111?s=96&d=mm&r=g","caption":"GP"},"sameAs":["http:\/\/gazetapernambucana.com"],"url":"https:\/\/gazetapernambucana.com\/?author=1"}]}},"jetpack_publicize_connections":[],"_links":{"self":[{"href":"https:\/\/gazetapernambucana.com\/index.php?rest_route=\/wp\/v2\/posts\/4547","targetHints":{"allow":["GET"]}}],"collection":[{"href":"https:\/\/gazetapernambucana.com\/index.php?rest_route=\/wp\/v2\/posts"}],"about":[{"href":"https:\/\/gazetapernambucana.com\/index.php?rest_route=\/wp\/v2\/types\/post"}],"author":[{"embeddable":true,"href":"https:\/\/gazetapernambucana.com\/index.php?rest_route=\/wp\/v2\/users\/1"}],"replies":[{"embeddable":true,"href":"https:\/\/gazetapernambucana.com\/index.php?rest_route=%2Fwp%2Fv2%2Fcomments&post=4547"}],"version-history":[{"count":1,"href":"https:\/\/gazetapernambucana.com\/index.php?rest_route=\/wp\/v2\/posts\/4547\/revisions"}],"predecessor-version":[{"id":4549,"href":"https:\/\/gazetapernambucana.com\/index.php?rest_route=\/wp\/v2\/posts\/4547\/revisions\/4549"}],"wp:featuredmedia":[{"embeddable":true,"href":"https:\/\/gazetapernambucana.com\/index.php?rest_route=\/wp\/v2\/media\/4548"}],"wp:attachment":[{"href":"https:\/\/gazetapernambucana.com\/index.php?rest_route=%2Fwp%2Fv2%2Fmedia&parent=4547"}],"wp:term":[{"taxonomy":"category","embeddable":true,"href":"https:\/\/gazetapernambucana.com\/index.php?rest_route=%2Fwp%2Fv2%2Fcategories&post=4547"},{"taxonomy":"post_tag","embeddable":true,"href":"https:\/\/gazetapernambucana.com\/index.php?rest_route=%2Fwp%2Fv2%2Ftags&post=4547"}],"curies":[{"name":"wp","href":"https:\/\/api.w.org\/{rel}","templated":true}]}}