{"id":4544,"date":"2026-08-20T22:00:04","date_gmt":"2026-08-21T01:00:04","guid":{"rendered":"https:\/\/gazetapernambucana.com\/?p=4544"},"modified":"2026-08-20T22:00:04","modified_gmt":"2026-08-21T01:00:04","slug":"tse-divulga-tempo-de-radio-e-tv-dos-candidatos-a-presidencia","status":"publish","type":"post","link":"https:\/\/gazetapernambucana.com\/?p=4544","title":{"rendered":"TSE divulga tempo de r\u00e1dio e TV dos candidatos \u00e0 presid\u00eancia"},"content":{"rendered":"<figure class=\"wp-block-image size-large\"><figcaption class=\"wp-element-caption\">Foto: Ton Molina<\/figcaption><\/figure>\n<p class=\"wp-block-paragraph\">O Tribunal Superior Eleitoral (TSE) divulgou, nesta quinta (20), a divis\u00e3o do tempo destinado aos candidatos \u00e0 Presid\u00eancia da Rep\u00fablica no hor\u00e1rio eleitoral gratuito do r\u00e1dio e da televis\u00e3o nas Elei\u00e7\u00f5es 2026. A propaganda eleitoral ser\u00e1 veiculada entre 28 de agosto e 1\u00ba de outubro.<\/p>\n<p class=\"wp-block-paragraph\">A coliga\u00e7\u00e3o Brasil Pronto para Mais, encabe\u00e7ada pelo presidente Luiz In\u00e1cio Lula da Silva (PT), ter\u00e1 o maior tempo di\u00e1rio de propaganda, com 5 minutos e 31 segundos. O grupo \u00e9 formado pelo PSB, PDT, pela Federa\u00e7\u00e3o Brasil da Esperan\u00e7a (PT, PCdoB e PV) e pela Federa\u00e7\u00e3o PSOL\/Rede.<\/p>\n<p class=\"wp-block-paragraph\">O candidato Fl\u00e1vio Bolsonaro (PL) aparece em segundo lugar, com 4 minutos e 20 segundos di\u00e1rios. A candidatura do PL n\u00e3o conta com coliga\u00e7\u00e3o com outras siglas. Na sequ\u00eancia, Ronaldo Caiado (PSD) ter\u00e1 2 minutos e 2 segundos por dia, enquanto Augusto Cury (Avante) contar\u00e1 com 35 segundos.<\/p>\n<p class=\"wp-block-paragraph\">O sorteio realizado pelo TSE definiu o Avante como o primeiro partido a exibir sua propaganda no in\u00edcio do hor\u00e1rio eleitoral. Em seguida, ser\u00e3o veiculadas as campanhas do PSD, PL e da coliga\u00e7\u00e3o liderada pelo PT. A partir dos dias seguintes, a ordem ser\u00e1 alternada pelo sistema de rod\u00edzio.<\/p>\n<p class=\"wp-block-paragraph\">Al\u00e9m do tempo destinado ao hor\u00e1rio eleitoral, o TSE tamb\u00e9m divulgou a quantidade de inser\u00e7\u00f5es que cada candidatura ter\u00e1 ao longo da programa\u00e7\u00e3o das emissoras. A coliga\u00e7\u00e3o de Lula ter\u00e1 433 inser\u00e7\u00f5es, seguida pelo PL, com 339; PSD, com 159; e Avante, com 47.<\/p>\n<p class=\"wp-block-paragraph\">As inser\u00e7\u00f5es ser\u00e3o distribu\u00eddas durante a programa\u00e7\u00e3o das r\u00e1dios e emissoras de televis\u00e3o e representam uma das principais formas de exposi\u00e7\u00e3o dos candidatos durante o per\u00edodo eleitoral.<\/p>\n","protected":false},"excerpt":{"rendered":"<p>Foto: Ton Molina O Tribunal Superior Eleitoral (TSE) divulgou, nesta quinta (20), a divis\u00e3o do tempo destinado aos candidatos \u00e0 Presid\u00eancia da Rep\u00fablica no hor\u00e1rio eleitoral gratuito do r\u00e1dio e da televis\u00e3o nas Elei\u00e7\u00f5es 2026. A propaganda eleitoral ser\u00e1 veiculada entre 28 de agosto e 1\u00ba de outubro. A coliga\u00e7\u00e3o Brasil Pronto para Mais, encabe\u00e7ada [&hellip;]<\/p>\n","protected":false},"author":1,"featured_media":4545,"comment_status":"open","ping_status":"open","sticky":false,"template":"","format":"standard","meta":{"footnotes":"","jetpack_publicize_message":"","jetpack_publicize_feature_enabled":true,"jetpack_social_post_already_shared":true,"jetpack_social_options":{"image_generator_settings":{"template":"highway","default_image_id":0,"font":"","enabled":false},"version":2}},"categories":[37,1,65],"tags":[],"class_list":["post-4544","post","type-post","status-publish","format-standard","has-post-thumbnail","hentry","category-https-gazetapernambucana-com-page_id212","category-https-gazetapernambucana-com-page_id225","category-politica"],"yoast_head":"<!-- This site is optimized with the Yoast SEO plugin v24.5 - https:\/\/yoast.com\/wordpress\/plugins\/seo\/ -->\n<title>TSE divulga tempo de r\u00e1dio e TV dos candidatos \u00e0 presid\u00eancia -<\/title>\n<meta name=\"robots\" content=\"index, follow, max-snippet:-1, max-image-preview:large, max-video-preview:-1\" \/>\n<link rel=\"canonical\" href=\"https:\/\/gazetapernambucana.com\/?p=4544\" \/>\n<meta property=\"og:locale\" content=\"pt_BR\" \/>\n<meta property=\"og:type\" content=\"article\" \/>\n<meta property=\"og:title\" content=\"TSE divulga tempo de r\u00e1dio e TV dos candidatos \u00e0 presid\u00eancia -\" \/>\n<meta property=\"og:description\" content=\"Foto: Ton Molina O Tribunal Superior Eleitoral (TSE) divulgou, nesta quinta (20), a divis\u00e3o do tempo destinado aos candidatos \u00e0 Presid\u00eancia da Rep\u00fablica no hor\u00e1rio eleitoral gratuito do r\u00e1dio e da televis\u00e3o nas Elei\u00e7\u00f5es 2026. A propaganda eleitoral ser\u00e1 veiculada entre 28 de agosto e 1\u00ba de outubro. A coliga\u00e7\u00e3o Brasil Pronto para Mais, encabe\u00e7ada [&hellip;]\" \/>\n<meta property=\"og:url\" content=\"https:\/\/gazetapernambucana.com\/?p=4544\" \/>\n<meta property=\"article:published_time\" content=\"2026-08-21T01:00:04+00:00\" \/>\n<meta property=\"og:image\" content=\"https:\/\/gazetapernambucana.com\/wp-content\/uploads\/2026\/08\/8bb89ea4-57ae-4398-92d8-2278af5df838-1024x682-1.jpeg\" \/>\n\t<meta property=\"og:image:width\" content=\"1024\" \/>\n\t<meta property=\"og:image:height\" content=\"682\" \/>\n\t<meta property=\"og:image:type\" content=\"image\/jpeg\" \/>\n<meta name=\"author\" content=\"GP\" \/>\n<meta name=\"twitter:card\" content=\"summary_large_image\" \/>\n<meta name=\"twitter:label1\" content=\"Escrito por\" \/>\n\t<meta name=\"twitter:data1\" content=\"GP\" \/>\n\t<meta name=\"twitter:label2\" content=\"Est. tempo de leitura\" \/>\n\t<meta name=\"twitter:data2\" content=\"2 minutos\" \/>\n<script type=\"application\/ld+json\" class=\"yoast-schema-graph\">{\"@context\":\"https:\/\/schema.org\",\"@graph\":[{\"@type\":\"WebPage\",\"@id\":\"https:\/\/gazetapernambucana.com\/?p=4544\",\"url\":\"https:\/\/gazetapernambucana.com\/?p=4544\",\"name\":\"TSE divulga tempo de r\u00e1dio e TV dos candidatos \u00e0 presid\u00eancia -\",\"isPartOf\":{\"@id\":\"https:\/\/gazetapernambucana.com\/#website\"},\"primaryImageOfPage\":{\"@id\":\"https:\/\/gazetapernambucana.com\/?p=4544#primaryimage\"},\"image\":{\"@id\":\"https:\/\/gazetapernambucana.com\/?p=4544#primaryimage\"},\"thumbnailUrl\":\"https:\/\/gazetapernambucana.com\/wp-content\/uploads\/2026\/08\/8bb89ea4-57ae-4398-92d8-2278af5df838-1024x682-1.jpeg\",\"datePublished\":\"2026-08-21T01:00:04+00:00\",\"author\":{\"@id\":\"https:\/\/gazetapernambucana.com\/#\/schema\/person\/188dc283325181ac2de4db1e9e987427\"},\"breadcrumb\":{\"@id\":\"https:\/\/gazetapernambucana.com\/?p=4544#breadcrumb\"},\"inLanguage\":\"pt-BR\",\"potentialAction\":[{\"@type\":\"ReadAction\",\"target\":[\"https:\/\/gazetapernambucana.com\/?p=4544\"]}]},{\"@type\":\"ImageObject\",\"inLanguage\":\"pt-BR\",\"@id\":\"https:\/\/gazetapernambucana.com\/?p=4544#primaryimage\",\"url\":\"https:\/\/gazetapernambucana.com\/wp-content\/uploads\/2026\/08\/8bb89ea4-57ae-4398-92d8-2278af5df838-1024x682-1.jpeg\",\"contentUrl\":\"https:\/\/gazetapernambucana.com\/wp-content\/uploads\/2026\/08\/8bb89ea4-57ae-4398-92d8-2278af5df838-1024x682-1.jpeg\",\"width\":1024,\"height\":682},{\"@type\":\"BreadcrumbList\",\"@id\":\"https:\/\/gazetapernambucana.com\/?p=4544#breadcrumb\",\"itemListElement\":[{\"@type\":\"ListItem\",\"position\":1,\"name\":\"In\u00edcio\",\"item\":\"https:\/\/gazetapernambucana.com\/\"},{\"@type\":\"ListItem\",\"position\":2,\"name\":\"TSE divulga tempo de r\u00e1dio e TV dos candidatos \u00e0 presid\u00eancia\"}]},{\"@type\":\"WebSite\",\"@id\":\"https:\/\/gazetapernambucana.com\/#website\",\"url\":\"https:\/\/gazetapernambucana.com\/\",\"name\":\"\",\"description\":\"\",\"potentialAction\":[{\"@type\":\"SearchAction\",\"target\":{\"@type\":\"EntryPoint\",\"urlTemplate\":\"https:\/\/gazetapernambucana.com\/?s={search_term_string}\"},\"query-input\":{\"@type\":\"PropertyValueSpecification\",\"valueRequired\":true,\"valueName\":\"search_term_string\"}}],\"inLanguage\":\"pt-BR\"},{\"@type\":\"Person\",\"@id\":\"https:\/\/gazetapernambucana.com\/#\/schema\/person\/188dc283325181ac2de4db1e9e987427\",\"name\":\"GP\",\"image\":{\"@type\":\"ImageObject\",\"inLanguage\":\"pt-BR\",\"@id\":\"https:\/\/gazetapernambucana.com\/#\/schema\/person\/image\/\",\"url\":\"https:\/\/secure.gravatar.com\/avatar\/9dad78ff9a2d8b5742d11779f8a3f53b052320c550b2e1907882353c067bb111?s=96&d=mm&r=g\",\"contentUrl\":\"https:\/\/secure.gravatar.com\/avatar\/9dad78ff9a2d8b5742d11779f8a3f53b052320c550b2e1907882353c067bb111?s=96&d=mm&r=g\",\"caption\":\"GP\"},\"sameAs\":[\"http:\/\/gazetapernambucana.com\"],\"url\":\"https:\/\/gazetapernambucana.com\/?author=1\"}]}<\/script>\n<!-- \/ Yoast SEO plugin. -->","yoast_head_json":{"title":"TSE divulga tempo de r\u00e1dio e TV dos candidatos \u00e0 presid\u00eancia -","robots":{"index":"index","follow":"follow","max-snippet":"max-snippet:-1","max-image-preview":"max-image-preview:large","max-video-preview":"max-video-preview:-1"},"canonical":"https:\/\/gazetapernambucana.com\/?p=4544","og_locale":"pt_BR","og_type":"article","og_title":"TSE divulga tempo de r\u00e1dio e TV dos candidatos \u00e0 presid\u00eancia -","og_description":"Foto: Ton Molina O Tribunal Superior Eleitoral (TSE) divulgou, nesta quinta (20), a divis\u00e3o do tempo destinado aos candidatos \u00e0 Presid\u00eancia da Rep\u00fablica no hor\u00e1rio eleitoral gratuito do r\u00e1dio e da televis\u00e3o nas Elei\u00e7\u00f5es 2026. A propaganda eleitoral ser\u00e1 veiculada entre 28 de agosto e 1\u00ba de outubro. A coliga\u00e7\u00e3o Brasil Pronto para Mais, encabe\u00e7ada [&hellip;]","og_url":"https:\/\/gazetapernambucana.com\/?p=4544","article_published_time":"2026-08-21T01:00:04+00:00","og_image":[{"width":1024,"height":682,"url":"https:\/\/gazetapernambucana.com\/wp-content\/uploads\/2026\/08\/8bb89ea4-57ae-4398-92d8-2278af5df838-1024x682-1.jpeg","type":"image\/jpeg"}],"author":"GP","twitter_card":"summary_large_image","twitter_misc":{"Escrito por":"GP","Est. tempo de leitura":"2 minutos"},"schema":{"@context":"https:\/\/schema.org","@graph":[{"@type":"WebPage","@id":"https:\/\/gazetapernambucana.com\/?p=4544","url":"https:\/\/gazetapernambucana.com\/?p=4544","name":"TSE divulga tempo de r\u00e1dio e TV dos candidatos \u00e0 presid\u00eancia -","isPartOf":{"@id":"https:\/\/gazetapernambucana.com\/#website"},"primaryImageOfPage":{"@id":"https:\/\/gazetapernambucana.com\/?p=4544#primaryimage"},"image":{"@id":"https:\/\/gazetapernambucana.com\/?p=4544#primaryimage"},"thumbnailUrl":"https:\/\/gazetapernambucana.com\/wp-content\/uploads\/2026\/08\/8bb89ea4-57ae-4398-92d8-2278af5df838-1024x682-1.jpeg","datePublished":"2026-08-21T01:00:04+00:00","author":{"@id":"https:\/\/gazetapernambucana.com\/#\/schema\/person\/188dc283325181ac2de4db1e9e987427"},"breadcrumb":{"@id":"https:\/\/gazetapernambucana.com\/?p=4544#breadcrumb"},"inLanguage":"pt-BR","potentialAction":[{"@type":"ReadAction","target":["https:\/\/gazetapernambucana.com\/?p=4544"]}]},{"@type":"ImageObject","inLanguage":"pt-BR","@id":"https:\/\/gazetapernambucana.com\/?p=4544#primaryimage","url":"https:\/\/gazetapernambucana.com\/wp-content\/uploads\/2026\/08\/8bb89ea4-57ae-4398-92d8-2278af5df838-1024x682-1.jpeg","contentUrl":"https:\/\/gazetapernambucana.com\/wp-content\/uploads\/2026\/08\/8bb89ea4-57ae-4398-92d8-2278af5df838-1024x682-1.jpeg","width":1024,"height":682},{"@type":"BreadcrumbList","@id":"https:\/\/gazetapernambucana.com\/?p=4544#breadcrumb","itemListElement":[{"@type":"ListItem","position":1,"name":"In\u00edcio","item":"https:\/\/gazetapernambucana.com\/"},{"@type":"ListItem","position":2,"name":"TSE divulga tempo de r\u00e1dio e TV dos candidatos \u00e0 presid\u00eancia"}]},{"@type":"WebSite","@id":"https:\/\/gazetapernambucana.com\/#website","url":"https:\/\/gazetapernambucana.com\/","name":"","description":"","potentialAction":[{"@type":"SearchAction","target":{"@type":"EntryPoint","urlTemplate":"https:\/\/gazetapernambucana.com\/?s={search_term_string}"},"query-input":{"@type":"PropertyValueSpecification","valueRequired":true,"valueName":"search_term_string"}}],"inLanguage":"pt-BR"},{"@type":"Person","@id":"https:\/\/gazetapernambucana.com\/#\/schema\/person\/188dc283325181ac2de4db1e9e987427","name":"GP","image":{"@type":"ImageObject","inLanguage":"pt-BR","@id":"https:\/\/gazetapernambucana.com\/#\/schema\/person\/image\/","url":"https:\/\/secure.gravatar.com\/avatar\/9dad78ff9a2d8b5742d11779f8a3f53b052320c550b2e1907882353c067bb111?s=96&d=mm&r=g","contentUrl":"https:\/\/secure.gravatar.com\/avatar\/9dad78ff9a2d8b5742d11779f8a3f53b052320c550b2e1907882353c067bb111?s=96&d=mm&r=g","caption":"GP"},"sameAs":["http:\/\/gazetapernambucana.com"],"url":"https:\/\/gazetapernambucana.com\/?author=1"}]}},"jetpack_publicize_connections":[],"_links":{"self":[{"href":"https:\/\/gazetapernambucana.com\/index.php?rest_route=\/wp\/v2\/posts\/4544","targetHints":{"allow":["GET"]}}],"collection":[{"href":"https:\/\/gazetapernambucana.com\/index.php?rest_route=\/wp\/v2\/posts"}],"about":[{"href":"https:\/\/gazetapernambucana.com\/index.php?rest_route=\/wp\/v2\/types\/post"}],"author":[{"embeddable":true,"href":"https:\/\/gazetapernambucana.com\/index.php?rest_route=\/wp\/v2\/users\/1"}],"replies":[{"embeddable":true,"href":"https:\/\/gazetapernambucana.com\/index.php?rest_route=%2Fwp%2Fv2%2Fcomments&post=4544"}],"version-history":[{"count":1,"href":"https:\/\/gazetapernambucana.com\/index.php?rest_route=\/wp\/v2\/posts\/4544\/revisions"}],"predecessor-version":[{"id":4546,"href":"https:\/\/gazetapernambucana.com\/index.php?rest_route=\/wp\/v2\/posts\/4544\/revisions\/4546"}],"wp:featuredmedia":[{"embeddable":true,"href":"https:\/\/gazetapernambucana.com\/index.php?rest_route=\/wp\/v2\/media\/4545"}],"wp:attachment":[{"href":"https:\/\/gazetapernambucana.com\/index.php?rest_route=%2Fwp%2Fv2%2Fmedia&parent=4544"}],"wp:term":[{"taxonomy":"category","embeddable":true,"href":"https:\/\/gazetapernambucana.com\/index.php?rest_route=%2Fwp%2Fv2%2Fcategories&post=4544"},{"taxonomy":"post_tag","embeddable":true,"href":"https:\/\/gazetapernambucana.com\/index.php?rest_route=%2Fwp%2Fv2%2Ftags&post=4544"}],"curies":[{"name":"wp","href":"https:\/\/api.w.org\/{rel}","templated":true}]}}