{"id":4540,"date":"2026-08-20T21:47:45","date_gmt":"2026-08-21T00:47:45","guid":{"rendered":"https:\/\/gazetapernambucana.com\/?p=4540"},"modified":"2026-08-20T21:47:45","modified_gmt":"2026-08-21T00:47:45","slug":"psb-e-derrotado-ao-tentar-tirar-tempo-da-coligacao-de-raquel","status":"publish","type":"post","link":"https:\/\/gazetapernambucana.com\/?p=4540","title":{"rendered":"PSB \u00e9 derrotado ao tentar tirar tempo da coliga\u00e7\u00e3o de Raquel"},"content":{"rendered":"<p>Justi\u00e7a Eleitoral n\u00e3o acatou um pedido da coliga\u00e7\u00e3o liderada por Jo\u00e3o Campos (PSB) para retirar de imediato a Federa\u00e7\u00e3o PSDB\/Cidadania do palanque de Raquel Lyra (PSD). Apesar da interven\u00e7\u00e3o nacional da federa\u00e7\u00e3o, o grupo permanece na coliga\u00e7\u00e3o de Raquel, com base em ata feita na conven\u00e7\u00e3o estadual.<\/p>\n<div class=\"flex max-w-full flex-col gap-4 grow\">\n<div class=\"min-h-8 text-message relative flex w-full flex-col items-end gap-2 text-start break-words whitespace-normal outline-none keyboard-focused:focus-ring [.text-message+&amp;]:mt-1\" dir=\"auto\" tabindex=\"0\" data-message-author-role=\"assistant\" data-message-id=\"5a155c89-5277-4325-b71b-0fc43e634c64\" data-message-model-slug=\"gpt-5-6-mini\" data-turn-start-message=\"true\">\n<div class=\"flex w-full flex-col gap-1 empty:hidden\">\n<div class=\"markdown prose dark:prose-invert wrap-break-word w-full dark markdown-new-styling\">\n<p data-start=\"420\" data-end=\"765\">O jur\u00eddico do socialista pedia que o tempo de propaganda eleitoral advindo da federa\u00e7\u00e3o fosse retirado da coliga\u00e7\u00e3o de Raquel por meio de decis\u00e3o liminar. No entanto, o relator do caso, desembargador eleitoral Paulo Machado Cordeiro, negou o pedido e determinou que o processo siga o rito normal \u2014 ou seja, a decis\u00e3o n\u00e3o vir\u00e1 em car\u00e1ter liminar.<\/p>\n<p data-start=\"767\" data-end=\"988\" data-is-last-node=\"\" data-is-only-node=\"\">Com isso, a perman\u00eancia da Federa\u00e7\u00e3o PSDB\/Cidadania na alian\u00e7a de Raquel ser\u00e1 analisada pelo Plen\u00e1rio, e n\u00e3o em car\u00e1ter de decis\u00e3o liminar, ap\u00f3s serem ouvidas as partes e colhido o parecer do Minist\u00e9rio P\u00fablico Eleitoral.<\/p>\n<\/div>\n<\/div>\n<\/div>\n<\/div>\n","protected":false},"excerpt":{"rendered":"<p>Justi\u00e7a Eleitoral n\u00e3o acatou um pedido da coliga\u00e7\u00e3o liderada por Jo\u00e3o Campos (PSB) para retirar de imediato a Federa\u00e7\u00e3o PSDB\/Cidadania do palanque de Raquel Lyra (PSD). Apesar da interven\u00e7\u00e3o nacional da federa\u00e7\u00e3o, o grupo permanece na coliga\u00e7\u00e3o de Raquel, com base em ata feita na conven\u00e7\u00e3o estadual. O jur\u00eddico do socialista pedia que o tempo [&hellip;]<\/p>\n","protected":false},"author":1,"featured_media":4541,"comment_status":"open","ping_status":"open","sticky":false,"template":"","format":"standard","meta":{"footnotes":"","jetpack_publicize_message":"","jetpack_publicize_feature_enabled":true,"jetpack_social_post_already_shared":true,"jetpack_social_options":{"image_generator_settings":{"template":"highway","default_image_id":0,"font":"","enabled":false},"version":2}},"categories":[66,1,65],"tags":[],"class_list":["post-4540","post","type-post","status-publish","format-standard","has-post-thumbnail","hentry","category-cidades","category-https-gazetapernambucana-com-page_id225","category-politica"],"yoast_head":"<!-- This site is optimized with the Yoast SEO plugin v24.5 - https:\/\/yoast.com\/wordpress\/plugins\/seo\/ -->\n<title>PSB \u00e9 derrotado ao tentar tirar tempo da coliga\u00e7\u00e3o de Raquel -<\/title>\n<meta name=\"robots\" content=\"index, follow, max-snippet:-1, max-image-preview:large, max-video-preview:-1\" \/>\n<link rel=\"canonical\" href=\"https:\/\/gazetapernambucana.com\/?p=4540\" \/>\n<meta property=\"og:locale\" content=\"pt_BR\" \/>\n<meta property=\"og:type\" content=\"article\" \/>\n<meta property=\"og:title\" content=\"PSB \u00e9 derrotado ao tentar tirar tempo da coliga\u00e7\u00e3o de Raquel -\" \/>\n<meta property=\"og:description\" content=\"Justi\u00e7a Eleitoral n\u00e3o acatou um pedido da coliga\u00e7\u00e3o liderada por Jo\u00e3o Campos (PSB) para retirar de imediato a Federa\u00e7\u00e3o PSDB\/Cidadania do palanque de Raquel Lyra (PSD). Apesar da interven\u00e7\u00e3o nacional da federa\u00e7\u00e3o, o grupo permanece na coliga\u00e7\u00e3o de Raquel, com base em ata feita na conven\u00e7\u00e3o estadual. O jur\u00eddico do socialista pedia que o tempo [&hellip;]\" \/>\n<meta property=\"og:url\" content=\"https:\/\/gazetapernambucana.com\/?p=4540\" \/>\n<meta property=\"article:published_time\" content=\"2026-08-21T00:47:45+00:00\" \/>\n<meta property=\"og:image\" content=\"https:\/\/gazetapernambucana.com\/wp-content\/uploads\/2026\/08\/images-2-2.jpg\" \/>\n\t<meta property=\"og:image:width\" content=\"299\" \/>\n\t<meta property=\"og:image:height\" content=\"168\" \/>\n\t<meta property=\"og:image:type\" content=\"image\/jpeg\" \/>\n<meta name=\"author\" content=\"GP\" \/>\n<meta name=\"twitter:card\" content=\"summary_large_image\" \/>\n<meta name=\"twitter:label1\" content=\"Escrito por\" \/>\n\t<meta name=\"twitter:data1\" content=\"GP\" \/>\n\t<meta name=\"twitter:label2\" content=\"Est. tempo de leitura\" \/>\n\t<meta name=\"twitter:data2\" content=\"1 minuto\" \/>\n<script type=\"application\/ld+json\" class=\"yoast-schema-graph\">{\"@context\":\"https:\/\/schema.org\",\"@graph\":[{\"@type\":\"WebPage\",\"@id\":\"https:\/\/gazetapernambucana.com\/?p=4540\",\"url\":\"https:\/\/gazetapernambucana.com\/?p=4540\",\"name\":\"PSB \u00e9 derrotado ao tentar tirar tempo da coliga\u00e7\u00e3o de Raquel -\",\"isPartOf\":{\"@id\":\"https:\/\/gazetapernambucana.com\/#website\"},\"primaryImageOfPage\":{\"@id\":\"https:\/\/gazetapernambucana.com\/?p=4540#primaryimage\"},\"image\":{\"@id\":\"https:\/\/gazetapernambucana.com\/?p=4540#primaryimage\"},\"thumbnailUrl\":\"https:\/\/gazetapernambucana.com\/wp-content\/uploads\/2026\/08\/images-2-2.jpg\",\"datePublished\":\"2026-08-21T00:47:45+00:00\",\"author\":{\"@id\":\"https:\/\/gazetapernambucana.com\/#\/schema\/person\/188dc283325181ac2de4db1e9e987427\"},\"breadcrumb\":{\"@id\":\"https:\/\/gazetapernambucana.com\/?p=4540#breadcrumb\"},\"inLanguage\":\"pt-BR\",\"potentialAction\":[{\"@type\":\"ReadAction\",\"target\":[\"https:\/\/gazetapernambucana.com\/?p=4540\"]}]},{\"@type\":\"ImageObject\",\"inLanguage\":\"pt-BR\",\"@id\":\"https:\/\/gazetapernambucana.com\/?p=4540#primaryimage\",\"url\":\"https:\/\/gazetapernambucana.com\/wp-content\/uploads\/2026\/08\/images-2-2.jpg\",\"contentUrl\":\"https:\/\/gazetapernambucana.com\/wp-content\/uploads\/2026\/08\/images-2-2.jpg\",\"width\":299,\"height\":168},{\"@type\":\"BreadcrumbList\",\"@id\":\"https:\/\/gazetapernambucana.com\/?p=4540#breadcrumb\",\"itemListElement\":[{\"@type\":\"ListItem\",\"position\":1,\"name\":\"In\u00edcio\",\"item\":\"https:\/\/gazetapernambucana.com\/\"},{\"@type\":\"ListItem\",\"position\":2,\"name\":\"PSB \u00e9 derrotado ao tentar tirar tempo da coliga\u00e7\u00e3o de Raquel\"}]},{\"@type\":\"WebSite\",\"@id\":\"https:\/\/gazetapernambucana.com\/#website\",\"url\":\"https:\/\/gazetapernambucana.com\/\",\"name\":\"\",\"description\":\"\",\"potentialAction\":[{\"@type\":\"SearchAction\",\"target\":{\"@type\":\"EntryPoint\",\"urlTemplate\":\"https:\/\/gazetapernambucana.com\/?s={search_term_string}\"},\"query-input\":{\"@type\":\"PropertyValueSpecification\",\"valueRequired\":true,\"valueName\":\"search_term_string\"}}],\"inLanguage\":\"pt-BR\"},{\"@type\":\"Person\",\"@id\":\"https:\/\/gazetapernambucana.com\/#\/schema\/person\/188dc283325181ac2de4db1e9e987427\",\"name\":\"GP\",\"image\":{\"@type\":\"ImageObject\",\"inLanguage\":\"pt-BR\",\"@id\":\"https:\/\/gazetapernambucana.com\/#\/schema\/person\/image\/\",\"url\":\"https:\/\/secure.gravatar.com\/avatar\/9dad78ff9a2d8b5742d11779f8a3f53b052320c550b2e1907882353c067bb111?s=96&d=mm&r=g\",\"contentUrl\":\"https:\/\/secure.gravatar.com\/avatar\/9dad78ff9a2d8b5742d11779f8a3f53b052320c550b2e1907882353c067bb111?s=96&d=mm&r=g\",\"caption\":\"GP\"},\"sameAs\":[\"http:\/\/gazetapernambucana.com\"],\"url\":\"https:\/\/gazetapernambucana.com\/?author=1\"}]}<\/script>\n<!-- \/ Yoast SEO plugin. -->","yoast_head_json":{"title":"PSB \u00e9 derrotado ao tentar tirar tempo da coliga\u00e7\u00e3o de Raquel -","robots":{"index":"index","follow":"follow","max-snippet":"max-snippet:-1","max-image-preview":"max-image-preview:large","max-video-preview":"max-video-preview:-1"},"canonical":"https:\/\/gazetapernambucana.com\/?p=4540","og_locale":"pt_BR","og_type":"article","og_title":"PSB \u00e9 derrotado ao tentar tirar tempo da coliga\u00e7\u00e3o de Raquel -","og_description":"Justi\u00e7a Eleitoral n\u00e3o acatou um pedido da coliga\u00e7\u00e3o liderada por Jo\u00e3o Campos (PSB) para retirar de imediato a Federa\u00e7\u00e3o PSDB\/Cidadania do palanque de Raquel Lyra (PSD). Apesar da interven\u00e7\u00e3o nacional da federa\u00e7\u00e3o, o grupo permanece na coliga\u00e7\u00e3o de Raquel, com base em ata feita na conven\u00e7\u00e3o estadual. O jur\u00eddico do socialista pedia que o tempo [&hellip;]","og_url":"https:\/\/gazetapernambucana.com\/?p=4540","article_published_time":"2026-08-21T00:47:45+00:00","og_image":[{"width":299,"height":168,"url":"https:\/\/gazetapernambucana.com\/wp-content\/uploads\/2026\/08\/images-2-2.jpg","type":"image\/jpeg"}],"author":"GP","twitter_card":"summary_large_image","twitter_misc":{"Escrito por":"GP","Est. tempo de leitura":"1 minuto"},"schema":{"@context":"https:\/\/schema.org","@graph":[{"@type":"WebPage","@id":"https:\/\/gazetapernambucana.com\/?p=4540","url":"https:\/\/gazetapernambucana.com\/?p=4540","name":"PSB \u00e9 derrotado ao tentar tirar tempo da coliga\u00e7\u00e3o de Raquel -","isPartOf":{"@id":"https:\/\/gazetapernambucana.com\/#website"},"primaryImageOfPage":{"@id":"https:\/\/gazetapernambucana.com\/?p=4540#primaryimage"},"image":{"@id":"https:\/\/gazetapernambucana.com\/?p=4540#primaryimage"},"thumbnailUrl":"https:\/\/gazetapernambucana.com\/wp-content\/uploads\/2026\/08\/images-2-2.jpg","datePublished":"2026-08-21T00:47:45+00:00","author":{"@id":"https:\/\/gazetapernambucana.com\/#\/schema\/person\/188dc283325181ac2de4db1e9e987427"},"breadcrumb":{"@id":"https:\/\/gazetapernambucana.com\/?p=4540#breadcrumb"},"inLanguage":"pt-BR","potentialAction":[{"@type":"ReadAction","target":["https:\/\/gazetapernambucana.com\/?p=4540"]}]},{"@type":"ImageObject","inLanguage":"pt-BR","@id":"https:\/\/gazetapernambucana.com\/?p=4540#primaryimage","url":"https:\/\/gazetapernambucana.com\/wp-content\/uploads\/2026\/08\/images-2-2.jpg","contentUrl":"https:\/\/gazetapernambucana.com\/wp-content\/uploads\/2026\/08\/images-2-2.jpg","width":299,"height":168},{"@type":"BreadcrumbList","@id":"https:\/\/gazetapernambucana.com\/?p=4540#breadcrumb","itemListElement":[{"@type":"ListItem","position":1,"name":"In\u00edcio","item":"https:\/\/gazetapernambucana.com\/"},{"@type":"ListItem","position":2,"name":"PSB \u00e9 derrotado ao tentar tirar tempo da coliga\u00e7\u00e3o de Raquel"}]},{"@type":"WebSite","@id":"https:\/\/gazetapernambucana.com\/#website","url":"https:\/\/gazetapernambucana.com\/","name":"","description":"","potentialAction":[{"@type":"SearchAction","target":{"@type":"EntryPoint","urlTemplate":"https:\/\/gazetapernambucana.com\/?s={search_term_string}"},"query-input":{"@type":"PropertyValueSpecification","valueRequired":true,"valueName":"search_term_string"}}],"inLanguage":"pt-BR"},{"@type":"Person","@id":"https:\/\/gazetapernambucana.com\/#\/schema\/person\/188dc283325181ac2de4db1e9e987427","name":"GP","image":{"@type":"ImageObject","inLanguage":"pt-BR","@id":"https:\/\/gazetapernambucana.com\/#\/schema\/person\/image\/","url":"https:\/\/secure.gravatar.com\/avatar\/9dad78ff9a2d8b5742d11779f8a3f53b052320c550b2e1907882353c067bb111?s=96&d=mm&r=g","contentUrl":"https:\/\/secure.gravatar.com\/avatar\/9dad78ff9a2d8b5742d11779f8a3f53b052320c550b2e1907882353c067bb111?s=96&d=mm&r=g","caption":"GP"},"sameAs":["http:\/\/gazetapernambucana.com"],"url":"https:\/\/gazetapernambucana.com\/?author=1"}]}},"jetpack_publicize_connections":[],"_links":{"self":[{"href":"https:\/\/gazetapernambucana.com\/index.php?rest_route=\/wp\/v2\/posts\/4540","targetHints":{"allow":["GET"]}}],"collection":[{"href":"https:\/\/gazetapernambucana.com\/index.php?rest_route=\/wp\/v2\/posts"}],"about":[{"href":"https:\/\/gazetapernambucana.com\/index.php?rest_route=\/wp\/v2\/types\/post"}],"author":[{"embeddable":true,"href":"https:\/\/gazetapernambucana.com\/index.php?rest_route=\/wp\/v2\/users\/1"}],"replies":[{"embeddable":true,"href":"https:\/\/gazetapernambucana.com\/index.php?rest_route=%2Fwp%2Fv2%2Fcomments&post=4540"}],"version-history":[{"count":1,"href":"https:\/\/gazetapernambucana.com\/index.php?rest_route=\/wp\/v2\/posts\/4540\/revisions"}],"predecessor-version":[{"id":4542,"href":"https:\/\/gazetapernambucana.com\/index.php?rest_route=\/wp\/v2\/posts\/4540\/revisions\/4542"}],"wp:featuredmedia":[{"embeddable":true,"href":"https:\/\/gazetapernambucana.com\/index.php?rest_route=\/wp\/v2\/media\/4541"}],"wp:attachment":[{"href":"https:\/\/gazetapernambucana.com\/index.php?rest_route=%2Fwp%2Fv2%2Fmedia&parent=4540"}],"wp:term":[{"taxonomy":"category","embeddable":true,"href":"https:\/\/gazetapernambucana.com\/index.php?rest_route=%2Fwp%2Fv2%2Fcategories&post=4540"},{"taxonomy":"post_tag","embeddable":true,"href":"https:\/\/gazetapernambucana.com\/index.php?rest_route=%2Fwp%2Fv2%2Ftags&post=4540"}],"curies":[{"name":"wp","href":"https:\/\/api.w.org\/{rel}","templated":true}]}}