{"id":4531,"date":"2026-08-20T19:26:00","date_gmt":"2026-08-20T22:26:00","guid":{"rendered":"https:\/\/gazetapernambucana.com\/?p=4531"},"modified":"2026-08-20T20:12:47","modified_gmt":"2026-08-20T23:12:47","slug":"a-danca-das-cadeiras-por-que-o-pt-tenta-transformar-marcola-em-bode-expiatorio-e-evitar-o-elefante-na-sala-chamado-lulinha","status":"publish","type":"post","link":"https:\/\/gazetapernambucana.com\/?p=4531","title":{"rendered":"Sem Crach\u00e1, mas com Chave: O sacrif\u00edcio de Marcola exp\u00f5e o verdadeiro problema de Lulinha"},"content":{"rendered":"<p class=\"ds-markdown-paragraph\"><span class=\"\">Menos de 48 horas ap\u00f3s as mensagens da Pol\u00edcia Federal virem a p\u00fablico, Marco Aur\u00e9lio Santana Ribeiro, o Marcola, pediu exonera\u00e7\u00e3o do cargo de chefe de gabinete da Presid\u00eancia. O movimento foi r\u00e1pido, cir\u00fargico e amplamente celebrado nos bastidores do PT como uma &#8220;medida necess\u00e1ria para conter danos&#8221;. Pesquisas internas, vazadas \u00e0 imprensa, j\u00e1 tratam de pavimentar o terreno: Marcola \u00e9 o grande vil\u00e3o da hist\u00f3ria, aquele cuja proximidade com Lula pode derrubar a aprova\u00e7\u00e3o do presidente.<\/span><\/p>\n<p class=\"ds-markdown-paragraph\"><span class=\"\">Mas h\u00e1 um detalhe que essa narrativa convenientemente esconde:\u00a0<\/span><span class=\"\">Marcola tinha um cargo e pediu para sair. Lulinha nunca precisou de um.<\/span><\/p>\n<p class=\"ds-markdown-paragraph\"><span class=\"\">Enquanto o ex-chefe de gabinete se despede do Planalto com a miss\u00e3o de carregar sozinho o peso do esc\u00e2ndalo, F\u00e1bio Lu\u00eds Lula da Silva, o filho do presidente, segue confortavelmente numa posi\u00e7\u00e3o muito mais poderosa e muito mais dif\u00edcil de ser abalada: a de quem nunca teve fun\u00e7\u00e3o p\u00fablica oficial, mas sempre teve acesso ilimitado ao cora\u00e7\u00e3o do poder.<\/span><\/p>\n<h3><span class=\"\">O paradoxo da exonera\u00e7\u00e3o<\/span><\/h3>\n<p class=\"ds-markdown-paragraph\"><span class=\"\">A estrat\u00e9gia do PT \u00e9 clara e, em tese, funcional: sacrificar Marcola, que ocupava a antessala da Presid\u00eancia, para blindar Lulinha, que nunca ocupou sala alguma. A mensagem impl\u00edcita na exonera\u00e7\u00e3o \u00e9:\u00a0<\/span><em><span class=\"\">&#8220;Vejam, n\u00f3s cortamos o bra\u00e7o direito do presidente. O problema foi resolvido.&#8221;<\/span><\/em><\/p>\n<p class=\"ds-markdown-paragraph\"><span class=\"\">Por\u00e9m, essa t\u00e1tica esbarra em uma pergunta inc\u00f4moda, e a pr\u00f3pria investiga\u00e7\u00e3o da PF j\u00e1 come\u00e7ou a respond\u00ea-la: se Lulinha nunca exerceu fun\u00e7\u00e3o no governo,\u00a0<\/span><span class=\"\">como uma lobista (Roberta Luchsinger) conseguiu chegar at\u00e9 ele e, por meio dele, ao Pal\u00e1cio do Planalto e ao Minist\u00e9rio da Sa\u00fade?<\/span><span class=\"\">\u00a0A resposta \u00e9 t\u00e3o simples quanto perturbadora: o filho do presidente n\u00e3o precisava de crach\u00e1. Ele tinha a chave mestra do sobrenome.<\/span><\/p>\n<p class=\"ds-markdown-paragraph\"><strong><span class=\"\">O jogo de espelhos do PT<\/span><\/strong><br \/>\n<span class=\"\">Ao vazar pesquisas que indicam que Marcola pode prejudicar mais Lula do que Lulinha a campanha do petista tenta construir uma cortina de fuma\u00e7a com tr\u00eas camadas Coloca Marcola no centro do ringue O chefe de gabinete exonera se a imprensa o esmi\u00fa\u00e7a e o p\u00fablico se distrai com sua queda Transforma Lulinha em figura decorativa A narrativa de que ele \u00e9 um personagem antigo e que outros epis\u00f3dios n\u00e3o foram para frente visa transforma lo num mero coadjuvante quase uma v\u00edtima das circunst\u00e2ncias Desvia a pergunta central Ao discutir se Marcola atrapalha mais ou menos o PT evita o debate real qual o papel de um filho do presidente que sem nunca ter sido nomeado para nada operava como verdadeiro ministro informal da influ\u00eancia<\/span><\/p>\n<p class=\"ds-markdown-paragraph\"><strong><span class=\"\">A cadeira invis\u00edvel \u00e9 a mais perigosa<\/span><\/strong><br \/>\n<span class=\"\">Aqui est\u00e1 a ironia fatal que a estrat\u00e9gia do PT tenta esconder o fato de Lulinha nunca ter ocupado um cargo n\u00e3o o absolve pelo contr\u00e1rio agrava sua situa\u00e7\u00e3o Se ele tivesse um cargo sua conduta seria monitorada pelo Tribunal de Contas sua agenda seria p\u00fablica e sua exonera\u00e7\u00e3o seria a solu\u00e7\u00e3o Como ele n\u00e3o tem cargo ele opera numa zona de penumbra onde as regras da administra\u00e7\u00e3o p\u00fablica n\u00e3o se aplicam Ele n\u00e3o precisa prestar contas E ainda assim mensagens mostram que ele atuava como facilitador do acesso de lobistas ao cora\u00e7\u00e3o do governo.<\/span><\/p>\n","protected":false},"excerpt":{"rendered":"<p>Menos de 48 horas ap\u00f3s as mensagens da Pol\u00edcia Federal virem a p\u00fablico, Marco Aur\u00e9lio Santana Ribeiro, o Marcola, pediu exonera\u00e7\u00e3o do cargo de chefe de gabinete da Presid\u00eancia. O movimento foi r\u00e1pido, cir\u00fargico e amplamente celebrado nos bastidores do PT como uma &#8220;medida necess\u00e1ria para conter danos&#8221;. Pesquisas internas, vazadas \u00e0 imprensa, j\u00e1 tratam [&hellip;]<\/p>\n","protected":false},"author":1,"featured_media":4533,"comment_status":"open","ping_status":"open","sticky":false,"template":"","format":"standard","meta":{"footnotes":"","jetpack_publicize_message":"","jetpack_publicize_feature_enabled":true,"jetpack_social_post_already_shared":true,"jetpack_social_options":{"image_generator_settings":{"template":"highway","default_image_id":0,"font":"","enabled":false},"version":2}},"categories":[37,1,65],"tags":[],"class_list":["post-4531","post","type-post","status-publish","format-standard","has-post-thumbnail","hentry","category-https-gazetapernambucana-com-page_id212","category-https-gazetapernambucana-com-page_id225","category-politica"],"yoast_head":"<!-- This site is optimized with the Yoast SEO plugin v24.5 - https:\/\/yoast.com\/wordpress\/plugins\/seo\/ -->\n<title>Sem Crach\u00e1, mas com Chave: O sacrif\u00edcio de Marcola exp\u00f5e o verdadeiro problema de Lulinha -<\/title>\n<meta name=\"robots\" content=\"index, follow, max-snippet:-1, max-image-preview:large, max-video-preview:-1\" \/>\n<link rel=\"canonical\" href=\"https:\/\/gazetapernambucana.com\/?p=4531\" \/>\n<meta property=\"og:locale\" content=\"pt_BR\" \/>\n<meta property=\"og:type\" content=\"article\" \/>\n<meta property=\"og:title\" content=\"Sem Crach\u00e1, mas com Chave: O sacrif\u00edcio de Marcola exp\u00f5e o verdadeiro problema de Lulinha -\" \/>\n<meta property=\"og:description\" content=\"Menos de 48 horas ap\u00f3s as mensagens da Pol\u00edcia Federal virem a p\u00fablico, Marco Aur\u00e9lio Santana Ribeiro, o Marcola, pediu exonera\u00e7\u00e3o do cargo de chefe de gabinete da Presid\u00eancia. O movimento foi r\u00e1pido, cir\u00fargico e amplamente celebrado nos bastidores do PT como uma &#8220;medida necess\u00e1ria para conter danos&#8221;. Pesquisas internas, vazadas \u00e0 imprensa, j\u00e1 tratam [&hellip;]\" \/>\n<meta property=\"og:url\" content=\"https:\/\/gazetapernambucana.com\/?p=4531\" \/>\n<meta property=\"article:published_time\" content=\"2026-08-20T22:26:00+00:00\" \/>\n<meta property=\"article:modified_time\" content=\"2026-08-20T23:12:47+00:00\" \/>\n<meta property=\"og:image\" content=\"https:\/\/gazetapernambucana.com\/wp-content\/uploads\/2026\/08\/Copia-de-CAPA-80-750x375-1.jpg\" \/>\n\t<meta property=\"og:image:width\" content=\"750\" \/>\n\t<meta property=\"og:image:height\" content=\"375\" \/>\n\t<meta property=\"og:image:type\" content=\"image\/jpeg\" \/>\n<meta name=\"author\" content=\"GP\" \/>\n<meta name=\"twitter:card\" content=\"summary_large_image\" \/>\n<meta name=\"twitter:label1\" content=\"Escrito por\" \/>\n\t<meta name=\"twitter:data1\" content=\"GP\" \/>\n\t<meta name=\"twitter:label2\" content=\"Est. tempo de leitura\" \/>\n\t<meta name=\"twitter:data2\" content=\"4 minutos\" \/>\n<script type=\"application\/ld+json\" class=\"yoast-schema-graph\">{\"@context\":\"https:\/\/schema.org\",\"@graph\":[{\"@type\":\"WebPage\",\"@id\":\"https:\/\/gazetapernambucana.com\/?p=4531\",\"url\":\"https:\/\/gazetapernambucana.com\/?p=4531\",\"name\":\"Sem Crach\u00e1, mas com Chave: O sacrif\u00edcio de Marcola exp\u00f5e o verdadeiro problema de Lulinha -\",\"isPartOf\":{\"@id\":\"https:\/\/gazetapernambucana.com\/#website\"},\"primaryImageOfPage\":{\"@id\":\"https:\/\/gazetapernambucana.com\/?p=4531#primaryimage\"},\"image\":{\"@id\":\"https:\/\/gazetapernambucana.com\/?p=4531#primaryimage\"},\"thumbnailUrl\":\"https:\/\/gazetapernambucana.com\/wp-content\/uploads\/2026\/08\/Copia-de-CAPA-80-750x375-1.jpg\",\"datePublished\":\"2026-08-20T22:26:00+00:00\",\"dateModified\":\"2026-08-20T23:12:47+00:00\",\"author\":{\"@id\":\"https:\/\/gazetapernambucana.com\/#\/schema\/person\/188dc283325181ac2de4db1e9e987427\"},\"breadcrumb\":{\"@id\":\"https:\/\/gazetapernambucana.com\/?p=4531#breadcrumb\"},\"inLanguage\":\"pt-BR\",\"potentialAction\":[{\"@type\":\"ReadAction\",\"target\":[\"https:\/\/gazetapernambucana.com\/?p=4531\"]}]},{\"@type\":\"ImageObject\",\"inLanguage\":\"pt-BR\",\"@id\":\"https:\/\/gazetapernambucana.com\/?p=4531#primaryimage\",\"url\":\"https:\/\/gazetapernambucana.com\/wp-content\/uploads\/2026\/08\/Copia-de-CAPA-80-750x375-1.jpg\",\"contentUrl\":\"https:\/\/gazetapernambucana.com\/wp-content\/uploads\/2026\/08\/Copia-de-CAPA-80-750x375-1.jpg\",\"width\":750,\"height\":375},{\"@type\":\"BreadcrumbList\",\"@id\":\"https:\/\/gazetapernambucana.com\/?p=4531#breadcrumb\",\"itemListElement\":[{\"@type\":\"ListItem\",\"position\":1,\"name\":\"In\u00edcio\",\"item\":\"https:\/\/gazetapernambucana.com\/\"},{\"@type\":\"ListItem\",\"position\":2,\"name\":\"Sem Crach\u00e1, mas com Chave: O sacrif\u00edcio de Marcola exp\u00f5e o verdadeiro problema de Lulinha\"}]},{\"@type\":\"WebSite\",\"@id\":\"https:\/\/gazetapernambucana.com\/#website\",\"url\":\"https:\/\/gazetapernambucana.com\/\",\"name\":\"\",\"description\":\"\",\"potentialAction\":[{\"@type\":\"SearchAction\",\"target\":{\"@type\":\"EntryPoint\",\"urlTemplate\":\"https:\/\/gazetapernambucana.com\/?s={search_term_string}\"},\"query-input\":{\"@type\":\"PropertyValueSpecification\",\"valueRequired\":true,\"valueName\":\"search_term_string\"}}],\"inLanguage\":\"pt-BR\"},{\"@type\":\"Person\",\"@id\":\"https:\/\/gazetapernambucana.com\/#\/schema\/person\/188dc283325181ac2de4db1e9e987427\",\"name\":\"GP\",\"image\":{\"@type\":\"ImageObject\",\"inLanguage\":\"pt-BR\",\"@id\":\"https:\/\/gazetapernambucana.com\/#\/schema\/person\/image\/\",\"url\":\"https:\/\/secure.gravatar.com\/avatar\/9dad78ff9a2d8b5742d11779f8a3f53b052320c550b2e1907882353c067bb111?s=96&d=mm&r=g\",\"contentUrl\":\"https:\/\/secure.gravatar.com\/avatar\/9dad78ff9a2d8b5742d11779f8a3f53b052320c550b2e1907882353c067bb111?s=96&d=mm&r=g\",\"caption\":\"GP\"},\"sameAs\":[\"http:\/\/gazetapernambucana.com\"],\"url\":\"https:\/\/gazetapernambucana.com\/?author=1\"}]}<\/script>\n<!-- \/ Yoast SEO plugin. -->","yoast_head_json":{"title":"Sem Crach\u00e1, mas com Chave: O sacrif\u00edcio de Marcola exp\u00f5e o verdadeiro problema de Lulinha -","robots":{"index":"index","follow":"follow","max-snippet":"max-snippet:-1","max-image-preview":"max-image-preview:large","max-video-preview":"max-video-preview:-1"},"canonical":"https:\/\/gazetapernambucana.com\/?p=4531","og_locale":"pt_BR","og_type":"article","og_title":"Sem Crach\u00e1, mas com Chave: O sacrif\u00edcio de Marcola exp\u00f5e o verdadeiro problema de Lulinha -","og_description":"Menos de 48 horas ap\u00f3s as mensagens da Pol\u00edcia Federal virem a p\u00fablico, Marco Aur\u00e9lio Santana Ribeiro, o Marcola, pediu exonera\u00e7\u00e3o do cargo de chefe de gabinete da Presid\u00eancia. O movimento foi r\u00e1pido, cir\u00fargico e amplamente celebrado nos bastidores do PT como uma &#8220;medida necess\u00e1ria para conter danos&#8221;. Pesquisas internas, vazadas \u00e0 imprensa, j\u00e1 tratam [&hellip;]","og_url":"https:\/\/gazetapernambucana.com\/?p=4531","article_published_time":"2026-08-20T22:26:00+00:00","article_modified_time":"2026-08-20T23:12:47+00:00","og_image":[{"width":750,"height":375,"url":"https:\/\/gazetapernambucana.com\/wp-content\/uploads\/2026\/08\/Copia-de-CAPA-80-750x375-1.jpg","type":"image\/jpeg"}],"author":"GP","twitter_card":"summary_large_image","twitter_misc":{"Escrito por":"GP","Est. tempo de leitura":"4 minutos"},"schema":{"@context":"https:\/\/schema.org","@graph":[{"@type":"WebPage","@id":"https:\/\/gazetapernambucana.com\/?p=4531","url":"https:\/\/gazetapernambucana.com\/?p=4531","name":"Sem Crach\u00e1, mas com Chave: O sacrif\u00edcio de Marcola exp\u00f5e o verdadeiro problema de Lulinha -","isPartOf":{"@id":"https:\/\/gazetapernambucana.com\/#website"},"primaryImageOfPage":{"@id":"https:\/\/gazetapernambucana.com\/?p=4531#primaryimage"},"image":{"@id":"https:\/\/gazetapernambucana.com\/?p=4531#primaryimage"},"thumbnailUrl":"https:\/\/gazetapernambucana.com\/wp-content\/uploads\/2026\/08\/Copia-de-CAPA-80-750x375-1.jpg","datePublished":"2026-08-20T22:26:00+00:00","dateModified":"2026-08-20T23:12:47+00:00","author":{"@id":"https:\/\/gazetapernambucana.com\/#\/schema\/person\/188dc283325181ac2de4db1e9e987427"},"breadcrumb":{"@id":"https:\/\/gazetapernambucana.com\/?p=4531#breadcrumb"},"inLanguage":"pt-BR","potentialAction":[{"@type":"ReadAction","target":["https:\/\/gazetapernambucana.com\/?p=4531"]}]},{"@type":"ImageObject","inLanguage":"pt-BR","@id":"https:\/\/gazetapernambucana.com\/?p=4531#primaryimage","url":"https:\/\/gazetapernambucana.com\/wp-content\/uploads\/2026\/08\/Copia-de-CAPA-80-750x375-1.jpg","contentUrl":"https:\/\/gazetapernambucana.com\/wp-content\/uploads\/2026\/08\/Copia-de-CAPA-80-750x375-1.jpg","width":750,"height":375},{"@type":"BreadcrumbList","@id":"https:\/\/gazetapernambucana.com\/?p=4531#breadcrumb","itemListElement":[{"@type":"ListItem","position":1,"name":"In\u00edcio","item":"https:\/\/gazetapernambucana.com\/"},{"@type":"ListItem","position":2,"name":"Sem Crach\u00e1, mas com Chave: O sacrif\u00edcio de Marcola exp\u00f5e o verdadeiro problema de Lulinha"}]},{"@type":"WebSite","@id":"https:\/\/gazetapernambucana.com\/#website","url":"https:\/\/gazetapernambucana.com\/","name":"","description":"","potentialAction":[{"@type":"SearchAction","target":{"@type":"EntryPoint","urlTemplate":"https:\/\/gazetapernambucana.com\/?s={search_term_string}"},"query-input":{"@type":"PropertyValueSpecification","valueRequired":true,"valueName":"search_term_string"}}],"inLanguage":"pt-BR"},{"@type":"Person","@id":"https:\/\/gazetapernambucana.com\/#\/schema\/person\/188dc283325181ac2de4db1e9e987427","name":"GP","image":{"@type":"ImageObject","inLanguage":"pt-BR","@id":"https:\/\/gazetapernambucana.com\/#\/schema\/person\/image\/","url":"https:\/\/secure.gravatar.com\/avatar\/9dad78ff9a2d8b5742d11779f8a3f53b052320c550b2e1907882353c067bb111?s=96&d=mm&r=g","contentUrl":"https:\/\/secure.gravatar.com\/avatar\/9dad78ff9a2d8b5742d11779f8a3f53b052320c550b2e1907882353c067bb111?s=96&d=mm&r=g","caption":"GP"},"sameAs":["http:\/\/gazetapernambucana.com"],"url":"https:\/\/gazetapernambucana.com\/?author=1"}]}},"jetpack_publicize_connections":[],"_links":{"self":[{"href":"https:\/\/gazetapernambucana.com\/index.php?rest_route=\/wp\/v2\/posts\/4531","targetHints":{"allow":["GET"]}}],"collection":[{"href":"https:\/\/gazetapernambucana.com\/index.php?rest_route=\/wp\/v2\/posts"}],"about":[{"href":"https:\/\/gazetapernambucana.com\/index.php?rest_route=\/wp\/v2\/types\/post"}],"author":[{"embeddable":true,"href":"https:\/\/gazetapernambucana.com\/index.php?rest_route=\/wp\/v2\/users\/1"}],"replies":[{"embeddable":true,"href":"https:\/\/gazetapernambucana.com\/index.php?rest_route=%2Fwp%2Fv2%2Fcomments&post=4531"}],"version-history":[{"count":3,"href":"https:\/\/gazetapernambucana.com\/index.php?rest_route=\/wp\/v2\/posts\/4531\/revisions"}],"predecessor-version":[{"id":4536,"href":"https:\/\/gazetapernambucana.com\/index.php?rest_route=\/wp\/v2\/posts\/4531\/revisions\/4536"}],"wp:featuredmedia":[{"embeddable":true,"href":"https:\/\/gazetapernambucana.com\/index.php?rest_route=\/wp\/v2\/media\/4533"}],"wp:attachment":[{"href":"https:\/\/gazetapernambucana.com\/index.php?rest_route=%2Fwp%2Fv2%2Fmedia&parent=4531"}],"wp:term":[{"taxonomy":"category","embeddable":true,"href":"https:\/\/gazetapernambucana.com\/index.php?rest_route=%2Fwp%2Fv2%2Fcategories&post=4531"},{"taxonomy":"post_tag","embeddable":true,"href":"https:\/\/gazetapernambucana.com\/index.php?rest_route=%2Fwp%2Fv2%2Ftags&post=4531"}],"curies":[{"name":"wp","href":"https:\/\/api.w.org\/{rel}","templated":true}]}}