{"id":4527,"date":"2026-08-19T18:17:50","date_gmt":"2026-08-19T21:17:50","guid":{"rendered":"https:\/\/gazetapernambucana.com\/?p=4527"},"modified":"2026-08-19T18:17:50","modified_gmt":"2026-08-19T21:17:50","slug":"cnj-ordena-investigacao-contra-juiz-do-fura-fila-prefeitura-nomeou-seu-filho-semanas-apos-anulacao-da-operacao-barriga-de-aluguel","status":"publish","type":"post","link":"https:\/\/gazetapernambucana.com\/?p=4527","title":{"rendered":"CNJ ordena investiga\u00e7\u00e3o contra juiz do fura-fila; Prefeitura nomeou seu filho semanas ap\u00f3s anula\u00e7\u00e3o da Opera\u00e7\u00e3o Barriga de Aluguel"},"content":{"rendered":"<div class=\"elementor-element elementor-element-4f444f9 elementor-widget elementor-widget-theme-post-title elementor-page-title elementor-widget-heading\" data-id=\"4f444f9\" data-element_type=\"widget\" data-e-type=\"widget\" data-widget_type=\"theme-post-title.default\">\n<div class=\"elementor-widget-container\">\n<h6 class=\"elementor-heading-title elementor-size-default\"><strong style=\"font-size: 16px;\">Corregedor do CNJ, ministro Mauro Campbell determinou que apura\u00e7\u00e3o de poss\u00edvel falta funcional do juiz deve ocorrer porque Rildo Vieira n\u00e3o teria esgotado as acusa\u00e7\u00f5es em sua defesa inicial<\/strong><\/h6>\n<\/div>\n<\/div>\n<div class=\"elementor-element elementor-element-9e6bfe5 elementor-widget elementor-widget-theme-post-content\" data-id=\"9e6bfe5\" data-element_type=\"widget\" data-e-type=\"widget\" data-widget_type=\"theme-post-content.default\">\n<div class=\"elementor-widget-container\">\n<p>O Conselho Nacional de Justi\u00e7a (CNJ) decidiu na \u00faltima sexta-feira (14) que a Justi\u00e7a de Pernambuco apure suposta viola\u00e7\u00e3o disciplinar do juiz Rildo Vieira da Silva, suspeito de arquivar investiga\u00e7\u00e3o da Opera\u00e7\u00e3o Barriga de Aluguel, do Minist\u00e9rio P\u00fablico do Estado de Pernambuco (MPPE), poucas horas ap\u00f3s assumir o processo. A informa\u00e7\u00e3o exclusiva \u00e9 da Coluna do Estad\u00e3o, em\u00a0<a href=\"https:\/\/www.estadao.com.br\/politica\/coluna-do-estadao\/cnj-ordena-investigacao-contra-juiz-que-anulou-caso-de-r-200-milhoes\/?srsltid=AfmBOoouhyiQ_Htk6os-f9I8sb-8llbPcJai7fggNXF1UWF9qp5AJJvA\">mat\u00e9ria<\/a>\u00a0assinada por Eduardo Barretto. O caso tem rela\u00e7\u00e3o com o epis\u00f3dio do fura-fila.<\/p>\n<p>O processo foi aberto no CNJ a partir de reclama\u00e7\u00e3o disciplinar apresentada pelo jornalista e economista Manoel Medeiros, titular deste espa\u00e7o, em 12 de janeiro deste ano. O juiz respondeu aos questionamentos em mar\u00e7o e a decis\u00e3o do corregedor-nacional de Justi\u00e7a e ministro do Superior Tribunal de Justi\u00e7a, Mauro Campbell, foi despachada na \u00faltima sexta-feira (14). Manoel Medeiros representou mais de 800 cidad\u00e3os que assinaram um abaixo-assinado pedindo provid\u00eancias ao Conselho.<\/p>\n<p>Segundo Medeiros, que \u00e9 candidato a deputado estadual na elei\u00e7\u00e3o deste ano (Novo), \u201ca decis\u00e3o \u00e9 um avan\u00e7o importante para quem acredita na for\u00e7a da sociedade que combate a impunidade\u201d. \u201cFizemos o abaixo-assinado, apresentamos argumentos importantes nesse processo do fura-fila e agora o processo anda no sentido de que o Tribunal de Justi\u00e7a fa\u00e7a a apura\u00e7\u00e3o. O epis\u00f3dio do fura-fila \u00e9 um marco na hist\u00f3ria aqui de Pernambuco no que se refere a colocar investiga\u00e7\u00e3o de corrup\u00e7\u00e3o embaixo do tapete e o despacho do ministro corregedor \u00e9 uma vit\u00f3ria importante no sentido de que todos devem se explicar perante a lei\u201d, afirmou.<\/p>\n<figure id=\"attachment_3155\" class=\"wp-caption aligncenter\" aria-describedby=\"caption-attachment-3155\"><img loading=\"lazy\" decoding=\"async\" class=\" wp-image-3155\" src=\"https:\/\/blogmanoelmedeiros.com.br\/wp-content\/uploads\/2026\/08\/imagem_materia-1.jpg\" alt=\"\" width=\"607\" height=\"402\" \/><figcaption id=\"caption-attachment-3155\" class=\"wp-caption-text\">Mauro Campbell \u00e9 o corregedor nacional de Justi\u00e7a e entendeu que a defesa do juiz n\u00e3o enfrentou quest\u00f5es relevantes da reclama\u00e7\u00e3o disciplinar \u2013 Foto: STJ\/Gustavo Lima<\/figcaption><\/figure>\n<p>De acordo com o Estad\u00e3o, \u201co Tribunal de Justi\u00e7a de Pernambuco disse que ainda n\u00e3o foi notificado da decis\u00e3o e o juiz n\u00e3o respondeu\u201d. Ainda segundo o jornal, \u201cde acordo com o processo levado ao CNJ, o magistrado tinha um conflito de interesses no caso porque seu filho, Lucas Vieira, foi nomeado para o cargo de procurador do Recife cerca de um m\u00eas ap\u00f3s anular a investiga\u00e7\u00e3o\u201d.<\/p>\n<p>Na decis\u00e3o, o corregedor-nacional de Justi\u00e7a, Mauro Campbell, ressaltou que o juiz n\u00e3o rebateu diversas acusa\u00e7\u00f5es da representa\u00e7\u00e3o. \u201cO magistrado absteve-se de refutar a tese de que haveria descumprido expressamente o C\u00f3digo de \u00c9tica da Magistratura ao frustrar pretensa transpar\u00eancia e celeridade processual\u201d, escreveu o corregedor, que mandou o caso \u00e0 Justi\u00e7a estadual na \u00faltima semana.<\/p>\n<p><img loading=\"lazy\" decoding=\"async\" class=\"aligncenter  wp-image-3160\" src=\"https:\/\/blogmanoelmedeiros.com.br\/wp-content\/uploads\/2026\/08\/19.083.png\" alt=\"\" width=\"621\" height=\"828\" \/><\/p>\n<p><strong>FURA-FILA<\/strong>\u00a0\u2013 Rildo Vieira da Silva era juiz titular da Comarca de Carpina e assumiu uma das vagas da nova Vara Regional de Crimes Contra a Administra\u00e7\u00e3o P\u00fablica, Ordem Tribut\u00e1ria, Lavagem de Dinheiro e de Delitos de Organiza\u00e7\u00f5es Criminosas Colegiada\u00a0 da Capital em 13 de outubro, quando a opera\u00e7\u00e3o Barriga de Aluguel j\u00e1 tinha acontecido. Sem justificativa aparente, o processo foi redistribu\u00eddo para ele no dia seis de novembro \u00e0s 16h e \u00e0s 19h ele anulou todo o trabalho investigativo do MPPE, contrariando a decis\u00e3o da magistrada Roberta Nogueira, que deixou a Vara.<\/p>\n<p>Semanas depois, seu filho foi nomeado no concurso de procurador judicial da Prefeitura do Recife na vaga de PCD, dois anos ap\u00f3s a homologa\u00e7\u00e3o do certame e mesmo sem ter se inscrito nas vagas espec\u00edficas. O epis\u00f3dio ficou conhecido como o caso do fura-fila e teve ampla repercuss\u00e3o nacional, levando a Prefeitura a \u2013 uma semana depois \u2013 recuar da nomea\u00e7\u00e3o, que havia ocorrido na antev\u00e9spera do Natal, numa edi\u00e7\u00e3o extra do Di\u00e1rio Oficial publicada \u00e0 noite.<\/p>\n<p>Desde ent\u00e3o, o inqu\u00e9rito ficou paralisado, tendo sido liberada sua continuidade por decis\u00e3o de tr\u00eas desembargadores da 2\u00aa Vara Criminal do Tribunal de Justi\u00e7a do Estado de Pernambuco (TJPE) em 28 de janeiro. Dois dias depois, por solicita\u00e7\u00e3o de secret\u00e1rias da Prefeitura do Recife, Gilmar Mendes viu ilegalidades no inqu\u00e9rito e decidiu tranc\u00e1-lo. Apesar de o MPPE ter recorrido ainda em fevereiro, o pleito sequer foi avaliado at\u00e9 aqui, seis meses depois.<\/p>\n<p>Fonte: Blog do Manoel Medeiros<\/p>\n<\/div>\n<\/div>\n","protected":false},"excerpt":{"rendered":"<p>Corregedor do CNJ, ministro Mauro Campbell determinou que apura\u00e7\u00e3o de poss\u00edvel falta funcional do juiz deve ocorrer porque Rildo Vieira n\u00e3o teria esgotado as acusa\u00e7\u00f5es em sua defesa inicial O Conselho Nacional de Justi\u00e7a (CNJ) decidiu na \u00faltima sexta-feira (14) que a Justi\u00e7a de Pernambuco apure suposta viola\u00e7\u00e3o disciplinar do juiz Rildo Vieira da Silva, [&hellip;]<\/p>\n","protected":false},"author":1,"featured_media":4528,"comment_status":"open","ping_status":"open","sticky":false,"template":"","format":"standard","meta":{"footnotes":"","jetpack_publicize_message":"","jetpack_publicize_feature_enabled":true,"jetpack_social_post_already_shared":true,"jetpack_social_options":{"image_generator_settings":{"template":"highway","default_image_id":0,"font":"","enabled":false},"version":2}},"categories":[37,66,1,65],"tags":[],"class_list":["post-4527","post","type-post","status-publish","format-standard","has-post-thumbnail","hentry","category-https-gazetapernambucana-com-page_id212","category-cidades","category-https-gazetapernambucana-com-page_id225","category-politica"],"yoast_head":"<!-- This site is optimized with the Yoast SEO plugin v24.5 - https:\/\/yoast.com\/wordpress\/plugins\/seo\/ -->\n<title>CNJ ordena investiga\u00e7\u00e3o contra juiz do fura-fila; Prefeitura nomeou seu filho semanas ap\u00f3s anula\u00e7\u00e3o da Opera\u00e7\u00e3o Barriga de Aluguel -<\/title>\n<meta name=\"robots\" content=\"index, follow, max-snippet:-1, max-image-preview:large, max-video-preview:-1\" \/>\n<link rel=\"canonical\" href=\"http:\/\/gazetapernambucana.com\/?p=4527\" \/>\n<meta property=\"og:locale\" content=\"pt_BR\" \/>\n<meta property=\"og:type\" content=\"article\" \/>\n<meta property=\"og:title\" content=\"CNJ ordena investiga\u00e7\u00e3o contra juiz do fura-fila; Prefeitura nomeou seu filho semanas ap\u00f3s anula\u00e7\u00e3o da Opera\u00e7\u00e3o Barriga de Aluguel -\" \/>\n<meta property=\"og:description\" content=\"Corregedor do CNJ, ministro Mauro Campbell determinou que apura\u00e7\u00e3o de poss\u00edvel falta funcional do juiz deve ocorrer porque Rildo Vieira n\u00e3o teria esgotado as acusa\u00e7\u00f5es em sua defesa inicial O Conselho Nacional de Justi\u00e7a (CNJ) decidiu na \u00faltima sexta-feira (14) que a Justi\u00e7a de Pernambuco apure suposta viola\u00e7\u00e3o disciplinar do juiz Rildo Vieira da Silva, [&hellip;]\" \/>\n<meta property=\"og:url\" content=\"http:\/\/gazetapernambucana.com\/?p=4527\" \/>\n<meta property=\"article:published_time\" content=\"2026-08-19T21:17:50+00:00\" \/>\n<meta property=\"og:image\" content=\"http:\/\/gazetapernambucana.com\/wp-content\/uploads\/2026\/08\/PHOTO-2026-08-19-10-43-44-e1787147529898.webp\" \/>\n\t<meta property=\"og:image:width\" content=\"800\" \/>\n\t<meta property=\"og:image:height\" content=\"684\" \/>\n\t<meta property=\"og:image:type\" content=\"image\/webp\" \/>\n<meta name=\"author\" content=\"GP\" \/>\n<meta name=\"twitter:card\" content=\"summary_large_image\" \/>\n<meta name=\"twitter:label1\" content=\"Escrito por\" \/>\n\t<meta name=\"twitter:data1\" content=\"GP\" \/>\n\t<meta name=\"twitter:label2\" content=\"Est. tempo de leitura\" \/>\n\t<meta name=\"twitter:data2\" content=\"5 minutos\" \/>\n<script type=\"application\/ld+json\" class=\"yoast-schema-graph\">{\"@context\":\"https:\/\/schema.org\",\"@graph\":[{\"@type\":\"WebPage\",\"@id\":\"http:\/\/gazetapernambucana.com\/?p=4527\",\"url\":\"http:\/\/gazetapernambucana.com\/?p=4527\",\"name\":\"CNJ ordena investiga\u00e7\u00e3o contra juiz do fura-fila; Prefeitura nomeou seu filho semanas ap\u00f3s anula\u00e7\u00e3o da Opera\u00e7\u00e3o Barriga de Aluguel -\",\"isPartOf\":{\"@id\":\"https:\/\/gazetapernambucana.com\/#website\"},\"primaryImageOfPage\":{\"@id\":\"http:\/\/gazetapernambucana.com\/?p=4527#primaryimage\"},\"image\":{\"@id\":\"http:\/\/gazetapernambucana.com\/?p=4527#primaryimage\"},\"thumbnailUrl\":\"https:\/\/gazetapernambucana.com\/wp-content\/uploads\/2026\/08\/PHOTO-2026-08-19-10-43-44-e1787147529898.webp\",\"datePublished\":\"2026-08-19T21:17:50+00:00\",\"author\":{\"@id\":\"https:\/\/gazetapernambucana.com\/#\/schema\/person\/188dc283325181ac2de4db1e9e987427\"},\"breadcrumb\":{\"@id\":\"http:\/\/gazetapernambucana.com\/?p=4527#breadcrumb\"},\"inLanguage\":\"pt-BR\",\"potentialAction\":[{\"@type\":\"ReadAction\",\"target\":[\"http:\/\/gazetapernambucana.com\/?p=4527\"]}]},{\"@type\":\"ImageObject\",\"inLanguage\":\"pt-BR\",\"@id\":\"http:\/\/gazetapernambucana.com\/?p=4527#primaryimage\",\"url\":\"https:\/\/gazetapernambucana.com\/wp-content\/uploads\/2026\/08\/PHOTO-2026-08-19-10-43-44-e1787147529898.webp\",\"contentUrl\":\"https:\/\/gazetapernambucana.com\/wp-content\/uploads\/2026\/08\/PHOTO-2026-08-19-10-43-44-e1787147529898.webp\",\"width\":800,\"height\":684},{\"@type\":\"BreadcrumbList\",\"@id\":\"http:\/\/gazetapernambucana.com\/?p=4527#breadcrumb\",\"itemListElement\":[{\"@type\":\"ListItem\",\"position\":1,\"name\":\"In\u00edcio\",\"item\":\"https:\/\/gazetapernambucana.com\/\"},{\"@type\":\"ListItem\",\"position\":2,\"name\":\"CNJ ordena investiga\u00e7\u00e3o contra juiz do fura-fila; Prefeitura nomeou seu filho semanas ap\u00f3s anula\u00e7\u00e3o da Opera\u00e7\u00e3o Barriga de Aluguel\"}]},{\"@type\":\"WebSite\",\"@id\":\"https:\/\/gazetapernambucana.com\/#website\",\"url\":\"https:\/\/gazetapernambucana.com\/\",\"name\":\"\",\"description\":\"\",\"potentialAction\":[{\"@type\":\"SearchAction\",\"target\":{\"@type\":\"EntryPoint\",\"urlTemplate\":\"https:\/\/gazetapernambucana.com\/?s={search_term_string}\"},\"query-input\":{\"@type\":\"PropertyValueSpecification\",\"valueRequired\":true,\"valueName\":\"search_term_string\"}}],\"inLanguage\":\"pt-BR\"},{\"@type\":\"Person\",\"@id\":\"https:\/\/gazetapernambucana.com\/#\/schema\/person\/188dc283325181ac2de4db1e9e987427\",\"name\":\"GP\",\"image\":{\"@type\":\"ImageObject\",\"inLanguage\":\"pt-BR\",\"@id\":\"https:\/\/gazetapernambucana.com\/#\/schema\/person\/image\/\",\"url\":\"https:\/\/secure.gravatar.com\/avatar\/9dad78ff9a2d8b5742d11779f8a3f53b052320c550b2e1907882353c067bb111?s=96&d=mm&r=g\",\"contentUrl\":\"https:\/\/secure.gravatar.com\/avatar\/9dad78ff9a2d8b5742d11779f8a3f53b052320c550b2e1907882353c067bb111?s=96&d=mm&r=g\",\"caption\":\"GP\"},\"sameAs\":[\"http:\/\/gazetapernambucana.com\"],\"url\":\"https:\/\/gazetapernambucana.com\/?author=1\"}]}<\/script>\n<!-- \/ Yoast SEO plugin. -->","yoast_head_json":{"title":"CNJ ordena investiga\u00e7\u00e3o contra juiz do fura-fila; Prefeitura nomeou seu filho semanas ap\u00f3s anula\u00e7\u00e3o da Opera\u00e7\u00e3o Barriga de Aluguel -","robots":{"index":"index","follow":"follow","max-snippet":"max-snippet:-1","max-image-preview":"max-image-preview:large","max-video-preview":"max-video-preview:-1"},"canonical":"http:\/\/gazetapernambucana.com\/?p=4527","og_locale":"pt_BR","og_type":"article","og_title":"CNJ ordena investiga\u00e7\u00e3o contra juiz do fura-fila; Prefeitura nomeou seu filho semanas ap\u00f3s anula\u00e7\u00e3o da Opera\u00e7\u00e3o Barriga de Aluguel -","og_description":"Corregedor do CNJ, ministro Mauro Campbell determinou que apura\u00e7\u00e3o de poss\u00edvel falta funcional do juiz deve ocorrer porque Rildo Vieira n\u00e3o teria esgotado as acusa\u00e7\u00f5es em sua defesa inicial O Conselho Nacional de Justi\u00e7a (CNJ) decidiu na \u00faltima sexta-feira (14) que a Justi\u00e7a de Pernambuco apure suposta viola\u00e7\u00e3o disciplinar do juiz Rildo Vieira da Silva, [&hellip;]","og_url":"http:\/\/gazetapernambucana.com\/?p=4527","article_published_time":"2026-08-19T21:17:50+00:00","og_image":[{"width":800,"height":684,"url":"http:\/\/gazetapernambucana.com\/wp-content\/uploads\/2026\/08\/PHOTO-2026-08-19-10-43-44-e1787147529898.webp","type":"image\/webp"}],"author":"GP","twitter_card":"summary_large_image","twitter_misc":{"Escrito por":"GP","Est. tempo de leitura":"5 minutos"},"schema":{"@context":"https:\/\/schema.org","@graph":[{"@type":"WebPage","@id":"http:\/\/gazetapernambucana.com\/?p=4527","url":"http:\/\/gazetapernambucana.com\/?p=4527","name":"CNJ ordena investiga\u00e7\u00e3o contra juiz do fura-fila; Prefeitura nomeou seu filho semanas ap\u00f3s anula\u00e7\u00e3o da Opera\u00e7\u00e3o Barriga de Aluguel -","isPartOf":{"@id":"https:\/\/gazetapernambucana.com\/#website"},"primaryImageOfPage":{"@id":"http:\/\/gazetapernambucana.com\/?p=4527#primaryimage"},"image":{"@id":"http:\/\/gazetapernambucana.com\/?p=4527#primaryimage"},"thumbnailUrl":"https:\/\/gazetapernambucana.com\/wp-content\/uploads\/2026\/08\/PHOTO-2026-08-19-10-43-44-e1787147529898.webp","datePublished":"2026-08-19T21:17:50+00:00","author":{"@id":"https:\/\/gazetapernambucana.com\/#\/schema\/person\/188dc283325181ac2de4db1e9e987427"},"breadcrumb":{"@id":"http:\/\/gazetapernambucana.com\/?p=4527#breadcrumb"},"inLanguage":"pt-BR","potentialAction":[{"@type":"ReadAction","target":["http:\/\/gazetapernambucana.com\/?p=4527"]}]},{"@type":"ImageObject","inLanguage":"pt-BR","@id":"http:\/\/gazetapernambucana.com\/?p=4527#primaryimage","url":"https:\/\/gazetapernambucana.com\/wp-content\/uploads\/2026\/08\/PHOTO-2026-08-19-10-43-44-e1787147529898.webp","contentUrl":"https:\/\/gazetapernambucana.com\/wp-content\/uploads\/2026\/08\/PHOTO-2026-08-19-10-43-44-e1787147529898.webp","width":800,"height":684},{"@type":"BreadcrumbList","@id":"http:\/\/gazetapernambucana.com\/?p=4527#breadcrumb","itemListElement":[{"@type":"ListItem","position":1,"name":"In\u00edcio","item":"https:\/\/gazetapernambucana.com\/"},{"@type":"ListItem","position":2,"name":"CNJ ordena investiga\u00e7\u00e3o contra juiz do fura-fila; Prefeitura nomeou seu filho semanas ap\u00f3s anula\u00e7\u00e3o da Opera\u00e7\u00e3o Barriga de Aluguel"}]},{"@type":"WebSite","@id":"https:\/\/gazetapernambucana.com\/#website","url":"https:\/\/gazetapernambucana.com\/","name":"","description":"","potentialAction":[{"@type":"SearchAction","target":{"@type":"EntryPoint","urlTemplate":"https:\/\/gazetapernambucana.com\/?s={search_term_string}"},"query-input":{"@type":"PropertyValueSpecification","valueRequired":true,"valueName":"search_term_string"}}],"inLanguage":"pt-BR"},{"@type":"Person","@id":"https:\/\/gazetapernambucana.com\/#\/schema\/person\/188dc283325181ac2de4db1e9e987427","name":"GP","image":{"@type":"ImageObject","inLanguage":"pt-BR","@id":"https:\/\/gazetapernambucana.com\/#\/schema\/person\/image\/","url":"https:\/\/secure.gravatar.com\/avatar\/9dad78ff9a2d8b5742d11779f8a3f53b052320c550b2e1907882353c067bb111?s=96&d=mm&r=g","contentUrl":"https:\/\/secure.gravatar.com\/avatar\/9dad78ff9a2d8b5742d11779f8a3f53b052320c550b2e1907882353c067bb111?s=96&d=mm&r=g","caption":"GP"},"sameAs":["http:\/\/gazetapernambucana.com"],"url":"https:\/\/gazetapernambucana.com\/?author=1"}]}},"jetpack_publicize_connections":[],"_links":{"self":[{"href":"https:\/\/gazetapernambucana.com\/index.php?rest_route=\/wp\/v2\/posts\/4527","targetHints":{"allow":["GET"]}}],"collection":[{"href":"https:\/\/gazetapernambucana.com\/index.php?rest_route=\/wp\/v2\/posts"}],"about":[{"href":"https:\/\/gazetapernambucana.com\/index.php?rest_route=\/wp\/v2\/types\/post"}],"author":[{"embeddable":true,"href":"https:\/\/gazetapernambucana.com\/index.php?rest_route=\/wp\/v2\/users\/1"}],"replies":[{"embeddable":true,"href":"https:\/\/gazetapernambucana.com\/index.php?rest_route=%2Fwp%2Fv2%2Fcomments&post=4527"}],"version-history":[{"count":1,"href":"https:\/\/gazetapernambucana.com\/index.php?rest_route=\/wp\/v2\/posts\/4527\/revisions"}],"predecessor-version":[{"id":4529,"href":"https:\/\/gazetapernambucana.com\/index.php?rest_route=\/wp\/v2\/posts\/4527\/revisions\/4529"}],"wp:featuredmedia":[{"embeddable":true,"href":"https:\/\/gazetapernambucana.com\/index.php?rest_route=\/wp\/v2\/media\/4528"}],"wp:attachment":[{"href":"https:\/\/gazetapernambucana.com\/index.php?rest_route=%2Fwp%2Fv2%2Fmedia&parent=4527"}],"wp:term":[{"taxonomy":"category","embeddable":true,"href":"https:\/\/gazetapernambucana.com\/index.php?rest_route=%2Fwp%2Fv2%2Fcategories&post=4527"},{"taxonomy":"post_tag","embeddable":true,"href":"https:\/\/gazetapernambucana.com\/index.php?rest_route=%2Fwp%2Fv2%2Ftags&post=4527"}],"curies":[{"name":"wp","href":"https:\/\/api.w.org\/{rel}","templated":true}]}}