{"id":4519,"date":"2026-08-18T22:48:07","date_gmt":"2026-08-19T01:48:07","guid":{"rendered":"https:\/\/gazetapernambucana.com\/?p=4519"},"modified":"2026-08-18T22:52:39","modified_gmt":"2026-08-19T01:52:39","slug":"a-forca-politica-de-raquel-lyra-muda-o-jogo-em-pernambuco","status":"publish","type":"post","link":"https:\/\/gazetapernambucana.com\/?p=4519","title":{"rendered":"A for\u00e7a pol\u00edtica e o carisma de Raquel Lyra viram o jogo em Pernambuco"},"content":{"rendered":"<h5 class=\"isSelectedEnd\"><strong>Em apenas um ano, governadora transforma uma desvantagem que parecia quase intranspon\u00edvel em uma disputa na qual j\u00e1 aparece numericamente \u00e0 frente de Jo\u00e3o Campos; avan\u00e7o exp\u00f5e o peso da gest\u00e3o, da presen\u00e7a no interior e de uma lideran\u00e7a que passou a estabelecer v\u00ednculo pr\u00f3prio com o eleitor pernambucano<\/strong><\/h5>\n<p class=\"isSelectedEnd\">H\u00e1 um ano, poucos poderiam imaginar a fotografia pol\u00edtica que Pernambuco apresenta hoje.<\/p>\n<p class=\"isSelectedEnd\">Em agosto de 2025, Jo\u00e3o Campos parecia caminhar para a elei\u00e7\u00e3o estadual sob uma condi\u00e7\u00e3o de amplo favoritismo. Pesquisa Genial\/Quaest realizada naquele m\u00eas mostrava o ent\u00e3o prefeito do Recife com 55% das inten\u00e7\u00f5es de voto, contra apenas 24% de Raquel Lyra. Eram extraordin\u00e1rios 31 pontos percentuais de vantagem para Campos.<\/p>\n<p class=\"isSelectedEnd\">Doze meses depois, aquela elei\u00e7\u00e3o aparentemente encaminhada desapareceu.<\/p>\n<p class=\"isSelectedEnd\">Na pesquisa DataTrends divulgada em 17 de agosto de 2026, Raquel Lyra aparece com 44%, contra 35% de Jo\u00e3o Campos no primeiro turno: nove pontos de vantagem para a governadora. Em uma eventual segunda rodada, Raquel registra 46%, diante de 38% do advers\u00e1rio. O mesmo levantamento aponta aprova\u00e7\u00e3o de 66% da administra\u00e7\u00e3o estadual.<\/p>\n<p class=\"isSelectedEnd\">Mais importante do que uma pesquisa isolada, por\u00e9m, \u00e9 observar a tend\u00eancia registrada tamb\u00e9m por outros institutos.<\/p>\n<p class=\"isSelectedEnd\">A pr\u00f3pria Quaest, que um ano antes mostrava Jo\u00e3o 31 pontos \u00e0 frente, apresentou em julho de 2026 uma realidade completamente diferente: Raquel com 43% e Jo\u00e3o com 37% no primeiro turno. No segundo turno, 45% para a governadora e 39% para Campos. A aprova\u00e7\u00e3o do governo estadual chegou a 68%, enquanto a desaprova\u00e7\u00e3o caiu para 23%.<\/p>\n<p class=\"isSelectedEnd\">\u00c9 uma transforma\u00e7\u00e3o pol\u00edtica de grandes propor\u00e7\u00f5es.<\/p>\n<h2>O peso de enfrentar um sobrenome hist\u00f3rico<\/h2>\n<p class=\"isSelectedEnd\">Para compreender a dimens\u00e3o desse movimento, \u00e9 preciso olhar para quem est\u00e1 do outro lado.<\/p>\n<p class=\"isSelectedEnd\">Jo\u00e3o Campos n\u00e3o chega a essa disputa carregando apenas seu pr\u00f3prio curr\u00edculo pol\u00edtico. \u00c9 filho do ex-governador Eduardo Campos e bisneto de Miguel Arraes, duas das figuras mais importantes da hist\u00f3ria pol\u00edtica recente de Pernambuco.<\/p>\n<p class=\"isSelectedEnd\">Eduardo governou Pernambuco por dois mandatos. Miguel Arraes comandou o estado em tr\u00eas per\u00edodos distintos e atravessou d\u00e9cadas como uma das principais refer\u00eancias pol\u00edticas pernambucanas. Jo\u00e3o, portanto, \u00e9 herdeiro de uma mem\u00f3ria pol\u00edtica, de um sobrenome conhecido em praticamente todo o estado e de uma estrutura partid\u00e1ria constru\u00edda durante gera\u00e7\u00f5es.<\/p>\n<p class=\"isSelectedEnd\">E o pr\u00f3prio Jo\u00e3o n\u00e3o esconde essa heran\u00e7a.<\/p>\n<p class=\"isSelectedEnd\">Ao lan\u00e7ar sua candidatura ao Governo de Pernambuco em mar\u00e7o deste ano, fez refer\u00eancia direta ao pai e lembrou a trajet\u00f3ria de Eduardo Campos em sua primeira campanha para governador. A mem\u00f3ria de Eduardo permanece como um ativo pol\u00edtico e afetivo importante de sua candidatura.<\/p>\n<p class=\"isSelectedEnd\">Raquel tamb\u00e9m possui origem em uma fam\u00edlia pol\u00edtica. Seu pai, Jo\u00e3o Lyra Neto, foi prefeito de Caruaru, vice-governador e chegou a governar Pernambuco ap\u00f3s a sa\u00edda de Eduardo Campos em 2014. Mas h\u00e1 uma diferen\u00e7a de escala: Raquel precisou construir uma identidade estadual pr\u00f3pria diante de uma fam\u00edlia advers\u00e1ria cuja marca pol\u00edtica atravessa gera\u00e7\u00f5es e possui presen\u00e7a hist\u00f3rica no imagin\u00e1rio pernambucano.<\/p>\n<p class=\"isSelectedEnd\">\u00c9 justamente a\u00ed que sua trajet\u00f3ria recente ganha dimens\u00e3o.<\/p>\n<h2>Raquel construiu sua pr\u00f3pria for\u00e7a<\/h2>\n<p class=\"isSelectedEnd\">A ascens\u00e3o da governadora n\u00e3o pode ser explicada apenas por engenharia eleitoral, troca partid\u00e1ria ou montagem de palanque.<\/p>\n<p class=\"isSelectedEnd\">Ela coincide com a melhora significativa da percep\u00e7\u00e3o sobre sua administra\u00e7\u00e3o.<\/p>\n<p class=\"isSelectedEnd\">Segundo a Quaest de julho, a aprova\u00e7\u00e3o do governo passou de 62% para 68%. Mais revelador: 73% dos entrevistados disseram defender a continuidade do trabalho realizado ou apenas ajustes no que ainda n\u00e3o funciona. Apenas 24% defendiam uma mudan\u00e7a completa na administra\u00e7\u00e3o estadual.<\/p>\n<p class=\"isSelectedEnd\">S\u00e3o n\u00fameros que ajudam a compreender um fen\u00f4meno pol\u00edtico importante: Raquel come\u00e7ou a converter entrega administrativa em patrim\u00f4nio eleitoral.<\/p>\n<p class=\"isSelectedEnd\">Estradas, abastecimento de \u00e1gua, sa\u00fade, educa\u00e7\u00e3o, seguran\u00e7a, investimentos e presen\u00e7a constante nas regi\u00f5es passaram a formar uma narrativa que n\u00e3o depende apenas do discurso eleitoral. A governadora colocou sua gest\u00e3o na rua e fez do pr\u00f3prio governo sua principal vitrine pol\u00edtica.<\/p>\n<p class=\"isSelectedEnd\">Esse talvez seja o maior trunfo de Raquel Lyra neste momento: enquanto o advers\u00e1rio pode recorrer a uma hist\u00f3ria pol\u00edtica j\u00e1 consolidada, ela passou a disputar a elei\u00e7\u00e3o com aquilo que conseguiu construir no exerc\u00edcio do mandato.<\/p>\n<h2>O interior entrou definitivamente no jogo<\/h2>\n<p class=\"isSelectedEnd\">Outro elemento decisivo foi a presen\u00e7a territorial.<\/p>\n<p class=\"isSelectedEnd\">Raquel tem origem pol\u00edtica em Caruaru e conhece como poucos a din\u00e2mica do Agreste e do interior pernambucano. Ao longo do governo, ampliou agendas fora da Regi\u00e3o Metropolitana e levou a estrutura estadual para munic\u00edpios onde muitas vezes a popula\u00e7\u00e3o enxerga o governador quase como uma figura distante.<\/p>\n<p class=\"isSelectedEnd\">A Folha de S.Paulo j\u00e1 havia identificado, em maio, que o avan\u00e7o eleitoral da governadora coincidia com uma agenda intensa pelo interior e com a concentra\u00e7\u00e3o do discurso em problemas locais. Naquele momento, o Datafolha j\u00e1 mostrava Raquel avan\u00e7ando e ultrapassando Jo\u00e3o em uma simula\u00e7\u00e3o de segundo turno.<\/p>\n<p class=\"isSelectedEnd\">Essa presen\u00e7a produz algo que pesquisa nenhuma consegue fabricar artificialmente: reconhecimento.<\/p>\n<p class=\"isSelectedEnd\">O eleitor pode gostar ou n\u00e3o de um governante. Mas, quando come\u00e7a a associ\u00e1-lo a obras, servi\u00e7os e decis\u00f5es que chegam ao cotidiano, surge um v\u00ednculo muito mais resistente do que o simples conhecimento de nome.<\/p>\n<h2>E surgiu tamb\u00e9m o carisma<\/h2>\n<p class=\"isSelectedEnd\">Raquel nunca construiu sua imagem como uma pol\u00edtica de espet\u00e1culo.<\/p>\n<p class=\"isSelectedEnd\">Seu perfil sempre foi mais associado \u00e0 gest\u00e3o, \u00e0 firmeza e \u00e0 cobran\u00e7a por resultados. Mas o exerc\u00edcio do governo parece ter acrescentado uma dimens\u00e3o nova \u00e0 sua personalidade p\u00fablica: proximidade.<\/p>\n<p class=\"isSelectedEnd\">A Raquel t\u00e9cnica continuou existindo. Mas apareceu tamb\u00e9m uma governadora mais espont\u00e2nea, presente nas ruas, abra\u00e7ando, conversando, dan\u00e7ando, entrando nas casas, enfrentando agendas extensas e falando diretamente com comunidades do litoral ao Sert\u00e3o.<\/p>\n<p class=\"isSelectedEnd\">\u00c9 nessa transforma\u00e7\u00e3o que nasce parte de seu capital pol\u00edtico atual.<\/p>\n<p class=\"isSelectedEnd\">Carisma n\u00e3o \u00e9 apenas sorrir para uma c\u00e2mera. Carisma pol\u00edtico \u00e9 conseguir estabelecer identifica\u00e7\u00e3o.<\/p>\n<p class=\"isSelectedEnd\">E quando uma governadora alcan\u00e7a \u00edndices de aprova\u00e7\u00e3o pr\u00f3ximos de 70%, passa a existir evid\u00eancia de que uma parcela expressiva da popula\u00e7\u00e3o n\u00e3o est\u00e1 apenas reconhecendo obras \u2014 est\u00e1 reconhecendo uma lideran\u00e7a.<\/p>\n<h2>A maior dificuldade de Jo\u00e3o talvez seja explicar a virada<\/h2>\n<p class=\"isSelectedEnd\">Durante boa parte de 2025, Jo\u00e3o Campos tinha diante de si o cen\u00e1rio que qualquer candidato gostaria de encontrar.<\/p>\n<p class=\"isSelectedEnd\">Era extremamente popular no Recife, havia sido reeleito prefeito com vota\u00e7\u00e3o expressiva e aparecia muito \u00e0 frente nas pesquisas para o governo estadual.<\/p>\n<p class=\"isSelectedEnd\">Al\u00e9m disso, carregava o sobrenome Campos, a mem\u00f3ria de Eduardo, o legado de Arraes e uma estrutura partid\u00e1ria hist\u00f3rica.<\/p>\n<p class=\"isSelectedEnd\">Hoje, por\u00e9m, a pergunta mudou. J\u00e1 n\u00e3o \u00e9 mais: como Raquel poder\u00e1 alcan\u00e7ar Jo\u00e3o?<\/p>\n<p class=\"isSelectedEnd\">A pergunta passou a ser: como Jo\u00e3o permitir\u00e1 que Raquel, que estava 31 pontos atr\u00e1s h\u00e1 apenas um ano, chegue \u00e0s portas da campanha competitiva e, em algumas pesquisas, \u00e0 sua frente?<\/p>\n<p class=\"isSelectedEnd\">A pr\u00f3pria campanha de Campos passou a refor\u00e7ar a associa\u00e7\u00e3o com o presidente Lula, que j\u00e1 gravou participa\u00e7\u00e3o para seu programa eleitoral. A movimenta\u00e7\u00e3o ocorre justamente num momento em que pesquisas mostram Raquel competitiva mesmo num estado em que Lula possui enorme for\u00e7a eleitoral.<\/p>\n<p class=\"isSelectedEnd\">E esse talvez seja outro sinal da dimens\u00e3o adquirida pela governadora.<\/p>\n<p class=\"isSelectedEnd\">Ela conseguiu transformar uma elei\u00e7\u00e3o que parecia ser sobre a sucess\u00e3o natural de um favorito em um plebiscito sobre a continuidade de seu pr\u00f3prio governo.<\/p>\n<h2>Nove pontos, mas com uma ressalva indispens\u00e1vel<\/h2>\n<p class=\"isSelectedEnd\">A vantagem de nove pontos divulgada pela DataTrends \u00e9 politicamente relevante, mas n\u00e3o significa que a elei\u00e7\u00e3o esteja decidida.<\/p>\n<p class=\"isSelectedEnd\">Outro levantamento divulgado praticamente no mesmo per\u00edodo, da Real Time Big Data, encontrou 43% para Raquel e 43% para Jo\u00e3o no primeiro turno, al\u00e9m de empate em 44% no eventual segundo turno. O instituto ouviu 1.600 eleitores entre 12 e 15 de agosto e apontou margem de erro de dois pontos percentuais.<\/p>\n<p class=\"isSelectedEnd\">Ou seja: os institutos divergem sobre o tamanho da vantagem, e alguns apontam empate.<\/p>\n<p class=\"isSelectedEnd\">Mas praticamente todos revelam uma realidade incontorn\u00e1vel: a enorme dist\u00e2ncia existente em 2025 desapareceu.<\/p>\n<p class=\"isSelectedEnd\">E essa talvez seja a not\u00edcia politicamente mais importante.<\/p>\n<h2>Uma virada que j\u00e1 entrou para a hist\u00f3ria desta elei\u00e7\u00e3o<\/h2>\n<p class=\"isSelectedEnd\">Independentemente do resultado das urnas, Raquel Lyra j\u00e1 conseguiu algo que parecia improv\u00e1vel h\u00e1 um ano.<\/p>\n<p class=\"isSelectedEnd\">Enfrentou um advers\u00e1rio que carregava favoritismo, elevada exposi\u00e7\u00e3o nacional, forte presen\u00e7a digital, uma das estruturas partid\u00e1rias mais tradicionais do estado e o peso simb\u00f3lico de duas gera\u00e7\u00f5es que governaram Pernambuco.<\/p>\n<p class=\"isSelectedEnd\">E transformou uma diferen\u00e7a de dezenas de pontos em uma disputa aberta.<\/p>\n<p class=\"isSelectedEnd\">N\u00e3o apagando o passado.\u00a0N\u00e3o tentando disputar sobrenomes.\u00a0Mas construindo seu pr\u00f3prio presente.<\/p>\n<p class=\"isSelectedEnd\">A elei\u00e7\u00e3o ainda ser\u00e1 dura. Jo\u00e3o Campos continua extremamente competitivo, possui uma candidatura robusta e conta agora com o apoio expl\u00edcito de Lula. Nenhuma pesquisa permite tratar o resultado como definido.<\/p>\n<p class=\"isSelectedEnd\">Mas h\u00e1 uma conclus\u00e3o que os n\u00fameros j\u00e1 autorizam:<\/p>\n<p class=\"isSelectedEnd\">Raquel Lyra deixou de ser apenas a governadora que buscava sobreviver politicamente a um advers\u00e1rio favorito. Tornou-se uma lideran\u00e7a com for\u00e7a eleitoral pr\u00f3pria, capaz de enfrentar de igual para igual, e, em alguns levantamentos, superar, uma das mais poderosas tradi\u00e7\u00f5es pol\u00edticas de Pernambuco.<\/p>\n<p class=\"isSelectedEnd\">Em agosto de 2025, Jo\u00e3o Campos tinha 31 pontos de vantagem sobre ela. Em agosto de 2026, h\u00e1 pesquisa dando nove pontos de vantagem a Raquel.<\/p>\n<p class=\"isSelectedEnd\">Entre uma fotografia e outra existe muito mais do que uma oscila\u00e7\u00e3o eleitoral.<\/p>\n<p>Existe uma mudan\u00e7a profunda na correla\u00e7\u00e3o de for\u00e7as da pol\u00edtica pernambucana.<\/p>\n","protected":false},"excerpt":{"rendered":"<p>Em apenas um ano, governadora transforma uma desvantagem que parecia quase intranspon\u00edvel em uma disputa na qual j\u00e1 aparece numericamente \u00e0 frente de Jo\u00e3o Campos; avan\u00e7o exp\u00f5e o peso da gest\u00e3o, da presen\u00e7a no interior e de uma lideran\u00e7a que passou a estabelecer v\u00ednculo pr\u00f3prio com o eleitor pernambucano H\u00e1 um ano, poucos poderiam imaginar [&hellip;]<\/p>\n","protected":false},"author":1,"featured_media":4520,"comment_status":"open","ping_status":"open","sticky":false,"template":"","format":"standard","meta":{"footnotes":"","jetpack_publicize_message":"","jetpack_publicize_feature_enabled":true,"jetpack_social_post_already_shared":true,"jetpack_social_options":{"image_generator_settings":{"template":"highway","default_image_id":0,"font":"","enabled":false},"version":2}},"categories":[66,1,65],"tags":[],"class_list":["post-4519","post","type-post","status-publish","format-standard","has-post-thumbnail","hentry","category-cidades","category-https-gazetapernambucana-com-page_id225","category-politica"],"yoast_head":"<!-- This site is optimized with the Yoast SEO plugin v24.5 - https:\/\/yoast.com\/wordpress\/plugins\/seo\/ -->\n<title>A for\u00e7a pol\u00edtica e o carisma de Raquel Lyra viram o jogo em Pernambuco -<\/title>\n<meta name=\"robots\" content=\"index, follow, max-snippet:-1, max-image-preview:large, max-video-preview:-1\" \/>\n<link rel=\"canonical\" href=\"https:\/\/gazetapernambucana.com\/?p=4519\" \/>\n<meta property=\"og:locale\" content=\"pt_BR\" \/>\n<meta property=\"og:type\" content=\"article\" \/>\n<meta property=\"og:title\" content=\"A for\u00e7a pol\u00edtica e o carisma de Raquel Lyra viram o jogo em Pernambuco -\" \/>\n<meta property=\"og:description\" content=\"Em apenas um ano, governadora transforma uma desvantagem que parecia quase intranspon\u00edvel em uma disputa na qual j\u00e1 aparece numericamente \u00e0 frente de Jo\u00e3o Campos; avan\u00e7o exp\u00f5e o peso da gest\u00e3o, da presen\u00e7a no interior e de uma lideran\u00e7a que passou a estabelecer v\u00ednculo pr\u00f3prio com o eleitor pernambucano H\u00e1 um ano, poucos poderiam imaginar [&hellip;]\" \/>\n<meta property=\"og:url\" content=\"https:\/\/gazetapernambucana.com\/?p=4519\" \/>\n<meta property=\"article:published_time\" content=\"2026-08-19T01:48:07+00:00\" \/>\n<meta property=\"article:modified_time\" content=\"2026-08-19T01:52:39+00:00\" \/>\n<meta property=\"og:image\" content=\"https:\/\/gazetapernambucana.com\/wp-content\/uploads\/2026\/08\/Raquel-Lyra-em-Caruaru-Foto-Facebook-e1786998940354.jpg\" \/>\n\t<meta property=\"og:image:width\" content=\"853\" \/>\n\t<meta property=\"og:image:height\" content=\"616\" \/>\n\t<meta property=\"og:image:type\" content=\"image\/jpeg\" \/>\n<meta name=\"author\" content=\"GP\" \/>\n<meta name=\"twitter:card\" content=\"summary_large_image\" \/>\n<meta name=\"twitter:label1\" content=\"Escrito por\" \/>\n\t<meta name=\"twitter:data1\" content=\"GP\" \/>\n\t<meta name=\"twitter:label2\" content=\"Est. tempo de leitura\" \/>\n\t<meta name=\"twitter:data2\" content=\"9 minutos\" \/>\n<script type=\"application\/ld+json\" class=\"yoast-schema-graph\">{\"@context\":\"https:\/\/schema.org\",\"@graph\":[{\"@type\":\"WebPage\",\"@id\":\"https:\/\/gazetapernambucana.com\/?p=4519\",\"url\":\"https:\/\/gazetapernambucana.com\/?p=4519\",\"name\":\"A for\u00e7a pol\u00edtica e o carisma de Raquel Lyra viram o jogo em Pernambuco -\",\"isPartOf\":{\"@id\":\"https:\/\/gazetapernambucana.com\/#website\"},\"primaryImageOfPage\":{\"@id\":\"https:\/\/gazetapernambucana.com\/?p=4519#primaryimage\"},\"image\":{\"@id\":\"https:\/\/gazetapernambucana.com\/?p=4519#primaryimage\"},\"thumbnailUrl\":\"https:\/\/gazetapernambucana.com\/wp-content\/uploads\/2026\/08\/Raquel-Lyra-em-Caruaru-Foto-Facebook-e1786998940354.jpg\",\"datePublished\":\"2026-08-19T01:48:07+00:00\",\"dateModified\":\"2026-08-19T01:52:39+00:00\",\"author\":{\"@id\":\"https:\/\/gazetapernambucana.com\/#\/schema\/person\/188dc283325181ac2de4db1e9e987427\"},\"breadcrumb\":{\"@id\":\"https:\/\/gazetapernambucana.com\/?p=4519#breadcrumb\"},\"inLanguage\":\"pt-BR\",\"potentialAction\":[{\"@type\":\"ReadAction\",\"target\":[\"https:\/\/gazetapernambucana.com\/?p=4519\"]}]},{\"@type\":\"ImageObject\",\"inLanguage\":\"pt-BR\",\"@id\":\"https:\/\/gazetapernambucana.com\/?p=4519#primaryimage\",\"url\":\"https:\/\/gazetapernambucana.com\/wp-content\/uploads\/2026\/08\/Raquel-Lyra-em-Caruaru-Foto-Facebook-e1786998940354.jpg\",\"contentUrl\":\"https:\/\/gazetapernambucana.com\/wp-content\/uploads\/2026\/08\/Raquel-Lyra-em-Caruaru-Foto-Facebook-e1786998940354.jpg\",\"width\":853,\"height\":616},{\"@type\":\"BreadcrumbList\",\"@id\":\"https:\/\/gazetapernambucana.com\/?p=4519#breadcrumb\",\"itemListElement\":[{\"@type\":\"ListItem\",\"position\":1,\"name\":\"In\u00edcio\",\"item\":\"https:\/\/gazetapernambucana.com\/\"},{\"@type\":\"ListItem\",\"position\":2,\"name\":\"A for\u00e7a pol\u00edtica e o carisma de Raquel Lyra viram o jogo em Pernambuco\"}]},{\"@type\":\"WebSite\",\"@id\":\"https:\/\/gazetapernambucana.com\/#website\",\"url\":\"https:\/\/gazetapernambucana.com\/\",\"name\":\"\",\"description\":\"\",\"potentialAction\":[{\"@type\":\"SearchAction\",\"target\":{\"@type\":\"EntryPoint\",\"urlTemplate\":\"https:\/\/gazetapernambucana.com\/?s={search_term_string}\"},\"query-input\":{\"@type\":\"PropertyValueSpecification\",\"valueRequired\":true,\"valueName\":\"search_term_string\"}}],\"inLanguage\":\"pt-BR\"},{\"@type\":\"Person\",\"@id\":\"https:\/\/gazetapernambucana.com\/#\/schema\/person\/188dc283325181ac2de4db1e9e987427\",\"name\":\"GP\",\"image\":{\"@type\":\"ImageObject\",\"inLanguage\":\"pt-BR\",\"@id\":\"https:\/\/gazetapernambucana.com\/#\/schema\/person\/image\/\",\"url\":\"https:\/\/secure.gravatar.com\/avatar\/9dad78ff9a2d8b5742d11779f8a3f53b052320c550b2e1907882353c067bb111?s=96&d=mm&r=g\",\"contentUrl\":\"https:\/\/secure.gravatar.com\/avatar\/9dad78ff9a2d8b5742d11779f8a3f53b052320c550b2e1907882353c067bb111?s=96&d=mm&r=g\",\"caption\":\"GP\"},\"sameAs\":[\"http:\/\/gazetapernambucana.com\"],\"url\":\"https:\/\/gazetapernambucana.com\/?author=1\"}]}<\/script>\n<!-- \/ Yoast SEO plugin. -->","yoast_head_json":{"title":"A for\u00e7a pol\u00edtica e o carisma de Raquel Lyra viram o jogo em Pernambuco -","robots":{"index":"index","follow":"follow","max-snippet":"max-snippet:-1","max-image-preview":"max-image-preview:large","max-video-preview":"max-video-preview:-1"},"canonical":"https:\/\/gazetapernambucana.com\/?p=4519","og_locale":"pt_BR","og_type":"article","og_title":"A for\u00e7a pol\u00edtica e o carisma de Raquel Lyra viram o jogo em Pernambuco -","og_description":"Em apenas um ano, governadora transforma uma desvantagem que parecia quase intranspon\u00edvel em uma disputa na qual j\u00e1 aparece numericamente \u00e0 frente de Jo\u00e3o Campos; avan\u00e7o exp\u00f5e o peso da gest\u00e3o, da presen\u00e7a no interior e de uma lideran\u00e7a que passou a estabelecer v\u00ednculo pr\u00f3prio com o eleitor pernambucano H\u00e1 um ano, poucos poderiam imaginar [&hellip;]","og_url":"https:\/\/gazetapernambucana.com\/?p=4519","article_published_time":"2026-08-19T01:48:07+00:00","article_modified_time":"2026-08-19T01:52:39+00:00","og_image":[{"width":853,"height":616,"url":"https:\/\/gazetapernambucana.com\/wp-content\/uploads\/2026\/08\/Raquel-Lyra-em-Caruaru-Foto-Facebook-e1786998940354.jpg","type":"image\/jpeg"}],"author":"GP","twitter_card":"summary_large_image","twitter_misc":{"Escrito por":"GP","Est. tempo de leitura":"9 minutos"},"schema":{"@context":"https:\/\/schema.org","@graph":[{"@type":"WebPage","@id":"https:\/\/gazetapernambucana.com\/?p=4519","url":"https:\/\/gazetapernambucana.com\/?p=4519","name":"A for\u00e7a pol\u00edtica e o carisma de Raquel Lyra viram o jogo em Pernambuco -","isPartOf":{"@id":"https:\/\/gazetapernambucana.com\/#website"},"primaryImageOfPage":{"@id":"https:\/\/gazetapernambucana.com\/?p=4519#primaryimage"},"image":{"@id":"https:\/\/gazetapernambucana.com\/?p=4519#primaryimage"},"thumbnailUrl":"https:\/\/gazetapernambucana.com\/wp-content\/uploads\/2026\/08\/Raquel-Lyra-em-Caruaru-Foto-Facebook-e1786998940354.jpg","datePublished":"2026-08-19T01:48:07+00:00","dateModified":"2026-08-19T01:52:39+00:00","author":{"@id":"https:\/\/gazetapernambucana.com\/#\/schema\/person\/188dc283325181ac2de4db1e9e987427"},"breadcrumb":{"@id":"https:\/\/gazetapernambucana.com\/?p=4519#breadcrumb"},"inLanguage":"pt-BR","potentialAction":[{"@type":"ReadAction","target":["https:\/\/gazetapernambucana.com\/?p=4519"]}]},{"@type":"ImageObject","inLanguage":"pt-BR","@id":"https:\/\/gazetapernambucana.com\/?p=4519#primaryimage","url":"https:\/\/gazetapernambucana.com\/wp-content\/uploads\/2026\/08\/Raquel-Lyra-em-Caruaru-Foto-Facebook-e1786998940354.jpg","contentUrl":"https:\/\/gazetapernambucana.com\/wp-content\/uploads\/2026\/08\/Raquel-Lyra-em-Caruaru-Foto-Facebook-e1786998940354.jpg","width":853,"height":616},{"@type":"BreadcrumbList","@id":"https:\/\/gazetapernambucana.com\/?p=4519#breadcrumb","itemListElement":[{"@type":"ListItem","position":1,"name":"In\u00edcio","item":"https:\/\/gazetapernambucana.com\/"},{"@type":"ListItem","position":2,"name":"A for\u00e7a pol\u00edtica e o carisma de Raquel Lyra viram o jogo em Pernambuco"}]},{"@type":"WebSite","@id":"https:\/\/gazetapernambucana.com\/#website","url":"https:\/\/gazetapernambucana.com\/","name":"","description":"","potentialAction":[{"@type":"SearchAction","target":{"@type":"EntryPoint","urlTemplate":"https:\/\/gazetapernambucana.com\/?s={search_term_string}"},"query-input":{"@type":"PropertyValueSpecification","valueRequired":true,"valueName":"search_term_string"}}],"inLanguage":"pt-BR"},{"@type":"Person","@id":"https:\/\/gazetapernambucana.com\/#\/schema\/person\/188dc283325181ac2de4db1e9e987427","name":"GP","image":{"@type":"ImageObject","inLanguage":"pt-BR","@id":"https:\/\/gazetapernambucana.com\/#\/schema\/person\/image\/","url":"https:\/\/secure.gravatar.com\/avatar\/9dad78ff9a2d8b5742d11779f8a3f53b052320c550b2e1907882353c067bb111?s=96&d=mm&r=g","contentUrl":"https:\/\/secure.gravatar.com\/avatar\/9dad78ff9a2d8b5742d11779f8a3f53b052320c550b2e1907882353c067bb111?s=96&d=mm&r=g","caption":"GP"},"sameAs":["http:\/\/gazetapernambucana.com"],"url":"https:\/\/gazetapernambucana.com\/?author=1"}]}},"jetpack_publicize_connections":[],"_links":{"self":[{"href":"https:\/\/gazetapernambucana.com\/index.php?rest_route=\/wp\/v2\/posts\/4519","targetHints":{"allow":["GET"]}}],"collection":[{"href":"https:\/\/gazetapernambucana.com\/index.php?rest_route=\/wp\/v2\/posts"}],"about":[{"href":"https:\/\/gazetapernambucana.com\/index.php?rest_route=\/wp\/v2\/types\/post"}],"author":[{"embeddable":true,"href":"https:\/\/gazetapernambucana.com\/index.php?rest_route=\/wp\/v2\/users\/1"}],"replies":[{"embeddable":true,"href":"https:\/\/gazetapernambucana.com\/index.php?rest_route=%2Fwp%2Fv2%2Fcomments&post=4519"}],"version-history":[{"count":2,"href":"https:\/\/gazetapernambucana.com\/index.php?rest_route=\/wp\/v2\/posts\/4519\/revisions"}],"predecessor-version":[{"id":4522,"href":"https:\/\/gazetapernambucana.com\/index.php?rest_route=\/wp\/v2\/posts\/4519\/revisions\/4522"}],"wp:featuredmedia":[{"embeddable":true,"href":"https:\/\/gazetapernambucana.com\/index.php?rest_route=\/wp\/v2\/media\/4520"}],"wp:attachment":[{"href":"https:\/\/gazetapernambucana.com\/index.php?rest_route=%2Fwp%2Fv2%2Fmedia&parent=4519"}],"wp:term":[{"taxonomy":"category","embeddable":true,"href":"https:\/\/gazetapernambucana.com\/index.php?rest_route=%2Fwp%2Fv2%2Fcategories&post=4519"},{"taxonomy":"post_tag","embeddable":true,"href":"https:\/\/gazetapernambucana.com\/index.php?rest_route=%2Fwp%2Fv2%2Ftags&post=4519"}],"curies":[{"name":"wp","href":"https:\/\/api.w.org\/{rel}","templated":true}]}}