{"id":4515,"date":"2026-08-18T01:57:09","date_gmt":"2026-08-18T04:57:09","guid":{"rendered":"https:\/\/gazetapernambucana.com\/?p=4515"},"modified":"2026-08-18T01:57:49","modified_gmt":"2026-08-18T04:57:49","slug":"filho-mais-velho-de-raquel-lyra-vira-parceiro-politico-nesta-eleicao","status":"publish","type":"post","link":"https:\/\/gazetapernambucana.com\/?p=4515","title":{"rendered":"Filho mais velho de Raquel Lyra vira parceiro pol\u00edtico nesta elei\u00e7\u00e3o"},"content":{"rendered":"<figure class=\"wp-block-image size-large\"><figcaption class=\"wp-element-caption\">Foto: Yacy Ribeiro<\/figcaption><\/figure>\n<p class=\"wp-block-paragraph\">M\u00e3e de dois meninos de 16 e 14 anos, a governadora Raquel Lyra (PSD) sempre manteve os filhos por perto ao longo de sua caminhada pol\u00edtica, mas sempre os mantendo numa dist\u00e2ncia regulamentar da vida p\u00fablica.<\/p>\n<p class=\"wp-block-paragraph\">Aos 12 e 10 anos, os irm\u00e3os enfrentaram, junto com a m\u00e3e, a tr\u00e1gica morte do pai, o empres\u00e1rio Fernando Lucena, no crucial dia de vota\u00e7\u00e3o do primeiro turno das elei\u00e7\u00f5es de 2022. Em meio ao luto refor\u00e7aram a for\u00e7a familiar no primeiro guia eleitoral do segundo turno, quando juntos abra\u00e7aram Raquel Lyra com a bandeira de Pernambuco e o primog\u00eanito, Jo\u00e3o, vestiu a m\u00e3e com o s\u00edmbolo maior do estado.<\/p>\n<p class=\"wp-block-paragraph\">Hoje mais velho, Jo\u00e3o Lyra Lucena tem se tornado um \u201cs\u00edmbolo\u201d da imagem materna que a candidata \u00e0 reelei\u00e7\u00e3o chamada de \u201cmainha\u201d sempre refor\u00e7ou. Apesar de ainda ser um adolescente, ele vem sendo uma figura de apoio da m\u00e3e, adotando uma postura quase que de protetor. Chamou aten\u00e7\u00e3o ao carreg\u00e1-la nos ombros durante a conven\u00e7\u00e3o, quando a governadora n\u00e3o conseguia atravessar a multid\u00e3o para chegar ao palco.<\/p>\n<p class=\"wp-block-paragraph\">Mesmo antes de chegar \u00e0 conven\u00e7\u00e3o, na porta do Pal\u00e1cio do Campo das Princesas, Raquel gravou materiais de campanha ao lado dos filhos e, mesmo de longe, foi poss\u00edvel perceber que o adolescente tamb\u00e9m falava no material produzido.<\/p>\n<p class=\"wp-block-paragraph\">Ontem (16), no primeiro dia de campanha, o filho mais velho acompanhou a m\u00e3e em todas as cidades por onde passou. Adesivou carros com ela em Recife, carregou Raquel nos ombros em Caruaru, conduziu ela em meio \u00e0 multid\u00e3o em Petrolina. E, nos discursos, fica exatamente atr\u00e1s dela, como se fosse seu guardi\u00e3o.<\/p>\n<p class=\"wp-block-paragraph\">A semi\u00f3tica disso para o projeto de Raquel Lyra n\u00e3o passou despercebida. A equipe de campanha tem trazido Jo\u00e3o ainda mais para perto. Nos materiais produzidos pela comunica\u00e7\u00e3o, ele tem sido quase que um integrante \u201cextra\u201d da chapa, o que refor\u00e7a o papel de companheiro de jornada de Raquel Lyra, trazendo leveza para a dura disputa que se avizinha.<\/p>\n","protected":false},"excerpt":{"rendered":"<p>Foto: Yacy Ribeiro M\u00e3e de dois meninos de 16 e 14 anos, a governadora Raquel Lyra (PSD) sempre manteve os filhos por perto ao longo de sua caminhada pol\u00edtica, mas sempre os mantendo numa dist\u00e2ncia regulamentar da vida p\u00fablica. Aos 12 e 10 anos, os irm\u00e3os enfrentaram, junto com a m\u00e3e, a tr\u00e1gica morte do [&hellip;]<\/p>\n","protected":false},"author":1,"featured_media":4516,"comment_status":"open","ping_status":"open","sticky":false,"template":"","format":"standard","meta":{"footnotes":"","jetpack_publicize_message":"","jetpack_publicize_feature_enabled":true,"jetpack_social_post_already_shared":true,"jetpack_social_options":{"image_generator_settings":{"template":"highway","default_image_id":0,"font":"","enabled":false},"version":2}},"categories":[66,1,65],"tags":[],"class_list":["post-4515","post","type-post","status-publish","format-standard","has-post-thumbnail","hentry","category-cidades","category-https-gazetapernambucana-com-page_id225","category-politica"],"yoast_head":"<!-- This site is optimized with the Yoast SEO plugin v24.5 - https:\/\/yoast.com\/wordpress\/plugins\/seo\/ -->\n<title>Filho mais velho de Raquel Lyra vira parceiro pol\u00edtico nesta elei\u00e7\u00e3o -<\/title>\n<meta name=\"robots\" content=\"index, follow, max-snippet:-1, max-image-preview:large, max-video-preview:-1\" \/>\n<link rel=\"canonical\" href=\"https:\/\/gazetapernambucana.com\/?p=4515\" \/>\n<meta property=\"og:locale\" content=\"pt_BR\" \/>\n<meta property=\"og:type\" content=\"article\" \/>\n<meta property=\"og:title\" content=\"Filho mais velho de Raquel Lyra vira parceiro pol\u00edtico nesta elei\u00e7\u00e3o -\" \/>\n<meta property=\"og:description\" content=\"Foto: Yacy Ribeiro M\u00e3e de dois meninos de 16 e 14 anos, a governadora Raquel Lyra (PSD) sempre manteve os filhos por perto ao longo de sua caminhada pol\u00edtica, mas sempre os mantendo numa dist\u00e2ncia regulamentar da vida p\u00fablica. Aos 12 e 10 anos, os irm\u00e3os enfrentaram, junto com a m\u00e3e, a tr\u00e1gica morte do [&hellip;]\" \/>\n<meta property=\"og:url\" content=\"https:\/\/gazetapernambucana.com\/?p=4515\" \/>\n<meta property=\"article:published_time\" content=\"2026-08-18T04:57:09+00:00\" \/>\n<meta property=\"article:modified_time\" content=\"2026-08-18T04:57:49+00:00\" \/>\n<meta property=\"og:image\" content=\"https:\/\/gazetapernambucana.com\/wp-content\/uploads\/2026\/08\/WhatsApp-Image-2026-08-17-at-12.13.25-1024x683-1.jpeg\" \/>\n\t<meta property=\"og:image:width\" content=\"1024\" \/>\n\t<meta property=\"og:image:height\" content=\"683\" \/>\n\t<meta property=\"og:image:type\" content=\"image\/jpeg\" \/>\n<meta name=\"author\" content=\"GP\" \/>\n<meta name=\"twitter:card\" content=\"summary_large_image\" \/>\n<meta name=\"twitter:label1\" content=\"Escrito por\" \/>\n\t<meta name=\"twitter:data1\" content=\"GP\" \/>\n\t<meta name=\"twitter:label2\" content=\"Est. tempo de leitura\" \/>\n\t<meta name=\"twitter:data2\" content=\"3 minutos\" \/>\n<script type=\"application\/ld+json\" class=\"yoast-schema-graph\">{\"@context\":\"https:\/\/schema.org\",\"@graph\":[{\"@type\":\"WebPage\",\"@id\":\"https:\/\/gazetapernambucana.com\/?p=4515\",\"url\":\"https:\/\/gazetapernambucana.com\/?p=4515\",\"name\":\"Filho mais velho de Raquel Lyra vira parceiro pol\u00edtico nesta elei\u00e7\u00e3o -\",\"isPartOf\":{\"@id\":\"https:\/\/gazetapernambucana.com\/#website\"},\"primaryImageOfPage\":{\"@id\":\"https:\/\/gazetapernambucana.com\/?p=4515#primaryimage\"},\"image\":{\"@id\":\"https:\/\/gazetapernambucana.com\/?p=4515#primaryimage\"},\"thumbnailUrl\":\"https:\/\/gazetapernambucana.com\/wp-content\/uploads\/2026\/08\/WhatsApp-Image-2026-08-17-at-12.13.25-1024x683-1.jpeg\",\"datePublished\":\"2026-08-18T04:57:09+00:00\",\"dateModified\":\"2026-08-18T04:57:49+00:00\",\"author\":{\"@id\":\"https:\/\/gazetapernambucana.com\/#\/schema\/person\/188dc283325181ac2de4db1e9e987427\"},\"breadcrumb\":{\"@id\":\"https:\/\/gazetapernambucana.com\/?p=4515#breadcrumb\"},\"inLanguage\":\"pt-BR\",\"potentialAction\":[{\"@type\":\"ReadAction\",\"target\":[\"https:\/\/gazetapernambucana.com\/?p=4515\"]}]},{\"@type\":\"ImageObject\",\"inLanguage\":\"pt-BR\",\"@id\":\"https:\/\/gazetapernambucana.com\/?p=4515#primaryimage\",\"url\":\"https:\/\/gazetapernambucana.com\/wp-content\/uploads\/2026\/08\/WhatsApp-Image-2026-08-17-at-12.13.25-1024x683-1.jpeg\",\"contentUrl\":\"https:\/\/gazetapernambucana.com\/wp-content\/uploads\/2026\/08\/WhatsApp-Image-2026-08-17-at-12.13.25-1024x683-1.jpeg\",\"width\":1024,\"height\":683},{\"@type\":\"BreadcrumbList\",\"@id\":\"https:\/\/gazetapernambucana.com\/?p=4515#breadcrumb\",\"itemListElement\":[{\"@type\":\"ListItem\",\"position\":1,\"name\":\"In\u00edcio\",\"item\":\"https:\/\/gazetapernambucana.com\/\"},{\"@type\":\"ListItem\",\"position\":2,\"name\":\"Filho mais velho de Raquel Lyra vira parceiro pol\u00edtico nesta elei\u00e7\u00e3o\"}]},{\"@type\":\"WebSite\",\"@id\":\"https:\/\/gazetapernambucana.com\/#website\",\"url\":\"https:\/\/gazetapernambucana.com\/\",\"name\":\"\",\"description\":\"\",\"potentialAction\":[{\"@type\":\"SearchAction\",\"target\":{\"@type\":\"EntryPoint\",\"urlTemplate\":\"https:\/\/gazetapernambucana.com\/?s={search_term_string}\"},\"query-input\":{\"@type\":\"PropertyValueSpecification\",\"valueRequired\":true,\"valueName\":\"search_term_string\"}}],\"inLanguage\":\"pt-BR\"},{\"@type\":\"Person\",\"@id\":\"https:\/\/gazetapernambucana.com\/#\/schema\/person\/188dc283325181ac2de4db1e9e987427\",\"name\":\"GP\",\"image\":{\"@type\":\"ImageObject\",\"inLanguage\":\"pt-BR\",\"@id\":\"https:\/\/gazetapernambucana.com\/#\/schema\/person\/image\/\",\"url\":\"https:\/\/secure.gravatar.com\/avatar\/9dad78ff9a2d8b5742d11779f8a3f53b052320c550b2e1907882353c067bb111?s=96&d=mm&r=g\",\"contentUrl\":\"https:\/\/secure.gravatar.com\/avatar\/9dad78ff9a2d8b5742d11779f8a3f53b052320c550b2e1907882353c067bb111?s=96&d=mm&r=g\",\"caption\":\"GP\"},\"sameAs\":[\"http:\/\/gazetapernambucana.com\"],\"url\":\"https:\/\/gazetapernambucana.com\/?author=1\"}]}<\/script>\n<!-- \/ Yoast SEO plugin. -->","yoast_head_json":{"title":"Filho mais velho de Raquel Lyra vira parceiro pol\u00edtico nesta elei\u00e7\u00e3o -","robots":{"index":"index","follow":"follow","max-snippet":"max-snippet:-1","max-image-preview":"max-image-preview:large","max-video-preview":"max-video-preview:-1"},"canonical":"https:\/\/gazetapernambucana.com\/?p=4515","og_locale":"pt_BR","og_type":"article","og_title":"Filho mais velho de Raquel Lyra vira parceiro pol\u00edtico nesta elei\u00e7\u00e3o -","og_description":"Foto: Yacy Ribeiro M\u00e3e de dois meninos de 16 e 14 anos, a governadora Raquel Lyra (PSD) sempre manteve os filhos por perto ao longo de sua caminhada pol\u00edtica, mas sempre os mantendo numa dist\u00e2ncia regulamentar da vida p\u00fablica. Aos 12 e 10 anos, os irm\u00e3os enfrentaram, junto com a m\u00e3e, a tr\u00e1gica morte do [&hellip;]","og_url":"https:\/\/gazetapernambucana.com\/?p=4515","article_published_time":"2026-08-18T04:57:09+00:00","article_modified_time":"2026-08-18T04:57:49+00:00","og_image":[{"width":1024,"height":683,"url":"https:\/\/gazetapernambucana.com\/wp-content\/uploads\/2026\/08\/WhatsApp-Image-2026-08-17-at-12.13.25-1024x683-1.jpeg","type":"image\/jpeg"}],"author":"GP","twitter_card":"summary_large_image","twitter_misc":{"Escrito por":"GP","Est. tempo de leitura":"3 minutos"},"schema":{"@context":"https:\/\/schema.org","@graph":[{"@type":"WebPage","@id":"https:\/\/gazetapernambucana.com\/?p=4515","url":"https:\/\/gazetapernambucana.com\/?p=4515","name":"Filho mais velho de Raquel Lyra vira parceiro pol\u00edtico nesta elei\u00e7\u00e3o -","isPartOf":{"@id":"https:\/\/gazetapernambucana.com\/#website"},"primaryImageOfPage":{"@id":"https:\/\/gazetapernambucana.com\/?p=4515#primaryimage"},"image":{"@id":"https:\/\/gazetapernambucana.com\/?p=4515#primaryimage"},"thumbnailUrl":"https:\/\/gazetapernambucana.com\/wp-content\/uploads\/2026\/08\/WhatsApp-Image-2026-08-17-at-12.13.25-1024x683-1.jpeg","datePublished":"2026-08-18T04:57:09+00:00","dateModified":"2026-08-18T04:57:49+00:00","author":{"@id":"https:\/\/gazetapernambucana.com\/#\/schema\/person\/188dc283325181ac2de4db1e9e987427"},"breadcrumb":{"@id":"https:\/\/gazetapernambucana.com\/?p=4515#breadcrumb"},"inLanguage":"pt-BR","potentialAction":[{"@type":"ReadAction","target":["https:\/\/gazetapernambucana.com\/?p=4515"]}]},{"@type":"ImageObject","inLanguage":"pt-BR","@id":"https:\/\/gazetapernambucana.com\/?p=4515#primaryimage","url":"https:\/\/gazetapernambucana.com\/wp-content\/uploads\/2026\/08\/WhatsApp-Image-2026-08-17-at-12.13.25-1024x683-1.jpeg","contentUrl":"https:\/\/gazetapernambucana.com\/wp-content\/uploads\/2026\/08\/WhatsApp-Image-2026-08-17-at-12.13.25-1024x683-1.jpeg","width":1024,"height":683},{"@type":"BreadcrumbList","@id":"https:\/\/gazetapernambucana.com\/?p=4515#breadcrumb","itemListElement":[{"@type":"ListItem","position":1,"name":"In\u00edcio","item":"https:\/\/gazetapernambucana.com\/"},{"@type":"ListItem","position":2,"name":"Filho mais velho de Raquel Lyra vira parceiro pol\u00edtico nesta elei\u00e7\u00e3o"}]},{"@type":"WebSite","@id":"https:\/\/gazetapernambucana.com\/#website","url":"https:\/\/gazetapernambucana.com\/","name":"","description":"","potentialAction":[{"@type":"SearchAction","target":{"@type":"EntryPoint","urlTemplate":"https:\/\/gazetapernambucana.com\/?s={search_term_string}"},"query-input":{"@type":"PropertyValueSpecification","valueRequired":true,"valueName":"search_term_string"}}],"inLanguage":"pt-BR"},{"@type":"Person","@id":"https:\/\/gazetapernambucana.com\/#\/schema\/person\/188dc283325181ac2de4db1e9e987427","name":"GP","image":{"@type":"ImageObject","inLanguage":"pt-BR","@id":"https:\/\/gazetapernambucana.com\/#\/schema\/person\/image\/","url":"https:\/\/secure.gravatar.com\/avatar\/9dad78ff9a2d8b5742d11779f8a3f53b052320c550b2e1907882353c067bb111?s=96&d=mm&r=g","contentUrl":"https:\/\/secure.gravatar.com\/avatar\/9dad78ff9a2d8b5742d11779f8a3f53b052320c550b2e1907882353c067bb111?s=96&d=mm&r=g","caption":"GP"},"sameAs":["http:\/\/gazetapernambucana.com"],"url":"https:\/\/gazetapernambucana.com\/?author=1"}]}},"jetpack_publicize_connections":[],"_links":{"self":[{"href":"https:\/\/gazetapernambucana.com\/index.php?rest_route=\/wp\/v2\/posts\/4515","targetHints":{"allow":["GET"]}}],"collection":[{"href":"https:\/\/gazetapernambucana.com\/index.php?rest_route=\/wp\/v2\/posts"}],"about":[{"href":"https:\/\/gazetapernambucana.com\/index.php?rest_route=\/wp\/v2\/types\/post"}],"author":[{"embeddable":true,"href":"https:\/\/gazetapernambucana.com\/index.php?rest_route=\/wp\/v2\/users\/1"}],"replies":[{"embeddable":true,"href":"https:\/\/gazetapernambucana.com\/index.php?rest_route=%2Fwp%2Fv2%2Fcomments&post=4515"}],"version-history":[{"count":2,"href":"https:\/\/gazetapernambucana.com\/index.php?rest_route=\/wp\/v2\/posts\/4515\/revisions"}],"predecessor-version":[{"id":4518,"href":"https:\/\/gazetapernambucana.com\/index.php?rest_route=\/wp\/v2\/posts\/4515\/revisions\/4518"}],"wp:featuredmedia":[{"embeddable":true,"href":"https:\/\/gazetapernambucana.com\/index.php?rest_route=\/wp\/v2\/media\/4516"}],"wp:attachment":[{"href":"https:\/\/gazetapernambucana.com\/index.php?rest_route=%2Fwp%2Fv2%2Fmedia&parent=4515"}],"wp:term":[{"taxonomy":"category","embeddable":true,"href":"https:\/\/gazetapernambucana.com\/index.php?rest_route=%2Fwp%2Fv2%2Fcategories&post=4515"},{"taxonomy":"post_tag","embeddable":true,"href":"https:\/\/gazetapernambucana.com\/index.php?rest_route=%2Fwp%2Fv2%2Ftags&post=4515"}],"curies":[{"name":"wp","href":"https:\/\/api.w.org\/{rel}","templated":true}]}}