{"id":4512,"date":"2026-08-18T00:09:55","date_gmt":"2026-08-18T03:09:55","guid":{"rendered":"https:\/\/gazetapernambucana.com\/?p=4512"},"modified":"2026-08-18T00:09:55","modified_gmt":"2026-08-18T03:09:55","slug":"entre-os-candidatos-ao-senado-tulio-gadelha-e-o-que-reune-o-maior-numero-de-apoios-entre-os-prefeitos-da-mata-sul","status":"publish","type":"post","link":"https:\/\/gazetapernambucana.com\/?p=4512","title":{"rendered":"Entre os candidatos ao Senado, T\u00falio Gad\u00ealha \u00e9 o que re\u00fane o maior n\u00famero de apoios entre os prefeitos da Mata Sul"},"content":{"rendered":"<p class=\"font-claude-response-body break-words whitespace-normal\" dir=\"ltr\">Um levantamento realizado pelo Blog Ponto de Vista mapeou como est\u00e1, at\u00e9 o momento, a posi\u00e7\u00e3o dos prefeitos dos vinte e tr\u00eas munic\u00edpios da Mata Sul de Pernambuco em rela\u00e7\u00e3o aos candidatos ao Senado. O trabalho foi elaborado a partir de conversas com a maioria dos gestores e da an\u00e1lise de manifesta\u00e7\u00f5es recentes feitas por eles em suas redes sociais.<\/p>\n<p class=\"font-claude-response-body break-words whitespace-normal\" dir=\"ltr\">De acordo com o mapeamento, T\u00falio Gad\u00ealha (PSD) possui o apoio de treze prefeitos, enquanto Humberto Costa (PT) re\u00fane onze gestores. Na sequ\u00eancia aparece Eduardo da Fonte (PP), que conta com a ades\u00e3o de pelo menos dez prefeitos. Mar\u00edlia Arraes (PDT) re\u00fane o apoio declarado de tr\u00eas gestores, enquanto Mendon\u00e7a Filho (PL) aparece com a manifesta\u00e7\u00e3o de apoio de dois prefeitos.<\/p>\n<p class=\"font-claude-response-body break-words whitespace-normal\" dir=\"ltr\">O levantamento mostra ainda que o cen\u00e1rio n\u00e3o est\u00e1 totalmente fechado. Pelo menos cinco prefeitos n\u00e3o definiram o segundo nome que pretendem apoiar para o Senado, e um gestor ainda n\u00e3o escolheu nenhum dos dois candidatos.<\/p>\n<p class=\"font-claude-response-body break-words whitespace-normal\" dir=\"ltr\">Os n\u00fameros refletem o cen\u00e1rio identificado pelo Blog Ponto de Vista neste momento e podem sofrer altera\u00e7\u00f5es ao longo da campanha, \u00e0 medida que novos apoios sejam oficializados.<\/p>\n<p class=\"font-claude-response-body break-words whitespace-normal\" dir=\"ltr\"><strong>Confira, munic\u00edpio a munic\u00edpio:<\/strong><\/p>\n<p class=\"font-claude-response-body break-words whitespace-normal\" dir=\"ltr\"><strong>\u00c1gua Preta<\/strong> \u2013 prefeito Miruca (PP)<br \/>\nSenador 1: Eduardo da Fonte (PP)<br \/>\nSenador 2: T\u00falio Gad\u00ealha (PSD)<\/p>\n<p class=\"font-claude-response-body break-words whitespace-normal\" dir=\"ltr\"><strong>Amaraji<\/strong> \u2013 prefeito Ara\u00fajo (Avante)<br \/>\nSenador 1: Eduardo da Fonte (PP)<br \/>\nSenador 2: T\u00falio Gad\u00ealha (PSD)<\/p>\n<p class=\"font-claude-response-body break-words whitespace-normal\" dir=\"ltr\"><strong>Barreiros<\/strong> \u2013 prefeito Carlinhos da Pedreira (PP)<br \/>\nSenador 1: Eduardo da Fonte (PP)<br \/>\nSenador 2: indefinido<\/p>\n<p class=\"font-claude-response-body break-words whitespace-normal\" dir=\"ltr\"><strong>Bel\u00e9m de Maria<\/strong><br \/>\nSenador 1: Humberto Costa (PT)<br \/>\nSenador 2: T\u00falio Gad\u00ealha (PSD)<\/p>\n<p class=\"font-claude-response-body break-words whitespace-normal\" dir=\"ltr\"><strong>Catende<\/strong> \u2013 prefeita Dona Gra\u00e7a (PSD)<br \/>\nSenador 1: Humberto Costa (PT)<br \/>\nSenador 2: T\u00falio Gad\u00ealha (PSD)<\/p>\n<p class=\"font-claude-response-body break-words whitespace-normal\" dir=\"ltr\"><strong>Ch\u00e3 Grande<\/strong> \u2013 prefeito Sandro Advogado (Avante)<br \/>\nSenador 1: Humberto Costa (PT)<br \/>\nSenador 2: indefinido<\/p>\n<p class=\"font-claude-response-body break-words whitespace-normal\" dir=\"ltr\"><strong>Cortes<\/strong> \u2013 prefeita F\u00e1tima Borba (PSD)<br \/>\nSenador 1: Eduardo da Fonte (PP)<br \/>\nSenador 2: T\u00falio Gad\u00ealha (PSD)<\/p>\n<p class=\"font-claude-response-body break-words whitespace-normal\" dir=\"ltr\"><strong>Escada<\/strong><br \/>\nSenador 1: Mar\u00edlia Arraes (PDT)<br \/>\nSenador 2: Mendon\u00e7a Filho (PL)<\/p>\n<p class=\"font-claude-response-body break-words whitespace-normal\" dir=\"ltr\"><strong>Gameleira<\/strong> \u2013 prefeito Dr. Leandro (PSD)<br \/>\nSenador 1: Humberto Costa (PT)<br \/>\nSenador 2: Eduardo da Fonte (PP)<\/p>\n<p class=\"font-claude-response-body break-words whitespace-normal\" dir=\"ltr\"><strong>Jaqueira<\/strong> \u2013 prefeita Ridete Pellegrino (PSD)<br \/>\nSenador 1: T\u00falio Gad\u00ealha (PSD)<br \/>\nSenador 2: indefinido<\/p>\n<p class=\"font-claude-response-body break-words whitespace-normal\" dir=\"ltr\"><strong>Joaquim Nabuco<\/strong> \u2013 prefeita M\u00e1rcia Barreto (PSD)<br \/>\nSenador 1: Eduardo da Fonte (PP)<br \/>\nSenador 2: T\u00falio Gad\u00ealha (PSD)<\/p>\n<p class=\"font-claude-response-body break-words whitespace-normal\" dir=\"ltr\"><strong>Maraial<\/strong> \u2013 prefeito Marlos Henrique (PSD)<br \/>\nSenador 1: indefinido<br \/>\nSenador 2: indefinido<\/p>\n<p class=\"font-claude-response-body break-words whitespace-normal\" dir=\"ltr\"><strong>Palmares<\/strong> \u2013 prefeito J\u00fanior de Beto (PP)<br \/>\nSenador 1: Eduardo da Fonte (PP)<br \/>\nSenador 2: T\u00falio Gad\u00ealha (PSD)<\/p>\n<p class=\"font-claude-response-body break-words whitespace-normal\" dir=\"ltr\"><strong>Primavera<\/strong> \u2013 prefeito Jeyson Falc\u00e3o (PSD)<br \/>\nSenador 1: T\u00falio Gad\u00ealha (PSD)<br \/>\nSenador 2: Humberto Costa (PT)<\/p>\n<p class=\"font-claude-response-body break-words whitespace-normal\" dir=\"ltr\"><strong>Quipap\u00e1<\/strong> \u2013 prefeito Pit\u00e9 (PSD)<br \/>\nSenador 1: Mendon\u00e7a Filho (PL)<br \/>\nSenador 2: indefinido<\/p>\n<p class=\"font-claude-response-body break-words whitespace-normal\" dir=\"ltr\"><strong>Ribeir\u00e3o<\/strong> \u2013 prefeita Carol Jord\u00e3o (PSD)<br \/>\nSenador 1: T\u00falio Gad\u00ealha (PSD)<br \/>\nSenador 2: Humberto Costa (PT)<\/p>\n<p class=\"font-claude-response-body break-words whitespace-normal\" dir=\"ltr\"><strong>Rio Formoso<\/strong> \u2013 prefeito Berg de Hacker (PSD)<br \/>\nSenador 1: Eduardo da Fonte (PP)<br \/>\nSenador 2: T\u00falio Gad\u00ealha (PSD)<\/p>\n<p class=\"font-claude-response-body break-words whitespace-normal\" dir=\"ltr\"><strong>S\u00e3o Benedito do Sul<\/strong> \u2013 prefeito Z\u00e9 do Povo (PP)<br \/>\nSenador 1: Eduardo da Fonte (PP)<br \/>\nSenador 2: Humberto Costa (PT)<\/p>\n<p class=\"font-claude-response-body break-words whitespace-normal\" dir=\"ltr\"><strong>Sirinha\u00e9m<\/strong> \u2013 prefeito Manoel da Ret\u00edfica (Podemos)<br \/>\nSenador 1: Humberto Costa (PT)<br \/>\nSenador 2: T\u00falio Gad\u00ealha (PSD)<\/p>\n<p class=\"font-claude-response-body break-words whitespace-normal\" dir=\"ltr\"><strong>S\u00e3o Jos\u00e9 da Coroa Grande<\/strong> \u2013 prefeito Barbosa (PSD)<br \/>\nSenador 1: Eduardo da Fonte (PP)<br \/>\nSenador 2: T\u00falio Gad\u00ealha (PSD)<\/p>\n<p class=\"font-claude-response-body break-words whitespace-normal\" dir=\"ltr\"><strong>Tamandar\u00e9<\/strong> \u2013 prefeito Carrapicho (Republicanos)<br \/>\nSenador 1: Humberto Costa (PT)<br \/>\nSenador 2: Mar\u00edlia Arraes (PDT)<\/p>\n<p class=\"font-claude-response-body break-words whitespace-normal\" dir=\"ltr\"><strong>Vit\u00f3ria de Santo Ant\u00e3o<\/strong> \u2013 prefeito Paulo Roberto (MDB)<br \/>\nSenador 1: Mar\u00edlia Arraes (PDT)<br \/>\nSenador 2: Humberto Costa (PT)<\/p>\n<p class=\"font-claude-response-body break-words whitespace-normal\" dir=\"ltr\"><strong>Xex\u00e9u<\/strong> \u2013 prefeito Thiago de Miel (PSD)<br \/>\nSenador 1: Humberto Costa (PT)<br \/>\nSenador 2: indefinido<\/p>\n","protected":false},"excerpt":{"rendered":"<p>Um levantamento realizado pelo Blog Ponto de Vista mapeou como est\u00e1, at\u00e9 o momento, a posi\u00e7\u00e3o dos prefeitos dos vinte e tr\u00eas munic\u00edpios da Mata Sul de Pernambuco em rela\u00e7\u00e3o aos candidatos ao Senado. O trabalho foi elaborado a partir de conversas com a maioria dos gestores e da an\u00e1lise de manifesta\u00e7\u00f5es recentes feitas por [&hellip;]<\/p>\n","protected":false},"author":1,"featured_media":4513,"comment_status":"open","ping_status":"open","sticky":false,"template":"","format":"standard","meta":{"footnotes":"","jetpack_publicize_message":"","jetpack_publicize_feature_enabled":true,"jetpack_social_post_already_shared":true,"jetpack_social_options":{"image_generator_settings":{"template":"highway","default_image_id":0,"font":"","enabled":false},"version":2}},"categories":[66,1,65],"tags":[],"class_list":["post-4512","post","type-post","status-publish","format-standard","has-post-thumbnail","hentry","category-cidades","category-https-gazetapernambucana-com-page_id225","category-politica"],"yoast_head":"<!-- This site is optimized with the Yoast SEO plugin v24.5 - https:\/\/yoast.com\/wordpress\/plugins\/seo\/ -->\n<title>Entre os candidatos ao Senado, T\u00falio Gad\u00ealha \u00e9 o que re\u00fane o maior n\u00famero de apoios entre os prefeitos da Mata Sul -<\/title>\n<meta name=\"robots\" content=\"index, follow, max-snippet:-1, max-image-preview:large, max-video-preview:-1\" \/>\n<link rel=\"canonical\" href=\"https:\/\/gazetapernambucana.com\/?p=4512\" \/>\n<meta property=\"og:locale\" content=\"pt_BR\" \/>\n<meta property=\"og:type\" content=\"article\" \/>\n<meta property=\"og:title\" content=\"Entre os candidatos ao Senado, T\u00falio Gad\u00ealha \u00e9 o que re\u00fane o maior n\u00famero de apoios entre os prefeitos da Mata Sul -\" \/>\n<meta property=\"og:description\" content=\"Um levantamento realizado pelo Blog Ponto de Vista mapeou como est\u00e1, at\u00e9 o momento, a posi\u00e7\u00e3o dos prefeitos dos vinte e tr\u00eas munic\u00edpios da Mata Sul de Pernambuco em rela\u00e7\u00e3o aos candidatos ao Senado. O trabalho foi elaborado a partir de conversas com a maioria dos gestores e da an\u00e1lise de manifesta\u00e7\u00f5es recentes feitas por [&hellip;]\" \/>\n<meta property=\"og:url\" content=\"https:\/\/gazetapernambucana.com\/?p=4512\" \/>\n<meta property=\"article:published_time\" content=\"2026-08-18T03:09:55+00:00\" \/>\n<meta property=\"og:image\" content=\"https:\/\/gazetapernambucana.com\/wp-content\/uploads\/2026\/08\/8eb974dd-239d-4aaa-b5e5-6a417cb2a221-1024x828-1.jpeg\" \/>\n\t<meta property=\"og:image:width\" content=\"1024\" \/>\n\t<meta property=\"og:image:height\" content=\"828\" \/>\n\t<meta property=\"og:image:type\" content=\"image\/jpeg\" \/>\n<meta name=\"author\" content=\"GP\" \/>\n<meta name=\"twitter:card\" content=\"summary_large_image\" \/>\n<meta name=\"twitter:label1\" content=\"Escrito por\" \/>\n\t<meta name=\"twitter:data1\" content=\"GP\" \/>\n\t<meta name=\"twitter:label2\" content=\"Est. tempo de leitura\" \/>\n\t<meta name=\"twitter:data2\" content=\"4 minutos\" \/>\n<script type=\"application\/ld+json\" class=\"yoast-schema-graph\">{\"@context\":\"https:\/\/schema.org\",\"@graph\":[{\"@type\":\"WebPage\",\"@id\":\"https:\/\/gazetapernambucana.com\/?p=4512\",\"url\":\"https:\/\/gazetapernambucana.com\/?p=4512\",\"name\":\"Entre os candidatos ao Senado, T\u00falio Gad\u00ealha \u00e9 o que re\u00fane o maior n\u00famero de apoios entre os prefeitos da Mata Sul -\",\"isPartOf\":{\"@id\":\"https:\/\/gazetapernambucana.com\/#website\"},\"primaryImageOfPage\":{\"@id\":\"https:\/\/gazetapernambucana.com\/?p=4512#primaryimage\"},\"image\":{\"@id\":\"https:\/\/gazetapernambucana.com\/?p=4512#primaryimage\"},\"thumbnailUrl\":\"https:\/\/gazetapernambucana.com\/wp-content\/uploads\/2026\/08\/8eb974dd-239d-4aaa-b5e5-6a417cb2a221-1024x828-1.jpeg\",\"datePublished\":\"2026-08-18T03:09:55+00:00\",\"author\":{\"@id\":\"https:\/\/gazetapernambucana.com\/#\/schema\/person\/188dc283325181ac2de4db1e9e987427\"},\"breadcrumb\":{\"@id\":\"https:\/\/gazetapernambucana.com\/?p=4512#breadcrumb\"},\"inLanguage\":\"pt-BR\",\"potentialAction\":[{\"@type\":\"ReadAction\",\"target\":[\"https:\/\/gazetapernambucana.com\/?p=4512\"]}]},{\"@type\":\"ImageObject\",\"inLanguage\":\"pt-BR\",\"@id\":\"https:\/\/gazetapernambucana.com\/?p=4512#primaryimage\",\"url\":\"https:\/\/gazetapernambucana.com\/wp-content\/uploads\/2026\/08\/8eb974dd-239d-4aaa-b5e5-6a417cb2a221-1024x828-1.jpeg\",\"contentUrl\":\"https:\/\/gazetapernambucana.com\/wp-content\/uploads\/2026\/08\/8eb974dd-239d-4aaa-b5e5-6a417cb2a221-1024x828-1.jpeg\",\"width\":1024,\"height\":828},{\"@type\":\"BreadcrumbList\",\"@id\":\"https:\/\/gazetapernambucana.com\/?p=4512#breadcrumb\",\"itemListElement\":[{\"@type\":\"ListItem\",\"position\":1,\"name\":\"In\u00edcio\",\"item\":\"https:\/\/gazetapernambucana.com\/\"},{\"@type\":\"ListItem\",\"position\":2,\"name\":\"Entre os candidatos ao Senado, T\u00falio Gad\u00ealha \u00e9 o que re\u00fane o maior n\u00famero de apoios entre os prefeitos da Mata Sul\"}]},{\"@type\":\"WebSite\",\"@id\":\"https:\/\/gazetapernambucana.com\/#website\",\"url\":\"https:\/\/gazetapernambucana.com\/\",\"name\":\"\",\"description\":\"\",\"potentialAction\":[{\"@type\":\"SearchAction\",\"target\":{\"@type\":\"EntryPoint\",\"urlTemplate\":\"https:\/\/gazetapernambucana.com\/?s={search_term_string}\"},\"query-input\":{\"@type\":\"PropertyValueSpecification\",\"valueRequired\":true,\"valueName\":\"search_term_string\"}}],\"inLanguage\":\"pt-BR\"},{\"@type\":\"Person\",\"@id\":\"https:\/\/gazetapernambucana.com\/#\/schema\/person\/188dc283325181ac2de4db1e9e987427\",\"name\":\"GP\",\"image\":{\"@type\":\"ImageObject\",\"inLanguage\":\"pt-BR\",\"@id\":\"https:\/\/gazetapernambucana.com\/#\/schema\/person\/image\/\",\"url\":\"https:\/\/secure.gravatar.com\/avatar\/9dad78ff9a2d8b5742d11779f8a3f53b052320c550b2e1907882353c067bb111?s=96&d=mm&r=g\",\"contentUrl\":\"https:\/\/secure.gravatar.com\/avatar\/9dad78ff9a2d8b5742d11779f8a3f53b052320c550b2e1907882353c067bb111?s=96&d=mm&r=g\",\"caption\":\"GP\"},\"sameAs\":[\"http:\/\/gazetapernambucana.com\"],\"url\":\"https:\/\/gazetapernambucana.com\/?author=1\"}]}<\/script>\n<!-- \/ Yoast SEO plugin. -->","yoast_head_json":{"title":"Entre os candidatos ao Senado, T\u00falio Gad\u00ealha \u00e9 o que re\u00fane o maior n\u00famero de apoios entre os prefeitos da Mata Sul -","robots":{"index":"index","follow":"follow","max-snippet":"max-snippet:-1","max-image-preview":"max-image-preview:large","max-video-preview":"max-video-preview:-1"},"canonical":"https:\/\/gazetapernambucana.com\/?p=4512","og_locale":"pt_BR","og_type":"article","og_title":"Entre os candidatos ao Senado, T\u00falio Gad\u00ealha \u00e9 o que re\u00fane o maior n\u00famero de apoios entre os prefeitos da Mata Sul -","og_description":"Um levantamento realizado pelo Blog Ponto de Vista mapeou como est\u00e1, at\u00e9 o momento, a posi\u00e7\u00e3o dos prefeitos dos vinte e tr\u00eas munic\u00edpios da Mata Sul de Pernambuco em rela\u00e7\u00e3o aos candidatos ao Senado. O trabalho foi elaborado a partir de conversas com a maioria dos gestores e da an\u00e1lise de manifesta\u00e7\u00f5es recentes feitas por [&hellip;]","og_url":"https:\/\/gazetapernambucana.com\/?p=4512","article_published_time":"2026-08-18T03:09:55+00:00","og_image":[{"width":1024,"height":828,"url":"https:\/\/gazetapernambucana.com\/wp-content\/uploads\/2026\/08\/8eb974dd-239d-4aaa-b5e5-6a417cb2a221-1024x828-1.jpeg","type":"image\/jpeg"}],"author":"GP","twitter_card":"summary_large_image","twitter_misc":{"Escrito por":"GP","Est. tempo de leitura":"4 minutos"},"schema":{"@context":"https:\/\/schema.org","@graph":[{"@type":"WebPage","@id":"https:\/\/gazetapernambucana.com\/?p=4512","url":"https:\/\/gazetapernambucana.com\/?p=4512","name":"Entre os candidatos ao Senado, T\u00falio Gad\u00ealha \u00e9 o que re\u00fane o maior n\u00famero de apoios entre os prefeitos da Mata Sul -","isPartOf":{"@id":"https:\/\/gazetapernambucana.com\/#website"},"primaryImageOfPage":{"@id":"https:\/\/gazetapernambucana.com\/?p=4512#primaryimage"},"image":{"@id":"https:\/\/gazetapernambucana.com\/?p=4512#primaryimage"},"thumbnailUrl":"https:\/\/gazetapernambucana.com\/wp-content\/uploads\/2026\/08\/8eb974dd-239d-4aaa-b5e5-6a417cb2a221-1024x828-1.jpeg","datePublished":"2026-08-18T03:09:55+00:00","author":{"@id":"https:\/\/gazetapernambucana.com\/#\/schema\/person\/188dc283325181ac2de4db1e9e987427"},"breadcrumb":{"@id":"https:\/\/gazetapernambucana.com\/?p=4512#breadcrumb"},"inLanguage":"pt-BR","potentialAction":[{"@type":"ReadAction","target":["https:\/\/gazetapernambucana.com\/?p=4512"]}]},{"@type":"ImageObject","inLanguage":"pt-BR","@id":"https:\/\/gazetapernambucana.com\/?p=4512#primaryimage","url":"https:\/\/gazetapernambucana.com\/wp-content\/uploads\/2026\/08\/8eb974dd-239d-4aaa-b5e5-6a417cb2a221-1024x828-1.jpeg","contentUrl":"https:\/\/gazetapernambucana.com\/wp-content\/uploads\/2026\/08\/8eb974dd-239d-4aaa-b5e5-6a417cb2a221-1024x828-1.jpeg","width":1024,"height":828},{"@type":"BreadcrumbList","@id":"https:\/\/gazetapernambucana.com\/?p=4512#breadcrumb","itemListElement":[{"@type":"ListItem","position":1,"name":"In\u00edcio","item":"https:\/\/gazetapernambucana.com\/"},{"@type":"ListItem","position":2,"name":"Entre os candidatos ao Senado, T\u00falio Gad\u00ealha \u00e9 o que re\u00fane o maior n\u00famero de apoios entre os prefeitos da Mata Sul"}]},{"@type":"WebSite","@id":"https:\/\/gazetapernambucana.com\/#website","url":"https:\/\/gazetapernambucana.com\/","name":"","description":"","potentialAction":[{"@type":"SearchAction","target":{"@type":"EntryPoint","urlTemplate":"https:\/\/gazetapernambucana.com\/?s={search_term_string}"},"query-input":{"@type":"PropertyValueSpecification","valueRequired":true,"valueName":"search_term_string"}}],"inLanguage":"pt-BR"},{"@type":"Person","@id":"https:\/\/gazetapernambucana.com\/#\/schema\/person\/188dc283325181ac2de4db1e9e987427","name":"GP","image":{"@type":"ImageObject","inLanguage":"pt-BR","@id":"https:\/\/gazetapernambucana.com\/#\/schema\/person\/image\/","url":"https:\/\/secure.gravatar.com\/avatar\/9dad78ff9a2d8b5742d11779f8a3f53b052320c550b2e1907882353c067bb111?s=96&d=mm&r=g","contentUrl":"https:\/\/secure.gravatar.com\/avatar\/9dad78ff9a2d8b5742d11779f8a3f53b052320c550b2e1907882353c067bb111?s=96&d=mm&r=g","caption":"GP"},"sameAs":["http:\/\/gazetapernambucana.com"],"url":"https:\/\/gazetapernambucana.com\/?author=1"}]}},"jetpack_publicize_connections":[],"_links":{"self":[{"href":"https:\/\/gazetapernambucana.com\/index.php?rest_route=\/wp\/v2\/posts\/4512","targetHints":{"allow":["GET"]}}],"collection":[{"href":"https:\/\/gazetapernambucana.com\/index.php?rest_route=\/wp\/v2\/posts"}],"about":[{"href":"https:\/\/gazetapernambucana.com\/index.php?rest_route=\/wp\/v2\/types\/post"}],"author":[{"embeddable":true,"href":"https:\/\/gazetapernambucana.com\/index.php?rest_route=\/wp\/v2\/users\/1"}],"replies":[{"embeddable":true,"href":"https:\/\/gazetapernambucana.com\/index.php?rest_route=%2Fwp%2Fv2%2Fcomments&post=4512"}],"version-history":[{"count":1,"href":"https:\/\/gazetapernambucana.com\/index.php?rest_route=\/wp\/v2\/posts\/4512\/revisions"}],"predecessor-version":[{"id":4514,"href":"https:\/\/gazetapernambucana.com\/index.php?rest_route=\/wp\/v2\/posts\/4512\/revisions\/4514"}],"wp:featuredmedia":[{"embeddable":true,"href":"https:\/\/gazetapernambucana.com\/index.php?rest_route=\/wp\/v2\/media\/4513"}],"wp:attachment":[{"href":"https:\/\/gazetapernambucana.com\/index.php?rest_route=%2Fwp%2Fv2%2Fmedia&parent=4512"}],"wp:term":[{"taxonomy":"category","embeddable":true,"href":"https:\/\/gazetapernambucana.com\/index.php?rest_route=%2Fwp%2Fv2%2Fcategories&post=4512"},{"taxonomy":"post_tag","embeddable":true,"href":"https:\/\/gazetapernambucana.com\/index.php?rest_route=%2Fwp%2Fv2%2Ftags&post=4512"}],"curies":[{"name":"wp","href":"https:\/\/api.w.org\/{rel}","templated":true}]}}