{"id":4509,"date":"2026-08-17T23:47:29","date_gmt":"2026-08-18T02:47:29","guid":{"rendered":"https:\/\/gazetapernambucana.com\/?p=4509"},"modified":"2026-08-17T23:47:29","modified_gmt":"2026-08-18T02:47:29","slug":"oab-pe-participa-da-abertura-da-33a-semana-nacional-da-justica-pela-paz-em-casa-do-tjpe","status":"publish","type":"post","link":"https:\/\/gazetapernambucana.com\/?p=4509","title":{"rendered":"OAB-PE participa da abertura da 33\u00aa Semana Nacional da Justi\u00e7a pela Paz em Casa do TJPE"},"content":{"rendered":"<p>A Ordem dos Advogados do Brasil \u2013 Seccional Pernambuco (OAB-PE) participou, nesta segunda-feira (17), da abertura da 33\u00aa edi\u00e7\u00e3o da Semana Nacional da Justi\u00e7a pela Paz em Casa, promovida pelo Tribunal de Justi\u00e7a de Pernambuco (TJPE). A presidente da OAB-PE, Ingrid Zanella, comp\u00f4s o dispositivo de honra da solenidade, que reuniu representantes do sistema de Justi\u00e7a e profissionais envolvidos no enfrentamento \u00e0 viol\u00eancia contra a mulher.<\/p>\n<p>Para Ingrid Zanella, a participa\u00e7\u00e3o da OAB-PE na iniciativa refor\u00e7ou o compromisso da institui\u00e7\u00e3o com a defesa dos direitos das mulheres e com a constru\u00e7\u00e3o de uma sociedade livre da viol\u00eancia de g\u00eanero.<\/p>\n<p>\u201cA realiza\u00e7\u00e3o de um evento como este \u00e9 fundamental para fortalecer o debate, compartilhar experi\u00eancias e buscar caminhos cada vez mais efetivos para a preven\u00e7\u00e3o e o enfrentamento \u00e0 viol\u00eancia contra a mulher. A OAB-PE tem o compromisso de estar presente nesses espa\u00e7os, contribuindo com a constru\u00e7\u00e3o de pol\u00edticas e a\u00e7\u00f5es que garantam direitos, prote\u00e7\u00e3o e acesso \u00e0 Justi\u00e7a. Participar desta abertura tamb\u00e9m reafirma que a advocacia tem um papel essencial nessa rede de enfrentamento\u201d, ressaltou a presidente.<\/p>\n<p>O evento de abertura foi presidido pela desembargadora Val\u00e9ria Pereira, da Coordenadoria Estadual da Mulher em Situa\u00e7\u00e3o de Viol\u00eancia Dom\u00e9stica e Familiar. Em sua fala, ela fez uma homenagem \u00e0 desembargadora Daisy Andrade, que j\u00e1 ocupou o cargo na coordenadoria e agora atua como diretora-geral da Escola Judicial de Pernambuco (Esmape). Realizada entre os dias 17 e 21 de agosto, a iniciativa re\u00fane a\u00e7\u00f5es de preven\u00e7\u00e3o e enfrentamento \u00e0 viol\u00eancia dom\u00e9stica e familiar contra a mulher, promovidas pela Coordenadoria da Mulher e pelas Varas de Viol\u00eancia Dom\u00e9stica e Familiar do TJPE.<\/p>\n<p>A programa\u00e7\u00e3o foi aberta com o semin\u00e1rio \u201c20 Anos da Lei Maria da Penha: da Conquista \u00e0 Efetividade\u201d, realizado no Audit\u00f3rio Desembargador Nildo Nery, na Esmape. O encontro tamb\u00e9m marcou os 15 anos da Coordenadoria da Mulher do TJPE e promoveu debates sobre os desafios da aplica\u00e7\u00e3o da Lei Maria da Penha, as medidas protetivas de urg\u00eancia e a rela\u00e7\u00e3o entre Direito das Fam\u00edlias e viol\u00eancia dom\u00e9stica.<\/p>\n","protected":false},"excerpt":{"rendered":"<p>A Ordem dos Advogados do Brasil \u2013 Seccional Pernambuco (OAB-PE) participou, nesta segunda-feira (17), da abertura da 33\u00aa edi\u00e7\u00e3o da Semana Nacional da Justi\u00e7a pela Paz em Casa, promovida pelo Tribunal de Justi\u00e7a de Pernambuco (TJPE). A presidente da OAB-PE, Ingrid Zanella, comp\u00f4s o dispositivo de honra da solenidade, que reuniu representantes do sistema de [&hellip;]<\/p>\n","protected":false},"author":1,"featured_media":4510,"comment_status":"open","ping_status":"open","sticky":false,"template":"","format":"standard","meta":{"footnotes":"","jetpack_publicize_message":"","jetpack_publicize_feature_enabled":true,"jetpack_social_post_already_shared":true,"jetpack_social_options":{"image_generator_settings":{"template":"highway","default_image_id":0,"font":"","enabled":false},"version":2}},"categories":[1,65],"tags":[],"class_list":["post-4509","post","type-post","status-publish","format-standard","has-post-thumbnail","hentry","category-https-gazetapernambucana-com-page_id225","category-politica"],"yoast_head":"<!-- This site is optimized with the Yoast SEO plugin v24.5 - https:\/\/yoast.com\/wordpress\/plugins\/seo\/ -->\n<title>OAB-PE participa da abertura da 33\u00aa Semana Nacional da Justi\u00e7a pela Paz em Casa do TJPE -<\/title>\n<meta name=\"robots\" content=\"index, follow, max-snippet:-1, max-image-preview:large, max-video-preview:-1\" \/>\n<link rel=\"canonical\" href=\"https:\/\/gazetapernambucana.com\/?p=4509\" \/>\n<meta property=\"og:locale\" content=\"pt_BR\" \/>\n<meta property=\"og:type\" content=\"article\" \/>\n<meta property=\"og:title\" content=\"OAB-PE participa da abertura da 33\u00aa Semana Nacional da Justi\u00e7a pela Paz em Casa do TJPE -\" \/>\n<meta property=\"og:description\" content=\"A Ordem dos Advogados do Brasil \u2013 Seccional Pernambuco (OAB-PE) participou, nesta segunda-feira (17), da abertura da 33\u00aa edi\u00e7\u00e3o da Semana Nacional da Justi\u00e7a pela Paz em Casa, promovida pelo Tribunal de Justi\u00e7a de Pernambuco (TJPE). A presidente da OAB-PE, Ingrid Zanella, comp\u00f4s o dispositivo de honra da solenidade, que reuniu representantes do sistema de [&hellip;]\" \/>\n<meta property=\"og:url\" content=\"https:\/\/gazetapernambucana.com\/?p=4509\" \/>\n<meta property=\"article:published_time\" content=\"2026-08-18T02:47:29+00:00\" \/>\n<meta property=\"og:image\" content=\"https:\/\/gazetapernambucana.com\/wp-content\/uploads\/2026\/08\/1200x_0.516331001787002204-1.jpeg\" \/>\n\t<meta property=\"og:image:width\" content=\"1200\" \/>\n\t<meta property=\"og:image:height\" content=\"775\" \/>\n\t<meta property=\"og:image:type\" content=\"image\/jpeg\" \/>\n<meta name=\"author\" content=\"GP\" \/>\n<meta name=\"twitter:card\" content=\"summary_large_image\" \/>\n<meta name=\"twitter:label1\" content=\"Escrito por\" \/>\n\t<meta name=\"twitter:data1\" content=\"GP\" \/>\n\t<meta name=\"twitter:label2\" content=\"Est. tempo de leitura\" \/>\n\t<meta name=\"twitter:data2\" content=\"3 minutos\" \/>\n<script type=\"application\/ld+json\" class=\"yoast-schema-graph\">{\"@context\":\"https:\/\/schema.org\",\"@graph\":[{\"@type\":\"WebPage\",\"@id\":\"https:\/\/gazetapernambucana.com\/?p=4509\",\"url\":\"https:\/\/gazetapernambucana.com\/?p=4509\",\"name\":\"OAB-PE participa da abertura da 33\u00aa Semana Nacional da Justi\u00e7a pela Paz em Casa do TJPE -\",\"isPartOf\":{\"@id\":\"https:\/\/gazetapernambucana.com\/#website\"},\"primaryImageOfPage\":{\"@id\":\"https:\/\/gazetapernambucana.com\/?p=4509#primaryimage\"},\"image\":{\"@id\":\"https:\/\/gazetapernambucana.com\/?p=4509#primaryimage\"},\"thumbnailUrl\":\"https:\/\/gazetapernambucana.com\/wp-content\/uploads\/2026\/08\/1200x_0.516331001787002204-1.jpeg\",\"datePublished\":\"2026-08-18T02:47:29+00:00\",\"author\":{\"@id\":\"https:\/\/gazetapernambucana.com\/#\/schema\/person\/188dc283325181ac2de4db1e9e987427\"},\"breadcrumb\":{\"@id\":\"https:\/\/gazetapernambucana.com\/?p=4509#breadcrumb\"},\"inLanguage\":\"pt-BR\",\"potentialAction\":[{\"@type\":\"ReadAction\",\"target\":[\"https:\/\/gazetapernambucana.com\/?p=4509\"]}]},{\"@type\":\"ImageObject\",\"inLanguage\":\"pt-BR\",\"@id\":\"https:\/\/gazetapernambucana.com\/?p=4509#primaryimage\",\"url\":\"https:\/\/gazetapernambucana.com\/wp-content\/uploads\/2026\/08\/1200x_0.516331001787002204-1.jpeg\",\"contentUrl\":\"https:\/\/gazetapernambucana.com\/wp-content\/uploads\/2026\/08\/1200x_0.516331001787002204-1.jpeg\",\"width\":1200,\"height\":775},{\"@type\":\"BreadcrumbList\",\"@id\":\"https:\/\/gazetapernambucana.com\/?p=4509#breadcrumb\",\"itemListElement\":[{\"@type\":\"ListItem\",\"position\":1,\"name\":\"In\u00edcio\",\"item\":\"https:\/\/gazetapernambucana.com\/\"},{\"@type\":\"ListItem\",\"position\":2,\"name\":\"OAB-PE participa da abertura da 33\u00aa Semana Nacional da Justi\u00e7a pela Paz em Casa do TJPE\"}]},{\"@type\":\"WebSite\",\"@id\":\"https:\/\/gazetapernambucana.com\/#website\",\"url\":\"https:\/\/gazetapernambucana.com\/\",\"name\":\"\",\"description\":\"\",\"potentialAction\":[{\"@type\":\"SearchAction\",\"target\":{\"@type\":\"EntryPoint\",\"urlTemplate\":\"https:\/\/gazetapernambucana.com\/?s={search_term_string}\"},\"query-input\":{\"@type\":\"PropertyValueSpecification\",\"valueRequired\":true,\"valueName\":\"search_term_string\"}}],\"inLanguage\":\"pt-BR\"},{\"@type\":\"Person\",\"@id\":\"https:\/\/gazetapernambucana.com\/#\/schema\/person\/188dc283325181ac2de4db1e9e987427\",\"name\":\"GP\",\"image\":{\"@type\":\"ImageObject\",\"inLanguage\":\"pt-BR\",\"@id\":\"https:\/\/gazetapernambucana.com\/#\/schema\/person\/image\/\",\"url\":\"https:\/\/secure.gravatar.com\/avatar\/9dad78ff9a2d8b5742d11779f8a3f53b052320c550b2e1907882353c067bb111?s=96&d=mm&r=g\",\"contentUrl\":\"https:\/\/secure.gravatar.com\/avatar\/9dad78ff9a2d8b5742d11779f8a3f53b052320c550b2e1907882353c067bb111?s=96&d=mm&r=g\",\"caption\":\"GP\"},\"sameAs\":[\"http:\/\/gazetapernambucana.com\"],\"url\":\"https:\/\/gazetapernambucana.com\/?author=1\"}]}<\/script>\n<!-- \/ Yoast SEO plugin. -->","yoast_head_json":{"title":"OAB-PE participa da abertura da 33\u00aa Semana Nacional da Justi\u00e7a pela Paz em Casa do TJPE -","robots":{"index":"index","follow":"follow","max-snippet":"max-snippet:-1","max-image-preview":"max-image-preview:large","max-video-preview":"max-video-preview:-1"},"canonical":"https:\/\/gazetapernambucana.com\/?p=4509","og_locale":"pt_BR","og_type":"article","og_title":"OAB-PE participa da abertura da 33\u00aa Semana Nacional da Justi\u00e7a pela Paz em Casa do TJPE -","og_description":"A Ordem dos Advogados do Brasil \u2013 Seccional Pernambuco (OAB-PE) participou, nesta segunda-feira (17), da abertura da 33\u00aa edi\u00e7\u00e3o da Semana Nacional da Justi\u00e7a pela Paz em Casa, promovida pelo Tribunal de Justi\u00e7a de Pernambuco (TJPE). A presidente da OAB-PE, Ingrid Zanella, comp\u00f4s o dispositivo de honra da solenidade, que reuniu representantes do sistema de [&hellip;]","og_url":"https:\/\/gazetapernambucana.com\/?p=4509","article_published_time":"2026-08-18T02:47:29+00:00","og_image":[{"width":1200,"height":775,"url":"https:\/\/gazetapernambucana.com\/wp-content\/uploads\/2026\/08\/1200x_0.516331001787002204-1.jpeg","type":"image\/jpeg"}],"author":"GP","twitter_card":"summary_large_image","twitter_misc":{"Escrito por":"GP","Est. tempo de leitura":"3 minutos"},"schema":{"@context":"https:\/\/schema.org","@graph":[{"@type":"WebPage","@id":"https:\/\/gazetapernambucana.com\/?p=4509","url":"https:\/\/gazetapernambucana.com\/?p=4509","name":"OAB-PE participa da abertura da 33\u00aa Semana Nacional da Justi\u00e7a pela Paz em Casa do TJPE -","isPartOf":{"@id":"https:\/\/gazetapernambucana.com\/#website"},"primaryImageOfPage":{"@id":"https:\/\/gazetapernambucana.com\/?p=4509#primaryimage"},"image":{"@id":"https:\/\/gazetapernambucana.com\/?p=4509#primaryimage"},"thumbnailUrl":"https:\/\/gazetapernambucana.com\/wp-content\/uploads\/2026\/08\/1200x_0.516331001787002204-1.jpeg","datePublished":"2026-08-18T02:47:29+00:00","author":{"@id":"https:\/\/gazetapernambucana.com\/#\/schema\/person\/188dc283325181ac2de4db1e9e987427"},"breadcrumb":{"@id":"https:\/\/gazetapernambucana.com\/?p=4509#breadcrumb"},"inLanguage":"pt-BR","potentialAction":[{"@type":"ReadAction","target":["https:\/\/gazetapernambucana.com\/?p=4509"]}]},{"@type":"ImageObject","inLanguage":"pt-BR","@id":"https:\/\/gazetapernambucana.com\/?p=4509#primaryimage","url":"https:\/\/gazetapernambucana.com\/wp-content\/uploads\/2026\/08\/1200x_0.516331001787002204-1.jpeg","contentUrl":"https:\/\/gazetapernambucana.com\/wp-content\/uploads\/2026\/08\/1200x_0.516331001787002204-1.jpeg","width":1200,"height":775},{"@type":"BreadcrumbList","@id":"https:\/\/gazetapernambucana.com\/?p=4509#breadcrumb","itemListElement":[{"@type":"ListItem","position":1,"name":"In\u00edcio","item":"https:\/\/gazetapernambucana.com\/"},{"@type":"ListItem","position":2,"name":"OAB-PE participa da abertura da 33\u00aa Semana Nacional da Justi\u00e7a pela Paz em Casa do TJPE"}]},{"@type":"WebSite","@id":"https:\/\/gazetapernambucana.com\/#website","url":"https:\/\/gazetapernambucana.com\/","name":"","description":"","potentialAction":[{"@type":"SearchAction","target":{"@type":"EntryPoint","urlTemplate":"https:\/\/gazetapernambucana.com\/?s={search_term_string}"},"query-input":{"@type":"PropertyValueSpecification","valueRequired":true,"valueName":"search_term_string"}}],"inLanguage":"pt-BR"},{"@type":"Person","@id":"https:\/\/gazetapernambucana.com\/#\/schema\/person\/188dc283325181ac2de4db1e9e987427","name":"GP","image":{"@type":"ImageObject","inLanguage":"pt-BR","@id":"https:\/\/gazetapernambucana.com\/#\/schema\/person\/image\/","url":"https:\/\/secure.gravatar.com\/avatar\/9dad78ff9a2d8b5742d11779f8a3f53b052320c550b2e1907882353c067bb111?s=96&d=mm&r=g","contentUrl":"https:\/\/secure.gravatar.com\/avatar\/9dad78ff9a2d8b5742d11779f8a3f53b052320c550b2e1907882353c067bb111?s=96&d=mm&r=g","caption":"GP"},"sameAs":["http:\/\/gazetapernambucana.com"],"url":"https:\/\/gazetapernambucana.com\/?author=1"}]}},"jetpack_publicize_connections":[],"_links":{"self":[{"href":"https:\/\/gazetapernambucana.com\/index.php?rest_route=\/wp\/v2\/posts\/4509","targetHints":{"allow":["GET"]}}],"collection":[{"href":"https:\/\/gazetapernambucana.com\/index.php?rest_route=\/wp\/v2\/posts"}],"about":[{"href":"https:\/\/gazetapernambucana.com\/index.php?rest_route=\/wp\/v2\/types\/post"}],"author":[{"embeddable":true,"href":"https:\/\/gazetapernambucana.com\/index.php?rest_route=\/wp\/v2\/users\/1"}],"replies":[{"embeddable":true,"href":"https:\/\/gazetapernambucana.com\/index.php?rest_route=%2Fwp%2Fv2%2Fcomments&post=4509"}],"version-history":[{"count":1,"href":"https:\/\/gazetapernambucana.com\/index.php?rest_route=\/wp\/v2\/posts\/4509\/revisions"}],"predecessor-version":[{"id":4511,"href":"https:\/\/gazetapernambucana.com\/index.php?rest_route=\/wp\/v2\/posts\/4509\/revisions\/4511"}],"wp:featuredmedia":[{"embeddable":true,"href":"https:\/\/gazetapernambucana.com\/index.php?rest_route=\/wp\/v2\/media\/4510"}],"wp:attachment":[{"href":"https:\/\/gazetapernambucana.com\/index.php?rest_route=%2Fwp%2Fv2%2Fmedia&parent=4509"}],"wp:term":[{"taxonomy":"category","embeddable":true,"href":"https:\/\/gazetapernambucana.com\/index.php?rest_route=%2Fwp%2Fv2%2Fcategories&post=4509"},{"taxonomy":"post_tag","embeddable":true,"href":"https:\/\/gazetapernambucana.com\/index.php?rest_route=%2Fwp%2Fv2%2Ftags&post=4509"}],"curies":[{"name":"wp","href":"https:\/\/api.w.org\/{rel}","templated":true}]}}