{"id":4504,"date":"2026-08-17T23:43:50","date_gmt":"2026-08-18T02:43:50","guid":{"rendered":"https:\/\/gazetapernambucana.com\/?p=4504"},"modified":"2026-08-17T23:43:50","modified_gmt":"2026-08-18T02:43:50","slug":"osmar-ricardo-declara-apoio-a-liana-cirne-para-deputada-federal","status":"publish","type":"post","link":"https:\/\/gazetapernambucana.com\/?p=4504","title":{"rendered":"Osmar Ricardo declara apoio a Liana Cirne para deputada federal"},"content":{"rendered":"<div class=\"p-3\">\n<div class=\"d-flex justify-content-between\">\n<div>Lideran\u00e7a anunciou apoio no \u00faltimo domingo (17) e destacou compromisso da petista com Pernambuco.<\/div>\n<\/div>\n<div class=\"mt-2 texto\">\n<p>Osmar Ricardo declarou, no \u00faltimo domingo (17), apoio \u00e0 candidatura de Liana Cirne a deputada federal. Ao anunciar sua decis\u00e3o, destacou a import\u00e2ncia de fazer pol\u00edtica com posicionamento, compromisso e coragem para defender aquilo em que se acredita.<\/p>\n<p>\u201cPol\u00edtica se faz com lado, compromisso e coragem para defender aquilo em que a gente acredita. Tenho orgulho de caminhar ao lado de Liana Cirne, parte desse projeto de trabalho, presen\u00e7a e compromisso com Pernambuco\u201d, afirmou Osmar Ricardo.<\/p>\n<p>Advogada, doutora em Direito P\u00fablico pela UFPE, professora da Faculdade de Direito do Recife e servidora p\u00fablica federal h\u00e1 17 anos, Liana Cirne tem uma trajet\u00f3ria marcada pela defesa da democracia, dos direitos humanos e da justi\u00e7a social. M\u00e3e at\u00edpica e reeleita vereadora do Recife pelo Partido dos Trabalhadores (PT), Liana obteve quase 58 mil votos na disputa para deputada federal em 2022, quando ficou como primeira suplente da federa\u00e7\u00e3o.<\/p>\n<p>Para Osmar Ricardo, a uni\u00e3o representa a constru\u00e7\u00e3o de um projeto baseado no trabalho e na presen\u00e7a junto \u00e0 popula\u00e7\u00e3o.<\/p>\n<p>\u201cSeguimos juntos, com di\u00e1logo, responsabilidade e disposi\u00e7\u00e3o para fazer a diferen\u00e7a na vida do nosso povo\u201d, completou.<\/p>\n<\/div>\n<\/div>\n","protected":false},"excerpt":{"rendered":"<p>Lideran\u00e7a anunciou apoio no \u00faltimo domingo (17) e destacou compromisso da petista com Pernambuco. Osmar Ricardo declarou, no \u00faltimo domingo (17), apoio \u00e0 candidatura de Liana Cirne a deputada federal. Ao anunciar sua decis\u00e3o, destacou a import\u00e2ncia de fazer pol\u00edtica com posicionamento, compromisso e coragem para defender aquilo em que se acredita. \u201cPol\u00edtica se faz [&hellip;]<\/p>\n","protected":false},"author":1,"featured_media":4505,"comment_status":"open","ping_status":"open","sticky":false,"template":"","format":"standard","meta":{"footnotes":"","jetpack_publicize_message":"","jetpack_publicize_feature_enabled":true,"jetpack_social_post_already_shared":true,"jetpack_social_options":{"image_generator_settings":{"template":"highway","default_image_id":0,"font":"","enabled":false},"version":2}},"categories":[1,65],"tags":[],"class_list":["post-4504","post","type-post","status-publish","format-standard","has-post-thumbnail","hentry","category-https-gazetapernambucana-com-page_id225","category-politica"],"yoast_head":"<!-- This site is optimized with the Yoast SEO plugin v24.5 - https:\/\/yoast.com\/wordpress\/plugins\/seo\/ -->\n<title>Osmar Ricardo declara apoio a Liana Cirne para deputada federal -<\/title>\n<meta name=\"robots\" content=\"index, follow, max-snippet:-1, max-image-preview:large, max-video-preview:-1\" \/>\n<link rel=\"canonical\" href=\"https:\/\/gazetapernambucana.com\/?p=4504\" \/>\n<meta property=\"og:locale\" content=\"pt_BR\" \/>\n<meta property=\"og:type\" content=\"article\" \/>\n<meta property=\"og:title\" content=\"Osmar Ricardo declara apoio a Liana Cirne para deputada federal -\" \/>\n<meta property=\"og:description\" content=\"Lideran\u00e7a anunciou apoio no \u00faltimo domingo (17) e destacou compromisso da petista com Pernambuco. Osmar Ricardo declarou, no \u00faltimo domingo (17), apoio \u00e0 candidatura de Liana Cirne a deputada federal. Ao anunciar sua decis\u00e3o, destacou a import\u00e2ncia de fazer pol\u00edtica com posicionamento, compromisso e coragem para defender aquilo em que se acredita. \u201cPol\u00edtica se faz [&hellip;]\" \/>\n<meta property=\"og:url\" content=\"https:\/\/gazetapernambucana.com\/?p=4504\" \/>\n<meta property=\"article:published_time\" content=\"2026-08-18T02:43:50+00:00\" \/>\n<meta property=\"og:image\" content=\"https:\/\/gazetapernambucana.com\/wp-content\/uploads\/2026\/08\/1200x_0.922862001787001858-1.jpeg\" \/>\n\t<meta property=\"og:image:width\" content=\"1200\" \/>\n\t<meta property=\"og:image:height\" content=\"1038\" \/>\n\t<meta property=\"og:image:type\" content=\"image\/jpeg\" \/>\n<meta name=\"author\" content=\"GP\" \/>\n<meta name=\"twitter:card\" content=\"summary_large_image\" \/>\n<meta name=\"twitter:label1\" content=\"Escrito por\" \/>\n\t<meta name=\"twitter:data1\" content=\"GP\" \/>\n\t<meta name=\"twitter:label2\" content=\"Est. tempo de leitura\" \/>\n\t<meta name=\"twitter:data2\" content=\"2 minutos\" \/>\n<script type=\"application\/ld+json\" class=\"yoast-schema-graph\">{\"@context\":\"https:\/\/schema.org\",\"@graph\":[{\"@type\":\"WebPage\",\"@id\":\"https:\/\/gazetapernambucana.com\/?p=4504\",\"url\":\"https:\/\/gazetapernambucana.com\/?p=4504\",\"name\":\"Osmar Ricardo declara apoio a Liana Cirne para deputada federal -\",\"isPartOf\":{\"@id\":\"https:\/\/gazetapernambucana.com\/#website\"},\"primaryImageOfPage\":{\"@id\":\"https:\/\/gazetapernambucana.com\/?p=4504#primaryimage\"},\"image\":{\"@id\":\"https:\/\/gazetapernambucana.com\/?p=4504#primaryimage\"},\"thumbnailUrl\":\"https:\/\/gazetapernambucana.com\/wp-content\/uploads\/2026\/08\/1200x_0.922862001787001858-1.jpeg\",\"datePublished\":\"2026-08-18T02:43:50+00:00\",\"author\":{\"@id\":\"https:\/\/gazetapernambucana.com\/#\/schema\/person\/188dc283325181ac2de4db1e9e987427\"},\"breadcrumb\":{\"@id\":\"https:\/\/gazetapernambucana.com\/?p=4504#breadcrumb\"},\"inLanguage\":\"pt-BR\",\"potentialAction\":[{\"@type\":\"ReadAction\",\"target\":[\"https:\/\/gazetapernambucana.com\/?p=4504\"]}]},{\"@type\":\"ImageObject\",\"inLanguage\":\"pt-BR\",\"@id\":\"https:\/\/gazetapernambucana.com\/?p=4504#primaryimage\",\"url\":\"https:\/\/gazetapernambucana.com\/wp-content\/uploads\/2026\/08\/1200x_0.922862001787001858-1.jpeg\",\"contentUrl\":\"https:\/\/gazetapernambucana.com\/wp-content\/uploads\/2026\/08\/1200x_0.922862001787001858-1.jpeg\",\"width\":1200,\"height\":1038},{\"@type\":\"BreadcrumbList\",\"@id\":\"https:\/\/gazetapernambucana.com\/?p=4504#breadcrumb\",\"itemListElement\":[{\"@type\":\"ListItem\",\"position\":1,\"name\":\"In\u00edcio\",\"item\":\"https:\/\/gazetapernambucana.com\/\"},{\"@type\":\"ListItem\",\"position\":2,\"name\":\"Osmar Ricardo declara apoio a Liana Cirne para deputada federal\"}]},{\"@type\":\"WebSite\",\"@id\":\"https:\/\/gazetapernambucana.com\/#website\",\"url\":\"https:\/\/gazetapernambucana.com\/\",\"name\":\"\",\"description\":\"\",\"potentialAction\":[{\"@type\":\"SearchAction\",\"target\":{\"@type\":\"EntryPoint\",\"urlTemplate\":\"https:\/\/gazetapernambucana.com\/?s={search_term_string}\"},\"query-input\":{\"@type\":\"PropertyValueSpecification\",\"valueRequired\":true,\"valueName\":\"search_term_string\"}}],\"inLanguage\":\"pt-BR\"},{\"@type\":\"Person\",\"@id\":\"https:\/\/gazetapernambucana.com\/#\/schema\/person\/188dc283325181ac2de4db1e9e987427\",\"name\":\"GP\",\"image\":{\"@type\":\"ImageObject\",\"inLanguage\":\"pt-BR\",\"@id\":\"https:\/\/gazetapernambucana.com\/#\/schema\/person\/image\/\",\"url\":\"https:\/\/secure.gravatar.com\/avatar\/9dad78ff9a2d8b5742d11779f8a3f53b052320c550b2e1907882353c067bb111?s=96&d=mm&r=g\",\"contentUrl\":\"https:\/\/secure.gravatar.com\/avatar\/9dad78ff9a2d8b5742d11779f8a3f53b052320c550b2e1907882353c067bb111?s=96&d=mm&r=g\",\"caption\":\"GP\"},\"sameAs\":[\"http:\/\/gazetapernambucana.com\"],\"url\":\"https:\/\/gazetapernambucana.com\/?author=1\"}]}<\/script>\n<!-- \/ Yoast SEO plugin. -->","yoast_head_json":{"title":"Osmar Ricardo declara apoio a Liana Cirne para deputada federal -","robots":{"index":"index","follow":"follow","max-snippet":"max-snippet:-1","max-image-preview":"max-image-preview:large","max-video-preview":"max-video-preview:-1"},"canonical":"https:\/\/gazetapernambucana.com\/?p=4504","og_locale":"pt_BR","og_type":"article","og_title":"Osmar Ricardo declara apoio a Liana Cirne para deputada federal -","og_description":"Lideran\u00e7a anunciou apoio no \u00faltimo domingo (17) e destacou compromisso da petista com Pernambuco. Osmar Ricardo declarou, no \u00faltimo domingo (17), apoio \u00e0 candidatura de Liana Cirne a deputada federal. Ao anunciar sua decis\u00e3o, destacou a import\u00e2ncia de fazer pol\u00edtica com posicionamento, compromisso e coragem para defender aquilo em que se acredita. \u201cPol\u00edtica se faz [&hellip;]","og_url":"https:\/\/gazetapernambucana.com\/?p=4504","article_published_time":"2026-08-18T02:43:50+00:00","og_image":[{"width":1200,"height":1038,"url":"https:\/\/gazetapernambucana.com\/wp-content\/uploads\/2026\/08\/1200x_0.922862001787001858-1.jpeg","type":"image\/jpeg"}],"author":"GP","twitter_card":"summary_large_image","twitter_misc":{"Escrito por":"GP","Est. tempo de leitura":"2 minutos"},"schema":{"@context":"https:\/\/schema.org","@graph":[{"@type":"WebPage","@id":"https:\/\/gazetapernambucana.com\/?p=4504","url":"https:\/\/gazetapernambucana.com\/?p=4504","name":"Osmar Ricardo declara apoio a Liana Cirne para deputada federal -","isPartOf":{"@id":"https:\/\/gazetapernambucana.com\/#website"},"primaryImageOfPage":{"@id":"https:\/\/gazetapernambucana.com\/?p=4504#primaryimage"},"image":{"@id":"https:\/\/gazetapernambucana.com\/?p=4504#primaryimage"},"thumbnailUrl":"https:\/\/gazetapernambucana.com\/wp-content\/uploads\/2026\/08\/1200x_0.922862001787001858-1.jpeg","datePublished":"2026-08-18T02:43:50+00:00","author":{"@id":"https:\/\/gazetapernambucana.com\/#\/schema\/person\/188dc283325181ac2de4db1e9e987427"},"breadcrumb":{"@id":"https:\/\/gazetapernambucana.com\/?p=4504#breadcrumb"},"inLanguage":"pt-BR","potentialAction":[{"@type":"ReadAction","target":["https:\/\/gazetapernambucana.com\/?p=4504"]}]},{"@type":"ImageObject","inLanguage":"pt-BR","@id":"https:\/\/gazetapernambucana.com\/?p=4504#primaryimage","url":"https:\/\/gazetapernambucana.com\/wp-content\/uploads\/2026\/08\/1200x_0.922862001787001858-1.jpeg","contentUrl":"https:\/\/gazetapernambucana.com\/wp-content\/uploads\/2026\/08\/1200x_0.922862001787001858-1.jpeg","width":1200,"height":1038},{"@type":"BreadcrumbList","@id":"https:\/\/gazetapernambucana.com\/?p=4504#breadcrumb","itemListElement":[{"@type":"ListItem","position":1,"name":"In\u00edcio","item":"https:\/\/gazetapernambucana.com\/"},{"@type":"ListItem","position":2,"name":"Osmar Ricardo declara apoio a Liana Cirne para deputada federal"}]},{"@type":"WebSite","@id":"https:\/\/gazetapernambucana.com\/#website","url":"https:\/\/gazetapernambucana.com\/","name":"","description":"","potentialAction":[{"@type":"SearchAction","target":{"@type":"EntryPoint","urlTemplate":"https:\/\/gazetapernambucana.com\/?s={search_term_string}"},"query-input":{"@type":"PropertyValueSpecification","valueRequired":true,"valueName":"search_term_string"}}],"inLanguage":"pt-BR"},{"@type":"Person","@id":"https:\/\/gazetapernambucana.com\/#\/schema\/person\/188dc283325181ac2de4db1e9e987427","name":"GP","image":{"@type":"ImageObject","inLanguage":"pt-BR","@id":"https:\/\/gazetapernambucana.com\/#\/schema\/person\/image\/","url":"https:\/\/secure.gravatar.com\/avatar\/9dad78ff9a2d8b5742d11779f8a3f53b052320c550b2e1907882353c067bb111?s=96&d=mm&r=g","contentUrl":"https:\/\/secure.gravatar.com\/avatar\/9dad78ff9a2d8b5742d11779f8a3f53b052320c550b2e1907882353c067bb111?s=96&d=mm&r=g","caption":"GP"},"sameAs":["http:\/\/gazetapernambucana.com"],"url":"https:\/\/gazetapernambucana.com\/?author=1"}]}},"jetpack_publicize_connections":[],"_links":{"self":[{"href":"https:\/\/gazetapernambucana.com\/index.php?rest_route=\/wp\/v2\/posts\/4504","targetHints":{"allow":["GET"]}}],"collection":[{"href":"https:\/\/gazetapernambucana.com\/index.php?rest_route=\/wp\/v2\/posts"}],"about":[{"href":"https:\/\/gazetapernambucana.com\/index.php?rest_route=\/wp\/v2\/types\/post"}],"author":[{"embeddable":true,"href":"https:\/\/gazetapernambucana.com\/index.php?rest_route=\/wp\/v2\/users\/1"}],"replies":[{"embeddable":true,"href":"https:\/\/gazetapernambucana.com\/index.php?rest_route=%2Fwp%2Fv2%2Fcomments&post=4504"}],"version-history":[{"count":1,"href":"https:\/\/gazetapernambucana.com\/index.php?rest_route=\/wp\/v2\/posts\/4504\/revisions"}],"predecessor-version":[{"id":4506,"href":"https:\/\/gazetapernambucana.com\/index.php?rest_route=\/wp\/v2\/posts\/4504\/revisions\/4506"}],"wp:featuredmedia":[{"embeddable":true,"href":"https:\/\/gazetapernambucana.com\/index.php?rest_route=\/wp\/v2\/media\/4505"}],"wp:attachment":[{"href":"https:\/\/gazetapernambucana.com\/index.php?rest_route=%2Fwp%2Fv2%2Fmedia&parent=4504"}],"wp:term":[{"taxonomy":"category","embeddable":true,"href":"https:\/\/gazetapernambucana.com\/index.php?rest_route=%2Fwp%2Fv2%2Fcategories&post=4504"},{"taxonomy":"post_tag","embeddable":true,"href":"https:\/\/gazetapernambucana.com\/index.php?rest_route=%2Fwp%2Fv2%2Ftags&post=4504"}],"curies":[{"name":"wp","href":"https:\/\/api.w.org\/{rel}","templated":true}]}}