{"id":4495,"date":"2026-08-17T21:15:53","date_gmt":"2026-08-18T00:15:53","guid":{"rendered":"https:\/\/gazetapernambucana.com\/?p=4495"},"modified":"2026-08-17T21:15:53","modified_gmt":"2026-08-18T00:15:53","slug":"imposicao-e-ditadura-joao-campos-estaria-pressionando-o-psol-pela-retirada-da-candidatura-de-ivan-moraes","status":"publish","type":"post","link":"https:\/\/gazetapernambucana.com\/?p=4495","title":{"rendered":"Imposi\u00e7\u00e3o e ditadura: Jo\u00e3o Campos estaria pressionando o PSOL pela retirada da candidatura de Ivan Moraes"},"content":{"rendered":"<p>O PSB nacional estaria pressionando o PSOL pela retirada da candidatura de Ivan Moraes ao Governo de Pernambuco. Segundo informa\u00e7\u00f5es de bastidores, a press\u00e3o teria chegado ao ponto de envolver a candidatura de Manuela d\u2019\u00c1vila ao Senado pelo Rio Grande do Sul. A amea\u00e7a atribu\u00edda ao PSB seria retirar o apoio \u00e0 candidatura de Manuela caso o PSOL insista em manter Ivan na disputa pelo Pal\u00e1cio do Campo das Princesas.<\/p>\n<p>Mas a poss\u00edvel negocia\u00e7\u00e3o n\u00e3o terminaria em Pernambuco. Segundo as informa\u00e7\u00f5es recebidas pelo Portal Fala News, o Distrito Federal tamb\u00e9m estaria na conta, diante do interesse nacional do PT na retirada da candidatura de Ricardo Cappelli (PSB) ao Governo do DF, onde o partido lan\u00e7ou Leandro Grass.<\/p>\n<p>A poss\u00edvel articula\u00e7\u00e3o envolveria, portanto, interesses eleitorais em Pernambuco, Rio Grande do Sul e Distrito Federal. De um lado, a press\u00e3o pela retirada de Ivan Moraes; de outro, o apoio a Manuela d\u2019\u00c1vila e a disputa entre Cappelli e Grass. At\u00e9 o momento, por\u00e9m, os partidos envolvidos n\u00e3o confirmaram oficialmente a exist\u00eancia de um acordo nacional nesses termos.<\/p>\n","protected":false},"excerpt":{"rendered":"<p>O PSB nacional estaria pressionando o PSOL pela retirada da candidatura de Ivan Moraes ao Governo de Pernambuco. Segundo informa\u00e7\u00f5es de bastidores, a press\u00e3o teria chegado ao ponto de envolver a candidatura de Manuela d\u2019\u00c1vila ao Senado pelo Rio Grande do Sul. A amea\u00e7a atribu\u00edda ao PSB seria retirar o apoio \u00e0 candidatura de Manuela [&hellip;]<\/p>\n","protected":false},"author":1,"featured_media":4496,"comment_status":"open","ping_status":"open","sticky":false,"template":"","format":"standard","meta":{"footnotes":"","jetpack_publicize_message":"","jetpack_publicize_feature_enabled":true,"jetpack_social_post_already_shared":true,"jetpack_social_options":{"image_generator_settings":{"template":"highway","default_image_id":0,"font":"","enabled":false},"version":2}},"categories":[1,65],"tags":[],"class_list":["post-4495","post","type-post","status-publish","format-standard","has-post-thumbnail","hentry","category-https-gazetapernambucana-com-page_id225","category-politica"],"yoast_head":"<!-- This site is optimized with the Yoast SEO plugin v24.5 - https:\/\/yoast.com\/wordpress\/plugins\/seo\/ -->\n<title>Imposi\u00e7\u00e3o e ditadura: Jo\u00e3o Campos estaria pressionando o PSOL pela retirada da candidatura de Ivan Moraes -<\/title>\n<meta name=\"robots\" content=\"index, follow, max-snippet:-1, max-image-preview:large, max-video-preview:-1\" \/>\n<link rel=\"canonical\" href=\"https:\/\/gazetapernambucana.com\/?p=4495\" \/>\n<meta property=\"og:locale\" content=\"pt_BR\" \/>\n<meta property=\"og:type\" content=\"article\" \/>\n<meta property=\"og:title\" content=\"Imposi\u00e7\u00e3o e ditadura: Jo\u00e3o Campos estaria pressionando o PSOL pela retirada da candidatura de Ivan Moraes -\" \/>\n<meta property=\"og:description\" content=\"O PSB nacional estaria pressionando o PSOL pela retirada da candidatura de Ivan Moraes ao Governo de Pernambuco. Segundo informa\u00e7\u00f5es de bastidores, a press\u00e3o teria chegado ao ponto de envolver a candidatura de Manuela d\u2019\u00c1vila ao Senado pelo Rio Grande do Sul. A amea\u00e7a atribu\u00edda ao PSB seria retirar o apoio \u00e0 candidatura de Manuela [&hellip;]\" \/>\n<meta property=\"og:url\" content=\"https:\/\/gazetapernambucana.com\/?p=4495\" \/>\n<meta property=\"article:published_time\" content=\"2026-08-18T00:15:53+00:00\" \/>\n<meta property=\"og:image\" content=\"https:\/\/gazetapernambucana.com\/wp-content\/uploads\/2026\/08\/image1786632826.jpg\" \/>\n\t<meta property=\"og:image:width\" content=\"800\" \/>\n\t<meta property=\"og:image:height\" content=\"500\" \/>\n\t<meta property=\"og:image:type\" content=\"image\/jpeg\" \/>\n<meta name=\"author\" content=\"GP\" \/>\n<meta name=\"twitter:card\" content=\"summary_large_image\" \/>\n<meta name=\"twitter:label1\" content=\"Escrito por\" \/>\n\t<meta name=\"twitter:data1\" content=\"GP\" \/>\n\t<meta name=\"twitter:label2\" content=\"Est. tempo de leitura\" \/>\n\t<meta name=\"twitter:data2\" content=\"2 minutos\" \/>\n<script type=\"application\/ld+json\" class=\"yoast-schema-graph\">{\"@context\":\"https:\/\/schema.org\",\"@graph\":[{\"@type\":\"WebPage\",\"@id\":\"https:\/\/gazetapernambucana.com\/?p=4495\",\"url\":\"https:\/\/gazetapernambucana.com\/?p=4495\",\"name\":\"Imposi\u00e7\u00e3o e ditadura: Jo\u00e3o Campos estaria pressionando o PSOL pela retirada da candidatura de Ivan Moraes -\",\"isPartOf\":{\"@id\":\"https:\/\/gazetapernambucana.com\/#website\"},\"primaryImageOfPage\":{\"@id\":\"https:\/\/gazetapernambucana.com\/?p=4495#primaryimage\"},\"image\":{\"@id\":\"https:\/\/gazetapernambucana.com\/?p=4495#primaryimage\"},\"thumbnailUrl\":\"https:\/\/gazetapernambucana.com\/wp-content\/uploads\/2026\/08\/image1786632826.jpg\",\"datePublished\":\"2026-08-18T00:15:53+00:00\",\"author\":{\"@id\":\"https:\/\/gazetapernambucana.com\/#\/schema\/person\/188dc283325181ac2de4db1e9e987427\"},\"breadcrumb\":{\"@id\":\"https:\/\/gazetapernambucana.com\/?p=4495#breadcrumb\"},\"inLanguage\":\"pt-BR\",\"potentialAction\":[{\"@type\":\"ReadAction\",\"target\":[\"https:\/\/gazetapernambucana.com\/?p=4495\"]}]},{\"@type\":\"ImageObject\",\"inLanguage\":\"pt-BR\",\"@id\":\"https:\/\/gazetapernambucana.com\/?p=4495#primaryimage\",\"url\":\"https:\/\/gazetapernambucana.com\/wp-content\/uploads\/2026\/08\/image1786632826.jpg\",\"contentUrl\":\"https:\/\/gazetapernambucana.com\/wp-content\/uploads\/2026\/08\/image1786632826.jpg\",\"width\":800,\"height\":500},{\"@type\":\"BreadcrumbList\",\"@id\":\"https:\/\/gazetapernambucana.com\/?p=4495#breadcrumb\",\"itemListElement\":[{\"@type\":\"ListItem\",\"position\":1,\"name\":\"In\u00edcio\",\"item\":\"https:\/\/gazetapernambucana.com\/\"},{\"@type\":\"ListItem\",\"position\":2,\"name\":\"Imposi\u00e7\u00e3o e ditadura: Jo\u00e3o Campos estaria pressionando o PSOL pela retirada da candidatura de Ivan Moraes\"}]},{\"@type\":\"WebSite\",\"@id\":\"https:\/\/gazetapernambucana.com\/#website\",\"url\":\"https:\/\/gazetapernambucana.com\/\",\"name\":\"\",\"description\":\"\",\"potentialAction\":[{\"@type\":\"SearchAction\",\"target\":{\"@type\":\"EntryPoint\",\"urlTemplate\":\"https:\/\/gazetapernambucana.com\/?s={search_term_string}\"},\"query-input\":{\"@type\":\"PropertyValueSpecification\",\"valueRequired\":true,\"valueName\":\"search_term_string\"}}],\"inLanguage\":\"pt-BR\"},{\"@type\":\"Person\",\"@id\":\"https:\/\/gazetapernambucana.com\/#\/schema\/person\/188dc283325181ac2de4db1e9e987427\",\"name\":\"GP\",\"image\":{\"@type\":\"ImageObject\",\"inLanguage\":\"pt-BR\",\"@id\":\"https:\/\/gazetapernambucana.com\/#\/schema\/person\/image\/\",\"url\":\"https:\/\/secure.gravatar.com\/avatar\/9dad78ff9a2d8b5742d11779f8a3f53b052320c550b2e1907882353c067bb111?s=96&d=mm&r=g\",\"contentUrl\":\"https:\/\/secure.gravatar.com\/avatar\/9dad78ff9a2d8b5742d11779f8a3f53b052320c550b2e1907882353c067bb111?s=96&d=mm&r=g\",\"caption\":\"GP\"},\"sameAs\":[\"http:\/\/gazetapernambucana.com\"],\"url\":\"https:\/\/gazetapernambucana.com\/?author=1\"}]}<\/script>\n<!-- \/ Yoast SEO plugin. -->","yoast_head_json":{"title":"Imposi\u00e7\u00e3o e ditadura: Jo\u00e3o Campos estaria pressionando o PSOL pela retirada da candidatura de Ivan Moraes -","robots":{"index":"index","follow":"follow","max-snippet":"max-snippet:-1","max-image-preview":"max-image-preview:large","max-video-preview":"max-video-preview:-1"},"canonical":"https:\/\/gazetapernambucana.com\/?p=4495","og_locale":"pt_BR","og_type":"article","og_title":"Imposi\u00e7\u00e3o e ditadura: Jo\u00e3o Campos estaria pressionando o PSOL pela retirada da candidatura de Ivan Moraes -","og_description":"O PSB nacional estaria pressionando o PSOL pela retirada da candidatura de Ivan Moraes ao Governo de Pernambuco. Segundo informa\u00e7\u00f5es de bastidores, a press\u00e3o teria chegado ao ponto de envolver a candidatura de Manuela d\u2019\u00c1vila ao Senado pelo Rio Grande do Sul. A amea\u00e7a atribu\u00edda ao PSB seria retirar o apoio \u00e0 candidatura de Manuela [&hellip;]","og_url":"https:\/\/gazetapernambucana.com\/?p=4495","article_published_time":"2026-08-18T00:15:53+00:00","og_image":[{"width":800,"height":500,"url":"https:\/\/gazetapernambucana.com\/wp-content\/uploads\/2026\/08\/image1786632826.jpg","type":"image\/jpeg"}],"author":"GP","twitter_card":"summary_large_image","twitter_misc":{"Escrito por":"GP","Est. tempo de leitura":"2 minutos"},"schema":{"@context":"https:\/\/schema.org","@graph":[{"@type":"WebPage","@id":"https:\/\/gazetapernambucana.com\/?p=4495","url":"https:\/\/gazetapernambucana.com\/?p=4495","name":"Imposi\u00e7\u00e3o e ditadura: Jo\u00e3o Campos estaria pressionando o PSOL pela retirada da candidatura de Ivan Moraes -","isPartOf":{"@id":"https:\/\/gazetapernambucana.com\/#website"},"primaryImageOfPage":{"@id":"https:\/\/gazetapernambucana.com\/?p=4495#primaryimage"},"image":{"@id":"https:\/\/gazetapernambucana.com\/?p=4495#primaryimage"},"thumbnailUrl":"https:\/\/gazetapernambucana.com\/wp-content\/uploads\/2026\/08\/image1786632826.jpg","datePublished":"2026-08-18T00:15:53+00:00","author":{"@id":"https:\/\/gazetapernambucana.com\/#\/schema\/person\/188dc283325181ac2de4db1e9e987427"},"breadcrumb":{"@id":"https:\/\/gazetapernambucana.com\/?p=4495#breadcrumb"},"inLanguage":"pt-BR","potentialAction":[{"@type":"ReadAction","target":["https:\/\/gazetapernambucana.com\/?p=4495"]}]},{"@type":"ImageObject","inLanguage":"pt-BR","@id":"https:\/\/gazetapernambucana.com\/?p=4495#primaryimage","url":"https:\/\/gazetapernambucana.com\/wp-content\/uploads\/2026\/08\/image1786632826.jpg","contentUrl":"https:\/\/gazetapernambucana.com\/wp-content\/uploads\/2026\/08\/image1786632826.jpg","width":800,"height":500},{"@type":"BreadcrumbList","@id":"https:\/\/gazetapernambucana.com\/?p=4495#breadcrumb","itemListElement":[{"@type":"ListItem","position":1,"name":"In\u00edcio","item":"https:\/\/gazetapernambucana.com\/"},{"@type":"ListItem","position":2,"name":"Imposi\u00e7\u00e3o e ditadura: Jo\u00e3o Campos estaria pressionando o PSOL pela retirada da candidatura de Ivan Moraes"}]},{"@type":"WebSite","@id":"https:\/\/gazetapernambucana.com\/#website","url":"https:\/\/gazetapernambucana.com\/","name":"","description":"","potentialAction":[{"@type":"SearchAction","target":{"@type":"EntryPoint","urlTemplate":"https:\/\/gazetapernambucana.com\/?s={search_term_string}"},"query-input":{"@type":"PropertyValueSpecification","valueRequired":true,"valueName":"search_term_string"}}],"inLanguage":"pt-BR"},{"@type":"Person","@id":"https:\/\/gazetapernambucana.com\/#\/schema\/person\/188dc283325181ac2de4db1e9e987427","name":"GP","image":{"@type":"ImageObject","inLanguage":"pt-BR","@id":"https:\/\/gazetapernambucana.com\/#\/schema\/person\/image\/","url":"https:\/\/secure.gravatar.com\/avatar\/9dad78ff9a2d8b5742d11779f8a3f53b052320c550b2e1907882353c067bb111?s=96&d=mm&r=g","contentUrl":"https:\/\/secure.gravatar.com\/avatar\/9dad78ff9a2d8b5742d11779f8a3f53b052320c550b2e1907882353c067bb111?s=96&d=mm&r=g","caption":"GP"},"sameAs":["http:\/\/gazetapernambucana.com"],"url":"https:\/\/gazetapernambucana.com\/?author=1"}]}},"jetpack_publicize_connections":[],"_links":{"self":[{"href":"https:\/\/gazetapernambucana.com\/index.php?rest_route=\/wp\/v2\/posts\/4495","targetHints":{"allow":["GET"]}}],"collection":[{"href":"https:\/\/gazetapernambucana.com\/index.php?rest_route=\/wp\/v2\/posts"}],"about":[{"href":"https:\/\/gazetapernambucana.com\/index.php?rest_route=\/wp\/v2\/types\/post"}],"author":[{"embeddable":true,"href":"https:\/\/gazetapernambucana.com\/index.php?rest_route=\/wp\/v2\/users\/1"}],"replies":[{"embeddable":true,"href":"https:\/\/gazetapernambucana.com\/index.php?rest_route=%2Fwp%2Fv2%2Fcomments&post=4495"}],"version-history":[{"count":1,"href":"https:\/\/gazetapernambucana.com\/index.php?rest_route=\/wp\/v2\/posts\/4495\/revisions"}],"predecessor-version":[{"id":4497,"href":"https:\/\/gazetapernambucana.com\/index.php?rest_route=\/wp\/v2\/posts\/4495\/revisions\/4497"}],"wp:featuredmedia":[{"embeddable":true,"href":"https:\/\/gazetapernambucana.com\/index.php?rest_route=\/wp\/v2\/media\/4496"}],"wp:attachment":[{"href":"https:\/\/gazetapernambucana.com\/index.php?rest_route=%2Fwp%2Fv2%2Fmedia&parent=4495"}],"wp:term":[{"taxonomy":"category","embeddable":true,"href":"https:\/\/gazetapernambucana.com\/index.php?rest_route=%2Fwp%2Fv2%2Fcategories&post=4495"},{"taxonomy":"post_tag","embeddable":true,"href":"https:\/\/gazetapernambucana.com\/index.php?rest_route=%2Fwp%2Fv2%2Ftags&post=4495"}],"curies":[{"name":"wp","href":"https:\/\/api.w.org\/{rel}","templated":true}]}}