{"id":4484,"date":"2026-08-16T22:58:14","date_gmt":"2026-08-17T01:58:14","guid":{"rendered":"https:\/\/gazetapernambucana.com\/?p=4484"},"modified":"2026-08-16T23:02:46","modified_gmt":"2026-08-17T02:02:46","slug":"miguel-coelho-recebe-apoio-de-neto-barreto-e-da-vereadora-aline-em-joaquim-nabuco","status":"publish","type":"post","link":"https:\/\/gazetapernambucana.com\/?p=4484","title":{"rendered":"V\u00eddeo: Miguel Coelho recebe apoio de Neto Barreto e da vereadora Aline em Joaquim Nabuco"},"content":{"rendered":"<h3 class=\"font-claude-response-body break-words whitespace-normal\" dir=\"ltr\"><strong>GAZETA PERNAMBUCANA <\/strong><\/h3>\n<p class=\"font-claude-response-body break-words whitespace-normal\" dir=\"ltr\">O candidato a deputado federal Miguel Coelho (Uni\u00e3o Brasil) esteve em Joaquim Nabuco onde recebeu o apoio de duas das lideran\u00e7as mais respeitadas da pol\u00edtica local, o ex-prefeito Neto Barreto e a vereadora Aline, nome que hoje desponta como uma das mais atuantes da Mata Sul pernambucana.<\/p>\n<p class=\"font-claude-response-body break-words whitespace-normal\" dir=\"ltr\">Neto Barreto carrega consigo o peso de uma gest\u00e3o que marcou a hist\u00f3ria recente do munic\u00edpio. \u00c0 frente da prefeitura, deixou um legado reconhecido pela popula\u00e7\u00e3o, constru\u00eddo sobre trabalho s\u00e9rio e proximidade com o povo, caracter\u00edsticas que o transformaram, mesmo fora do cargo, em refer\u00eancia incontorn\u00e1vel da vida p\u00fablica nabuquense . Sua palavra segue tendo peso decisivo nos rumos pol\u00edticos da cidade, e sua trajet\u00f3ria \u00e9 hoje espelho de lideran\u00e7a para as novas gera\u00e7\u00f5es que despontam na regi\u00e3o.<\/p>\n<p class=\"font-claude-response-body break-words whitespace-normal\" dir=\"ltr\">Ao seu lado, a vereadora Aline representa a continuidade dessa voca\u00e7\u00e3o para servir. Autora de projetos voltados ao desenvolvimento de Joaquim Nabuco, tem se destacado pela dedica\u00e7\u00e3o incans\u00e1vel \u00e0s causas do munic\u00edpio, sempre atenta \u00e0s demandas de infraestrutura, sa\u00fade e assist\u00eancia \u00e0 popula\u00e7\u00e3o mais necessitada. Sua atua\u00e7\u00e3o parlamentar \u00e9 marcada pela proximidade com os moradores, o que lhe rendeu o carinho e o reconhecimento de toda a regi\u00e3o da Mata Sul, onde \u00e9 vista como uma das vereadoras mais promissoras da atual legislatura.<\/p>\n<p class=\"font-claude-response-body break-words whitespace-normal\" dir=\"ltr\">Quem acompanha de perto a trajet\u00f3ria de Neto Barreto sabe reconhecer nele o tipo de lideran\u00e7a que n\u00e3o se mede pelo tempo em que esteve \u00e0 frente do poder p\u00fablico, mas pela marca que deixou depois dele. H\u00e1 uma diferen\u00e7a sens\u00edvel entre governar e servir, e \u00e9 justamente nesse segundo verbo que se apoia a mem\u00f3ria pol\u00edtica que Joaquim Nabuco guarda do seu ex-prefeito. Mesmo distante do cargo, Neto Barreto permanece presente no cotidiano da cidade, consultado, ouvido e respeitado, numa demonstra\u00e7\u00e3o de que a verdadeira lideran\u00e7a pol\u00edtica se sustenta muito al\u00e9m do mandato.<\/p>\n<p class=\"font-claude-response-body break-words whitespace-normal\" dir=\"ltr\">Aline, por sua vez, encarna a for\u00e7a de uma nova gera\u00e7\u00e3o de vereadoras que compreendeu a pol\u00edtica como instrumento de cuidado. Sua presen\u00e7a constante junto \u00e0s comunidades, o di\u00e1logo aberto com os moradores e a disposi\u00e7\u00e3o para transformar demandas cotidianas em a\u00e7\u00e3o legislativa concreta s\u00e3o tra\u00e7os que a consolidaram como refer\u00eancia entre as lideran\u00e7as femininas da Mata Sul. \u00c9 esse tipo de trabalho, silencioso e persistente, que constr\u00f3i o respeito duradouro de um povo por seus representantes.<\/p>\n<p class=\"font-claude-response-body break-words whitespace-normal\" dir=\"ltr\">A uni\u00e3o entre Neto Barreto e Aline consolida, hoje, uma das mais s\u00f3lidas for\u00e7as pol\u00edticas de Joaquim Nabuco. O apoio dos dois \u00e0 candidatura de Miguel Coelho \u00e9, antes de tudo, uma demonstra\u00e7\u00e3o de for\u00e7a pr\u00f3pria: prova de que a lideran\u00e7a constru\u00edda por ambos ao longo dos anos segue viva, respeitada e capaz de influenciar os rumos pol\u00edticos n\u00e3o apenas do munic\u00edpio, mas de toda a Mata Sul pernambucana.<\/p>\n<p dir=\"ltr\"><strong>VEJA O V\u00cdDEO:<\/strong><\/p>\n<div style=\"width: 464px;\" class=\"wp-video\"><video class=\"wp-video-shortcode\" id=\"video-4484-1\" width=\"464\" height=\"832\" preload=\"metadata\" controls=\"controls\"><source type=\"video\/mp4\" src=\"http:\/\/gazetapernambucana.com\/wp-content\/uploads\/2026\/08\/AQOxarP5pcCY7b20p7HV6x8QPm9I4oi1m0KL0U8YbUySp32d8zZtDMj8rCUx2_IuDyXUEn_v_m82DHihzZ2ssX-XToDP7rhbVyKFrx1syA.mp4?_=1\" \/><a href=\"http:\/\/gazetapernambucana.com\/wp-content\/uploads\/2026\/08\/AQOxarP5pcCY7b20p7HV6x8QPm9I4oi1m0KL0U8YbUySp32d8zZtDMj8rCUx2_IuDyXUEn_v_m82DHihzZ2ssX-XToDP7rhbVyKFrx1syA.mp4\">http:\/\/gazetapernambucana.com\/wp-content\/uploads\/2026\/08\/AQOxarP5pcCY7b20p7HV6x8QPm9I4oi1m0KL0U8YbUySp32d8zZtDMj8rCUx2_IuDyXUEn_v_m82DHihzZ2ssX-XToDP7rhbVyKFrx1syA.mp4<\/a><\/video><\/div>\n","protected":false},"excerpt":{"rendered":"<p>GAZETA PERNAMBUCANA O candidato a deputado federal Miguel Coelho (Uni\u00e3o Brasil) esteve em Joaquim Nabuco onde recebeu o apoio de duas das lideran\u00e7as mais respeitadas da pol\u00edtica local, o ex-prefeito Neto Barreto e a vereadora Aline, nome que hoje desponta como uma das mais atuantes da Mata Sul pernambucana. Neto Barreto carrega consigo o peso [&hellip;]<\/p>\n","protected":false},"author":1,"featured_media":4485,"comment_status":"open","ping_status":"open","sticky":false,"template":"","format":"standard","meta":{"footnotes":"","jetpack_publicize_message":"","jetpack_publicize_feature_enabled":true,"jetpack_social_post_already_shared":true,"jetpack_social_options":{"image_generator_settings":{"template":"highway","default_image_id":0,"font":"","enabled":false},"version":2}},"categories":[66,1,65],"tags":[],"class_list":["post-4484","post","type-post","status-publish","format-standard","has-post-thumbnail","hentry","category-cidades","category-https-gazetapernambucana-com-page_id225","category-politica"],"yoast_head":"<!-- This site is optimized with the Yoast SEO plugin v24.5 - https:\/\/yoast.com\/wordpress\/plugins\/seo\/ -->\n<title>V\u00eddeo: Miguel Coelho recebe apoio de Neto Barreto e da vereadora Aline em Joaquim Nabuco -<\/title>\n<meta name=\"robots\" content=\"index, follow, max-snippet:-1, max-image-preview:large, max-video-preview:-1\" \/>\n<link rel=\"canonical\" href=\"https:\/\/gazetapernambucana.com\/?p=4484\" \/>\n<meta property=\"og:locale\" content=\"pt_BR\" \/>\n<meta property=\"og:type\" content=\"article\" \/>\n<meta property=\"og:title\" content=\"V\u00eddeo: Miguel Coelho recebe apoio de Neto Barreto e da vereadora Aline em Joaquim Nabuco -\" \/>\n<meta property=\"og:description\" content=\"GAZETA PERNAMBUCANA O candidato a deputado federal Miguel Coelho (Uni\u00e3o Brasil) esteve em Joaquim Nabuco onde recebeu o apoio de duas das lideran\u00e7as mais respeitadas da pol\u00edtica local, o ex-prefeito Neto Barreto e a vereadora Aline, nome que hoje desponta como uma das mais atuantes da Mata Sul pernambucana. Neto Barreto carrega consigo o peso [&hellip;]\" \/>\n<meta property=\"og:url\" content=\"https:\/\/gazetapernambucana.com\/?p=4484\" \/>\n<meta property=\"article:published_time\" content=\"2026-08-17T01:58:14+00:00\" \/>\n<meta property=\"article:modified_time\" content=\"2026-08-17T02:02:46+00:00\" \/>\n<meta property=\"og:image\" content=\"https:\/\/gazetapernambucana.com\/wp-content\/uploads\/2026\/08\/IMG_6888.webp\" \/>\n\t<meta property=\"og:image:width\" content=\"1320\" \/>\n\t<meta property=\"og:image:height\" content=\"938\" \/>\n\t<meta property=\"og:image:type\" content=\"image\/webp\" \/>\n<meta name=\"author\" content=\"GP\" \/>\n<meta name=\"twitter:card\" content=\"summary_large_image\" \/>\n<meta name=\"twitter:label1\" content=\"Escrito por\" \/>\n\t<meta name=\"twitter:data1\" content=\"GP\" \/>\n\t<meta name=\"twitter:label2\" content=\"Est. tempo de leitura\" \/>\n\t<meta name=\"twitter:data2\" content=\"3 minutos\" \/>\n<script type=\"application\/ld+json\" class=\"yoast-schema-graph\">{\"@context\":\"https:\/\/schema.org\",\"@graph\":[{\"@type\":\"WebPage\",\"@id\":\"https:\/\/gazetapernambucana.com\/?p=4484\",\"url\":\"https:\/\/gazetapernambucana.com\/?p=4484\",\"name\":\"V\u00eddeo: Miguel Coelho recebe apoio de Neto Barreto e da vereadora Aline em Joaquim Nabuco -\",\"isPartOf\":{\"@id\":\"https:\/\/gazetapernambucana.com\/#website\"},\"primaryImageOfPage\":{\"@id\":\"https:\/\/gazetapernambucana.com\/?p=4484#primaryimage\"},\"image\":{\"@id\":\"https:\/\/gazetapernambucana.com\/?p=4484#primaryimage\"},\"thumbnailUrl\":\"https:\/\/gazetapernambucana.com\/wp-content\/uploads\/2026\/08\/IMG_6888.webp\",\"datePublished\":\"2026-08-17T01:58:14+00:00\",\"dateModified\":\"2026-08-17T02:02:46+00:00\",\"author\":{\"@id\":\"https:\/\/gazetapernambucana.com\/#\/schema\/person\/188dc283325181ac2de4db1e9e987427\"},\"breadcrumb\":{\"@id\":\"https:\/\/gazetapernambucana.com\/?p=4484#breadcrumb\"},\"inLanguage\":\"pt-BR\",\"potentialAction\":[{\"@type\":\"ReadAction\",\"target\":[\"https:\/\/gazetapernambucana.com\/?p=4484\"]}]},{\"@type\":\"ImageObject\",\"inLanguage\":\"pt-BR\",\"@id\":\"https:\/\/gazetapernambucana.com\/?p=4484#primaryimage\",\"url\":\"https:\/\/gazetapernambucana.com\/wp-content\/uploads\/2026\/08\/IMG_6888.webp\",\"contentUrl\":\"https:\/\/gazetapernambucana.com\/wp-content\/uploads\/2026\/08\/IMG_6888.webp\",\"width\":1320,\"height\":938},{\"@type\":\"BreadcrumbList\",\"@id\":\"https:\/\/gazetapernambucana.com\/?p=4484#breadcrumb\",\"itemListElement\":[{\"@type\":\"ListItem\",\"position\":1,\"name\":\"In\u00edcio\",\"item\":\"https:\/\/gazetapernambucana.com\/\"},{\"@type\":\"ListItem\",\"position\":2,\"name\":\"V\u00eddeo: Miguel Coelho recebe apoio de Neto Barreto e da vereadora Aline em Joaquim Nabuco\"}]},{\"@type\":\"WebSite\",\"@id\":\"https:\/\/gazetapernambucana.com\/#website\",\"url\":\"https:\/\/gazetapernambucana.com\/\",\"name\":\"\",\"description\":\"\",\"potentialAction\":[{\"@type\":\"SearchAction\",\"target\":{\"@type\":\"EntryPoint\",\"urlTemplate\":\"https:\/\/gazetapernambucana.com\/?s={search_term_string}\"},\"query-input\":{\"@type\":\"PropertyValueSpecification\",\"valueRequired\":true,\"valueName\":\"search_term_string\"}}],\"inLanguage\":\"pt-BR\"},{\"@type\":\"Person\",\"@id\":\"https:\/\/gazetapernambucana.com\/#\/schema\/person\/188dc283325181ac2de4db1e9e987427\",\"name\":\"GP\",\"image\":{\"@type\":\"ImageObject\",\"inLanguage\":\"pt-BR\",\"@id\":\"https:\/\/gazetapernambucana.com\/#\/schema\/person\/image\/\",\"url\":\"https:\/\/secure.gravatar.com\/avatar\/9dad78ff9a2d8b5742d11779f8a3f53b052320c550b2e1907882353c067bb111?s=96&d=mm&r=g\",\"contentUrl\":\"https:\/\/secure.gravatar.com\/avatar\/9dad78ff9a2d8b5742d11779f8a3f53b052320c550b2e1907882353c067bb111?s=96&d=mm&r=g\",\"caption\":\"GP\"},\"sameAs\":[\"http:\/\/gazetapernambucana.com\"],\"url\":\"https:\/\/gazetapernambucana.com\/?author=1\"}]}<\/script>\n<!-- \/ Yoast SEO plugin. -->","yoast_head_json":{"title":"V\u00eddeo: Miguel Coelho recebe apoio de Neto Barreto e da vereadora Aline em Joaquim Nabuco -","robots":{"index":"index","follow":"follow","max-snippet":"max-snippet:-1","max-image-preview":"max-image-preview:large","max-video-preview":"max-video-preview:-1"},"canonical":"https:\/\/gazetapernambucana.com\/?p=4484","og_locale":"pt_BR","og_type":"article","og_title":"V\u00eddeo: Miguel Coelho recebe apoio de Neto Barreto e da vereadora Aline em Joaquim Nabuco -","og_description":"GAZETA PERNAMBUCANA O candidato a deputado federal Miguel Coelho (Uni\u00e3o Brasil) esteve em Joaquim Nabuco onde recebeu o apoio de duas das lideran\u00e7as mais respeitadas da pol\u00edtica local, o ex-prefeito Neto Barreto e a vereadora Aline, nome que hoje desponta como uma das mais atuantes da Mata Sul pernambucana. Neto Barreto carrega consigo o peso [&hellip;]","og_url":"https:\/\/gazetapernambucana.com\/?p=4484","article_published_time":"2026-08-17T01:58:14+00:00","article_modified_time":"2026-08-17T02:02:46+00:00","og_image":[{"width":1320,"height":938,"url":"https:\/\/gazetapernambucana.com\/wp-content\/uploads\/2026\/08\/IMG_6888.webp","type":"image\/webp"}],"author":"GP","twitter_card":"summary_large_image","twitter_misc":{"Escrito por":"GP","Est. tempo de leitura":"3 minutos"},"schema":{"@context":"https:\/\/schema.org","@graph":[{"@type":"WebPage","@id":"https:\/\/gazetapernambucana.com\/?p=4484","url":"https:\/\/gazetapernambucana.com\/?p=4484","name":"V\u00eddeo: Miguel Coelho recebe apoio de Neto Barreto e da vereadora Aline em Joaquim Nabuco -","isPartOf":{"@id":"https:\/\/gazetapernambucana.com\/#website"},"primaryImageOfPage":{"@id":"https:\/\/gazetapernambucana.com\/?p=4484#primaryimage"},"image":{"@id":"https:\/\/gazetapernambucana.com\/?p=4484#primaryimage"},"thumbnailUrl":"https:\/\/gazetapernambucana.com\/wp-content\/uploads\/2026\/08\/IMG_6888.webp","datePublished":"2026-08-17T01:58:14+00:00","dateModified":"2026-08-17T02:02:46+00:00","author":{"@id":"https:\/\/gazetapernambucana.com\/#\/schema\/person\/188dc283325181ac2de4db1e9e987427"},"breadcrumb":{"@id":"https:\/\/gazetapernambucana.com\/?p=4484#breadcrumb"},"inLanguage":"pt-BR","potentialAction":[{"@type":"ReadAction","target":["https:\/\/gazetapernambucana.com\/?p=4484"]}]},{"@type":"ImageObject","inLanguage":"pt-BR","@id":"https:\/\/gazetapernambucana.com\/?p=4484#primaryimage","url":"https:\/\/gazetapernambucana.com\/wp-content\/uploads\/2026\/08\/IMG_6888.webp","contentUrl":"https:\/\/gazetapernambucana.com\/wp-content\/uploads\/2026\/08\/IMG_6888.webp","width":1320,"height":938},{"@type":"BreadcrumbList","@id":"https:\/\/gazetapernambucana.com\/?p=4484#breadcrumb","itemListElement":[{"@type":"ListItem","position":1,"name":"In\u00edcio","item":"https:\/\/gazetapernambucana.com\/"},{"@type":"ListItem","position":2,"name":"V\u00eddeo: Miguel Coelho recebe apoio de Neto Barreto e da vereadora Aline em Joaquim Nabuco"}]},{"@type":"WebSite","@id":"https:\/\/gazetapernambucana.com\/#website","url":"https:\/\/gazetapernambucana.com\/","name":"","description":"","potentialAction":[{"@type":"SearchAction","target":{"@type":"EntryPoint","urlTemplate":"https:\/\/gazetapernambucana.com\/?s={search_term_string}"},"query-input":{"@type":"PropertyValueSpecification","valueRequired":true,"valueName":"search_term_string"}}],"inLanguage":"pt-BR"},{"@type":"Person","@id":"https:\/\/gazetapernambucana.com\/#\/schema\/person\/188dc283325181ac2de4db1e9e987427","name":"GP","image":{"@type":"ImageObject","inLanguage":"pt-BR","@id":"https:\/\/gazetapernambucana.com\/#\/schema\/person\/image\/","url":"https:\/\/secure.gravatar.com\/avatar\/9dad78ff9a2d8b5742d11779f8a3f53b052320c550b2e1907882353c067bb111?s=96&d=mm&r=g","contentUrl":"https:\/\/secure.gravatar.com\/avatar\/9dad78ff9a2d8b5742d11779f8a3f53b052320c550b2e1907882353c067bb111?s=96&d=mm&r=g","caption":"GP"},"sameAs":["http:\/\/gazetapernambucana.com"],"url":"https:\/\/gazetapernambucana.com\/?author=1"}]}},"jetpack_publicize_connections":[],"_links":{"self":[{"href":"https:\/\/gazetapernambucana.com\/index.php?rest_route=\/wp\/v2\/posts\/4484","targetHints":{"allow":["GET"]}}],"collection":[{"href":"https:\/\/gazetapernambucana.com\/index.php?rest_route=\/wp\/v2\/posts"}],"about":[{"href":"https:\/\/gazetapernambucana.com\/index.php?rest_route=\/wp\/v2\/types\/post"}],"author":[{"embeddable":true,"href":"https:\/\/gazetapernambucana.com\/index.php?rest_route=\/wp\/v2\/users\/1"}],"replies":[{"embeddable":true,"href":"https:\/\/gazetapernambucana.com\/index.php?rest_route=%2Fwp%2Fv2%2Fcomments&post=4484"}],"version-history":[{"count":3,"href":"https:\/\/gazetapernambucana.com\/index.php?rest_route=\/wp\/v2\/posts\/4484\/revisions"}],"predecessor-version":[{"id":4490,"href":"https:\/\/gazetapernambucana.com\/index.php?rest_route=\/wp\/v2\/posts\/4484\/revisions\/4490"}],"wp:featuredmedia":[{"embeddable":true,"href":"https:\/\/gazetapernambucana.com\/index.php?rest_route=\/wp\/v2\/media\/4485"}],"wp:attachment":[{"href":"https:\/\/gazetapernambucana.com\/index.php?rest_route=%2Fwp%2Fv2%2Fmedia&parent=4484"}],"wp:term":[{"taxonomy":"category","embeddable":true,"href":"https:\/\/gazetapernambucana.com\/index.php?rest_route=%2Fwp%2Fv2%2Fcategories&post=4484"},{"taxonomy":"post_tag","embeddable":true,"href":"https:\/\/gazetapernambucana.com\/index.php?rest_route=%2Fwp%2Fv2%2Ftags&post=4484"}],"curies":[{"name":"wp","href":"https:\/\/api.w.org\/{rel}","templated":true}]}}