{"id":4481,"date":"2026-08-16T22:08:40","date_gmt":"2026-08-17T01:08:40","guid":{"rendered":"https:\/\/gazetapernambucana.com\/?p=4481"},"modified":"2026-08-16T22:08:40","modified_gmt":"2026-08-17T01:08:40","slug":"lara-santana-abre-campanha-com-grande-adesivaco-em-ipojuca-e-reforca-forca-politica-da-candidatura","status":"publish","type":"post","link":"https:\/\/gazetapernambucana.com\/?p=4481","title":{"rendered":"Lara Santana abre campanha com grande adesiva\u00e7o em Ipojuca e refor\u00e7a for\u00e7a pol\u00edtica da candidatura"},"content":{"rendered":"<div class=\"my-2 ta-4 italico\">A candidata a deputada estadual, Lara Santana (PV), marcou o in\u00edcio oficial de sua campanha, neste domingo (16), com um grande adesiva\u00e7o, na cidade do Ipojuca. O prefeito da cidade, Carlos Santana (republicanos) e a deputada estadual, Simone Santana (PSB), participaram da atividade, que reuniu centenas de apoiadores e lideran\u00e7as pol\u00edticas e colocou nas ruas a energia e a for\u00e7a do projeto da candidata, um dos principais nomes da nova gera\u00e7\u00e3o da pol\u00edtica pernambucana.<\/div>\n<div class=\"mt-2 texto\">\n<p>\u201cFoi o melhor in\u00edcio de campanha que a gente poderia ter. A energia das pessoas tomou conta de tudo e refletiu a alegria da nossa campanha. Essa ser\u00e1 uma caminhada bonita, propositiva e marcada pela presen\u00e7a e escuta nos munic\u00edpios e das pessoas\u201d, afirmou Lara.<\/p>\n<p>O adesiva\u00e7o tamb\u00e9m simbolizou o in\u00edcio de uma agenda que ter\u00e1 como marca a presen\u00e7a de Lara nas ruas e o di\u00e1logo direto com a popula\u00e7\u00e3o. Na disputa por uma cadeira na Assembleia Legislativa de Pernambuco, a candidata pretende colocar no centro da campanha propostas voltadas \u00e0 juventude, \u00e0s mulheres, \u00e0s fam\u00edlias e \u00e0 amplia\u00e7\u00e3o de oportunidades para os pernambucanos.<\/p>\n<p>\u201cColoco meu nome e minha for\u00e7a de trabalho \u00e0 disposi\u00e7\u00e3o do povo pernambucano. Eu t\u00f4 pronta e cheia de energia para construir solu\u00e7\u00f5es inovadoras e trabalhar por mais oportunidades para os nossos jovens, para garantir uma vida mais digna para as mulheres e para as fam\u00edlias pernambucanas\u201d, destacou.<\/p>\n<\/div>\n","protected":false},"excerpt":{"rendered":"<p>A candidata a deputada estadual, Lara Santana (PV), marcou o in\u00edcio oficial de sua campanha, neste domingo (16), com um grande adesiva\u00e7o, na cidade do Ipojuca. O prefeito da cidade, Carlos Santana (republicanos) e a deputada estadual, Simone Santana (PSB), participaram da atividade, que reuniu centenas de apoiadores e lideran\u00e7as pol\u00edticas e colocou nas ruas [&hellip;]<\/p>\n","protected":false},"author":1,"featured_media":4482,"comment_status":"open","ping_status":"open","sticky":false,"template":"","format":"standard","meta":{"footnotes":"","jetpack_publicize_message":"","jetpack_publicize_feature_enabled":true,"jetpack_social_post_already_shared":true,"jetpack_social_options":{"image_generator_settings":{"template":"highway","default_image_id":0,"font":"","enabled":false},"version":2}},"categories":[66,1,65],"tags":[],"class_list":["post-4481","post","type-post","status-publish","format-standard","has-post-thumbnail","hentry","category-cidades","category-https-gazetapernambucana-com-page_id225","category-politica"],"yoast_head":"<!-- This site is optimized with the Yoast SEO plugin v24.5 - https:\/\/yoast.com\/wordpress\/plugins\/seo\/ -->\n<title>Lara Santana abre campanha com grande adesiva\u00e7o em Ipojuca e refor\u00e7a for\u00e7a pol\u00edtica da candidatura -<\/title>\n<meta name=\"robots\" content=\"index, follow, max-snippet:-1, max-image-preview:large, max-video-preview:-1\" \/>\n<link rel=\"canonical\" href=\"https:\/\/gazetapernambucana.com\/?p=4481\" \/>\n<meta property=\"og:locale\" content=\"pt_BR\" \/>\n<meta property=\"og:type\" content=\"article\" \/>\n<meta property=\"og:title\" content=\"Lara Santana abre campanha com grande adesiva\u00e7o em Ipojuca e refor\u00e7a for\u00e7a pol\u00edtica da candidatura -\" \/>\n<meta property=\"og:description\" content=\"A candidata a deputada estadual, Lara Santana (PV), marcou o in\u00edcio oficial de sua campanha, neste domingo (16), com um grande adesiva\u00e7o, na cidade do Ipojuca. O prefeito da cidade, Carlos Santana (republicanos) e a deputada estadual, Simone Santana (PSB), participaram da atividade, que reuniu centenas de apoiadores e lideran\u00e7as pol\u00edticas e colocou nas ruas [&hellip;]\" \/>\n<meta property=\"og:url\" content=\"https:\/\/gazetapernambucana.com\/?p=4481\" \/>\n<meta property=\"article:published_time\" content=\"2026-08-17T01:08:40+00:00\" \/>\n<meta property=\"og:image\" content=\"https:\/\/gazetapernambucana.com\/wp-content\/uploads\/2026\/08\/1200x_0.871532001786917566.jpeg\" \/>\n\t<meta property=\"og:image:width\" content=\"1200\" \/>\n\t<meta property=\"og:image:height\" content=\"800\" \/>\n\t<meta property=\"og:image:type\" content=\"image\/jpeg\" \/>\n<meta name=\"author\" content=\"GP\" \/>\n<meta name=\"twitter:card\" content=\"summary_large_image\" \/>\n<meta name=\"twitter:label1\" content=\"Escrito por\" \/>\n\t<meta name=\"twitter:data1\" content=\"GP\" \/>\n\t<meta name=\"twitter:label2\" content=\"Est. tempo de leitura\" \/>\n\t<meta name=\"twitter:data2\" content=\"2 minutos\" \/>\n<script type=\"application\/ld+json\" class=\"yoast-schema-graph\">{\"@context\":\"https:\/\/schema.org\",\"@graph\":[{\"@type\":\"WebPage\",\"@id\":\"https:\/\/gazetapernambucana.com\/?p=4481\",\"url\":\"https:\/\/gazetapernambucana.com\/?p=4481\",\"name\":\"Lara Santana abre campanha com grande adesiva\u00e7o em Ipojuca e refor\u00e7a for\u00e7a pol\u00edtica da candidatura -\",\"isPartOf\":{\"@id\":\"https:\/\/gazetapernambucana.com\/#website\"},\"primaryImageOfPage\":{\"@id\":\"https:\/\/gazetapernambucana.com\/?p=4481#primaryimage\"},\"image\":{\"@id\":\"https:\/\/gazetapernambucana.com\/?p=4481#primaryimage\"},\"thumbnailUrl\":\"https:\/\/gazetapernambucana.com\/wp-content\/uploads\/2026\/08\/1200x_0.871532001786917566.jpeg\",\"datePublished\":\"2026-08-17T01:08:40+00:00\",\"author\":{\"@id\":\"https:\/\/gazetapernambucana.com\/#\/schema\/person\/188dc283325181ac2de4db1e9e987427\"},\"breadcrumb\":{\"@id\":\"https:\/\/gazetapernambucana.com\/?p=4481#breadcrumb\"},\"inLanguage\":\"pt-BR\",\"potentialAction\":[{\"@type\":\"ReadAction\",\"target\":[\"https:\/\/gazetapernambucana.com\/?p=4481\"]}]},{\"@type\":\"ImageObject\",\"inLanguage\":\"pt-BR\",\"@id\":\"https:\/\/gazetapernambucana.com\/?p=4481#primaryimage\",\"url\":\"https:\/\/gazetapernambucana.com\/wp-content\/uploads\/2026\/08\/1200x_0.871532001786917566.jpeg\",\"contentUrl\":\"https:\/\/gazetapernambucana.com\/wp-content\/uploads\/2026\/08\/1200x_0.871532001786917566.jpeg\",\"width\":1200,\"height\":800},{\"@type\":\"BreadcrumbList\",\"@id\":\"https:\/\/gazetapernambucana.com\/?p=4481#breadcrumb\",\"itemListElement\":[{\"@type\":\"ListItem\",\"position\":1,\"name\":\"In\u00edcio\",\"item\":\"https:\/\/gazetapernambucana.com\/\"},{\"@type\":\"ListItem\",\"position\":2,\"name\":\"Lara Santana abre campanha com grande adesiva\u00e7o em Ipojuca e refor\u00e7a for\u00e7a pol\u00edtica da candidatura\"}]},{\"@type\":\"WebSite\",\"@id\":\"https:\/\/gazetapernambucana.com\/#website\",\"url\":\"https:\/\/gazetapernambucana.com\/\",\"name\":\"\",\"description\":\"\",\"potentialAction\":[{\"@type\":\"SearchAction\",\"target\":{\"@type\":\"EntryPoint\",\"urlTemplate\":\"https:\/\/gazetapernambucana.com\/?s={search_term_string}\"},\"query-input\":{\"@type\":\"PropertyValueSpecification\",\"valueRequired\":true,\"valueName\":\"search_term_string\"}}],\"inLanguage\":\"pt-BR\"},{\"@type\":\"Person\",\"@id\":\"https:\/\/gazetapernambucana.com\/#\/schema\/person\/188dc283325181ac2de4db1e9e987427\",\"name\":\"GP\",\"image\":{\"@type\":\"ImageObject\",\"inLanguage\":\"pt-BR\",\"@id\":\"https:\/\/gazetapernambucana.com\/#\/schema\/person\/image\/\",\"url\":\"https:\/\/secure.gravatar.com\/avatar\/9dad78ff9a2d8b5742d11779f8a3f53b052320c550b2e1907882353c067bb111?s=96&d=mm&r=g\",\"contentUrl\":\"https:\/\/secure.gravatar.com\/avatar\/9dad78ff9a2d8b5742d11779f8a3f53b052320c550b2e1907882353c067bb111?s=96&d=mm&r=g\",\"caption\":\"GP\"},\"sameAs\":[\"http:\/\/gazetapernambucana.com\"],\"url\":\"https:\/\/gazetapernambucana.com\/?author=1\"}]}<\/script>\n<!-- \/ Yoast SEO plugin. -->","yoast_head_json":{"title":"Lara Santana abre campanha com grande adesiva\u00e7o em Ipojuca e refor\u00e7a for\u00e7a pol\u00edtica da candidatura -","robots":{"index":"index","follow":"follow","max-snippet":"max-snippet:-1","max-image-preview":"max-image-preview:large","max-video-preview":"max-video-preview:-1"},"canonical":"https:\/\/gazetapernambucana.com\/?p=4481","og_locale":"pt_BR","og_type":"article","og_title":"Lara Santana abre campanha com grande adesiva\u00e7o em Ipojuca e refor\u00e7a for\u00e7a pol\u00edtica da candidatura -","og_description":"A candidata a deputada estadual, Lara Santana (PV), marcou o in\u00edcio oficial de sua campanha, neste domingo (16), com um grande adesiva\u00e7o, na cidade do Ipojuca. O prefeito da cidade, Carlos Santana (republicanos) e a deputada estadual, Simone Santana (PSB), participaram da atividade, que reuniu centenas de apoiadores e lideran\u00e7as pol\u00edticas e colocou nas ruas [&hellip;]","og_url":"https:\/\/gazetapernambucana.com\/?p=4481","article_published_time":"2026-08-17T01:08:40+00:00","og_image":[{"width":1200,"height":800,"url":"https:\/\/gazetapernambucana.com\/wp-content\/uploads\/2026\/08\/1200x_0.871532001786917566.jpeg","type":"image\/jpeg"}],"author":"GP","twitter_card":"summary_large_image","twitter_misc":{"Escrito por":"GP","Est. tempo de leitura":"2 minutos"},"schema":{"@context":"https:\/\/schema.org","@graph":[{"@type":"WebPage","@id":"https:\/\/gazetapernambucana.com\/?p=4481","url":"https:\/\/gazetapernambucana.com\/?p=4481","name":"Lara Santana abre campanha com grande adesiva\u00e7o em Ipojuca e refor\u00e7a for\u00e7a pol\u00edtica da candidatura -","isPartOf":{"@id":"https:\/\/gazetapernambucana.com\/#website"},"primaryImageOfPage":{"@id":"https:\/\/gazetapernambucana.com\/?p=4481#primaryimage"},"image":{"@id":"https:\/\/gazetapernambucana.com\/?p=4481#primaryimage"},"thumbnailUrl":"https:\/\/gazetapernambucana.com\/wp-content\/uploads\/2026\/08\/1200x_0.871532001786917566.jpeg","datePublished":"2026-08-17T01:08:40+00:00","author":{"@id":"https:\/\/gazetapernambucana.com\/#\/schema\/person\/188dc283325181ac2de4db1e9e987427"},"breadcrumb":{"@id":"https:\/\/gazetapernambucana.com\/?p=4481#breadcrumb"},"inLanguage":"pt-BR","potentialAction":[{"@type":"ReadAction","target":["https:\/\/gazetapernambucana.com\/?p=4481"]}]},{"@type":"ImageObject","inLanguage":"pt-BR","@id":"https:\/\/gazetapernambucana.com\/?p=4481#primaryimage","url":"https:\/\/gazetapernambucana.com\/wp-content\/uploads\/2026\/08\/1200x_0.871532001786917566.jpeg","contentUrl":"https:\/\/gazetapernambucana.com\/wp-content\/uploads\/2026\/08\/1200x_0.871532001786917566.jpeg","width":1200,"height":800},{"@type":"BreadcrumbList","@id":"https:\/\/gazetapernambucana.com\/?p=4481#breadcrumb","itemListElement":[{"@type":"ListItem","position":1,"name":"In\u00edcio","item":"https:\/\/gazetapernambucana.com\/"},{"@type":"ListItem","position":2,"name":"Lara Santana abre campanha com grande adesiva\u00e7o em Ipojuca e refor\u00e7a for\u00e7a pol\u00edtica da candidatura"}]},{"@type":"WebSite","@id":"https:\/\/gazetapernambucana.com\/#website","url":"https:\/\/gazetapernambucana.com\/","name":"","description":"","potentialAction":[{"@type":"SearchAction","target":{"@type":"EntryPoint","urlTemplate":"https:\/\/gazetapernambucana.com\/?s={search_term_string}"},"query-input":{"@type":"PropertyValueSpecification","valueRequired":true,"valueName":"search_term_string"}}],"inLanguage":"pt-BR"},{"@type":"Person","@id":"https:\/\/gazetapernambucana.com\/#\/schema\/person\/188dc283325181ac2de4db1e9e987427","name":"GP","image":{"@type":"ImageObject","inLanguage":"pt-BR","@id":"https:\/\/gazetapernambucana.com\/#\/schema\/person\/image\/","url":"https:\/\/secure.gravatar.com\/avatar\/9dad78ff9a2d8b5742d11779f8a3f53b052320c550b2e1907882353c067bb111?s=96&d=mm&r=g","contentUrl":"https:\/\/secure.gravatar.com\/avatar\/9dad78ff9a2d8b5742d11779f8a3f53b052320c550b2e1907882353c067bb111?s=96&d=mm&r=g","caption":"GP"},"sameAs":["http:\/\/gazetapernambucana.com"],"url":"https:\/\/gazetapernambucana.com\/?author=1"}]}},"jetpack_publicize_connections":[],"_links":{"self":[{"href":"https:\/\/gazetapernambucana.com\/index.php?rest_route=\/wp\/v2\/posts\/4481","targetHints":{"allow":["GET"]}}],"collection":[{"href":"https:\/\/gazetapernambucana.com\/index.php?rest_route=\/wp\/v2\/posts"}],"about":[{"href":"https:\/\/gazetapernambucana.com\/index.php?rest_route=\/wp\/v2\/types\/post"}],"author":[{"embeddable":true,"href":"https:\/\/gazetapernambucana.com\/index.php?rest_route=\/wp\/v2\/users\/1"}],"replies":[{"embeddable":true,"href":"https:\/\/gazetapernambucana.com\/index.php?rest_route=%2Fwp%2Fv2%2Fcomments&post=4481"}],"version-history":[{"count":1,"href":"https:\/\/gazetapernambucana.com\/index.php?rest_route=\/wp\/v2\/posts\/4481\/revisions"}],"predecessor-version":[{"id":4483,"href":"https:\/\/gazetapernambucana.com\/index.php?rest_route=\/wp\/v2\/posts\/4481\/revisions\/4483"}],"wp:featuredmedia":[{"embeddable":true,"href":"https:\/\/gazetapernambucana.com\/index.php?rest_route=\/wp\/v2\/media\/4482"}],"wp:attachment":[{"href":"https:\/\/gazetapernambucana.com\/index.php?rest_route=%2Fwp%2Fv2%2Fmedia&parent=4481"}],"wp:term":[{"taxonomy":"category","embeddable":true,"href":"https:\/\/gazetapernambucana.com\/index.php?rest_route=%2Fwp%2Fv2%2Fcategories&post=4481"},{"taxonomy":"post_tag","embeddable":true,"href":"https:\/\/gazetapernambucana.com\/index.php?rest_route=%2Fwp%2Fv2%2Ftags&post=4481"}],"curies":[{"name":"wp","href":"https:\/\/api.w.org\/{rel}","templated":true}]}}