{"id":4477,"date":"2026-08-16T21:04:16","date_gmt":"2026-08-17T00:04:16","guid":{"rendered":"https:\/\/gazetapernambucana.com\/?p=4477"},"modified":"2026-08-16T21:52:47","modified_gmt":"2026-08-17T00:52:47","slug":"ao-lado-de-raquel-lyra-tulio-gadelha-da-a-largada-rumo-ao-senado-e-leva-a-campanha-para-as-ruas-de-pernambuco","status":"publish","type":"post","link":"https:\/\/gazetapernambucana.com\/?p=4477","title":{"rendered":"Ao lado de Raquel Lyra, T\u00falio Gad\u00ealha d\u00e1 a largada rumo ao Senado e leva a campanha para as ruas de Pernambuco"},"content":{"rendered":"<h5 class=\"ds-markdown-paragraph\"><strong><em><span class=\"\">Em um domingo que marcou a transi\u00e7\u00e3o definitiva da pr\u00e9-campanha para o embate eleitoral, o candidato ao Senado deixou os gabinetes para tr\u00e1s e iniciou, ao lado da governadora, uma jornada territorial que promete reconectar Pernambuco ao centro das decis\u00f5es nacionais<\/span><\/em><\/strong><\/h5>\n<p class=\"ds-markdown-paragraph\"><span class=\"\">O sil\u00eancio calculado das salas de negocia\u00e7\u00e3o e os encontros restritos das lideran\u00e7as partid\u00e1rias ficaram, enfim, para tr\u00e1s. Neste domingo, 16 de agosto, a pol\u00edtica pernambucana despiu-se das formalidades protocolares, vestiu a camisa da milit\u00e2ncia e estampou sua mensagem em adesivos, bandeiras e sorrisos espalhados pelas vias p\u00fablicas \u2013 porque chegou a hora em que a elei\u00e7\u00e3o realmente ganha vida, e isso s\u00f3 acontece no meio do povo. Foi com essa energia contagiante que T\u00falio Gad\u00ealha, candidato ao Senado, deu a largada oficial de sua campanha ao lado da governadora Raquel Lyra, candidata \u00e0 reelei\u00e7\u00e3o, em uma agenda que percorreu desde a Regi\u00e3o Metropolitana at\u00e9 os sert\u00f5es, sinalizando que a disputa por uma das vagas pernambucanas na C\u00e2mara Alta do Congresso ser\u00e1 travada palmo a palmo, rua por rua, munic\u00edpio por munic\u00edpio.<\/span><\/p>\n<p class=\"ds-markdown-paragraph\"><span class=\"\">A parceria entre T\u00falio e Raquel, longe de ser uma colagem oportunista de \u00faltima hora, representa a cristaliza\u00e7\u00e3o de um entendimento pol\u00edtico que vinha sendo costurado nos meses de pr\u00e9-campanha e que agora se revela como a espinha dorsal de um projeto integrado para o Estado. Mais do que dividir o mesmo palanque, os dois candidatos compartilham o diagn\u00f3stico de que Pernambuco precisa urgentemente de uma trincheira s\u00f3lida e articulada em Bras\u00edlia \u2013 e o Senado, com sua capilaridade institucional e poder de barganha federativo, \u00e9 a pe\u00e7a-chave para destravar investimentos, viabilizar emendas estruturantes e garantir que o governo estadual n\u00e3o caminhe solit\u00e1rio diante das demandas da Uni\u00e3o. Caminhar lado a lado, portanto, n\u00e3o \u00e9 um gesto simb\u00f3lico vazio; \u00e9 a assun\u00e7\u00e3o p\u00fablica de que o Executivo estadual e a representa\u00e7\u00e3o federal precisam falar a mesma l\u00edngua, remar na mesma dire\u00e7\u00e3o e construir uma ponte permanente entre o Pal\u00e1cio do Campo das Princesas e o Planalto Central.<\/span><\/p>\n<p class=\"ds-markdown-paragraph\"><span class=\"\">O primeiro ato desse novo cap\u00edtulo foi desenhado para provocar impacto imediato e deixar clara a capilaridade da chapa majorit\u00e1ria. Em uma manh\u00e3 que come\u00e7ou cedo na Zona Sul do Recife, o adesiva\u00e7o no bairro do Pina tomou conta da orla e reuniu centenas de militantes, lideran\u00e7as comunit\u00e1rias e apoiadores que transformaram o asfalto em um mar de cores e mensagens de esperan\u00e7a. Na sequ\u00eancia, a mobiliza\u00e7\u00e3o ganhou as imedia\u00e7\u00f5es da movimentada Avenida Jo\u00e3o de Barros, onde a presen\u00e7a maci\u00e7a da governadora Raquel Lyra, da vice Priscila Krause e do tamb\u00e9m candidato ao Senado Eduardo da Fonte refor\u00e7ou a unidade do grupo e a for\u00e7a de uma chapa que se apresenta plural, mas coesa. Foi nesse segundo compromisso que a pol\u00edtica deu lugar \u00e0 emo\u00e7\u00e3o: Raquel Lyra, visivelmente comovida, relembrou a trajet\u00f3ria de familiares que marcaram sua vida \u2013 como o ex-ministro Fernando Lyra e seu falecido marido, Fernando Lucena \u2013, trazendo \u00e0 tona a dimens\u00e3o humana que atravessa qualquer campanha e lembrando que, por tr\u00e1s de cada voto, h\u00e1 hist\u00f3rias, perdas, supera\u00e7\u00f5es e a mem\u00f3ria daqueles que abriram os caminhos da pol\u00edtica pernambucana.<\/span><\/p>\n<p class=\"ds-markdown-paragraph\"><span class=\"\">Mas a estrat\u00e9gia territorial da campanha de T\u00falio Gad\u00ealha n\u00e3o se resumiu \u00e0 capital. A programa\u00e7\u00e3o deste domingo foi meticulosamente planejada para atravessar as fronteiras geogr\u00e1ficas e simb\u00f3licas do Estado, com paradas previstas em Caruaru, no cora\u00e7\u00e3o din\u00e2mico do Agreste, e em Petrolina, na pujante fronteira do Sert\u00e3o do S\u00e3o Francisco. Essa escolha deliberada por regi\u00f5es t\u00e3o distintas no primeiro dia de campanha revela uma intelig\u00eancia estrat\u00e9gica que vai al\u00e9m do modismo eleitoral: trata-se de uma declara\u00e7\u00e3o de inten\u00e7\u00f5es de que a candidatura ao Senado n\u00e3o ser\u00e1 ref\u00e9m do litoral ou das conveni\u00eancias da Regi\u00e3o Metropolitana. T\u00falio demonstra, com atos concretos, que compreende as m\u00faltiplas realidades pernambucanas \u2013 do agricultor familiar que enfrenta os ciclos da seca ao empres\u00e1rio do polo de fruticultura irrigada; do artes\u00e3o do Alto do Moura ao comerciante do Centro do Recife \u2013 e que sua atua\u00e7\u00e3o no Congresso ser\u00e1 pautada pela escuta ativa e pela defesa intransigente dos interesses de cada uma dessas parcelas da popula\u00e7\u00e3o.<\/span><\/p>\n<p class=\"ds-markdown-paragraph\"><span class=\"\">A transi\u00e7\u00e3o de deputado federal para candidato ao Senado, na trajet\u00f3ria de T\u00falio Gad\u00ealha, carrega um peso simb\u00f3lico e substantivo que merece ser destacado. N\u00e3o se trata de uma simples mudan\u00e7a de cargo, mas de um salto de dimens\u00e3o pol\u00edtica que exige do postulante uma vis\u00e3o mais abrangente, um tr\u00e2nsito mais amplo e uma capacidade de di\u00e1logo que ultrapasse as bordas partid\u00e1rias. Durante seus mandatos na C\u00e2mara dos Deputados, T\u00falio construiu uma reputa\u00e7\u00e3o de articulador habilidoso e parlamentar propositivo, tr\u00e2nsito que agora tenta converter em uma representa\u00e7\u00e3o majest\u00e1tica no Senado Federal. E \u00e9 justamente a\u00ed que sua candidatura ganha contornos pr\u00f3prios e diferenciados: ele n\u00e3o chega como um estranho aos corredores de Bras\u00edlia, tampouco como um novato diante das engrenagens do poder \u2013 chega como algu\u00e9m que j\u00e1 conhece os atalhos da governan\u00e7a nacional e que pretende usar esse conhecimento para pavimentar o caminho de Pernambuco em dire\u00e7\u00e3o a mais investimentos, mais autonomia e mais respeito federativo.<\/span><\/p>\n<p class=\"ds-markdown-paragraph\"><span class=\"\">A dimens\u00e3o pol\u00edtica dessa candidatura se aprofunda quando analisamos o papel institucional do Senado na Rep\u00fablica. N\u00e3o \u00e9 exagero afirmar que, na C\u00e2mara Alta, concentram-se algumas das decis\u00f5es mais estrat\u00e9gicas da na\u00e7\u00e3o: a aprova\u00e7\u00e3o de leis de impacto estrutural, a sabatina e confirma\u00e7\u00e3o de autoridades cruciais para o Judici\u00e1rio e o Executivo, a defini\u00e7\u00e3o do or\u00e7amento geral da Uni\u00e3o e, sobretudo, a defesa dos interesses dos estados diante de um poder central frequentemente absorvido por agendas regionais mais hegem\u00f4nicas. T\u00falio Gad\u00ealha, ao disputar uma das duas vagas destinadas a Pernambuco, n\u00e3o est\u00e1 pleiteando um assento honor\u00edfico; est\u00e1 se oferecendo como o elo institucional que faltava entre o sofrimento do sertanejo e a caneta do ministro, entre a demanda do empres\u00e1rio pernambucano e as linhas de cr\u00e9dito do BNDES, entre a urg\u00eancia da seguran\u00e7a p\u00fablica e os recursos do Fundo Nacional.<\/span><\/p>\n<p class=\"ds-markdown-paragraph\"><span class=\"\">Nos dias que antecederam a abertura oficial, o candidato tamb\u00e9m cuidou de fortalecer sua chapa com nomes de peso regional, anunciando Andr\u00e9 Teixeira e Dulci Amorim como suplentes \u2013 uma composi\u00e7\u00e3o que amplia o espectro pol\u00edtico e geogr\u00e1fico de sua representa\u00e7\u00e3o, agregando vozes do agreste e do sert\u00e3o e demonstrando que a constru\u00e7\u00e3o de sua candidatura \u00e9 coletiva, participativa e enraizada nas diversas matrizes culturais e econ\u00f4micas do Estado. Essa movimenta\u00e7\u00e3o, embora muitas vezes negligenciada pela cobertura superficial da imprensa, \u00e9 fundamental para entender a solidez da estrutura montada por T\u00falio: n\u00e3o h\u00e1 improviso, n\u00e3o h\u00e1 apostas temer\u00e1rias; h\u00e1 planejamento, di\u00e1logo e a clara percep\u00e7\u00e3o de que uma campanha ao Senado se vence no corpo a corpo, mas se consolida na consist\u00eancia das alian\u00e7as.<\/span><\/p>\n<p class=\"ds-markdown-paragraph\"><span class=\"\">\u00c9 inevit\u00e1vel, contudo, que as ruas sejam o term\u00f4metro definitivo dessa empreitada. E neste domingo, o term\u00f4metro marcou alta. A imagem que ficar\u00e1 registrada nos anais desta campanha \u00e9 a de T\u00falio Gad\u00ealha mergulhado na multid\u00e3o, distribuindo abra\u00e7os, tirando selfies, ouvindo queixas e acolhendo sugest\u00f5es com a humildade de quem sabe que o mandato n\u00e3o lhe pertence, mas pertence ao povo que o elegeu. N\u00e3o h\u00e1 discurso pronto que substitua o calor de um aperto de m\u00e3o sincero; n\u00e3o h\u00e1 programa de governo que supra a aus\u00eancia de uma escuta atenta. E T\u00falio, ao longo de toda a sua trajet\u00f3ria pol\u00edtica, parece ter internalizado essa li\u00e7\u00e3o elementar, mas frequentemente esquecida pela pol\u00edtica tradicional.<\/span><\/p>\n<p class=\"ds-markdown-paragraph\"><span class=\"\">A governadora Raquel Lyra, por sua vez, leva para essa alian\u00e7a a experi\u00eancia de quem j\u00e1 est\u00e1 no comando do Estado e conhece, na pr\u00e1tica, as dores e as del\u00edcias de governar Pernambuco. Sua parceria com T\u00falio n\u00e3o \u00e9 apenas uma conveni\u00eancia eleitoral; \u00e9 o reconhecimento de que, para avan\u00e7ar, o governo precisa de aliados estrat\u00e9gicos no Congresso, especialmente em um momento em que as rela\u00e7\u00f5es entre estados e Uni\u00e3o exigem habilidade diplom\u00e1tica e jogo de cintura pol\u00edtica. Ao unir a experi\u00eancia executiva de Raquel com a articula\u00e7\u00e3o legislativa de T\u00falio, a chapa majorit\u00e1ria oferece ao eleitor um bin\u00f4mio de compet\u00eancias que raramente se v\u00ea na pol\u00edtica pernambucana: gest\u00e3o e representa\u00e7\u00e3o, a\u00e7\u00e3o local e influ\u00eancia nacional, pragmatismo e vis\u00e3o de futuro.<\/span><\/p>\n<p class=\"ds-markdown-paragraph\"><span class=\"\">N\u00e3o se pode ignorar, por fim, o aspecto temporal e legal que confere a este domingo uma import\u00e2ncia que ultrapassa o simbolismo. Com o fim do prazo para registro de candidaturas em 15 de agosto, a legisla\u00e7\u00e3o eleitoral autoriza, a partir de agora, a ocupa\u00e7\u00e3o efetiva das ruas, a distribui\u00e7\u00e3o de material gr\u00e1fico e a intensifica\u00e7\u00e3o da propaganda eleitoral em todos os seus formatos. \u00c9 o momento em que a campanha sai do papel e ganha as avenidas, as pra\u00e7as, os mercados p\u00fablicos e as feiras livres. E T\u00falio Gad\u00ealha, consciente do calend\u00e1rio e das oportunidades que ele oferece, aproveitou o primeiro minuto permitido para mostrar servi\u00e7o \u2013 uma atitude que revela n\u00e3o apenas entusiasmo, mas disciplina estrat\u00e9gica e respeito ao tempo pol\u00edtico.<\/span><\/p>\n<p class=\"ds-markdown-paragraph\"><span class=\"\">A estrada que se abre a partir de agora \u00e9 longa, sinuosa e, como bem sabem os pernambucanos, cheia de desafios. O Recife, com sua orla vibrante e sua efervesc\u00eancia pol\u00edtica, foi apenas o ponto de partida \u2013 mas a rota tra\u00e7ada por T\u00falio Gad\u00ealha prev\u00ea uma travessia completa por todas as mesorregi\u00f5es, da Zona da Mata ao Sert\u00e3o, do litoral ao semi\u00e1rido. Cada munic\u00edpio visitado ser\u00e1 uma escola; cada conversa em uma feira ou associa\u00e7\u00e3o de bairro ser\u00e1 um insumo para seu programa de representa\u00e7\u00e3o; cada voto conquistado ser\u00e1 uma miss\u00e3o a ser honrada com transpar\u00eancia, trabalho e dignidade.<\/span><\/p>\n<p class=\"ds-markdown-paragraph\"><span class=\"\">\u00c9 com essa disposi\u00e7\u00e3o de peregrino da pol\u00edtica, de ouvinte atento e de lutador incans\u00e1vel que T\u00falio inicia sua caminhada rumo ao Senado. Ele sabe que n\u00e3o basta chegar a Bras\u00edlia; \u00e9 preciso chegar levando consigo a voz do agricultor, a ang\u00fastia do desempregado, a esperan\u00e7a do estudante e a garra do empreendedor. E, para isso, n\u00e3o h\u00e1 atalhos: \u00e9 preciso suar a camisa, pisar o ch\u00e3o de cada cidade e olhar nos olhos de cada pernambucano.<\/span><\/p>\n<p class=\"ds-markdown-paragraph\"><span class=\"\">A campanha come\u00e7ou hoje. N\u00e3o h\u00e1 mais ensaio, n\u00e3o h\u00e1 mais bastidores. H\u00e1 apenas a estrada, o povo e a certeza de que Pernambuco pode, e deve,ter uma representa\u00e7\u00e3o \u00e0 altura de sua grandeza no Senado Federal. T\u00falio Gadelha j\u00e1 deu o primeiro passo. Agora, cabe ao eleitor reconhecer que, na travessia rumo a outubro, ele encontrou um guia disposto a n\u00e3o deixar ningu\u00e9m para tr\u00e1s.<\/span><\/p>\n","protected":false},"excerpt":{"rendered":"<p>Em um domingo que marcou a transi\u00e7\u00e3o definitiva da pr\u00e9-campanha para o embate eleitoral, o candidato ao Senado deixou os gabinetes para tr\u00e1s e iniciou, ao lado da governadora, uma jornada territorial que promete reconectar Pernambuco ao centro das decis\u00f5es nacionais O sil\u00eancio calculado das salas de negocia\u00e7\u00e3o e os encontros restritos das lideran\u00e7as partid\u00e1rias [&hellip;]<\/p>\n","protected":false},"author":1,"featured_media":4478,"comment_status":"open","ping_status":"open","sticky":false,"template":"","format":"standard","meta":{"footnotes":"","jetpack_publicize_message":"","jetpack_publicize_feature_enabled":true,"jetpack_social_post_already_shared":true,"jetpack_social_options":{"image_generator_settings":{"template":"highway","default_image_id":0,"font":"","enabled":false},"version":2}},"categories":[66,1,65],"tags":[],"class_list":["post-4477","post","type-post","status-publish","format-standard","has-post-thumbnail","hentry","category-cidades","category-https-gazetapernambucana-com-page_id225","category-politica"],"yoast_head":"<!-- This site is optimized with the Yoast SEO plugin v24.5 - https:\/\/yoast.com\/wordpress\/plugins\/seo\/ -->\n<title>Ao lado de Raquel Lyra, T\u00falio Gad\u00ealha d\u00e1 a largada rumo ao Senado e leva a campanha para as ruas de Pernambuco -<\/title>\n<meta name=\"robots\" content=\"index, follow, max-snippet:-1, max-image-preview:large, max-video-preview:-1\" \/>\n<link rel=\"canonical\" href=\"https:\/\/gazetapernambucana.com\/?p=4477\" \/>\n<meta property=\"og:locale\" content=\"pt_BR\" \/>\n<meta property=\"og:type\" content=\"article\" \/>\n<meta property=\"og:title\" content=\"Ao lado de Raquel Lyra, T\u00falio Gad\u00ealha d\u00e1 a largada rumo ao Senado e leva a campanha para as ruas de Pernambuco -\" \/>\n<meta property=\"og:description\" content=\"Em um domingo que marcou a transi\u00e7\u00e3o definitiva da pr\u00e9-campanha para o embate eleitoral, o candidato ao Senado deixou os gabinetes para tr\u00e1s e iniciou, ao lado da governadora, uma jornada territorial que promete reconectar Pernambuco ao centro das decis\u00f5es nacionais O sil\u00eancio calculado das salas de negocia\u00e7\u00e3o e os encontros restritos das lideran\u00e7as partid\u00e1rias [&hellip;]\" \/>\n<meta property=\"og:url\" content=\"https:\/\/gazetapernambucana.com\/?p=4477\" \/>\n<meta property=\"article:published_time\" content=\"2026-08-17T00:04:16+00:00\" \/>\n<meta property=\"article:modified_time\" content=\"2026-08-17T00:52:47+00:00\" \/>\n<meta property=\"og:image\" content=\"https:\/\/gazetapernambucana.com\/wp-content\/uploads\/2026\/08\/download-28-1.jpg\" \/>\n\t<meta property=\"og:image:width\" content=\"750\" \/>\n\t<meta property=\"og:image:height\" content=\"375\" \/>\n\t<meta property=\"og:image:type\" content=\"image\/jpeg\" \/>\n<meta name=\"author\" content=\"GP\" \/>\n<meta name=\"twitter:card\" content=\"summary_large_image\" \/>\n<meta name=\"twitter:label1\" content=\"Escrito por\" \/>\n\t<meta name=\"twitter:data1\" content=\"GP\" \/>\n\t<meta name=\"twitter:label2\" content=\"Est. tempo de leitura\" \/>\n\t<meta name=\"twitter:data2\" content=\"10 minutos\" \/>\n<script type=\"application\/ld+json\" class=\"yoast-schema-graph\">{\"@context\":\"https:\/\/schema.org\",\"@graph\":[{\"@type\":\"WebPage\",\"@id\":\"https:\/\/gazetapernambucana.com\/?p=4477\",\"url\":\"https:\/\/gazetapernambucana.com\/?p=4477\",\"name\":\"Ao lado de Raquel Lyra, T\u00falio Gad\u00ealha d\u00e1 a largada rumo ao Senado e leva a campanha para as ruas de Pernambuco -\",\"isPartOf\":{\"@id\":\"https:\/\/gazetapernambucana.com\/#website\"},\"primaryImageOfPage\":{\"@id\":\"https:\/\/gazetapernambucana.com\/?p=4477#primaryimage\"},\"image\":{\"@id\":\"https:\/\/gazetapernambucana.com\/?p=4477#primaryimage\"},\"thumbnailUrl\":\"https:\/\/gazetapernambucana.com\/wp-content\/uploads\/2026\/08\/download-28-1.jpg\",\"datePublished\":\"2026-08-17T00:04:16+00:00\",\"dateModified\":\"2026-08-17T00:52:47+00:00\",\"author\":{\"@id\":\"https:\/\/gazetapernambucana.com\/#\/schema\/person\/188dc283325181ac2de4db1e9e987427\"},\"breadcrumb\":{\"@id\":\"https:\/\/gazetapernambucana.com\/?p=4477#breadcrumb\"},\"inLanguage\":\"pt-BR\",\"potentialAction\":[{\"@type\":\"ReadAction\",\"target\":[\"https:\/\/gazetapernambucana.com\/?p=4477\"]}]},{\"@type\":\"ImageObject\",\"inLanguage\":\"pt-BR\",\"@id\":\"https:\/\/gazetapernambucana.com\/?p=4477#primaryimage\",\"url\":\"https:\/\/gazetapernambucana.com\/wp-content\/uploads\/2026\/08\/download-28-1.jpg\",\"contentUrl\":\"https:\/\/gazetapernambucana.com\/wp-content\/uploads\/2026\/08\/download-28-1.jpg\",\"width\":750,\"height\":375},{\"@type\":\"BreadcrumbList\",\"@id\":\"https:\/\/gazetapernambucana.com\/?p=4477#breadcrumb\",\"itemListElement\":[{\"@type\":\"ListItem\",\"position\":1,\"name\":\"In\u00edcio\",\"item\":\"https:\/\/gazetapernambucana.com\/\"},{\"@type\":\"ListItem\",\"position\":2,\"name\":\"Ao lado de Raquel Lyra, T\u00falio Gad\u00ealha d\u00e1 a largada rumo ao Senado e leva a campanha para as ruas de Pernambuco\"}]},{\"@type\":\"WebSite\",\"@id\":\"https:\/\/gazetapernambucana.com\/#website\",\"url\":\"https:\/\/gazetapernambucana.com\/\",\"name\":\"\",\"description\":\"\",\"potentialAction\":[{\"@type\":\"SearchAction\",\"target\":{\"@type\":\"EntryPoint\",\"urlTemplate\":\"https:\/\/gazetapernambucana.com\/?s={search_term_string}\"},\"query-input\":{\"@type\":\"PropertyValueSpecification\",\"valueRequired\":true,\"valueName\":\"search_term_string\"}}],\"inLanguage\":\"pt-BR\"},{\"@type\":\"Person\",\"@id\":\"https:\/\/gazetapernambucana.com\/#\/schema\/person\/188dc283325181ac2de4db1e9e987427\",\"name\":\"GP\",\"image\":{\"@type\":\"ImageObject\",\"inLanguage\":\"pt-BR\",\"@id\":\"https:\/\/gazetapernambucana.com\/#\/schema\/person\/image\/\",\"url\":\"https:\/\/secure.gravatar.com\/avatar\/9dad78ff9a2d8b5742d11779f8a3f53b052320c550b2e1907882353c067bb111?s=96&d=mm&r=g\",\"contentUrl\":\"https:\/\/secure.gravatar.com\/avatar\/9dad78ff9a2d8b5742d11779f8a3f53b052320c550b2e1907882353c067bb111?s=96&d=mm&r=g\",\"caption\":\"GP\"},\"sameAs\":[\"http:\/\/gazetapernambucana.com\"],\"url\":\"https:\/\/gazetapernambucana.com\/?author=1\"}]}<\/script>\n<!-- \/ Yoast SEO plugin. -->","yoast_head_json":{"title":"Ao lado de Raquel Lyra, T\u00falio Gad\u00ealha d\u00e1 a largada rumo ao Senado e leva a campanha para as ruas de Pernambuco -","robots":{"index":"index","follow":"follow","max-snippet":"max-snippet:-1","max-image-preview":"max-image-preview:large","max-video-preview":"max-video-preview:-1"},"canonical":"https:\/\/gazetapernambucana.com\/?p=4477","og_locale":"pt_BR","og_type":"article","og_title":"Ao lado de Raquel Lyra, T\u00falio Gad\u00ealha d\u00e1 a largada rumo ao Senado e leva a campanha para as ruas de Pernambuco -","og_description":"Em um domingo que marcou a transi\u00e7\u00e3o definitiva da pr\u00e9-campanha para o embate eleitoral, o candidato ao Senado deixou os gabinetes para tr\u00e1s e iniciou, ao lado da governadora, uma jornada territorial que promete reconectar Pernambuco ao centro das decis\u00f5es nacionais O sil\u00eancio calculado das salas de negocia\u00e7\u00e3o e os encontros restritos das lideran\u00e7as partid\u00e1rias [&hellip;]","og_url":"https:\/\/gazetapernambucana.com\/?p=4477","article_published_time":"2026-08-17T00:04:16+00:00","article_modified_time":"2026-08-17T00:52:47+00:00","og_image":[{"width":750,"height":375,"url":"https:\/\/gazetapernambucana.com\/wp-content\/uploads\/2026\/08\/download-28-1.jpg","type":"image\/jpeg"}],"author":"GP","twitter_card":"summary_large_image","twitter_misc":{"Escrito por":"GP","Est. tempo de leitura":"10 minutos"},"schema":{"@context":"https:\/\/schema.org","@graph":[{"@type":"WebPage","@id":"https:\/\/gazetapernambucana.com\/?p=4477","url":"https:\/\/gazetapernambucana.com\/?p=4477","name":"Ao lado de Raquel Lyra, T\u00falio Gad\u00ealha d\u00e1 a largada rumo ao Senado e leva a campanha para as ruas de Pernambuco -","isPartOf":{"@id":"https:\/\/gazetapernambucana.com\/#website"},"primaryImageOfPage":{"@id":"https:\/\/gazetapernambucana.com\/?p=4477#primaryimage"},"image":{"@id":"https:\/\/gazetapernambucana.com\/?p=4477#primaryimage"},"thumbnailUrl":"https:\/\/gazetapernambucana.com\/wp-content\/uploads\/2026\/08\/download-28-1.jpg","datePublished":"2026-08-17T00:04:16+00:00","dateModified":"2026-08-17T00:52:47+00:00","author":{"@id":"https:\/\/gazetapernambucana.com\/#\/schema\/person\/188dc283325181ac2de4db1e9e987427"},"breadcrumb":{"@id":"https:\/\/gazetapernambucana.com\/?p=4477#breadcrumb"},"inLanguage":"pt-BR","potentialAction":[{"@type":"ReadAction","target":["https:\/\/gazetapernambucana.com\/?p=4477"]}]},{"@type":"ImageObject","inLanguage":"pt-BR","@id":"https:\/\/gazetapernambucana.com\/?p=4477#primaryimage","url":"https:\/\/gazetapernambucana.com\/wp-content\/uploads\/2026\/08\/download-28-1.jpg","contentUrl":"https:\/\/gazetapernambucana.com\/wp-content\/uploads\/2026\/08\/download-28-1.jpg","width":750,"height":375},{"@type":"BreadcrumbList","@id":"https:\/\/gazetapernambucana.com\/?p=4477#breadcrumb","itemListElement":[{"@type":"ListItem","position":1,"name":"In\u00edcio","item":"https:\/\/gazetapernambucana.com\/"},{"@type":"ListItem","position":2,"name":"Ao lado de Raquel Lyra, T\u00falio Gad\u00ealha d\u00e1 a largada rumo ao Senado e leva a campanha para as ruas de Pernambuco"}]},{"@type":"WebSite","@id":"https:\/\/gazetapernambucana.com\/#website","url":"https:\/\/gazetapernambucana.com\/","name":"","description":"","potentialAction":[{"@type":"SearchAction","target":{"@type":"EntryPoint","urlTemplate":"https:\/\/gazetapernambucana.com\/?s={search_term_string}"},"query-input":{"@type":"PropertyValueSpecification","valueRequired":true,"valueName":"search_term_string"}}],"inLanguage":"pt-BR"},{"@type":"Person","@id":"https:\/\/gazetapernambucana.com\/#\/schema\/person\/188dc283325181ac2de4db1e9e987427","name":"GP","image":{"@type":"ImageObject","inLanguage":"pt-BR","@id":"https:\/\/gazetapernambucana.com\/#\/schema\/person\/image\/","url":"https:\/\/secure.gravatar.com\/avatar\/9dad78ff9a2d8b5742d11779f8a3f53b052320c550b2e1907882353c067bb111?s=96&d=mm&r=g","contentUrl":"https:\/\/secure.gravatar.com\/avatar\/9dad78ff9a2d8b5742d11779f8a3f53b052320c550b2e1907882353c067bb111?s=96&d=mm&r=g","caption":"GP"},"sameAs":["http:\/\/gazetapernambucana.com"],"url":"https:\/\/gazetapernambucana.com\/?author=1"}]}},"jetpack_publicize_connections":[],"_links":{"self":[{"href":"https:\/\/gazetapernambucana.com\/index.php?rest_route=\/wp\/v2\/posts\/4477","targetHints":{"allow":["GET"]}}],"collection":[{"href":"https:\/\/gazetapernambucana.com\/index.php?rest_route=\/wp\/v2\/posts"}],"about":[{"href":"https:\/\/gazetapernambucana.com\/index.php?rest_route=\/wp\/v2\/types\/post"}],"author":[{"embeddable":true,"href":"https:\/\/gazetapernambucana.com\/index.php?rest_route=\/wp\/v2\/users\/1"}],"replies":[{"embeddable":true,"href":"https:\/\/gazetapernambucana.com\/index.php?rest_route=%2Fwp%2Fv2%2Fcomments&post=4477"}],"version-history":[{"count":2,"href":"https:\/\/gazetapernambucana.com\/index.php?rest_route=\/wp\/v2\/posts\/4477\/revisions"}],"predecessor-version":[{"id":4480,"href":"https:\/\/gazetapernambucana.com\/index.php?rest_route=\/wp\/v2\/posts\/4477\/revisions\/4480"}],"wp:featuredmedia":[{"embeddable":true,"href":"https:\/\/gazetapernambucana.com\/index.php?rest_route=\/wp\/v2\/media\/4478"}],"wp:attachment":[{"href":"https:\/\/gazetapernambucana.com\/index.php?rest_route=%2Fwp%2Fv2%2Fmedia&parent=4477"}],"wp:term":[{"taxonomy":"category","embeddable":true,"href":"https:\/\/gazetapernambucana.com\/index.php?rest_route=%2Fwp%2Fv2%2Fcategories&post=4477"},{"taxonomy":"post_tag","embeddable":true,"href":"https:\/\/gazetapernambucana.com\/index.php?rest_route=%2Fwp%2Fv2%2Ftags&post=4477"}],"curies":[{"name":"wp","href":"https:\/\/api.w.org\/{rel}","templated":true}]}}