{"id":4469,"date":"2026-08-16T17:34:05","date_gmt":"2026-08-16T20:34:05","guid":{"rendered":"https:\/\/gazetapernambucana.com\/?p=4469"},"modified":"2026-08-16T17:34:05","modified_gmt":"2026-08-16T20:34:05","slug":"psol-mantem-ivan-moraes-na-disputa-e-reage-a-joao-campos","status":"publish","type":"post","link":"https:\/\/gazetapernambucana.com\/?p=4469","title":{"rendered":"PSOL mant\u00e9m Ivan Moraes na disputa e reage a Jo\u00e3o Campos"},"content":{"rendered":"<header class=\"bc-hero\">\n<div class=\"container bc-hero-inner\"><\/div>\n<\/header>\n<div class=\"bc-body\">\n<div class=\"container bc-body-grid\">\n<div class=\"bc-body-main\">\n<div class=\"bc-content entry-content\">\n<figure class=\"wp-block-image size-large\"><figcaption class=\"wp-element-caption\">Foto: Ingrid Veloso<\/figcaption><\/figure>\n<p class=\"wp-block-paragraph\"><strong>GAZETA PERNAMBUCANA &#8211;<\/strong> Ivan Moraes, candidato da Frente Pernambuco de Luta, saiu fortalecido neste s\u00e1bado (15) ap\u00f3s a executiva nacional do PSOL n\u00e3o realizar a reuni\u00e3o que discutiria a retirada de sua candidatura ao Governo de Pernambuco. A informa\u00e7\u00e3o foi antecipada pelo Blog Cen\u00e1rio e a decis\u00e3o foi oficializada durante coletiva de imprensa na Casa Marielle Franco, no Recife.<\/p>\n<p class=\"wp-block-paragraph\">Jo\u00e3o Campos teria pressionado a dire\u00e7\u00e3o nacional do PSOL para rever a candidatura, inclusive com amea\u00e7as de impacto sobre candidaturas do partido e de aliados de Lula em outros estados. O desfecho manteve Ivan na disputa e refor\u00e7ou a unidade da legenda em torno do seu nome.<\/p>\n<p class=\"wp-block-paragraph\">\u201c<em>Pernambuco me ensinou a resistir. E conseguimos. O PSOL \u00e9 um partido independente, que n\u00e3o se rende \u00e0 press\u00e3o dos poderosos. A cultura do PSOL \u00e9 de respeitar suas inst\u00e2ncias, que est\u00e3o dentro da estrat\u00e9gia pol\u00edtica. Nossa luta \u00e9 de muito tempo, n\u00e3o \u00e9 de hoje. Estamos unidos, ainda mais fortes e prontos para colocar o bloco na rua<\/em>\u201d, afirmou Ivan.<\/p>\n<\/div>\n<\/div>\n<\/div>\n<\/div>\n","protected":false},"excerpt":{"rendered":"<p>Foto: Ingrid Veloso GAZETA PERNAMBUCANA &#8211; Ivan Moraes, candidato da Frente Pernambuco de Luta, saiu fortalecido neste s\u00e1bado (15) ap\u00f3s a executiva nacional do PSOL n\u00e3o realizar a reuni\u00e3o que discutiria a retirada de sua candidatura ao Governo de Pernambuco. A informa\u00e7\u00e3o foi antecipada pelo Blog Cen\u00e1rio e a decis\u00e3o foi oficializada durante coletiva de [&hellip;]<\/p>\n","protected":false},"author":1,"featured_media":4474,"comment_status":"open","ping_status":"open","sticky":false,"template":"","format":"standard","meta":{"footnotes":"","jetpack_publicize_message":"","jetpack_publicize_feature_enabled":true,"jetpack_social_post_already_shared":true,"jetpack_social_options":{"image_generator_settings":{"template":"highway","default_image_id":0,"font":"","enabled":false},"version":2}},"categories":[1,65],"tags":[],"class_list":["post-4469","post","type-post","status-publish","format-standard","has-post-thumbnail","hentry","category-https-gazetapernambucana-com-page_id225","category-politica"],"yoast_head":"<!-- This site is optimized with the Yoast SEO plugin v24.5 - https:\/\/yoast.com\/wordpress\/plugins\/seo\/ -->\n<title>PSOL mant\u00e9m Ivan Moraes na disputa e reage a Jo\u00e3o Campos -<\/title>\n<meta name=\"robots\" content=\"index, follow, max-snippet:-1, max-image-preview:large, max-video-preview:-1\" \/>\n<link rel=\"canonical\" href=\"https:\/\/gazetapernambucana.com\/?p=4469\" \/>\n<meta property=\"og:locale\" content=\"pt_BR\" \/>\n<meta property=\"og:type\" content=\"article\" \/>\n<meta property=\"og:title\" content=\"PSOL mant\u00e9m Ivan Moraes na disputa e reage a Jo\u00e3o Campos -\" \/>\n<meta property=\"og:description\" content=\"Foto: Ingrid Veloso GAZETA PERNAMBUCANA &#8211; Ivan Moraes, candidato da Frente Pernambuco de Luta, saiu fortalecido neste s\u00e1bado (15) ap\u00f3s a executiva nacional do PSOL n\u00e3o realizar a reuni\u00e3o que discutiria a retirada de sua candidatura ao Governo de Pernambuco. A informa\u00e7\u00e3o foi antecipada pelo Blog Cen\u00e1rio e a decis\u00e3o foi oficializada durante coletiva de [&hellip;]\" \/>\n<meta property=\"og:url\" content=\"https:\/\/gazetapernambucana.com\/?p=4469\" \/>\n<meta property=\"article:published_time\" content=\"2026-08-16T20:34:05+00:00\" \/>\n<meta property=\"og:image\" content=\"https:\/\/gazetapernambucana.com\/wp-content\/uploads\/2026\/08\/IMG_0167-1024x713-1.jpeg\" \/>\n\t<meta property=\"og:image:width\" content=\"1024\" \/>\n\t<meta property=\"og:image:height\" content=\"713\" \/>\n\t<meta property=\"og:image:type\" content=\"image\/jpeg\" \/>\n<meta name=\"author\" content=\"GP\" \/>\n<meta name=\"twitter:card\" content=\"summary_large_image\" \/>\n<meta name=\"twitter:label1\" content=\"Escrito por\" \/>\n\t<meta name=\"twitter:data1\" content=\"GP\" \/>\n\t<meta name=\"twitter:label2\" content=\"Est. tempo de leitura\" \/>\n\t<meta name=\"twitter:data2\" content=\"2 minutos\" \/>\n<script type=\"application\/ld+json\" class=\"yoast-schema-graph\">{\"@context\":\"https:\/\/schema.org\",\"@graph\":[{\"@type\":\"WebPage\",\"@id\":\"https:\/\/gazetapernambucana.com\/?p=4469\",\"url\":\"https:\/\/gazetapernambucana.com\/?p=4469\",\"name\":\"PSOL mant\u00e9m Ivan Moraes na disputa e reage a Jo\u00e3o Campos -\",\"isPartOf\":{\"@id\":\"https:\/\/gazetapernambucana.com\/#website\"},\"primaryImageOfPage\":{\"@id\":\"https:\/\/gazetapernambucana.com\/?p=4469#primaryimage\"},\"image\":{\"@id\":\"https:\/\/gazetapernambucana.com\/?p=4469#primaryimage\"},\"thumbnailUrl\":\"https:\/\/gazetapernambucana.com\/wp-content\/uploads\/2026\/08\/IMG_0167-1024x713-1.jpeg\",\"datePublished\":\"2026-08-16T20:34:05+00:00\",\"author\":{\"@id\":\"https:\/\/gazetapernambucana.com\/#\/schema\/person\/188dc283325181ac2de4db1e9e987427\"},\"breadcrumb\":{\"@id\":\"https:\/\/gazetapernambucana.com\/?p=4469#breadcrumb\"},\"inLanguage\":\"pt-BR\",\"potentialAction\":[{\"@type\":\"ReadAction\",\"target\":[\"https:\/\/gazetapernambucana.com\/?p=4469\"]}]},{\"@type\":\"ImageObject\",\"inLanguage\":\"pt-BR\",\"@id\":\"https:\/\/gazetapernambucana.com\/?p=4469#primaryimage\",\"url\":\"https:\/\/gazetapernambucana.com\/wp-content\/uploads\/2026\/08\/IMG_0167-1024x713-1.jpeg\",\"contentUrl\":\"https:\/\/gazetapernambucana.com\/wp-content\/uploads\/2026\/08\/IMG_0167-1024x713-1.jpeg\",\"width\":1024,\"height\":713},{\"@type\":\"BreadcrumbList\",\"@id\":\"https:\/\/gazetapernambucana.com\/?p=4469#breadcrumb\",\"itemListElement\":[{\"@type\":\"ListItem\",\"position\":1,\"name\":\"In\u00edcio\",\"item\":\"https:\/\/gazetapernambucana.com\/\"},{\"@type\":\"ListItem\",\"position\":2,\"name\":\"PSOL mant\u00e9m Ivan Moraes na disputa e reage a Jo\u00e3o Campos\"}]},{\"@type\":\"WebSite\",\"@id\":\"https:\/\/gazetapernambucana.com\/#website\",\"url\":\"https:\/\/gazetapernambucana.com\/\",\"name\":\"\",\"description\":\"\",\"potentialAction\":[{\"@type\":\"SearchAction\",\"target\":{\"@type\":\"EntryPoint\",\"urlTemplate\":\"https:\/\/gazetapernambucana.com\/?s={search_term_string}\"},\"query-input\":{\"@type\":\"PropertyValueSpecification\",\"valueRequired\":true,\"valueName\":\"search_term_string\"}}],\"inLanguage\":\"pt-BR\"},{\"@type\":\"Person\",\"@id\":\"https:\/\/gazetapernambucana.com\/#\/schema\/person\/188dc283325181ac2de4db1e9e987427\",\"name\":\"GP\",\"image\":{\"@type\":\"ImageObject\",\"inLanguage\":\"pt-BR\",\"@id\":\"https:\/\/gazetapernambucana.com\/#\/schema\/person\/image\/\",\"url\":\"https:\/\/secure.gravatar.com\/avatar\/9dad78ff9a2d8b5742d11779f8a3f53b052320c550b2e1907882353c067bb111?s=96&d=mm&r=g\",\"contentUrl\":\"https:\/\/secure.gravatar.com\/avatar\/9dad78ff9a2d8b5742d11779f8a3f53b052320c550b2e1907882353c067bb111?s=96&d=mm&r=g\",\"caption\":\"GP\"},\"sameAs\":[\"http:\/\/gazetapernambucana.com\"],\"url\":\"https:\/\/gazetapernambucana.com\/?author=1\"}]}<\/script>\n<!-- \/ Yoast SEO plugin. -->","yoast_head_json":{"title":"PSOL mant\u00e9m Ivan Moraes na disputa e reage a Jo\u00e3o Campos -","robots":{"index":"index","follow":"follow","max-snippet":"max-snippet:-1","max-image-preview":"max-image-preview:large","max-video-preview":"max-video-preview:-1"},"canonical":"https:\/\/gazetapernambucana.com\/?p=4469","og_locale":"pt_BR","og_type":"article","og_title":"PSOL mant\u00e9m Ivan Moraes na disputa e reage a Jo\u00e3o Campos -","og_description":"Foto: Ingrid Veloso GAZETA PERNAMBUCANA &#8211; Ivan Moraes, candidato da Frente Pernambuco de Luta, saiu fortalecido neste s\u00e1bado (15) ap\u00f3s a executiva nacional do PSOL n\u00e3o realizar a reuni\u00e3o que discutiria a retirada de sua candidatura ao Governo de Pernambuco. A informa\u00e7\u00e3o foi antecipada pelo Blog Cen\u00e1rio e a decis\u00e3o foi oficializada durante coletiva de [&hellip;]","og_url":"https:\/\/gazetapernambucana.com\/?p=4469","article_published_time":"2026-08-16T20:34:05+00:00","og_image":[{"width":1024,"height":713,"url":"https:\/\/gazetapernambucana.com\/wp-content\/uploads\/2026\/08\/IMG_0167-1024x713-1.jpeg","type":"image\/jpeg"}],"author":"GP","twitter_card":"summary_large_image","twitter_misc":{"Escrito por":"GP","Est. tempo de leitura":"2 minutos"},"schema":{"@context":"https:\/\/schema.org","@graph":[{"@type":"WebPage","@id":"https:\/\/gazetapernambucana.com\/?p=4469","url":"https:\/\/gazetapernambucana.com\/?p=4469","name":"PSOL mant\u00e9m Ivan Moraes na disputa e reage a Jo\u00e3o Campos -","isPartOf":{"@id":"https:\/\/gazetapernambucana.com\/#website"},"primaryImageOfPage":{"@id":"https:\/\/gazetapernambucana.com\/?p=4469#primaryimage"},"image":{"@id":"https:\/\/gazetapernambucana.com\/?p=4469#primaryimage"},"thumbnailUrl":"https:\/\/gazetapernambucana.com\/wp-content\/uploads\/2026\/08\/IMG_0167-1024x713-1.jpeg","datePublished":"2026-08-16T20:34:05+00:00","author":{"@id":"https:\/\/gazetapernambucana.com\/#\/schema\/person\/188dc283325181ac2de4db1e9e987427"},"breadcrumb":{"@id":"https:\/\/gazetapernambucana.com\/?p=4469#breadcrumb"},"inLanguage":"pt-BR","potentialAction":[{"@type":"ReadAction","target":["https:\/\/gazetapernambucana.com\/?p=4469"]}]},{"@type":"ImageObject","inLanguage":"pt-BR","@id":"https:\/\/gazetapernambucana.com\/?p=4469#primaryimage","url":"https:\/\/gazetapernambucana.com\/wp-content\/uploads\/2026\/08\/IMG_0167-1024x713-1.jpeg","contentUrl":"https:\/\/gazetapernambucana.com\/wp-content\/uploads\/2026\/08\/IMG_0167-1024x713-1.jpeg","width":1024,"height":713},{"@type":"BreadcrumbList","@id":"https:\/\/gazetapernambucana.com\/?p=4469#breadcrumb","itemListElement":[{"@type":"ListItem","position":1,"name":"In\u00edcio","item":"https:\/\/gazetapernambucana.com\/"},{"@type":"ListItem","position":2,"name":"PSOL mant\u00e9m Ivan Moraes na disputa e reage a Jo\u00e3o Campos"}]},{"@type":"WebSite","@id":"https:\/\/gazetapernambucana.com\/#website","url":"https:\/\/gazetapernambucana.com\/","name":"","description":"","potentialAction":[{"@type":"SearchAction","target":{"@type":"EntryPoint","urlTemplate":"https:\/\/gazetapernambucana.com\/?s={search_term_string}"},"query-input":{"@type":"PropertyValueSpecification","valueRequired":true,"valueName":"search_term_string"}}],"inLanguage":"pt-BR"},{"@type":"Person","@id":"https:\/\/gazetapernambucana.com\/#\/schema\/person\/188dc283325181ac2de4db1e9e987427","name":"GP","image":{"@type":"ImageObject","inLanguage":"pt-BR","@id":"https:\/\/gazetapernambucana.com\/#\/schema\/person\/image\/","url":"https:\/\/secure.gravatar.com\/avatar\/9dad78ff9a2d8b5742d11779f8a3f53b052320c550b2e1907882353c067bb111?s=96&d=mm&r=g","contentUrl":"https:\/\/secure.gravatar.com\/avatar\/9dad78ff9a2d8b5742d11779f8a3f53b052320c550b2e1907882353c067bb111?s=96&d=mm&r=g","caption":"GP"},"sameAs":["http:\/\/gazetapernambucana.com"],"url":"https:\/\/gazetapernambucana.com\/?author=1"}]}},"jetpack_publicize_connections":[],"_links":{"self":[{"href":"https:\/\/gazetapernambucana.com\/index.php?rest_route=\/wp\/v2\/posts\/4469","targetHints":{"allow":["GET"]}}],"collection":[{"href":"https:\/\/gazetapernambucana.com\/index.php?rest_route=\/wp\/v2\/posts"}],"about":[{"href":"https:\/\/gazetapernambucana.com\/index.php?rest_route=\/wp\/v2\/types\/post"}],"author":[{"embeddable":true,"href":"https:\/\/gazetapernambucana.com\/index.php?rest_route=\/wp\/v2\/users\/1"}],"replies":[{"embeddable":true,"href":"https:\/\/gazetapernambucana.com\/index.php?rest_route=%2Fwp%2Fv2%2Fcomments&post=4469"}],"version-history":[{"count":1,"href":"https:\/\/gazetapernambucana.com\/index.php?rest_route=\/wp\/v2\/posts\/4469\/revisions"}],"predecessor-version":[{"id":4475,"href":"https:\/\/gazetapernambucana.com\/index.php?rest_route=\/wp\/v2\/posts\/4469\/revisions\/4475"}],"wp:featuredmedia":[{"embeddable":true,"href":"https:\/\/gazetapernambucana.com\/index.php?rest_route=\/wp\/v2\/media\/4474"}],"wp:attachment":[{"href":"https:\/\/gazetapernambucana.com\/index.php?rest_route=%2Fwp%2Fv2%2Fmedia&parent=4469"}],"wp:term":[{"taxonomy":"category","embeddable":true,"href":"https:\/\/gazetapernambucana.com\/index.php?rest_route=%2Fwp%2Fv2%2Fcategories&post=4469"},{"taxonomy":"post_tag","embeddable":true,"href":"https:\/\/gazetapernambucana.com\/index.php?rest_route=%2Fwp%2Fv2%2Ftags&post=4469"}],"curies":[{"name":"wp","href":"https:\/\/api.w.org\/{rel}","templated":true}]}}