{"id":4466,"date":"2026-08-15T21:18:21","date_gmt":"2026-08-16T00:18:21","guid":{"rendered":"https:\/\/gazetapernambucana.com\/?p=4466"},"modified":"2026-08-15T21:18:21","modified_gmt":"2026-08-16T00:18:21","slug":"tulio-gadelha-convoca-adesivaco-neste-domingo-ao-lado-de-raquel-lyra-e-mostra-forca-na-largada-da-campanha","status":"publish","type":"post","link":"https:\/\/gazetapernambucana.com\/?p=4466","title":{"rendered":"T\u00falio Gad\u00ealha convoca adesiva\u00e7o neste domingo ao lado de Raquel Lyra e mostra for\u00e7a na largada da campanha"},"content":{"rendered":"<p class=\"isSelectedEnd\"><strong>Mobiliza\u00e7\u00e3o coloca nas ruas a candidatura de T\u00falio ao Senado e refor\u00e7a a sintonia pol\u00edtica com a governadora na disputa pelo futuro de Pernambuco<\/strong><\/p>\n<p class=\"isSelectedEnd\">A campanha eleitoral come\u00e7a a ganhar definitivamente as ruas de Pernambuco. Neste domingo, o candidato ao Senado <strong>T\u00falio Gad\u00ealha (PSD)<\/strong> participa de um grande adesiva\u00e7o ao lado da governadora <strong>Raquel Lyra (PSD)<\/strong>, em mais um movimento que evidencia a uni\u00e3o pol\u00edtica da chapa e a disposi\u00e7\u00e3o de disputar cada espa\u00e7o do estado.<\/p>\n<p class=\"isSelectedEnd\">Mais do que uma a\u00e7\u00e3o de campanha, o adesiva\u00e7o representa uma demonstra\u00e7\u00e3o p\u00fablica de mobiliza\u00e7\u00e3o. T\u00falio chega \u00e0 disputa pelo Senado buscando transformar sua trajet\u00f3ria de deputado federal, sua presen\u00e7a nas pautas sociais e sua articula\u00e7\u00e3o pol\u00edtica em um projeto de representa\u00e7\u00e3o de Pernambuco na C\u00e2mara Alta do Congresso Nacional.<\/p>\n<p class=\"isSelectedEnd\">Nos \u00faltimos meses, a aproxima\u00e7\u00e3o entre T\u00falio e Raquel deixou de ser apenas um movimento de bastidores e passou a ocupar o centro da constru\u00e7\u00e3o pol\u00edtica da governadora. T\u00falio confirmou sua candidatura ao Senado e afirmou ter sido escolhido para integrar o projeto liderado por Raquel, destacando tamb\u00e9m o apoio recebido de gestores municipais de diferentes regi\u00f5es de Pernambuco.<\/p>\n<p class=\"isSelectedEnd\">O gesto deste domingo, portanto, carrega um simbolismo pol\u00edtico importante: <strong>Raquel e T\u00falio querem mostrar unidade, presen\u00e7a nas ruas e capacidade de mobiliza\u00e7\u00e3o logo no in\u00edcio da campanha<\/strong>.<\/p>\n<p class=\"isSelectedEnd\">A estrat\u00e9gia tamb\u00e9m refor\u00e7a uma caracter\u00edstica que T\u00falio tenta imprimir \u00e0 sua candidatura: o di\u00e1logo com diferentes setores pol\u00edticos e sociais sem abandonar as bandeiras que marcaram sua trajet\u00f3ria. Em manifesta\u00e7\u00f5es recentes, o parlamentar tamb\u00e9m tem defendido que as rela\u00e7\u00f5es institucionais entre Pernambuco e o Governo Federal estejam acima das disputas partid\u00e1rias, ressaltando a import\u00e2ncia da coopera\u00e7\u00e3o entre Raquel Lyra e o presidente Lula para a realiza\u00e7\u00e3o de investimentos no estado.<\/p>\n<h2>Uma candidatura que busca ampliar fronteiras<\/h2>\n<p class=\"isSelectedEnd\">A elei\u00e7\u00e3o para o Senado ser\u00e1 uma das disputas mais observadas de Pernambuco em 2026. Nesse cen\u00e1rio, T\u00falio Gad\u00ealha procura ocupar um espa\u00e7o pol\u00edtico pr\u00f3prio: combina a experi\u00eancia acumulada em dois mandatos na C\u00e2mara Federal com uma imagem ligada \u00e0 renova\u00e7\u00e3o pol\u00edtica e tenta ampliar sua presen\u00e7a para al\u00e9m da Regi\u00e3o Metropolitana.<\/p>\n<p class=\"isSelectedEnd\">O apoio da estrutura pol\u00edtica formada em torno de Raquel Lyra acrescenta capilaridade \u00e0 candidatura.<\/p>\n<p class=\"isSelectedEnd\">Ao convocar militantes, apoiadores e lideran\u00e7as para o adesiva\u00e7o deste domingo, T\u00falio sinaliza que pretende fazer uma campanha de rua, baseada no contato direto com o eleitor.<\/p>\n<p class=\"isSelectedEnd\">E a presen\u00e7a de Raquel Lyra ao seu lado aumenta o peso pol\u00edtico da mobiliza\u00e7\u00e3o.<\/p>\n<p class=\"isSelectedEnd\">N\u00e3o se trata apenas de colocar adesivos nos carros. <strong>\u00c9 o come\u00e7o de uma disputa por territ\u00f3rio, visibilidade e voto em todas as regi\u00f5es de Pernambuco.<\/strong><\/p>\n<p>A fotografia pol\u00edtica que dever\u00e1 sair das ruas neste domingo pretende transmitir exatamente essa mensagem: <strong>T\u00falio est\u00e1 na disputa, Raquel est\u00e1 ao seu lado e a campanha pelo Senado come\u00e7a com disposi\u00e7\u00e3o para ocupar as ruas de Pernambuco.<\/strong><\/p>\n","protected":false},"excerpt":{"rendered":"<p>Mobiliza\u00e7\u00e3o coloca nas ruas a candidatura de T\u00falio ao Senado e refor\u00e7a a sintonia pol\u00edtica com a governadora na disputa pelo futuro de Pernambuco A campanha eleitoral come\u00e7a a ganhar definitivamente as ruas de Pernambuco. Neste domingo, o candidato ao Senado T\u00falio Gad\u00ealha (PSD) participa de um grande adesiva\u00e7o ao lado da governadora Raquel Lyra [&hellip;]<\/p>\n","protected":false},"author":1,"featured_media":4467,"comment_status":"open","ping_status":"open","sticky":false,"template":"","format":"standard","meta":{"footnotes":"","jetpack_publicize_message":"","jetpack_publicize_feature_enabled":true,"jetpack_social_post_already_shared":true,"jetpack_social_options":{"image_generator_settings":{"template":"highway","default_image_id":0,"font":"","enabled":false},"version":2}},"categories":[66,1,65],"tags":[],"class_list":["post-4466","post","type-post","status-publish","format-standard","has-post-thumbnail","hentry","category-cidades","category-https-gazetapernambucana-com-page_id225","category-politica"],"yoast_head":"<!-- This site is optimized with the Yoast SEO plugin v24.5 - https:\/\/yoast.com\/wordpress\/plugins\/seo\/ -->\n<title>T\u00falio Gad\u00ealha convoca adesiva\u00e7o neste domingo ao lado de Raquel Lyra e mostra for\u00e7a na largada da campanha -<\/title>\n<meta name=\"robots\" content=\"index, follow, max-snippet:-1, max-image-preview:large, max-video-preview:-1\" \/>\n<link rel=\"canonical\" href=\"https:\/\/gazetapernambucana.com\/?p=4466\" \/>\n<meta property=\"og:locale\" content=\"pt_BR\" \/>\n<meta property=\"og:type\" content=\"article\" \/>\n<meta property=\"og:title\" content=\"T\u00falio Gad\u00ealha convoca adesiva\u00e7o neste domingo ao lado de Raquel Lyra e mostra for\u00e7a na largada da campanha -\" \/>\n<meta property=\"og:description\" content=\"Mobiliza\u00e7\u00e3o coloca nas ruas a candidatura de T\u00falio ao Senado e refor\u00e7a a sintonia pol\u00edtica com a governadora na disputa pelo futuro de Pernambuco A campanha eleitoral come\u00e7a a ganhar definitivamente as ruas de Pernambuco. Neste domingo, o candidato ao Senado T\u00falio Gad\u00ealha (PSD) participa de um grande adesiva\u00e7o ao lado da governadora Raquel Lyra [&hellip;]\" \/>\n<meta property=\"og:url\" content=\"https:\/\/gazetapernambucana.com\/?p=4466\" \/>\n<meta property=\"article:published_time\" content=\"2026-08-16T00:18:21+00:00\" \/>\n<meta property=\"og:image\" content=\"https:\/\/gazetapernambucana.com\/wp-content\/uploads\/2026\/08\/download-2.jpg\" \/>\n\t<meta property=\"og:image:width\" content=\"1078\" \/>\n\t<meta property=\"og:image:height\" content=\"716\" \/>\n\t<meta property=\"og:image:type\" content=\"image\/jpeg\" \/>\n<meta name=\"author\" content=\"GP\" \/>\n<meta name=\"twitter:card\" content=\"summary_large_image\" \/>\n<meta name=\"twitter:label1\" content=\"Escrito por\" \/>\n\t<meta name=\"twitter:data1\" content=\"GP\" \/>\n\t<meta name=\"twitter:label2\" content=\"Est. tempo de leitura\" \/>\n\t<meta name=\"twitter:data2\" content=\"3 minutos\" \/>\n<script type=\"application\/ld+json\" class=\"yoast-schema-graph\">{\"@context\":\"https:\/\/schema.org\",\"@graph\":[{\"@type\":\"WebPage\",\"@id\":\"https:\/\/gazetapernambucana.com\/?p=4466\",\"url\":\"https:\/\/gazetapernambucana.com\/?p=4466\",\"name\":\"T\u00falio Gad\u00ealha convoca adesiva\u00e7o neste domingo ao lado de Raquel Lyra e mostra for\u00e7a na largada da campanha -\",\"isPartOf\":{\"@id\":\"https:\/\/gazetapernambucana.com\/#website\"},\"primaryImageOfPage\":{\"@id\":\"https:\/\/gazetapernambucana.com\/?p=4466#primaryimage\"},\"image\":{\"@id\":\"https:\/\/gazetapernambucana.com\/?p=4466#primaryimage\"},\"thumbnailUrl\":\"https:\/\/gazetapernambucana.com\/wp-content\/uploads\/2026\/08\/download-2.jpg\",\"datePublished\":\"2026-08-16T00:18:21+00:00\",\"author\":{\"@id\":\"https:\/\/gazetapernambucana.com\/#\/schema\/person\/188dc283325181ac2de4db1e9e987427\"},\"breadcrumb\":{\"@id\":\"https:\/\/gazetapernambucana.com\/?p=4466#breadcrumb\"},\"inLanguage\":\"pt-BR\",\"potentialAction\":[{\"@type\":\"ReadAction\",\"target\":[\"https:\/\/gazetapernambucana.com\/?p=4466\"]}]},{\"@type\":\"ImageObject\",\"inLanguage\":\"pt-BR\",\"@id\":\"https:\/\/gazetapernambucana.com\/?p=4466#primaryimage\",\"url\":\"https:\/\/gazetapernambucana.com\/wp-content\/uploads\/2026\/08\/download-2.jpg\",\"contentUrl\":\"https:\/\/gazetapernambucana.com\/wp-content\/uploads\/2026\/08\/download-2.jpg\",\"width\":1078,\"height\":716},{\"@type\":\"BreadcrumbList\",\"@id\":\"https:\/\/gazetapernambucana.com\/?p=4466#breadcrumb\",\"itemListElement\":[{\"@type\":\"ListItem\",\"position\":1,\"name\":\"In\u00edcio\",\"item\":\"https:\/\/gazetapernambucana.com\/\"},{\"@type\":\"ListItem\",\"position\":2,\"name\":\"T\u00falio Gad\u00ealha convoca adesiva\u00e7o neste domingo ao lado de Raquel Lyra e mostra for\u00e7a na largada da campanha\"}]},{\"@type\":\"WebSite\",\"@id\":\"https:\/\/gazetapernambucana.com\/#website\",\"url\":\"https:\/\/gazetapernambucana.com\/\",\"name\":\"\",\"description\":\"\",\"potentialAction\":[{\"@type\":\"SearchAction\",\"target\":{\"@type\":\"EntryPoint\",\"urlTemplate\":\"https:\/\/gazetapernambucana.com\/?s={search_term_string}\"},\"query-input\":{\"@type\":\"PropertyValueSpecification\",\"valueRequired\":true,\"valueName\":\"search_term_string\"}}],\"inLanguage\":\"pt-BR\"},{\"@type\":\"Person\",\"@id\":\"https:\/\/gazetapernambucana.com\/#\/schema\/person\/188dc283325181ac2de4db1e9e987427\",\"name\":\"GP\",\"image\":{\"@type\":\"ImageObject\",\"inLanguage\":\"pt-BR\",\"@id\":\"https:\/\/gazetapernambucana.com\/#\/schema\/person\/image\/\",\"url\":\"https:\/\/secure.gravatar.com\/avatar\/9dad78ff9a2d8b5742d11779f8a3f53b052320c550b2e1907882353c067bb111?s=96&d=mm&r=g\",\"contentUrl\":\"https:\/\/secure.gravatar.com\/avatar\/9dad78ff9a2d8b5742d11779f8a3f53b052320c550b2e1907882353c067bb111?s=96&d=mm&r=g\",\"caption\":\"GP\"},\"sameAs\":[\"http:\/\/gazetapernambucana.com\"],\"url\":\"https:\/\/gazetapernambucana.com\/?author=1\"}]}<\/script>\n<!-- \/ Yoast SEO plugin. -->","yoast_head_json":{"title":"T\u00falio Gad\u00ealha convoca adesiva\u00e7o neste domingo ao lado de Raquel Lyra e mostra for\u00e7a na largada da campanha -","robots":{"index":"index","follow":"follow","max-snippet":"max-snippet:-1","max-image-preview":"max-image-preview:large","max-video-preview":"max-video-preview:-1"},"canonical":"https:\/\/gazetapernambucana.com\/?p=4466","og_locale":"pt_BR","og_type":"article","og_title":"T\u00falio Gad\u00ealha convoca adesiva\u00e7o neste domingo ao lado de Raquel Lyra e mostra for\u00e7a na largada da campanha -","og_description":"Mobiliza\u00e7\u00e3o coloca nas ruas a candidatura de T\u00falio ao Senado e refor\u00e7a a sintonia pol\u00edtica com a governadora na disputa pelo futuro de Pernambuco A campanha eleitoral come\u00e7a a ganhar definitivamente as ruas de Pernambuco. Neste domingo, o candidato ao Senado T\u00falio Gad\u00ealha (PSD) participa de um grande adesiva\u00e7o ao lado da governadora Raquel Lyra [&hellip;]","og_url":"https:\/\/gazetapernambucana.com\/?p=4466","article_published_time":"2026-08-16T00:18:21+00:00","og_image":[{"width":1078,"height":716,"url":"https:\/\/gazetapernambucana.com\/wp-content\/uploads\/2026\/08\/download-2.jpg","type":"image\/jpeg"}],"author":"GP","twitter_card":"summary_large_image","twitter_misc":{"Escrito por":"GP","Est. tempo de leitura":"3 minutos"},"schema":{"@context":"https:\/\/schema.org","@graph":[{"@type":"WebPage","@id":"https:\/\/gazetapernambucana.com\/?p=4466","url":"https:\/\/gazetapernambucana.com\/?p=4466","name":"T\u00falio Gad\u00ealha convoca adesiva\u00e7o neste domingo ao lado de Raquel Lyra e mostra for\u00e7a na largada da campanha -","isPartOf":{"@id":"https:\/\/gazetapernambucana.com\/#website"},"primaryImageOfPage":{"@id":"https:\/\/gazetapernambucana.com\/?p=4466#primaryimage"},"image":{"@id":"https:\/\/gazetapernambucana.com\/?p=4466#primaryimage"},"thumbnailUrl":"https:\/\/gazetapernambucana.com\/wp-content\/uploads\/2026\/08\/download-2.jpg","datePublished":"2026-08-16T00:18:21+00:00","author":{"@id":"https:\/\/gazetapernambucana.com\/#\/schema\/person\/188dc283325181ac2de4db1e9e987427"},"breadcrumb":{"@id":"https:\/\/gazetapernambucana.com\/?p=4466#breadcrumb"},"inLanguage":"pt-BR","potentialAction":[{"@type":"ReadAction","target":["https:\/\/gazetapernambucana.com\/?p=4466"]}]},{"@type":"ImageObject","inLanguage":"pt-BR","@id":"https:\/\/gazetapernambucana.com\/?p=4466#primaryimage","url":"https:\/\/gazetapernambucana.com\/wp-content\/uploads\/2026\/08\/download-2.jpg","contentUrl":"https:\/\/gazetapernambucana.com\/wp-content\/uploads\/2026\/08\/download-2.jpg","width":1078,"height":716},{"@type":"BreadcrumbList","@id":"https:\/\/gazetapernambucana.com\/?p=4466#breadcrumb","itemListElement":[{"@type":"ListItem","position":1,"name":"In\u00edcio","item":"https:\/\/gazetapernambucana.com\/"},{"@type":"ListItem","position":2,"name":"T\u00falio Gad\u00ealha convoca adesiva\u00e7o neste domingo ao lado de Raquel Lyra e mostra for\u00e7a na largada da campanha"}]},{"@type":"WebSite","@id":"https:\/\/gazetapernambucana.com\/#website","url":"https:\/\/gazetapernambucana.com\/","name":"","description":"","potentialAction":[{"@type":"SearchAction","target":{"@type":"EntryPoint","urlTemplate":"https:\/\/gazetapernambucana.com\/?s={search_term_string}"},"query-input":{"@type":"PropertyValueSpecification","valueRequired":true,"valueName":"search_term_string"}}],"inLanguage":"pt-BR"},{"@type":"Person","@id":"https:\/\/gazetapernambucana.com\/#\/schema\/person\/188dc283325181ac2de4db1e9e987427","name":"GP","image":{"@type":"ImageObject","inLanguage":"pt-BR","@id":"https:\/\/gazetapernambucana.com\/#\/schema\/person\/image\/","url":"https:\/\/secure.gravatar.com\/avatar\/9dad78ff9a2d8b5742d11779f8a3f53b052320c550b2e1907882353c067bb111?s=96&d=mm&r=g","contentUrl":"https:\/\/secure.gravatar.com\/avatar\/9dad78ff9a2d8b5742d11779f8a3f53b052320c550b2e1907882353c067bb111?s=96&d=mm&r=g","caption":"GP"},"sameAs":["http:\/\/gazetapernambucana.com"],"url":"https:\/\/gazetapernambucana.com\/?author=1"}]}},"jetpack_publicize_connections":[],"_links":{"self":[{"href":"https:\/\/gazetapernambucana.com\/index.php?rest_route=\/wp\/v2\/posts\/4466","targetHints":{"allow":["GET"]}}],"collection":[{"href":"https:\/\/gazetapernambucana.com\/index.php?rest_route=\/wp\/v2\/posts"}],"about":[{"href":"https:\/\/gazetapernambucana.com\/index.php?rest_route=\/wp\/v2\/types\/post"}],"author":[{"embeddable":true,"href":"https:\/\/gazetapernambucana.com\/index.php?rest_route=\/wp\/v2\/users\/1"}],"replies":[{"embeddable":true,"href":"https:\/\/gazetapernambucana.com\/index.php?rest_route=%2Fwp%2Fv2%2Fcomments&post=4466"}],"version-history":[{"count":1,"href":"https:\/\/gazetapernambucana.com\/index.php?rest_route=\/wp\/v2\/posts\/4466\/revisions"}],"predecessor-version":[{"id":4468,"href":"https:\/\/gazetapernambucana.com\/index.php?rest_route=\/wp\/v2\/posts\/4466\/revisions\/4468"}],"wp:featuredmedia":[{"embeddable":true,"href":"https:\/\/gazetapernambucana.com\/index.php?rest_route=\/wp\/v2\/media\/4467"}],"wp:attachment":[{"href":"https:\/\/gazetapernambucana.com\/index.php?rest_route=%2Fwp%2Fv2%2Fmedia&parent=4466"}],"wp:term":[{"taxonomy":"category","embeddable":true,"href":"https:\/\/gazetapernambucana.com\/index.php?rest_route=%2Fwp%2Fv2%2Fcategories&post=4466"},{"taxonomy":"post_tag","embeddable":true,"href":"https:\/\/gazetapernambucana.com\/index.php?rest_route=%2Fwp%2Fv2%2Ftags&post=4466"}],"curies":[{"name":"wp","href":"https:\/\/api.w.org\/{rel}","templated":true}]}}