{"id":4463,"date":"2026-08-14T22:53:38","date_gmt":"2026-08-15T01:53:38","guid":{"rendered":"https:\/\/gazetapernambucana.com\/?p=4463"},"modified":"2026-08-14T22:53:38","modified_gmt":"2026-08-15T01:53:38","slug":"marcelo-pimentel-transforma-sensibilidade-e-paixao-pelo-violao-em-tema-romantico-no-1","status":"publish","type":"post","link":"https:\/\/gazetapernambucana.com\/?p=4463","title":{"rendered":"Marcelo Pimentel transforma sensibilidade e paix\u00e3o pelo viol\u00e3o em \u201cTema Rom\u00e2ntico n\u00ba 1\u201d"},"content":{"rendered":"<p class=\"isSelectedEnd\"><strong>Compositor e violonista recifense apresenta nova obra autoral, marcada por delicadeza mel\u00f3dica, influ\u00eancia do viol\u00e3o brasileiro e uma atmosfera que remete \u00e0s grandes trilhas rom\u00e2nticas do cinema<\/strong><\/p>\n<p class=\"isSelectedEnd\">A m\u00fasica, quando nasce da sensibilidade, tem o poder de criar paisagens que n\u00e3o precisam ser vistas para serem sentidas. \u00c9 justamente por esse caminho que segue o compositor e violonista recifense <strong>Marcelo Pimentel<\/strong>, que apresenta ao p\u00fablico mais uma express\u00e3o de sua trajet\u00f3ria autoral: <strong>\u201cTema Rom\u00e2ntico n\u00ba 1\u201d<\/strong>, composi\u00e7\u00e3o instrumental que evidencia sua intimidade com o viol\u00e3o e seu profundo v\u00ednculo com a m\u00fasica brasileira.<\/p>\n<p class=\"isSelectedEnd\">Dono de uma forma\u00e7\u00e3o musical marcada por refer\u00eancias distintas e complementares, Marcelo vem registrando composi\u00e7\u00f5es pr\u00f3prias desde 2019. Sua produ\u00e7\u00e3o se desenvolve, sobretudo, a partir de duas vertentes que ajudam a revelar a amplitude de sua identidade art\u00edstica.<\/p>\n<p class=\"isSelectedEnd\">De um lado, est\u00e1 a forte influ\u00eancia de <strong>Luiz Gonzaga<\/strong>, seu maior \u00eddolo e uma das figuras fundamentais da m\u00fasica nordestina. \u00c9 dessa fonte que nasce parte significativa de suas composi\u00e7\u00f5es, carregadas pela admira\u00e7\u00e3o \u00e0s ra\u00edzes culturais e sonoras do Nordeste.<\/p>\n<p class=\"isSelectedEnd\">Na outra vertente, Marcelo mergulha no universo do <strong>viol\u00e3o brasileiro e do viol\u00e3o cl\u00e1ssico<\/strong>, explorando a riqueza harm\u00f4nica, a delicadeza e as possibilidades expressivas do instrumento.<\/p>\n<p class=\"isSelectedEnd\">\u00c9 exatamente dessa segunda inspira\u00e7\u00e3o que surge <strong>\u201cTema Rom\u00e2ntico n\u00ba 1\u201d<\/strong>.<\/p>\n<p class=\"isSelectedEnd\">A composi\u00e7\u00e3o tem no viol\u00e3o o seu fio condutor e ganha ainda mais profundidade com o acompanhamento de um quarteto de cordas, formado por <strong>dois violinos, viola e violoncelo<\/strong>. O resultado \u00e9 uma pe\u00e7a leve, elegante e melodiosa, constru\u00edda sem excessos, na qual cada instrumento encontra espa\u00e7o para respirar e dialogar com a melodia principal.<\/p>\n<p class=\"isSelectedEnd\">O pr\u00f3prio t\u00edtulo surgiu da atmosfera despertada pela composi\u00e7\u00e3o. Com sua sonoridade suave e envolvente, a m\u00fasica levou Marcelo a imaginar uma poss\u00edvel trilha para um filme rom\u00e2ntico. E n\u00e3o \u00e9 dif\u00edcil compreender essa associa\u00e7\u00e3o: ao ouvi-la, surgem imagens de lugares tranquilos, paisagens serenas, encontros, lembran\u00e7as e momentos que parecem suspensos no tempo.<\/p>\n<p class=\"isSelectedEnd\">Mais do que demonstrar dom\u00ednio t\u00e9cnico, Marcelo Pimentel revela em \u201cTema Rom\u00e2ntico n\u00ba 1\u201d algo essencial para qualquer compositor: <strong>a capacidade de transformar sentimento em m\u00fasica<\/strong>.<\/p>\n<p class=\"isSelectedEnd\">Sua obra reafirma tamb\u00e9m a for\u00e7a de artistas que seguem criando a partir de Pernambuco, unindo tradi\u00e7\u00e3o, forma\u00e7\u00e3o musical e experimenta\u00e7\u00e3o, sem perder de vista a riqueza da cultura brasileira.<\/p>\n<p class=\"isSelectedEnd\">\u201cTema Rom\u00e2ntico n\u00ba 1\u201d pode ser conferida no canal do YouTube <strong>\u201cMarcelo Pimentel solos\u201d<\/strong>. O trabalho do compositor e violonista tamb\u00e9m pode ser acompanhado pelo Instagram, no perfil <strong>@marcelolfpimentel<\/strong>.<\/p>\n<p>Para quem aprecia boa m\u00fasica instrumental brasileira, o convite est\u00e1 feito: conhecer um pouco mais do universo musical de Marcelo Pimentel \u00e9 descobrir um artista que faz do viol\u00e3o n\u00e3o apenas um instrumento, mas uma extens\u00e3o de sua pr\u00f3pria sensibilidade.<\/p>\n","protected":false},"excerpt":{"rendered":"<p>Compositor e violonista recifense apresenta nova obra autoral, marcada por delicadeza mel\u00f3dica, influ\u00eancia do viol\u00e3o brasileiro e uma atmosfera que remete \u00e0s grandes trilhas rom\u00e2nticas do cinema A m\u00fasica, quando nasce da sensibilidade, tem o poder de criar paisagens que n\u00e3o precisam ser vistas para serem sentidas. \u00c9 justamente por esse caminho que segue o [&hellip;]<\/p>\n","protected":false},"author":1,"featured_media":4464,"comment_status":"open","ping_status":"open","sticky":false,"template":"","format":"standard","meta":{"footnotes":"","jetpack_publicize_message":"","jetpack_publicize_feature_enabled":true,"jetpack_social_post_already_shared":true,"jetpack_social_options":{"image_generator_settings":{"template":"highway","default_image_id":0,"font":"","enabled":false},"version":2}},"categories":[37,1,35,46],"tags":[],"class_list":["post-4463","post","type-post","status-publish","format-standard","has-post-thumbnail","hentry","category-https-gazetapernambucana-com-page_id212","category-https-gazetapernambucana-com-page_id225","category-https-gazetapernambucana-com-page_id218","category-literatura"],"yoast_head":"<!-- This site is optimized with the Yoast SEO plugin v24.5 - https:\/\/yoast.com\/wordpress\/plugins\/seo\/ -->\n<title>Marcelo Pimentel transforma sensibilidade e paix\u00e3o pelo viol\u00e3o em \u201cTema Rom\u00e2ntico n\u00ba 1\u201d -<\/title>\n<meta name=\"robots\" content=\"index, follow, max-snippet:-1, max-image-preview:large, max-video-preview:-1\" \/>\n<link rel=\"canonical\" href=\"https:\/\/gazetapernambucana.com\/?p=4463\" \/>\n<meta property=\"og:locale\" content=\"pt_BR\" \/>\n<meta property=\"og:type\" content=\"article\" \/>\n<meta property=\"og:title\" content=\"Marcelo Pimentel transforma sensibilidade e paix\u00e3o pelo viol\u00e3o em \u201cTema Rom\u00e2ntico n\u00ba 1\u201d -\" \/>\n<meta property=\"og:description\" content=\"Compositor e violonista recifense apresenta nova obra autoral, marcada por delicadeza mel\u00f3dica, influ\u00eancia do viol\u00e3o brasileiro e uma atmosfera que remete \u00e0s grandes trilhas rom\u00e2nticas do cinema A m\u00fasica, quando nasce da sensibilidade, tem o poder de criar paisagens que n\u00e3o precisam ser vistas para serem sentidas. \u00c9 justamente por esse caminho que segue o [&hellip;]\" \/>\n<meta property=\"og:url\" content=\"https:\/\/gazetapernambucana.com\/?p=4463\" \/>\n<meta property=\"article:published_time\" content=\"2026-08-15T01:53:38+00:00\" \/>\n<meta property=\"og:image\" content=\"https:\/\/gazetapernambucana.com\/wp-content\/uploads\/2026\/08\/WhatsApp-Image-2026-08-03-at-21.48.11.jpeg\" \/>\n\t<meta property=\"og:image:width\" content=\"1600\" \/>\n\t<meta property=\"og:image:height\" content=\"738\" \/>\n\t<meta property=\"og:image:type\" content=\"image\/jpeg\" \/>\n<meta name=\"author\" content=\"GP\" \/>\n<meta name=\"twitter:card\" content=\"summary_large_image\" \/>\n<meta name=\"twitter:label1\" content=\"Escrito por\" \/>\n\t<meta name=\"twitter:data1\" content=\"GP\" \/>\n\t<meta name=\"twitter:label2\" content=\"Est. tempo de leitura\" \/>\n\t<meta name=\"twitter:data2\" content=\"3 minutos\" \/>\n<script type=\"application\/ld+json\" class=\"yoast-schema-graph\">{\"@context\":\"https:\/\/schema.org\",\"@graph\":[{\"@type\":\"WebPage\",\"@id\":\"https:\/\/gazetapernambucana.com\/?p=4463\",\"url\":\"https:\/\/gazetapernambucana.com\/?p=4463\",\"name\":\"Marcelo Pimentel transforma sensibilidade e paix\u00e3o pelo viol\u00e3o em \u201cTema Rom\u00e2ntico n\u00ba 1\u201d -\",\"isPartOf\":{\"@id\":\"https:\/\/gazetapernambucana.com\/#website\"},\"primaryImageOfPage\":{\"@id\":\"https:\/\/gazetapernambucana.com\/?p=4463#primaryimage\"},\"image\":{\"@id\":\"https:\/\/gazetapernambucana.com\/?p=4463#primaryimage\"},\"thumbnailUrl\":\"https:\/\/gazetapernambucana.com\/wp-content\/uploads\/2026\/08\/WhatsApp-Image-2026-08-03-at-21.48.11.jpeg\",\"datePublished\":\"2026-08-15T01:53:38+00:00\",\"author\":{\"@id\":\"https:\/\/gazetapernambucana.com\/#\/schema\/person\/188dc283325181ac2de4db1e9e987427\"},\"breadcrumb\":{\"@id\":\"https:\/\/gazetapernambucana.com\/?p=4463#breadcrumb\"},\"inLanguage\":\"pt-BR\",\"potentialAction\":[{\"@type\":\"ReadAction\",\"target\":[\"https:\/\/gazetapernambucana.com\/?p=4463\"]}]},{\"@type\":\"ImageObject\",\"inLanguage\":\"pt-BR\",\"@id\":\"https:\/\/gazetapernambucana.com\/?p=4463#primaryimage\",\"url\":\"https:\/\/gazetapernambucana.com\/wp-content\/uploads\/2026\/08\/WhatsApp-Image-2026-08-03-at-21.48.11.jpeg\",\"contentUrl\":\"https:\/\/gazetapernambucana.com\/wp-content\/uploads\/2026\/08\/WhatsApp-Image-2026-08-03-at-21.48.11.jpeg\",\"width\":1600,\"height\":738},{\"@type\":\"BreadcrumbList\",\"@id\":\"https:\/\/gazetapernambucana.com\/?p=4463#breadcrumb\",\"itemListElement\":[{\"@type\":\"ListItem\",\"position\":1,\"name\":\"In\u00edcio\",\"item\":\"https:\/\/gazetapernambucana.com\/\"},{\"@type\":\"ListItem\",\"position\":2,\"name\":\"Marcelo Pimentel transforma sensibilidade e paix\u00e3o pelo viol\u00e3o em \u201cTema Rom\u00e2ntico n\u00ba 1\u201d\"}]},{\"@type\":\"WebSite\",\"@id\":\"https:\/\/gazetapernambucana.com\/#website\",\"url\":\"https:\/\/gazetapernambucana.com\/\",\"name\":\"\",\"description\":\"\",\"potentialAction\":[{\"@type\":\"SearchAction\",\"target\":{\"@type\":\"EntryPoint\",\"urlTemplate\":\"https:\/\/gazetapernambucana.com\/?s={search_term_string}\"},\"query-input\":{\"@type\":\"PropertyValueSpecification\",\"valueRequired\":true,\"valueName\":\"search_term_string\"}}],\"inLanguage\":\"pt-BR\"},{\"@type\":\"Person\",\"@id\":\"https:\/\/gazetapernambucana.com\/#\/schema\/person\/188dc283325181ac2de4db1e9e987427\",\"name\":\"GP\",\"image\":{\"@type\":\"ImageObject\",\"inLanguage\":\"pt-BR\",\"@id\":\"https:\/\/gazetapernambucana.com\/#\/schema\/person\/image\/\",\"url\":\"https:\/\/secure.gravatar.com\/avatar\/9dad78ff9a2d8b5742d11779f8a3f53b052320c550b2e1907882353c067bb111?s=96&d=mm&r=g\",\"contentUrl\":\"https:\/\/secure.gravatar.com\/avatar\/9dad78ff9a2d8b5742d11779f8a3f53b052320c550b2e1907882353c067bb111?s=96&d=mm&r=g\",\"caption\":\"GP\"},\"sameAs\":[\"http:\/\/gazetapernambucana.com\"],\"url\":\"https:\/\/gazetapernambucana.com\/?author=1\"}]}<\/script>\n<!-- \/ Yoast SEO plugin. -->","yoast_head_json":{"title":"Marcelo Pimentel transforma sensibilidade e paix\u00e3o pelo viol\u00e3o em \u201cTema Rom\u00e2ntico n\u00ba 1\u201d -","robots":{"index":"index","follow":"follow","max-snippet":"max-snippet:-1","max-image-preview":"max-image-preview:large","max-video-preview":"max-video-preview:-1"},"canonical":"https:\/\/gazetapernambucana.com\/?p=4463","og_locale":"pt_BR","og_type":"article","og_title":"Marcelo Pimentel transforma sensibilidade e paix\u00e3o pelo viol\u00e3o em \u201cTema Rom\u00e2ntico n\u00ba 1\u201d -","og_description":"Compositor e violonista recifense apresenta nova obra autoral, marcada por delicadeza mel\u00f3dica, influ\u00eancia do viol\u00e3o brasileiro e uma atmosfera que remete \u00e0s grandes trilhas rom\u00e2nticas do cinema A m\u00fasica, quando nasce da sensibilidade, tem o poder de criar paisagens que n\u00e3o precisam ser vistas para serem sentidas. \u00c9 justamente por esse caminho que segue o [&hellip;]","og_url":"https:\/\/gazetapernambucana.com\/?p=4463","article_published_time":"2026-08-15T01:53:38+00:00","og_image":[{"width":1600,"height":738,"url":"https:\/\/gazetapernambucana.com\/wp-content\/uploads\/2026\/08\/WhatsApp-Image-2026-08-03-at-21.48.11.jpeg","type":"image\/jpeg"}],"author":"GP","twitter_card":"summary_large_image","twitter_misc":{"Escrito por":"GP","Est. tempo de leitura":"3 minutos"},"schema":{"@context":"https:\/\/schema.org","@graph":[{"@type":"WebPage","@id":"https:\/\/gazetapernambucana.com\/?p=4463","url":"https:\/\/gazetapernambucana.com\/?p=4463","name":"Marcelo Pimentel transforma sensibilidade e paix\u00e3o pelo viol\u00e3o em \u201cTema Rom\u00e2ntico n\u00ba 1\u201d -","isPartOf":{"@id":"https:\/\/gazetapernambucana.com\/#website"},"primaryImageOfPage":{"@id":"https:\/\/gazetapernambucana.com\/?p=4463#primaryimage"},"image":{"@id":"https:\/\/gazetapernambucana.com\/?p=4463#primaryimage"},"thumbnailUrl":"https:\/\/gazetapernambucana.com\/wp-content\/uploads\/2026\/08\/WhatsApp-Image-2026-08-03-at-21.48.11.jpeg","datePublished":"2026-08-15T01:53:38+00:00","author":{"@id":"https:\/\/gazetapernambucana.com\/#\/schema\/person\/188dc283325181ac2de4db1e9e987427"},"breadcrumb":{"@id":"https:\/\/gazetapernambucana.com\/?p=4463#breadcrumb"},"inLanguage":"pt-BR","potentialAction":[{"@type":"ReadAction","target":["https:\/\/gazetapernambucana.com\/?p=4463"]}]},{"@type":"ImageObject","inLanguage":"pt-BR","@id":"https:\/\/gazetapernambucana.com\/?p=4463#primaryimage","url":"https:\/\/gazetapernambucana.com\/wp-content\/uploads\/2026\/08\/WhatsApp-Image-2026-08-03-at-21.48.11.jpeg","contentUrl":"https:\/\/gazetapernambucana.com\/wp-content\/uploads\/2026\/08\/WhatsApp-Image-2026-08-03-at-21.48.11.jpeg","width":1600,"height":738},{"@type":"BreadcrumbList","@id":"https:\/\/gazetapernambucana.com\/?p=4463#breadcrumb","itemListElement":[{"@type":"ListItem","position":1,"name":"In\u00edcio","item":"https:\/\/gazetapernambucana.com\/"},{"@type":"ListItem","position":2,"name":"Marcelo Pimentel transforma sensibilidade e paix\u00e3o pelo viol\u00e3o em \u201cTema Rom\u00e2ntico n\u00ba 1\u201d"}]},{"@type":"WebSite","@id":"https:\/\/gazetapernambucana.com\/#website","url":"https:\/\/gazetapernambucana.com\/","name":"","description":"","potentialAction":[{"@type":"SearchAction","target":{"@type":"EntryPoint","urlTemplate":"https:\/\/gazetapernambucana.com\/?s={search_term_string}"},"query-input":{"@type":"PropertyValueSpecification","valueRequired":true,"valueName":"search_term_string"}}],"inLanguage":"pt-BR"},{"@type":"Person","@id":"https:\/\/gazetapernambucana.com\/#\/schema\/person\/188dc283325181ac2de4db1e9e987427","name":"GP","image":{"@type":"ImageObject","inLanguage":"pt-BR","@id":"https:\/\/gazetapernambucana.com\/#\/schema\/person\/image\/","url":"https:\/\/secure.gravatar.com\/avatar\/9dad78ff9a2d8b5742d11779f8a3f53b052320c550b2e1907882353c067bb111?s=96&d=mm&r=g","contentUrl":"https:\/\/secure.gravatar.com\/avatar\/9dad78ff9a2d8b5742d11779f8a3f53b052320c550b2e1907882353c067bb111?s=96&d=mm&r=g","caption":"GP"},"sameAs":["http:\/\/gazetapernambucana.com"],"url":"https:\/\/gazetapernambucana.com\/?author=1"}]}},"jetpack_publicize_connections":[],"_links":{"self":[{"href":"https:\/\/gazetapernambucana.com\/index.php?rest_route=\/wp\/v2\/posts\/4463","targetHints":{"allow":["GET"]}}],"collection":[{"href":"https:\/\/gazetapernambucana.com\/index.php?rest_route=\/wp\/v2\/posts"}],"about":[{"href":"https:\/\/gazetapernambucana.com\/index.php?rest_route=\/wp\/v2\/types\/post"}],"author":[{"embeddable":true,"href":"https:\/\/gazetapernambucana.com\/index.php?rest_route=\/wp\/v2\/users\/1"}],"replies":[{"embeddable":true,"href":"https:\/\/gazetapernambucana.com\/index.php?rest_route=%2Fwp%2Fv2%2Fcomments&post=4463"}],"version-history":[{"count":1,"href":"https:\/\/gazetapernambucana.com\/index.php?rest_route=\/wp\/v2\/posts\/4463\/revisions"}],"predecessor-version":[{"id":4465,"href":"https:\/\/gazetapernambucana.com\/index.php?rest_route=\/wp\/v2\/posts\/4463\/revisions\/4465"}],"wp:featuredmedia":[{"embeddable":true,"href":"https:\/\/gazetapernambucana.com\/index.php?rest_route=\/wp\/v2\/media\/4464"}],"wp:attachment":[{"href":"https:\/\/gazetapernambucana.com\/index.php?rest_route=%2Fwp%2Fv2%2Fmedia&parent=4463"}],"wp:term":[{"taxonomy":"category","embeddable":true,"href":"https:\/\/gazetapernambucana.com\/index.php?rest_route=%2Fwp%2Fv2%2Fcategories&post=4463"},{"taxonomy":"post_tag","embeddable":true,"href":"https:\/\/gazetapernambucana.com\/index.php?rest_route=%2Fwp%2Fv2%2Ftags&post=4463"}],"curies":[{"name":"wp","href":"https:\/\/api.w.org\/{rel}","templated":true}]}}