{"id":4459,"date":"2026-08-14T21:54:16","date_gmt":"2026-08-15T00:54:16","guid":{"rendered":"https:\/\/gazetapernambucana.com\/?p=4459"},"modified":"2026-08-14T21:54:16","modified_gmt":"2026-08-15T00:54:16","slug":"sobre-a-plenitude-por-cicero-belmar","status":"publish","type":"post","link":"https:\/\/gazetapernambucana.com\/?p=4459","title":{"rendered":"Sobre a plenitude. Por C\u00edcero Belmar"},"content":{"rendered":"<p><strong>C\u00edcero Belmar &#8211; Escritor, jornalista e membro da Academia Pernambucana de Letras &#8211; <\/strong>Em junho, uma. Em agosto, a outra. Minhas irm\u00e3s, Socorro e S\u00edlvia, fazem anivers\u00e1rios nesse espa\u00e7o de tr\u00eas meses. A proximidade dessas datas me levou a pensar na maturidade, nos conceitos e preconceitos para com a idade. Quando cada uma das irm\u00e3s faz um ano a mais, eu, que comemoro com elas, tamb\u00e9m avan\u00e7o. S\u00e3o muitos janeiros a dezembros; juntos vimos a passagem das esta\u00e7\u00f5es; acompanhamos diversas vezes as fases da lua.<\/p>\n<p>A vida vai somando os dias e, em nossa consci\u00eancia, tudo fica mais claro. Pelo entendimento que adquirimos sobre o que significa estar vivo, pela leveza que o tempo nos traz, posso dizer com seguran\u00e7a que estamos mais jovens do que velhos. Surpreendam-se, o tempo ajuda \u2013 n\u00e3o o contr\u00e1rio \u2013 a remo\u00e7ar. Se n\u00e3o f\u00edsica, mas emocional e espiritualmente.<\/p>\n<p>Vejam, por\u00e9m, a contradi\u00e7\u00e3o dos conceitos. Quando algu\u00e9m evoca a lembran\u00e7a da juventude, fala no passado: \u201cNa minha \u00e9poca\u201d. Por essa l\u00f3gica, ser jovem seria o que ficou no passado. A maturidade \u00e9 um projeto para o futuro? Por falta de resposta, com o avan\u00e7o da idade, a melhor op\u00e7\u00e3o \u00e9 se fazer de c\u00ednico com o tempo.<\/p>\n<p>S\u00f3 o presente \u00e9 jovem. Ainda que os anos pesem na bagagem, tomar posse de si mesmo, em qualquer tempo presente, \u00e9 o que h\u00e1 de mais libert\u00e1rio. De mais rebelde. Ousado e jovem.<\/p>\n<p>Os anos passam e quem continua cheio de projetos, ideias, disposi\u00e7\u00e3o, levando uma vida ativa, \u00e9 uma pessoa que continua na Flor. Ter idade de cart\u00f3rio \u00e9 uma coisa que s\u00f3 serve para as burocracias e para quem precisa preencher documentos.<\/p>\n<p>O conceito do que \u00e9 \u201cnovinho\u201d e do que \u00e9 \u201ccoroa\u201d muitas vezes depende das exig\u00eancias do mercado competitivo. Assim falava Manoelzinho da Venda: felizes os que t\u00eam entre 24 a 30 anos porque eles herdar\u00e3o a divers\u00e3o, o prazer e a vaga do emprego. Passou dos 30, complica. Passou muito disso, espere sentado.<\/p>\n<p>Os meritocratas afirmam que ficar idoso \u00e9 uma fase que se obt\u00e9m quando os anos avan\u00e7am e que isso \u00e9 sin\u00f4nimo de decad\u00eancia e de inutilidade. \u00a0Se tudo \u00e9 uma quest\u00e3o de conceito, ser jovem teria a ver, na minha opini\u00e3o, com a perda dos medos, com a autoconfian\u00e7a, alegria, coragem, e com a luta em nome da esperan\u00e7a. Isso s\u00f3 o tempo \u00e9 quem traz. O resto a gente sempre resolver\u00e1 \u00e0 base de rem\u00e9dios e chazinhos naturebas, independentemente da idade.<\/p>\n<p>As marcas chegam, com certeza, afinal ningu\u00e9m aqui fez um pacto semelhante ao do Dorian. Minhas irm\u00e3s n\u00e3o frequentam academias de gin\u00e1stica, assim como eu tamb\u00e9m n\u00e3o. Odeio puxar ferro. Claro, muitas roupas nem cabem mais em mim por causa da pan\u00e7a. Mas, no meu caso, ainda rendo um caldo!<\/p>\n<p>Os conservadores costumam ser mais cru\u00e9is com a idade das mulheres do que com a dos homens. Para esses, elas estariam condenadas a contabilizar, com muita anteced\u00eancia, priva\u00e7\u00f5es e danos \u00e0 vida. Os conservadores s\u00e3o infelizes e querem que todos sejam tamb\u00e9m.<\/p>\n<p>Quanto a mim, sou avesso aos conceitos excludentes sobre ser isso ou aquilo. H\u00e1 palavras que s\u00e3o usadas para excluir. Que tal se a gente dissesse que uma pessoa, em vez de velha ou idosa, est\u00e1 na plenitude?<\/p>\n","protected":false},"excerpt":{"rendered":"<p>C\u00edcero Belmar &#8211; Escritor, jornalista e membro da Academia Pernambucana de Letras &#8211; Em junho, uma. Em agosto, a outra. Minhas irm\u00e3s, Socorro e S\u00edlvia, fazem anivers\u00e1rios nesse espa\u00e7o de tr\u00eas meses. A proximidade dessas datas me levou a pensar na maturidade, nos conceitos e preconceitos para com a idade. Quando cada uma das irm\u00e3s [&hellip;]<\/p>\n","protected":false},"author":1,"featured_media":4461,"comment_status":"open","ping_status":"open","sticky":false,"template":"","format":"standard","meta":{"footnotes":"","jetpack_publicize_message":"","jetpack_publicize_feature_enabled":true,"jetpack_social_post_already_shared":true,"jetpack_social_options":{"image_generator_settings":{"template":"highway","default_image_id":0,"font":"","enabled":false},"version":2}},"categories":[1,35,46],"tags":[],"class_list":["post-4459","post","type-post","status-publish","format-standard","has-post-thumbnail","hentry","category-https-gazetapernambucana-com-page_id225","category-https-gazetapernambucana-com-page_id218","category-literatura"],"yoast_head":"<!-- This site is optimized with the Yoast SEO plugin v24.5 - https:\/\/yoast.com\/wordpress\/plugins\/seo\/ -->\n<title>Sobre a plenitude. Por C\u00edcero Belmar -<\/title>\n<meta name=\"robots\" content=\"index, follow, max-snippet:-1, max-image-preview:large, max-video-preview:-1\" \/>\n<link rel=\"canonical\" href=\"https:\/\/gazetapernambucana.com\/?p=4459\" \/>\n<meta property=\"og:locale\" content=\"pt_BR\" \/>\n<meta property=\"og:type\" content=\"article\" \/>\n<meta property=\"og:title\" content=\"Sobre a plenitude. Por C\u00edcero Belmar -\" \/>\n<meta property=\"og:description\" content=\"C\u00edcero Belmar &#8211; Escritor, jornalista e membro da Academia Pernambucana de Letras &#8211; Em junho, uma. Em agosto, a outra. Minhas irm\u00e3s, Socorro e S\u00edlvia, fazem anivers\u00e1rios nesse espa\u00e7o de tr\u00eas meses. A proximidade dessas datas me levou a pensar na maturidade, nos conceitos e preconceitos para com a idade. Quando cada uma das irm\u00e3s [&hellip;]\" \/>\n<meta property=\"og:url\" content=\"https:\/\/gazetapernambucana.com\/?p=4459\" \/>\n<meta property=\"article:published_time\" content=\"2026-08-15T00:54:16+00:00\" \/>\n<meta property=\"og:image\" content=\"https:\/\/gazetapernambucana.com\/wp-content\/uploads\/2026\/08\/cicero-belmar-1.webp\" \/>\n\t<meta property=\"og:image:width\" content=\"1023\" \/>\n\t<meta property=\"og:image:height\" content=\"769\" \/>\n\t<meta property=\"og:image:type\" content=\"image\/webp\" \/>\n<meta name=\"author\" content=\"GP\" \/>\n<meta name=\"twitter:card\" content=\"summary_large_image\" \/>\n<meta name=\"twitter:label1\" content=\"Escrito por\" \/>\n\t<meta name=\"twitter:data1\" content=\"GP\" \/>\n\t<meta name=\"twitter:label2\" content=\"Est. tempo de leitura\" \/>\n\t<meta name=\"twitter:data2\" content=\"4 minutos\" \/>\n<script type=\"application\/ld+json\" class=\"yoast-schema-graph\">{\"@context\":\"https:\/\/schema.org\",\"@graph\":[{\"@type\":\"WebPage\",\"@id\":\"https:\/\/gazetapernambucana.com\/?p=4459\",\"url\":\"https:\/\/gazetapernambucana.com\/?p=4459\",\"name\":\"Sobre a plenitude. Por C\u00edcero Belmar -\",\"isPartOf\":{\"@id\":\"https:\/\/gazetapernambucana.com\/#website\"},\"primaryImageOfPage\":{\"@id\":\"https:\/\/gazetapernambucana.com\/?p=4459#primaryimage\"},\"image\":{\"@id\":\"https:\/\/gazetapernambucana.com\/?p=4459#primaryimage\"},\"thumbnailUrl\":\"https:\/\/gazetapernambucana.com\/wp-content\/uploads\/2026\/08\/cicero-belmar-1.webp\",\"datePublished\":\"2026-08-15T00:54:16+00:00\",\"author\":{\"@id\":\"https:\/\/gazetapernambucana.com\/#\/schema\/person\/188dc283325181ac2de4db1e9e987427\"},\"breadcrumb\":{\"@id\":\"https:\/\/gazetapernambucana.com\/?p=4459#breadcrumb\"},\"inLanguage\":\"pt-BR\",\"potentialAction\":[{\"@type\":\"ReadAction\",\"target\":[\"https:\/\/gazetapernambucana.com\/?p=4459\"]}]},{\"@type\":\"ImageObject\",\"inLanguage\":\"pt-BR\",\"@id\":\"https:\/\/gazetapernambucana.com\/?p=4459#primaryimage\",\"url\":\"https:\/\/gazetapernambucana.com\/wp-content\/uploads\/2026\/08\/cicero-belmar-1.webp\",\"contentUrl\":\"https:\/\/gazetapernambucana.com\/wp-content\/uploads\/2026\/08\/cicero-belmar-1.webp\",\"width\":1023,\"height\":769},{\"@type\":\"BreadcrumbList\",\"@id\":\"https:\/\/gazetapernambucana.com\/?p=4459#breadcrumb\",\"itemListElement\":[{\"@type\":\"ListItem\",\"position\":1,\"name\":\"In\u00edcio\",\"item\":\"https:\/\/gazetapernambucana.com\/\"},{\"@type\":\"ListItem\",\"position\":2,\"name\":\"Sobre a plenitude. Por C\u00edcero Belmar\"}]},{\"@type\":\"WebSite\",\"@id\":\"https:\/\/gazetapernambucana.com\/#website\",\"url\":\"https:\/\/gazetapernambucana.com\/\",\"name\":\"\",\"description\":\"\",\"potentialAction\":[{\"@type\":\"SearchAction\",\"target\":{\"@type\":\"EntryPoint\",\"urlTemplate\":\"https:\/\/gazetapernambucana.com\/?s={search_term_string}\"},\"query-input\":{\"@type\":\"PropertyValueSpecification\",\"valueRequired\":true,\"valueName\":\"search_term_string\"}}],\"inLanguage\":\"pt-BR\"},{\"@type\":\"Person\",\"@id\":\"https:\/\/gazetapernambucana.com\/#\/schema\/person\/188dc283325181ac2de4db1e9e987427\",\"name\":\"GP\",\"image\":{\"@type\":\"ImageObject\",\"inLanguage\":\"pt-BR\",\"@id\":\"https:\/\/gazetapernambucana.com\/#\/schema\/person\/image\/\",\"url\":\"https:\/\/secure.gravatar.com\/avatar\/9dad78ff9a2d8b5742d11779f8a3f53b052320c550b2e1907882353c067bb111?s=96&d=mm&r=g\",\"contentUrl\":\"https:\/\/secure.gravatar.com\/avatar\/9dad78ff9a2d8b5742d11779f8a3f53b052320c550b2e1907882353c067bb111?s=96&d=mm&r=g\",\"caption\":\"GP\"},\"sameAs\":[\"http:\/\/gazetapernambucana.com\"],\"url\":\"https:\/\/gazetapernambucana.com\/?author=1\"}]}<\/script>\n<!-- \/ Yoast SEO plugin. -->","yoast_head_json":{"title":"Sobre a plenitude. Por C\u00edcero Belmar -","robots":{"index":"index","follow":"follow","max-snippet":"max-snippet:-1","max-image-preview":"max-image-preview:large","max-video-preview":"max-video-preview:-1"},"canonical":"https:\/\/gazetapernambucana.com\/?p=4459","og_locale":"pt_BR","og_type":"article","og_title":"Sobre a plenitude. Por C\u00edcero Belmar -","og_description":"C\u00edcero Belmar &#8211; Escritor, jornalista e membro da Academia Pernambucana de Letras &#8211; Em junho, uma. Em agosto, a outra. Minhas irm\u00e3s, Socorro e S\u00edlvia, fazem anivers\u00e1rios nesse espa\u00e7o de tr\u00eas meses. A proximidade dessas datas me levou a pensar na maturidade, nos conceitos e preconceitos para com a idade. Quando cada uma das irm\u00e3s [&hellip;]","og_url":"https:\/\/gazetapernambucana.com\/?p=4459","article_published_time":"2026-08-15T00:54:16+00:00","og_image":[{"width":1023,"height":769,"url":"https:\/\/gazetapernambucana.com\/wp-content\/uploads\/2026\/08\/cicero-belmar-1.webp","type":"image\/webp"}],"author":"GP","twitter_card":"summary_large_image","twitter_misc":{"Escrito por":"GP","Est. tempo de leitura":"4 minutos"},"schema":{"@context":"https:\/\/schema.org","@graph":[{"@type":"WebPage","@id":"https:\/\/gazetapernambucana.com\/?p=4459","url":"https:\/\/gazetapernambucana.com\/?p=4459","name":"Sobre a plenitude. Por C\u00edcero Belmar -","isPartOf":{"@id":"https:\/\/gazetapernambucana.com\/#website"},"primaryImageOfPage":{"@id":"https:\/\/gazetapernambucana.com\/?p=4459#primaryimage"},"image":{"@id":"https:\/\/gazetapernambucana.com\/?p=4459#primaryimage"},"thumbnailUrl":"https:\/\/gazetapernambucana.com\/wp-content\/uploads\/2026\/08\/cicero-belmar-1.webp","datePublished":"2026-08-15T00:54:16+00:00","author":{"@id":"https:\/\/gazetapernambucana.com\/#\/schema\/person\/188dc283325181ac2de4db1e9e987427"},"breadcrumb":{"@id":"https:\/\/gazetapernambucana.com\/?p=4459#breadcrumb"},"inLanguage":"pt-BR","potentialAction":[{"@type":"ReadAction","target":["https:\/\/gazetapernambucana.com\/?p=4459"]}]},{"@type":"ImageObject","inLanguage":"pt-BR","@id":"https:\/\/gazetapernambucana.com\/?p=4459#primaryimage","url":"https:\/\/gazetapernambucana.com\/wp-content\/uploads\/2026\/08\/cicero-belmar-1.webp","contentUrl":"https:\/\/gazetapernambucana.com\/wp-content\/uploads\/2026\/08\/cicero-belmar-1.webp","width":1023,"height":769},{"@type":"BreadcrumbList","@id":"https:\/\/gazetapernambucana.com\/?p=4459#breadcrumb","itemListElement":[{"@type":"ListItem","position":1,"name":"In\u00edcio","item":"https:\/\/gazetapernambucana.com\/"},{"@type":"ListItem","position":2,"name":"Sobre a plenitude. Por C\u00edcero Belmar"}]},{"@type":"WebSite","@id":"https:\/\/gazetapernambucana.com\/#website","url":"https:\/\/gazetapernambucana.com\/","name":"","description":"","potentialAction":[{"@type":"SearchAction","target":{"@type":"EntryPoint","urlTemplate":"https:\/\/gazetapernambucana.com\/?s={search_term_string}"},"query-input":{"@type":"PropertyValueSpecification","valueRequired":true,"valueName":"search_term_string"}}],"inLanguage":"pt-BR"},{"@type":"Person","@id":"https:\/\/gazetapernambucana.com\/#\/schema\/person\/188dc283325181ac2de4db1e9e987427","name":"GP","image":{"@type":"ImageObject","inLanguage":"pt-BR","@id":"https:\/\/gazetapernambucana.com\/#\/schema\/person\/image\/","url":"https:\/\/secure.gravatar.com\/avatar\/9dad78ff9a2d8b5742d11779f8a3f53b052320c550b2e1907882353c067bb111?s=96&d=mm&r=g","contentUrl":"https:\/\/secure.gravatar.com\/avatar\/9dad78ff9a2d8b5742d11779f8a3f53b052320c550b2e1907882353c067bb111?s=96&d=mm&r=g","caption":"GP"},"sameAs":["http:\/\/gazetapernambucana.com"],"url":"https:\/\/gazetapernambucana.com\/?author=1"}]}},"jetpack_publicize_connections":[],"_links":{"self":[{"href":"https:\/\/gazetapernambucana.com\/index.php?rest_route=\/wp\/v2\/posts\/4459","targetHints":{"allow":["GET"]}}],"collection":[{"href":"https:\/\/gazetapernambucana.com\/index.php?rest_route=\/wp\/v2\/posts"}],"about":[{"href":"https:\/\/gazetapernambucana.com\/index.php?rest_route=\/wp\/v2\/types\/post"}],"author":[{"embeddable":true,"href":"https:\/\/gazetapernambucana.com\/index.php?rest_route=\/wp\/v2\/users\/1"}],"replies":[{"embeddable":true,"href":"https:\/\/gazetapernambucana.com\/index.php?rest_route=%2Fwp%2Fv2%2Fcomments&post=4459"}],"version-history":[{"count":1,"href":"https:\/\/gazetapernambucana.com\/index.php?rest_route=\/wp\/v2\/posts\/4459\/revisions"}],"predecessor-version":[{"id":4462,"href":"https:\/\/gazetapernambucana.com\/index.php?rest_route=\/wp\/v2\/posts\/4459\/revisions\/4462"}],"wp:featuredmedia":[{"embeddable":true,"href":"https:\/\/gazetapernambucana.com\/index.php?rest_route=\/wp\/v2\/media\/4461"}],"wp:attachment":[{"href":"https:\/\/gazetapernambucana.com\/index.php?rest_route=%2Fwp%2Fv2%2Fmedia&parent=4459"}],"wp:term":[{"taxonomy":"category","embeddable":true,"href":"https:\/\/gazetapernambucana.com\/index.php?rest_route=%2Fwp%2Fv2%2Fcategories&post=4459"},{"taxonomy":"post_tag","embeddable":true,"href":"https:\/\/gazetapernambucana.com\/index.php?rest_route=%2Fwp%2Fv2%2Ftags&post=4459"}],"curies":[{"name":"wp","href":"https:\/\/api.w.org\/{rel}","templated":true}]}}