{"id":4456,"date":"2026-08-14T21:31:30","date_gmt":"2026-08-15T00:31:30","guid":{"rendered":"https:\/\/gazetapernambucana.com\/?p=4456"},"modified":"2026-08-14T21:31:30","modified_gmt":"2026-08-15T00:31:30","slug":"sigilo-da-fonte-por-jose-paulo-cavalcanti-filho","status":"publish","type":"post","link":"https:\/\/gazetapernambucana.com\/?p=4456","title":{"rendered":"Sigilo da fonte. Por Jos\u00e9 Paulo Cavalcanti Filho"},"content":{"rendered":"<p><strong><em>Por Jos\u00e9 Paulo Cavalcanti Filho \u00a0\u2013 \u00a0Escritor, poeta, membro das Academias Pernambucana de Letras, Brasileira de Letras e Portuguesa de Letras. \u00c9\u00a0 um dos maiores conhecedores da obra de Fernando Pessoa. Integrou a Comiss\u00e3o da Verdade\u00a0 \u2013\u00a0 \u00a0<\/em><\/strong>Nesta quarta 11\/08\/26, e mais uma vez, o Supremo tornou letra morta a Constitui\u00e7\u00e3o. Respons\u00e1vel por essa viol\u00eancia, mais uma vez, o ministro Alexandre de Moraes. Grave porque cabe precisamente ao Supremo garantir que seja respeitada. Basta ver, art. 5\u00ba, XIV: \u201c\u00c9 assegurado a todos o acesso \u00e0 informa\u00e7\u00e3o e\u00a0<strong>RESGUARDADO O SIGILO DA FONTE<\/strong>\u201d.<\/p>\n<p>Trata-se de um caso simples. O ministro Fl\u00e1vio Dino requereu, de boca, ve\u00edculo ao Tribunal de Justi\u00e7a do Maranh\u00e3o. Uma caminhonete blindada. Para ir \u00e0 praia, como um simples mortal. Sem pap\u00e9is, claro, onde ficaria registrada essa benesse. N\u00e3o h\u00e1 crime, nisso. Mas revela o uso prom\u00edscuo, de bem p\u00fablico, por um daqueles que se consideram verdadeiros donos do Brasil.<\/p>\n<p>A not\u00edcia foi dada pelo jornalista Luis Pablo, sem indica\u00e7\u00e3o da fonte. Direito dele, garantido pela Constitui\u00e7\u00e3o \u2013 o que para o ministro Moraes, claro, n\u00e3o vale nada. Tanto que determinou a invas\u00e3o, de sua casa, com apreens\u00e3o de todos os celulares e computadores que ali se encontrassem.<\/p>\n<p>Como esses meios, identificou a fonte: o ex-secret\u00e1rio de Estado Raimundo Cutrim. A Pol\u00edcia Federal deixou de lado o uso irregular do ve\u00edculo, para investigar apenas o informante. Que, agora, vai responder processo. N\u00e3o na Primeira Inst\u00e2ncia, como deveria, posto n\u00e3o ter foro privilegiado. Mas perante o pr\u00f3prio Supremo, claro. Podendo ser condenado, a julgar pelas \u00faltima decis\u00f5es da C\u00f4rte, a at\u00e9 17 anos de pris\u00e3o.<\/p>\n<p>No \u00faltimo caso relevante decidido pelo Supremo por exemplo, em 17\/11\/2015, o relator, ministro Celso de Melo, limitou-se a dizer o \u00f3bvio; que jornalista \u201cn\u00e3o podia sofrer qualquer sans\u00e3o, quando se recusar a quebrar esse sigilo (da fonte)\u201d. Sem uma palavra sobre a obriga\u00e7\u00e3o de responder, o pr\u00f3prio jornalista, pelas informa\u00e7\u00f5es que recebeu de sua fonte.<\/p>\n<p>Um tema tranquilo, na doutrina. Cito apenas Steinmetz (<em>Coment\u00e1rios \u00e0 Constitui\u00e7\u00e3o<\/em>): \u201cQuando o profissional ou a empresa invocam o sigilo da fonte, assumem a plena responsabilidade pelo teor da informa\u00e7\u00e3o veiculada, inclusive respondendo c\u00edvel e criminalmente por eventuais danos causados a direitos de terceiros (<em>e.g.,\u00a0<\/em>honra, intimidade, vida privada e imagem)\u201d.<\/p>\n<p>Como n\u00e3o pretendo aqui proteger jornalistas, e diferentemente do que tem sido entendido por alguns jornais brasileiros, lembro que o sigilo protege s\u00f3 a fonte. E, n\u00e3o, \u00a0quem d\u00e1 essa not\u00edcia. Em todo o mundo \u00e9 assim.<\/p>\n<p>Por exemplo Judith Miller (Pr\u00eamio Pulitzer em 2002) publicou, no N.Y. Times, que Valerie Plame (mulher do ex-embaixador Joseph Wilson) era agente secreta da CIA. Pondo em risco a vida de Valerie. A jornalista n\u00e3o revelou sua fonte. E acabou presa, no Distrito de Columbia (Washington).<\/p>\n<p>Mattew Cooper, da revista TIME, fez o mesmo. S\u00f3 que se livrou da pris\u00e3o por dizer quem era. Segundo ele, autorizado pela pr\u00f3pria fonte \u2013 o conselheiro pol\u00edtico de Bush (filho), Karl Rove.<\/p>\n<p>Voltemos agora ao caso do Maranh\u00e3o. N\u00e3o se trata, pois, de proteger jornalistas. Se tiver que responder pelo que diz, seja. Mas tudo segundo a pr\u00f3pria Constitui\u00e7\u00e3o.<\/p>\n<p>De resto a prova \u00e9, claramente, il\u00edcita. N\u00e3o pode ser usada. Mas o Supremo vai reconhecer isso? Duvido. Responda o jornalista, se crime houve (creio que n\u00e3o). Para o Supremo, vale mais o corporativismo. A prote\u00e7\u00e3o descarada, e no plano \u00e9tico indecente, de seus membros. Alguns, hoje, milion\u00e1rios. A impunidade de seus membros, amigo leitor, ali hoje \u00e9 a regra.<\/p>\n<p>E segue, assim, a Democracia brasileira. Que j\u00e1 deixou, faz tempo, de ser Democracia. \u00c9 s\u00f3 uma ditadura reles, em que ministros do Supremo exercitam o poder sem nenhum limite. Mesmo contra a Constitui\u00e7\u00e3o. Azar o nosso.<\/p>\n","protected":false},"excerpt":{"rendered":"<p>Por Jos\u00e9 Paulo Cavalcanti Filho \u00a0\u2013 \u00a0Escritor, poeta, membro das Academias Pernambucana de Letras, Brasileira de Letras e Portuguesa de Letras. \u00c9\u00a0 um dos maiores conhecedores da obra de Fernando Pessoa. Integrou a Comiss\u00e3o da Verdade\u00a0 \u2013\u00a0 \u00a0Nesta quarta 11\/08\/26, e mais uma vez, o Supremo tornou letra morta a Constitui\u00e7\u00e3o. Respons\u00e1vel por essa viol\u00eancia, [&hellip;]<\/p>\n","protected":false},"author":1,"featured_media":4222,"comment_status":"open","ping_status":"open","sticky":false,"template":"","format":"standard","meta":{"footnotes":"","jetpack_publicize_message":"","jetpack_publicize_feature_enabled":true,"jetpack_social_post_already_shared":true,"jetpack_social_options":{"image_generator_settings":{"template":"highway","default_image_id":0,"font":"","enabled":false},"version":2}},"categories":[37,1,35,46,76,65],"tags":[],"class_list":["post-4456","post","type-post","status-publish","format-standard","has-post-thumbnail","hentry","category-https-gazetapernambucana-com-page_id212","category-https-gazetapernambucana-com-page_id225","category-https-gazetapernambucana-com-page_id218","category-literatura","category-opiniao","category-politica"],"yoast_head":"<!-- This site is optimized with the Yoast SEO plugin v24.5 - https:\/\/yoast.com\/wordpress\/plugins\/seo\/ -->\n<title>Sigilo da fonte. Por Jos\u00e9 Paulo Cavalcanti Filho -<\/title>\n<meta name=\"robots\" content=\"index, follow, max-snippet:-1, max-image-preview:large, max-video-preview:-1\" \/>\n<link rel=\"canonical\" href=\"https:\/\/gazetapernambucana.com\/?p=4456\" \/>\n<meta property=\"og:locale\" content=\"pt_BR\" \/>\n<meta property=\"og:type\" content=\"article\" \/>\n<meta property=\"og:title\" content=\"Sigilo da fonte. Por Jos\u00e9 Paulo Cavalcanti Filho -\" \/>\n<meta property=\"og:description\" content=\"Por Jos\u00e9 Paulo Cavalcanti Filho \u00a0\u2013 \u00a0Escritor, poeta, membro das Academias Pernambucana de Letras, Brasileira de Letras e Portuguesa de Letras. \u00c9\u00a0 um dos maiores conhecedores da obra de Fernando Pessoa. Integrou a Comiss\u00e3o da Verdade\u00a0 \u2013\u00a0 \u00a0Nesta quarta 11\/08\/26, e mais uma vez, o Supremo tornou letra morta a Constitui\u00e7\u00e3o. Respons\u00e1vel por essa viol\u00eancia, [&hellip;]\" \/>\n<meta property=\"og:url\" content=\"https:\/\/gazetapernambucana.com\/?p=4456\" \/>\n<meta property=\"article:published_time\" content=\"2026-08-15T00:31:30+00:00\" \/>\n<meta property=\"og:image\" content=\"https:\/\/gazetapernambucana.com\/wp-content\/uploads\/2026\/07\/11f77e6d8a8e346bc312bf2719fc2e63-2-300x147-1-2-2-1.webp\" \/>\n\t<meta property=\"og:image:width\" content=\"300\" \/>\n\t<meta property=\"og:image:height\" content=\"147\" \/>\n\t<meta property=\"og:image:type\" content=\"image\/webp\" \/>\n<meta name=\"author\" content=\"GP\" \/>\n<meta name=\"twitter:card\" content=\"summary_large_image\" \/>\n<meta name=\"twitter:label1\" content=\"Escrito por\" \/>\n\t<meta name=\"twitter:data1\" content=\"GP\" \/>\n\t<meta name=\"twitter:label2\" content=\"Est. tempo de leitura\" \/>\n\t<meta name=\"twitter:data2\" content=\"4 minutos\" \/>\n<script type=\"application\/ld+json\" class=\"yoast-schema-graph\">{\"@context\":\"https:\/\/schema.org\",\"@graph\":[{\"@type\":\"WebPage\",\"@id\":\"https:\/\/gazetapernambucana.com\/?p=4456\",\"url\":\"https:\/\/gazetapernambucana.com\/?p=4456\",\"name\":\"Sigilo da fonte. Por Jos\u00e9 Paulo Cavalcanti Filho -\",\"isPartOf\":{\"@id\":\"https:\/\/gazetapernambucana.com\/#website\"},\"primaryImageOfPage\":{\"@id\":\"https:\/\/gazetapernambucana.com\/?p=4456#primaryimage\"},\"image\":{\"@id\":\"https:\/\/gazetapernambucana.com\/?p=4456#primaryimage\"},\"thumbnailUrl\":\"https:\/\/gazetapernambucana.com\/wp-content\/uploads\/2026\/07\/11f77e6d8a8e346bc312bf2719fc2e63-2-300x147-1-2-2-1.webp\",\"datePublished\":\"2026-08-15T00:31:30+00:00\",\"author\":{\"@id\":\"https:\/\/gazetapernambucana.com\/#\/schema\/person\/188dc283325181ac2de4db1e9e987427\"},\"breadcrumb\":{\"@id\":\"https:\/\/gazetapernambucana.com\/?p=4456#breadcrumb\"},\"inLanguage\":\"pt-BR\",\"potentialAction\":[{\"@type\":\"ReadAction\",\"target\":[\"https:\/\/gazetapernambucana.com\/?p=4456\"]}]},{\"@type\":\"ImageObject\",\"inLanguage\":\"pt-BR\",\"@id\":\"https:\/\/gazetapernambucana.com\/?p=4456#primaryimage\",\"url\":\"https:\/\/gazetapernambucana.com\/wp-content\/uploads\/2026\/07\/11f77e6d8a8e346bc312bf2719fc2e63-2-300x147-1-2-2-1.webp\",\"contentUrl\":\"https:\/\/gazetapernambucana.com\/wp-content\/uploads\/2026\/07\/11f77e6d8a8e346bc312bf2719fc2e63-2-300x147-1-2-2-1.webp\",\"width\":300,\"height\":147},{\"@type\":\"BreadcrumbList\",\"@id\":\"https:\/\/gazetapernambucana.com\/?p=4456#breadcrumb\",\"itemListElement\":[{\"@type\":\"ListItem\",\"position\":1,\"name\":\"In\u00edcio\",\"item\":\"https:\/\/gazetapernambucana.com\/\"},{\"@type\":\"ListItem\",\"position\":2,\"name\":\"Sigilo da fonte. Por Jos\u00e9 Paulo Cavalcanti Filho\"}]},{\"@type\":\"WebSite\",\"@id\":\"https:\/\/gazetapernambucana.com\/#website\",\"url\":\"https:\/\/gazetapernambucana.com\/\",\"name\":\"\",\"description\":\"\",\"potentialAction\":[{\"@type\":\"SearchAction\",\"target\":{\"@type\":\"EntryPoint\",\"urlTemplate\":\"https:\/\/gazetapernambucana.com\/?s={search_term_string}\"},\"query-input\":{\"@type\":\"PropertyValueSpecification\",\"valueRequired\":true,\"valueName\":\"search_term_string\"}}],\"inLanguage\":\"pt-BR\"},{\"@type\":\"Person\",\"@id\":\"https:\/\/gazetapernambucana.com\/#\/schema\/person\/188dc283325181ac2de4db1e9e987427\",\"name\":\"GP\",\"image\":{\"@type\":\"ImageObject\",\"inLanguage\":\"pt-BR\",\"@id\":\"https:\/\/gazetapernambucana.com\/#\/schema\/person\/image\/\",\"url\":\"https:\/\/secure.gravatar.com\/avatar\/9dad78ff9a2d8b5742d11779f8a3f53b052320c550b2e1907882353c067bb111?s=96&d=mm&r=g\",\"contentUrl\":\"https:\/\/secure.gravatar.com\/avatar\/9dad78ff9a2d8b5742d11779f8a3f53b052320c550b2e1907882353c067bb111?s=96&d=mm&r=g\",\"caption\":\"GP\"},\"sameAs\":[\"http:\/\/gazetapernambucana.com\"],\"url\":\"https:\/\/gazetapernambucana.com\/?author=1\"}]}<\/script>\n<!-- \/ Yoast SEO plugin. -->","yoast_head_json":{"title":"Sigilo da fonte. Por Jos\u00e9 Paulo Cavalcanti Filho -","robots":{"index":"index","follow":"follow","max-snippet":"max-snippet:-1","max-image-preview":"max-image-preview:large","max-video-preview":"max-video-preview:-1"},"canonical":"https:\/\/gazetapernambucana.com\/?p=4456","og_locale":"pt_BR","og_type":"article","og_title":"Sigilo da fonte. Por Jos\u00e9 Paulo Cavalcanti Filho -","og_description":"Por Jos\u00e9 Paulo Cavalcanti Filho \u00a0\u2013 \u00a0Escritor, poeta, membro das Academias Pernambucana de Letras, Brasileira de Letras e Portuguesa de Letras. \u00c9\u00a0 um dos maiores conhecedores da obra de Fernando Pessoa. Integrou a Comiss\u00e3o da Verdade\u00a0 \u2013\u00a0 \u00a0Nesta quarta 11\/08\/26, e mais uma vez, o Supremo tornou letra morta a Constitui\u00e7\u00e3o. Respons\u00e1vel por essa viol\u00eancia, [&hellip;]","og_url":"https:\/\/gazetapernambucana.com\/?p=4456","article_published_time":"2026-08-15T00:31:30+00:00","og_image":[{"width":300,"height":147,"url":"https:\/\/gazetapernambucana.com\/wp-content\/uploads\/2026\/07\/11f77e6d8a8e346bc312bf2719fc2e63-2-300x147-1-2-2-1.webp","type":"image\/webp"}],"author":"GP","twitter_card":"summary_large_image","twitter_misc":{"Escrito por":"GP","Est. tempo de leitura":"4 minutos"},"schema":{"@context":"https:\/\/schema.org","@graph":[{"@type":"WebPage","@id":"https:\/\/gazetapernambucana.com\/?p=4456","url":"https:\/\/gazetapernambucana.com\/?p=4456","name":"Sigilo da fonte. Por Jos\u00e9 Paulo Cavalcanti Filho -","isPartOf":{"@id":"https:\/\/gazetapernambucana.com\/#website"},"primaryImageOfPage":{"@id":"https:\/\/gazetapernambucana.com\/?p=4456#primaryimage"},"image":{"@id":"https:\/\/gazetapernambucana.com\/?p=4456#primaryimage"},"thumbnailUrl":"https:\/\/gazetapernambucana.com\/wp-content\/uploads\/2026\/07\/11f77e6d8a8e346bc312bf2719fc2e63-2-300x147-1-2-2-1.webp","datePublished":"2026-08-15T00:31:30+00:00","author":{"@id":"https:\/\/gazetapernambucana.com\/#\/schema\/person\/188dc283325181ac2de4db1e9e987427"},"breadcrumb":{"@id":"https:\/\/gazetapernambucana.com\/?p=4456#breadcrumb"},"inLanguage":"pt-BR","potentialAction":[{"@type":"ReadAction","target":["https:\/\/gazetapernambucana.com\/?p=4456"]}]},{"@type":"ImageObject","inLanguage":"pt-BR","@id":"https:\/\/gazetapernambucana.com\/?p=4456#primaryimage","url":"https:\/\/gazetapernambucana.com\/wp-content\/uploads\/2026\/07\/11f77e6d8a8e346bc312bf2719fc2e63-2-300x147-1-2-2-1.webp","contentUrl":"https:\/\/gazetapernambucana.com\/wp-content\/uploads\/2026\/07\/11f77e6d8a8e346bc312bf2719fc2e63-2-300x147-1-2-2-1.webp","width":300,"height":147},{"@type":"BreadcrumbList","@id":"https:\/\/gazetapernambucana.com\/?p=4456#breadcrumb","itemListElement":[{"@type":"ListItem","position":1,"name":"In\u00edcio","item":"https:\/\/gazetapernambucana.com\/"},{"@type":"ListItem","position":2,"name":"Sigilo da fonte. Por Jos\u00e9 Paulo Cavalcanti Filho"}]},{"@type":"WebSite","@id":"https:\/\/gazetapernambucana.com\/#website","url":"https:\/\/gazetapernambucana.com\/","name":"","description":"","potentialAction":[{"@type":"SearchAction","target":{"@type":"EntryPoint","urlTemplate":"https:\/\/gazetapernambucana.com\/?s={search_term_string}"},"query-input":{"@type":"PropertyValueSpecification","valueRequired":true,"valueName":"search_term_string"}}],"inLanguage":"pt-BR"},{"@type":"Person","@id":"https:\/\/gazetapernambucana.com\/#\/schema\/person\/188dc283325181ac2de4db1e9e987427","name":"GP","image":{"@type":"ImageObject","inLanguage":"pt-BR","@id":"https:\/\/gazetapernambucana.com\/#\/schema\/person\/image\/","url":"https:\/\/secure.gravatar.com\/avatar\/9dad78ff9a2d8b5742d11779f8a3f53b052320c550b2e1907882353c067bb111?s=96&d=mm&r=g","contentUrl":"https:\/\/secure.gravatar.com\/avatar\/9dad78ff9a2d8b5742d11779f8a3f53b052320c550b2e1907882353c067bb111?s=96&d=mm&r=g","caption":"GP"},"sameAs":["http:\/\/gazetapernambucana.com"],"url":"https:\/\/gazetapernambucana.com\/?author=1"}]}},"jetpack_publicize_connections":[],"_links":{"self":[{"href":"https:\/\/gazetapernambucana.com\/index.php?rest_route=\/wp\/v2\/posts\/4456","targetHints":{"allow":["GET"]}}],"collection":[{"href":"https:\/\/gazetapernambucana.com\/index.php?rest_route=\/wp\/v2\/posts"}],"about":[{"href":"https:\/\/gazetapernambucana.com\/index.php?rest_route=\/wp\/v2\/types\/post"}],"author":[{"embeddable":true,"href":"https:\/\/gazetapernambucana.com\/index.php?rest_route=\/wp\/v2\/users\/1"}],"replies":[{"embeddable":true,"href":"https:\/\/gazetapernambucana.com\/index.php?rest_route=%2Fwp%2Fv2%2Fcomments&post=4456"}],"version-history":[{"count":1,"href":"https:\/\/gazetapernambucana.com\/index.php?rest_route=\/wp\/v2\/posts\/4456\/revisions"}],"predecessor-version":[{"id":4458,"href":"https:\/\/gazetapernambucana.com\/index.php?rest_route=\/wp\/v2\/posts\/4456\/revisions\/4458"}],"wp:featuredmedia":[{"embeddable":true,"href":"https:\/\/gazetapernambucana.com\/index.php?rest_route=\/wp\/v2\/media\/4222"}],"wp:attachment":[{"href":"https:\/\/gazetapernambucana.com\/index.php?rest_route=%2Fwp%2Fv2%2Fmedia&parent=4456"}],"wp:term":[{"taxonomy":"category","embeddable":true,"href":"https:\/\/gazetapernambucana.com\/index.php?rest_route=%2Fwp%2Fv2%2Fcategories&post=4456"},{"taxonomy":"post_tag","embeddable":true,"href":"https:\/\/gazetapernambucana.com\/index.php?rest_route=%2Fwp%2Fv2%2Ftags&post=4456"}],"curies":[{"name":"wp","href":"https:\/\/api.w.org\/{rel}","templated":true}]}}