{"id":4453,"date":"2026-08-14T20:51:07","date_gmt":"2026-08-14T23:51:07","guid":{"rendered":"https:\/\/gazetapernambucana.com\/?p=4453"},"modified":"2026-08-14T20:51:07","modified_gmt":"2026-08-14T23:51:07","slug":"tulio-gadelha-ganha-forca-no-agreste-com-apoio-do-prefeito-de-gravata","status":"publish","type":"post","link":"https:\/\/gazetapernambucana.com\/?p=4453","title":{"rendered":"T\u00falio Gad\u00ealha ganha for\u00e7a no Agreste com apoio do prefeito de Gravat\u00e1"},"content":{"rendered":"<p class=\"isSelectedEnd\"><strong>Mudan\u00e7a de posi\u00e7\u00e3o do prefeito de Gravat\u00e1 retira uma importante lideran\u00e7a municipal do campo de Humberto Costa e amplia a presen\u00e7a pol\u00edtica de T\u00falio Gad\u00ealha no Agreste<\/strong><\/p>\n<p class=\"isSelectedEnd\">A decis\u00e3o do prefeito de Gravat\u00e1, <strong>Joselito Gomes (PSD)<\/strong>, de substituir o apoio que havia declarado ao senador Humberto Costa (PT) por uma alian\u00e7a com o deputado federal <strong>T\u00falio Gad\u00ealha (PSD)<\/strong> representa muito mais do que uma simples mudan\u00e7a de nome no palanque municipal.\u00a0\u00c9 um movimento pol\u00edtico de peso.<\/p>\n<p class=\"isSelectedEnd\">Joselito havia anunciado anteriormente apoio \u00e0 reelei\u00e7\u00e3o de Humberto Costa. Agora, ao mudar de posi\u00e7\u00e3o e incorporar T\u00falio Gad\u00ealha ao seu palanque para o Senado, o prefeito produz um efeito importante na correla\u00e7\u00e3o de for\u00e7as da disputa: Humberto perde uma lideran\u00e7a municipal relevante e T\u00falio ganha um prefeito com forte capacidade de articula\u00e7\u00e3o e expressiva presen\u00e7a eleitoral em uma das principais cidades do Agreste pernambucano.<\/p>\n<p class=\"isSelectedEnd\">Na pol\u00edtica, apoios n\u00e3o possuem todos o mesmo tamanho. E o de Joselito est\u00e1 longe de ser apenas protocolar.\u00a0Reeleito prefeito de Gravat\u00e1 em 2024 com ampla vantagem, o gestor comanda uma estrutura pol\u00edtica consolidada, possui di\u00e1logo com vereadores, lideran\u00e7as comunit\u00e1rias e setores organizados do munic\u00edpio e demonstrou nas urnas capacidade concreta de mobiliza\u00e7\u00e3o eleitoral.<\/p>\n<p class=\"isSelectedEnd\">\u00c9 esse patrim\u00f4nio pol\u00edtico que passa agora a integrar a constru\u00e7\u00e3o da candidatura de T\u00falio Gad\u00ealha ao Senado.<\/p>\n<h2>Uma conquista que vale por dois movimentos<\/h2>\n<p class=\"isSelectedEnd\">O significado pol\u00edtico da ades\u00e3o pode ser compreendido por uma conta importante.<\/p>\n<p class=\"isSelectedEnd\">T\u00falio n\u00e3o apenas acrescenta Joselito \u00e0 rela\u00e7\u00e3o de prefeitos que apoiam sua candidatura. Ele conquista justamente uma lideran\u00e7a que anteriormente estava comprometida com um dos seus concorrentes na disputa pelo Senado.<\/p>\n<p class=\"isSelectedEnd\">H\u00e1, portanto, um efeito duplo: um lado perde espa\u00e7o e o outro amplia sua base.<\/p>\n<p class=\"isSelectedEnd\">Esse tipo de movimenta\u00e7\u00e3o ganha ainda mais import\u00e2ncia numa elei\u00e7\u00e3o para o Senado, em que a presen\u00e7a territorial e a capacidade de formar palanques municipais s\u00e3o fundamentais para transformar proje\u00e7\u00e3o estadual em voto.<\/p>\n<p class=\"isSelectedEnd\">T\u00falio chega \u00e0 disputa com mandato de deputado federal e conhecimento p\u00fablico acumulado. A constru\u00e7\u00e3o de uma candidatura majorit\u00e1ria, entretanto, exige algo al\u00e9m: presen\u00e7a organizada nos munic\u00edpios.\u00a0E \u00e9 nesse ponto que Joselito se transforma em uma aquisi\u00e7\u00e3o importante.<\/p>\n<h2>Gravat\u00e1 passa a ser territ\u00f3rio estrat\u00e9gico<\/h2>\n<p class=\"isSelectedEnd\">A entrada do prefeito refor\u00e7a a presen\u00e7a de T\u00falio no Agreste e coloca Gravat\u00e1 entre os munic\u00edpios estrat\u00e9gicos de sua campanha.<\/p>\n<p class=\"isSelectedEnd\">A cidade possui relev\u00e2ncia econ\u00f4mica e pol\u00edtica regional e funciona como importante polo de influ\u00eancia no Agreste Central. Ter o prefeito municipal diretamente envolvido na candidatura significa abrir caminhos para articula\u00e7\u00f5es que v\u00e3o muito al\u00e9m de uma fotografia ou de uma declara\u00e7\u00e3o p\u00fablica.<\/p>\n<p class=\"isSelectedEnd\">Prefeitos carregam consigo grupos pol\u00edticos, vereadores, suplentes, lideran\u00e7as comunit\u00e1rias e redes de relacionamento constru\u00eddas durante anos.<\/p>\n<p class=\"isSelectedEnd\">Em uma campanha estadual, essa capilaridade vale muito.\u00a0Por isso, a decis\u00e3o de Joselito precisa ser observada dentro de um cen\u00e1rio mais amplo: T\u00falio Gad\u00ealha come\u00e7a a transformar sua candidatura de um projeto essencialmente individual em uma candidatura sustentada tamb\u00e9m por estruturas municipais.<\/p>\n<h2>A m\u00e3o de Raquel no tabuleiro<\/h2>\n<p class=\"isSelectedEnd\">Outro elemento que amplia o significado da decis\u00e3o \u00e9 a participa\u00e7\u00e3o pol\u00edtica da governadora Raquel Lyra (PSD) na reorganiza\u00e7\u00e3o de sua base.<\/p>\n<p class=\"isSelectedEnd\">Joselito j\u00e1 revelou que o apoio a T\u00falio ocorreu dentro dessa articula\u00e7\u00e3o pol\u00edtica. A movimenta\u00e7\u00e3o mostra uma governadora buscando ordenar seu campo eleitoral e construir uma maior converg\u00eancia entre os prefeitos aliados e os candidatos ao Senado vinculados ao seu projeto.<\/p>\n<p class=\"isSelectedEnd\">Nesse contexto, a ades\u00e3o do prefeito de Gravat\u00e1 ganha dimens\u00e3o estadual.\u00a0Ela deixa de ser apenas uma escolha municipal para integrar um movimento de organiza\u00e7\u00e3o da base governista.<\/p>\n<p class=\"isSelectedEnd\">Quanto maior for a capacidade de Raquel de aproximar seus prefeitos da candidatura de T\u00falio, maior tende a ser a estrutura territorial dispon\u00edvel para o deputado na campanha.\u00a0E Gravat\u00e1 oferece um exemplo concreto desse movimento.<\/p>\n<h2>T\u00falio cresce pela base<\/h2>\n<p class=\"isSelectedEnd\">Existe ainda outro aspecto relevante.<\/p>\n<p class=\"isSelectedEnd\">Campanhas para o Senado costumam ser constru\u00eddas pela soma de muitas for\u00e7as locais. Diferentemente de uma elei\u00e7\u00e3o proporcional, na qual o candidato pode concentrar esfor\u00e7os em determinadas regi\u00f5es, uma candidatura majorit\u00e1ria necessita alcan\u00e7ar praticamente todo o Estado.Cada prefeito incorporado representa uma porta aberta em um munic\u00edpio.<\/p>\n<p class=\"isSelectedEnd\">Quando essa ades\u00e3o parte de um prefeito politicamente fortalecido e recentemente aprovado nas urnas, seu valor aumenta.\u00a0Joselito n\u00e3o chega sozinho.\u00a0Ele leva consigo sua lideran\u00e7a municipal, sua estrutura pol\u00edtica e sua capacidade de dialogar diretamente com um eleitorado que lhe concedeu uma vit\u00f3ria expressiva nas \u00faltimas elei\u00e7\u00f5es.<\/p>\n<p class=\"isSelectedEnd\">\u00c9 por isso que a mudan\u00e7a em Gravat\u00e1 pode ser considerada uma das movimenta\u00e7\u00f5es importantes deste momento da campanha de T\u00falio.<\/p>\n<h2>Um sinal pol\u00edtico para al\u00e9m das fronteiras de Gravat\u00e1<\/h2>\n<p class=\"isSelectedEnd\">H\u00e1 ainda o efeito simb\u00f3lico da decis\u00e3o.\u00a0Na pol\u00edtica, uma ades\u00e3o pode estimular outras.Quando prefeitos percebem que gestores de munic\u00edpios relevantes come\u00e7am a se posicionar em determinada dire\u00e7\u00e3o, cria-se um ambiente de observa\u00e7\u00e3o e, eventualmente, de novos alinhamentos.<\/p>\n<p class=\"isSelectedEnd\">Joselito passa, assim, a integrar um grupo de prefeitos da base de Raquel que v\u00eam declarando apoio a T\u00falio.<\/p>\n<p class=\"isSelectedEnd\">Esse movimento continua se ampliando, o deputado chegar\u00e1 \u00e0 fase decisiva da campanha com uma malha municipal muito mais robusta do que possu\u00eda no in\u00edcio da constru\u00e7\u00e3o de sua candidatura.<\/p>\n<p class=\"isSelectedEnd\">Nesse sentido, Gravat\u00e1 pode representar mais do que um apoio: pode funcionar como um sinal pol\u00edtico de que T\u00falio come\u00e7a a ganhar musculatura justamente onde uma candidatura ao Senado mais precisa crescer, na base municipal<strong>.<\/strong><\/p>\n<p class=\"isSelectedEnd\">A decis\u00e3o de Joselito Gomes, portanto, n\u00e3o deve ser lida como um gesto isolado.\u00a0Ela altera posi\u00e7\u00f5es, reorganiza for\u00e7as e acrescenta \u00e0 candidatura de T\u00falio Gad\u00ealha uma lideran\u00e7a de peso no Agreste.<\/p>\n<p class=\"isSelectedEnd\">Humberto Costa perde um prefeito que j\u00e1 havia anunciado apoio \u00e0 sua candidatura. T\u00falio ganha esse mesmo prefeito, sua estrutura e sua influ\u00eancia pol\u00edtica.\u00a0No tabuleiro de uma elei\u00e7\u00e3o para o Senado, movimentos assim t\u00eam peso.<\/p>\n<p>E o movimento ocorrido em Gravat\u00e1 coloca mais for\u00e7a pol\u00edtica na caminhada de T\u00falio Gad\u00ealha.<\/p>\n","protected":false},"excerpt":{"rendered":"<p>Mudan\u00e7a de posi\u00e7\u00e3o do prefeito de Gravat\u00e1 retira uma importante lideran\u00e7a municipal do campo de Humberto Costa e amplia a presen\u00e7a pol\u00edtica de T\u00falio Gad\u00ealha no Agreste A decis\u00e3o do prefeito de Gravat\u00e1, Joselito Gomes (PSD), de substituir o apoio que havia declarado ao senador Humberto Costa (PT) por uma alian\u00e7a com o deputado federal [&hellip;]<\/p>\n","protected":false},"author":1,"featured_media":4454,"comment_status":"open","ping_status":"open","sticky":false,"template":"","format":"standard","meta":{"footnotes":"","jetpack_publicize_message":"","jetpack_publicize_feature_enabled":true,"jetpack_social_post_already_shared":true,"jetpack_social_options":{"image_generator_settings":{"template":"highway","default_image_id":0,"font":"","enabled":false},"version":2}},"categories":[66,1,65],"tags":[],"class_list":["post-4453","post","type-post","status-publish","format-standard","has-post-thumbnail","hentry","category-cidades","category-https-gazetapernambucana-com-page_id225","category-politica"],"yoast_head":"<!-- This site is optimized with the Yoast SEO plugin v24.5 - https:\/\/yoast.com\/wordpress\/plugins\/seo\/ -->\n<title>T\u00falio Gad\u00ealha ganha for\u00e7a no Agreste com apoio do prefeito de Gravat\u00e1 -<\/title>\n<meta name=\"robots\" content=\"index, follow, max-snippet:-1, max-image-preview:large, max-video-preview:-1\" \/>\n<link rel=\"canonical\" href=\"https:\/\/gazetapernambucana.com\/?p=4453\" \/>\n<meta property=\"og:locale\" content=\"pt_BR\" \/>\n<meta property=\"og:type\" content=\"article\" \/>\n<meta property=\"og:title\" content=\"T\u00falio Gad\u00ealha ganha for\u00e7a no Agreste com apoio do prefeito de Gravat\u00e1 -\" \/>\n<meta property=\"og:description\" content=\"Mudan\u00e7a de posi\u00e7\u00e3o do prefeito de Gravat\u00e1 retira uma importante lideran\u00e7a municipal do campo de Humberto Costa e amplia a presen\u00e7a pol\u00edtica de T\u00falio Gad\u00ealha no Agreste A decis\u00e3o do prefeito de Gravat\u00e1, Joselito Gomes (PSD), de substituir o apoio que havia declarado ao senador Humberto Costa (PT) por uma alian\u00e7a com o deputado federal [&hellip;]\" \/>\n<meta property=\"og:url\" content=\"https:\/\/gazetapernambucana.com\/?p=4453\" \/>\n<meta property=\"article:published_time\" content=\"2026-08-14T23:51:07+00:00\" \/>\n<meta property=\"og:image\" content=\"https:\/\/gazetapernambucana.com\/wp-content\/uploads\/2026\/08\/images-5.jpg\" \/>\n\t<meta property=\"og:image:width\" content=\"194\" \/>\n\t<meta property=\"og:image:height\" content=\"259\" \/>\n\t<meta property=\"og:image:type\" content=\"image\/jpeg\" \/>\n<meta name=\"author\" content=\"GP\" \/>\n<meta name=\"twitter:card\" content=\"summary_large_image\" \/>\n<meta name=\"twitter:label1\" content=\"Escrito por\" \/>\n\t<meta name=\"twitter:data1\" content=\"GP\" \/>\n\t<meta name=\"twitter:label2\" content=\"Est. tempo de leitura\" \/>\n\t<meta name=\"twitter:data2\" content=\"6 minutos\" \/>\n<script type=\"application\/ld+json\" class=\"yoast-schema-graph\">{\"@context\":\"https:\/\/schema.org\",\"@graph\":[{\"@type\":\"WebPage\",\"@id\":\"https:\/\/gazetapernambucana.com\/?p=4453\",\"url\":\"https:\/\/gazetapernambucana.com\/?p=4453\",\"name\":\"T\u00falio Gad\u00ealha ganha for\u00e7a no Agreste com apoio do prefeito de Gravat\u00e1 -\",\"isPartOf\":{\"@id\":\"https:\/\/gazetapernambucana.com\/#website\"},\"primaryImageOfPage\":{\"@id\":\"https:\/\/gazetapernambucana.com\/?p=4453#primaryimage\"},\"image\":{\"@id\":\"https:\/\/gazetapernambucana.com\/?p=4453#primaryimage\"},\"thumbnailUrl\":\"https:\/\/gazetapernambucana.com\/wp-content\/uploads\/2026\/08\/images-5.jpg\",\"datePublished\":\"2026-08-14T23:51:07+00:00\",\"author\":{\"@id\":\"https:\/\/gazetapernambucana.com\/#\/schema\/person\/188dc283325181ac2de4db1e9e987427\"},\"breadcrumb\":{\"@id\":\"https:\/\/gazetapernambucana.com\/?p=4453#breadcrumb\"},\"inLanguage\":\"pt-BR\",\"potentialAction\":[{\"@type\":\"ReadAction\",\"target\":[\"https:\/\/gazetapernambucana.com\/?p=4453\"]}]},{\"@type\":\"ImageObject\",\"inLanguage\":\"pt-BR\",\"@id\":\"https:\/\/gazetapernambucana.com\/?p=4453#primaryimage\",\"url\":\"https:\/\/gazetapernambucana.com\/wp-content\/uploads\/2026\/08\/images-5.jpg\",\"contentUrl\":\"https:\/\/gazetapernambucana.com\/wp-content\/uploads\/2026\/08\/images-5.jpg\",\"width\":194,\"height\":259},{\"@type\":\"BreadcrumbList\",\"@id\":\"https:\/\/gazetapernambucana.com\/?p=4453#breadcrumb\",\"itemListElement\":[{\"@type\":\"ListItem\",\"position\":1,\"name\":\"In\u00edcio\",\"item\":\"https:\/\/gazetapernambucana.com\/\"},{\"@type\":\"ListItem\",\"position\":2,\"name\":\"T\u00falio Gad\u00ealha ganha for\u00e7a no Agreste com apoio do prefeito de Gravat\u00e1\"}]},{\"@type\":\"WebSite\",\"@id\":\"https:\/\/gazetapernambucana.com\/#website\",\"url\":\"https:\/\/gazetapernambucana.com\/\",\"name\":\"\",\"description\":\"\",\"potentialAction\":[{\"@type\":\"SearchAction\",\"target\":{\"@type\":\"EntryPoint\",\"urlTemplate\":\"https:\/\/gazetapernambucana.com\/?s={search_term_string}\"},\"query-input\":{\"@type\":\"PropertyValueSpecification\",\"valueRequired\":true,\"valueName\":\"search_term_string\"}}],\"inLanguage\":\"pt-BR\"},{\"@type\":\"Person\",\"@id\":\"https:\/\/gazetapernambucana.com\/#\/schema\/person\/188dc283325181ac2de4db1e9e987427\",\"name\":\"GP\",\"image\":{\"@type\":\"ImageObject\",\"inLanguage\":\"pt-BR\",\"@id\":\"https:\/\/gazetapernambucana.com\/#\/schema\/person\/image\/\",\"url\":\"https:\/\/secure.gravatar.com\/avatar\/9dad78ff9a2d8b5742d11779f8a3f53b052320c550b2e1907882353c067bb111?s=96&d=mm&r=g\",\"contentUrl\":\"https:\/\/secure.gravatar.com\/avatar\/9dad78ff9a2d8b5742d11779f8a3f53b052320c550b2e1907882353c067bb111?s=96&d=mm&r=g\",\"caption\":\"GP\"},\"sameAs\":[\"http:\/\/gazetapernambucana.com\"],\"url\":\"https:\/\/gazetapernambucana.com\/?author=1\"}]}<\/script>\n<!-- \/ Yoast SEO plugin. -->","yoast_head_json":{"title":"T\u00falio Gad\u00ealha ganha for\u00e7a no Agreste com apoio do prefeito de Gravat\u00e1 -","robots":{"index":"index","follow":"follow","max-snippet":"max-snippet:-1","max-image-preview":"max-image-preview:large","max-video-preview":"max-video-preview:-1"},"canonical":"https:\/\/gazetapernambucana.com\/?p=4453","og_locale":"pt_BR","og_type":"article","og_title":"T\u00falio Gad\u00ealha ganha for\u00e7a no Agreste com apoio do prefeito de Gravat\u00e1 -","og_description":"Mudan\u00e7a de posi\u00e7\u00e3o do prefeito de Gravat\u00e1 retira uma importante lideran\u00e7a municipal do campo de Humberto Costa e amplia a presen\u00e7a pol\u00edtica de T\u00falio Gad\u00ealha no Agreste A decis\u00e3o do prefeito de Gravat\u00e1, Joselito Gomes (PSD), de substituir o apoio que havia declarado ao senador Humberto Costa (PT) por uma alian\u00e7a com o deputado federal [&hellip;]","og_url":"https:\/\/gazetapernambucana.com\/?p=4453","article_published_time":"2026-08-14T23:51:07+00:00","og_image":[{"width":194,"height":259,"url":"https:\/\/gazetapernambucana.com\/wp-content\/uploads\/2026\/08\/images-5.jpg","type":"image\/jpeg"}],"author":"GP","twitter_card":"summary_large_image","twitter_misc":{"Escrito por":"GP","Est. tempo de leitura":"6 minutos"},"schema":{"@context":"https:\/\/schema.org","@graph":[{"@type":"WebPage","@id":"https:\/\/gazetapernambucana.com\/?p=4453","url":"https:\/\/gazetapernambucana.com\/?p=4453","name":"T\u00falio Gad\u00ealha ganha for\u00e7a no Agreste com apoio do prefeito de Gravat\u00e1 -","isPartOf":{"@id":"https:\/\/gazetapernambucana.com\/#website"},"primaryImageOfPage":{"@id":"https:\/\/gazetapernambucana.com\/?p=4453#primaryimage"},"image":{"@id":"https:\/\/gazetapernambucana.com\/?p=4453#primaryimage"},"thumbnailUrl":"https:\/\/gazetapernambucana.com\/wp-content\/uploads\/2026\/08\/images-5.jpg","datePublished":"2026-08-14T23:51:07+00:00","author":{"@id":"https:\/\/gazetapernambucana.com\/#\/schema\/person\/188dc283325181ac2de4db1e9e987427"},"breadcrumb":{"@id":"https:\/\/gazetapernambucana.com\/?p=4453#breadcrumb"},"inLanguage":"pt-BR","potentialAction":[{"@type":"ReadAction","target":["https:\/\/gazetapernambucana.com\/?p=4453"]}]},{"@type":"ImageObject","inLanguage":"pt-BR","@id":"https:\/\/gazetapernambucana.com\/?p=4453#primaryimage","url":"https:\/\/gazetapernambucana.com\/wp-content\/uploads\/2026\/08\/images-5.jpg","contentUrl":"https:\/\/gazetapernambucana.com\/wp-content\/uploads\/2026\/08\/images-5.jpg","width":194,"height":259},{"@type":"BreadcrumbList","@id":"https:\/\/gazetapernambucana.com\/?p=4453#breadcrumb","itemListElement":[{"@type":"ListItem","position":1,"name":"In\u00edcio","item":"https:\/\/gazetapernambucana.com\/"},{"@type":"ListItem","position":2,"name":"T\u00falio Gad\u00ealha ganha for\u00e7a no Agreste com apoio do prefeito de Gravat\u00e1"}]},{"@type":"WebSite","@id":"https:\/\/gazetapernambucana.com\/#website","url":"https:\/\/gazetapernambucana.com\/","name":"","description":"","potentialAction":[{"@type":"SearchAction","target":{"@type":"EntryPoint","urlTemplate":"https:\/\/gazetapernambucana.com\/?s={search_term_string}"},"query-input":{"@type":"PropertyValueSpecification","valueRequired":true,"valueName":"search_term_string"}}],"inLanguage":"pt-BR"},{"@type":"Person","@id":"https:\/\/gazetapernambucana.com\/#\/schema\/person\/188dc283325181ac2de4db1e9e987427","name":"GP","image":{"@type":"ImageObject","inLanguage":"pt-BR","@id":"https:\/\/gazetapernambucana.com\/#\/schema\/person\/image\/","url":"https:\/\/secure.gravatar.com\/avatar\/9dad78ff9a2d8b5742d11779f8a3f53b052320c550b2e1907882353c067bb111?s=96&d=mm&r=g","contentUrl":"https:\/\/secure.gravatar.com\/avatar\/9dad78ff9a2d8b5742d11779f8a3f53b052320c550b2e1907882353c067bb111?s=96&d=mm&r=g","caption":"GP"},"sameAs":["http:\/\/gazetapernambucana.com"],"url":"https:\/\/gazetapernambucana.com\/?author=1"}]}},"jetpack_publicize_connections":[],"_links":{"self":[{"href":"https:\/\/gazetapernambucana.com\/index.php?rest_route=\/wp\/v2\/posts\/4453","targetHints":{"allow":["GET"]}}],"collection":[{"href":"https:\/\/gazetapernambucana.com\/index.php?rest_route=\/wp\/v2\/posts"}],"about":[{"href":"https:\/\/gazetapernambucana.com\/index.php?rest_route=\/wp\/v2\/types\/post"}],"author":[{"embeddable":true,"href":"https:\/\/gazetapernambucana.com\/index.php?rest_route=\/wp\/v2\/users\/1"}],"replies":[{"embeddable":true,"href":"https:\/\/gazetapernambucana.com\/index.php?rest_route=%2Fwp%2Fv2%2Fcomments&post=4453"}],"version-history":[{"count":1,"href":"https:\/\/gazetapernambucana.com\/index.php?rest_route=\/wp\/v2\/posts\/4453\/revisions"}],"predecessor-version":[{"id":4455,"href":"https:\/\/gazetapernambucana.com\/index.php?rest_route=\/wp\/v2\/posts\/4453\/revisions\/4455"}],"wp:featuredmedia":[{"embeddable":true,"href":"https:\/\/gazetapernambucana.com\/index.php?rest_route=\/wp\/v2\/media\/4454"}],"wp:attachment":[{"href":"https:\/\/gazetapernambucana.com\/index.php?rest_route=%2Fwp%2Fv2%2Fmedia&parent=4453"}],"wp:term":[{"taxonomy":"category","embeddable":true,"href":"https:\/\/gazetapernambucana.com\/index.php?rest_route=%2Fwp%2Fv2%2Fcategories&post=4453"},{"taxonomy":"post_tag","embeddable":true,"href":"https:\/\/gazetapernambucana.com\/index.php?rest_route=%2Fwp%2Fv2%2Ftags&post=4453"}],"curies":[{"name":"wp","href":"https:\/\/api.w.org\/{rel}","templated":true}]}}