{"id":4232,"date":"2026-07-19T15:03:51","date_gmt":"2026-07-19T18:03:51","guid":{"rendered":"https:\/\/gazetapernambucana.com\/?p=4232"},"modified":"2026-07-19T15:03:51","modified_gmt":"2026-07-19T18:03:51","slug":"a-chuva-que-confessa-por-flavio-chaves","status":"publish","type":"post","link":"https:\/\/gazetapernambucana.com\/?p=4232","title":{"rendered":"A Chuva que Confessa. Por Fl\u00e1vio Chaves"},"content":{"rendered":"<p class=\"font-claude-response-body break-words whitespace-normal\" dir=\"auto\"><strong>Por Fl\u00e1vio Chaves \u2013 Jornalista, poeta, escritor e membro da Academia Pernambucana de Letras. Foi Delegado Federal\/Minc\u00a0 \u2013\u00a0 <\/strong>Vinda das nuvens que se acumulam sobre o mar antes de avan\u00e7arem para o continente, a chuva de julho chega a Pernambuco com uma pontualidade que nenhum calend\u00e1rio oficial jamais conseguiu registrar, e chega n\u00e3o como fen\u00f4meno que se explica pelos manuais de meteorologia, mas como uma personagem antiga que retorna \u00e0s cidades para cumprir um compromisso que a mem\u00f3ria guardou mesmo quando a raz\u00e3o insistiu em esquec\u00ea-lo. Ela desce primeiro sobre os telhados de Olinda e do Recife Antigo, depois avan\u00e7a para o interior, para Carpina e para as cidades da Mata Norte, onde bate nas telhas de barro com um som que os antigos moradores aprenderam a distinguir de todos os outros sons do mundo, um tamborilar que n\u00e3o \u00e9 ru\u00eddo mas linguagem, e que fala diretamente ao corpo antes de falar ao pensamento.<\/p>\n<p class=\"font-claude-response-body break-words whitespace-normal\" dir=\"auto\">Nas varandas de Pernambuco, a chuva sempre teve o poder de aproximar o que o dia inteiro havia mantido separado. \u00c9 nela que os homens interrompem o trabalho e se recolhem sob o beiral, \u00e9 nela que as mulheres deixam a costura sobre o colo e ficam olhando o quintal se transformar num espelho l\u00edquido, \u00e9 nela que as fam\u00edlias inteiras se re\u00fanem numa proximidade que nenhuma outra circunst\u00e2ncia consegue provocar com tanta naturalidade. A varanda, que durante o resto do ano \u00e9 apenas passagem entre a casa e a rua, torna-se durante a chuva um territ\u00f3rio sagrado, uma esp\u00e9cie de nave onde os corpos se abrigam e as vozes baixam de tom, como se a pr\u00f3pria intensidade da \u00e1gua l\u00e1 fora exigisse um recolhimento maior de dentro.<\/p>\n<p class=\"font-claude-response-body break-words whitespace-normal\" dir=\"auto\">Mas nem toda rela\u00e7\u00e3o com a chuva pernambucana nasce do conforto da varanda, pois existem aqueles que a procuram justamente para se expor, vestindo um short qualquer ou um bermud\u00e3o desbotado, uma camiseta simples de malha que logo se cola ao corpo, e saem caminhando pelas ruas sem destino certo, como quem obedece a um chamado que a pr\u00f3pria tristeza formulou. S\u00e3o os que descobriram, sem que ningu\u00e9m lhes ensinasse, que a \u00e1gua que cai do c\u00e9u tem o poder de se misturar \u00e0s l\u00e1grimas e de apagar a diferen\u00e7a entre elas, permitindo que o rosto molhado esconda o choro sem precisar escond\u00ea-lo, porque na rua, sob aquele dil\u00favio generoso, ningu\u00e9m pergunta se a \u00e1gua que escorre pela face nasceu da nuvem ou nasceu da dor. Caminham devagar, essas pessoas, atravessando ruas e esquinas como quem atravessa tamb\u00e9m um per\u00edodo interior mais dif\u00edcil, e a chuva lhes presta um servi\u00e7o que nenhuma outra circunst\u00e2ncia presta com tanta discri\u00e7\u00e3o, o de testemunhar o sofrimento sem exigir explica\u00e7\u00e3o, o de acolher o desabafo sem pedir que ele se justifique. H\u00e1 nisso uma forma silenciosa de coragem, a de sair de casa justamente quando o instinto mandaria recolher-se, e entregar ao c\u00e9u aberto aquilo que o peito j\u00e1 n\u00e3o conseguia conter sozinho, como se a cidade inteira, molhada e cinzenta, se tornasse por um instante a \u00fanica confidente poss\u00edvel para uma dor que n\u00e3o encontrava outra forma de sair.<\/p>\n<p class=\"font-claude-response-body break-words whitespace-normal\" dir=\"auto\">O r\u00e1dio, naquelas tardes de chuva forte, soava diferente, e isso n\u00e3o era ilus\u00e3o de quem escutava mas propriedade real do ar carregado de umidade, que engrossava as vozes dos locutores e dava \u00e0s m\u00fasicas antigas uma densidade que os dias secos jamais permitiam. Era como se a chuva emprestasse ao aparelho uma gravidade nova, transformando a programa\u00e7\u00e3o comum em trilha sonora de um ritual que se repetia sem que ningu\u00e9m precisasse convoc\u00e1-lo. E \u00e9 imposs\u00edvel separar essa lembran\u00e7a do cheiro que a chuva desperta ao tocar a terra seca, esse aroma que a ci\u00eancia batizou com um nome t\u00e9cnico mas que a alma pernambucana sempre chamou simplesmente de cheiro de chuva, uma fragr\u00e2ncia que atravessa d\u00e9cadas sem perder a for\u00e7a, capaz de trazer de volta, num \u00fanico instante, tardes inteiras que pareciam definitivamente perdidas no tempo.<\/p>\n<p class=\"font-claude-response-body break-words whitespace-normal\" dir=\"auto\">Existe uma fotografia que toda fam\u00edlia do interior possui, ainda que nem sempre revelada em papel, e que mostra a casa vista de dentro para fora numa tarde de chuva, com as figuras dos habitantes desenhadas contra a luz cinzenta da janela, e essa imagem, mesmo quando existe apenas na lembran\u00e7a, funciona como um pequeno museu particular onde se guarda n\u00e3o apenas um momento mas uma inteira filosofia de viver, aquela que ensina que a intemp\u00e9rie exterior pode se tornar abrigo interior, que aquilo que amea\u00e7a de fora pode, se bem recebido, transformar-se em raz\u00e3o de reuni\u00e3o e de afeto.<\/p>\n<p class=\"font-claude-response-body break-words whitespace-normal\" dir=\"auto\">A chuva pernambucana de julho, por isso, jamais foi apenas \u00e1gua caindo do c\u00e9u. Foi sempre uma esp\u00e9cie de mensageira da mem\u00f3ria, que desce sobre os telhados para lembrar aos homens que existe um tempo mais lento e mais fundo do que aquele que as obriga\u00e7\u00f5es di\u00e1rias imp\u00f5em, um tempo em que \u00e9 poss\u00edvel, ainda que por breves horas, recompor os v\u00ednculos que a pressa do cotidiano insiste em desfazer. E \u00e9 tamb\u00e9m, para quem caminha sozinho pelas ruas molhadas, um tempo em que a dor encontra enfim permiss\u00e3o para se dissolver, misturada \u00e0 \u00e1gua que escorre pelo rosto sem que ningu\u00e9m precise saber de onde ela realmente vem. Talvez seja por isso que, mesmo hoje, quando as cidades cresceram e as varandas se tornaram cada vez mais raras, ainda existe em cada pernambucano um gesto instintivo de parar diante da janela quando a chuva come\u00e7a. O corpo reconhece, antes mesmo que a mente formule o pensamento, que ali est\u00e1 acontecendo algo maior do que o simples cair da \u00e1gua, algo que atravessa gera\u00e7\u00f5es e que continuar\u00e1 atravessando, porque enquanto houver chuva sobre esta terra, haver\u00e1 tamb\u00e9m, escondida dentro dela, alguma alma pernambucana que chora, que se cala, que se lava, e que, ao final, encontra a for\u00e7a para continuar, deixando para tr\u00e1s, em cada esquina, apenas o sil\u00eancio molhado das ruas.<\/p>\n","protected":false},"excerpt":{"rendered":"<p>Por Fl\u00e1vio Chaves \u2013 Jornalista, poeta, escritor e membro da Academia Pernambucana de Letras. Foi Delegado Federal\/Minc\u00a0 \u2013\u00a0 Vinda das nuvens que se acumulam sobre o mar antes de avan\u00e7arem para o continente, a chuva de julho chega a Pernambuco com uma pontualidade que nenhum calend\u00e1rio oficial jamais conseguiu registrar, e chega n\u00e3o como fen\u00f4meno [&hellip;]<\/p>\n","protected":false},"author":1,"featured_media":4233,"comment_status":"open","ping_status":"open","sticky":false,"template":"","format":"standard","meta":{"footnotes":"","jetpack_publicize_message":"","jetpack_publicize_feature_enabled":true,"jetpack_social_post_already_shared":true,"jetpack_social_options":{"image_generator_settings":{"template":"highway","default_image_id":0,"font":"","enabled":false},"version":2}},"categories":[1,35,46],"tags":[],"class_list":["post-4232","post","type-post","status-publish","format-standard","has-post-thumbnail","hentry","category-https-gazetapernambucana-com-page_id225","category-https-gazetapernambucana-com-page_id218","category-literatura"],"yoast_head":"<!-- This site is optimized with the Yoast SEO plugin v24.5 - https:\/\/yoast.com\/wordpress\/plugins\/seo\/ -->\n<title>A Chuva que Confessa. Por Fl\u00e1vio Chaves -<\/title>\n<meta name=\"robots\" content=\"index, follow, max-snippet:-1, max-image-preview:large, max-video-preview:-1\" \/>\n<link rel=\"canonical\" href=\"https:\/\/gazetapernambucana.com\/?p=4232\" \/>\n<meta property=\"og:locale\" content=\"pt_BR\" \/>\n<meta property=\"og:type\" content=\"article\" \/>\n<meta property=\"og:title\" content=\"A Chuva que Confessa. Por Fl\u00e1vio Chaves -\" \/>\n<meta property=\"og:description\" content=\"Por Fl\u00e1vio Chaves \u2013 Jornalista, poeta, escritor e membro da Academia Pernambucana de Letras. Foi Delegado Federal\/Minc\u00a0 \u2013\u00a0 Vinda das nuvens que se acumulam sobre o mar antes de avan\u00e7arem para o continente, a chuva de julho chega a Pernambuco com uma pontualidade que nenhum calend\u00e1rio oficial jamais conseguiu registrar, e chega n\u00e3o como fen\u00f4meno [&hellip;]\" \/>\n<meta property=\"og:url\" content=\"https:\/\/gazetapernambucana.com\/?p=4232\" \/>\n<meta property=\"article:published_time\" content=\"2026-07-19T18:03:51+00:00\" \/>\n<meta property=\"og:image\" content=\"https:\/\/gazetapernambucana.com\/wp-content\/uploads\/2026\/07\/719673435_28328766926708890_4177499632332267504_n.jpg\" \/>\n\t<meta property=\"og:image:width\" content=\"640\" \/>\n\t<meta property=\"og:image:height\" content=\"512\" \/>\n\t<meta property=\"og:image:type\" content=\"image\/jpeg\" \/>\n<meta name=\"author\" content=\"GP\" \/>\n<meta name=\"twitter:card\" content=\"summary_large_image\" \/>\n<meta name=\"twitter:label1\" content=\"Escrito por\" \/>\n\t<meta name=\"twitter:data1\" content=\"GP\" \/>\n\t<meta name=\"twitter:label2\" content=\"Est. tempo de leitura\" \/>\n\t<meta name=\"twitter:data2\" content=\"6 minutos\" \/>\n<script type=\"application\/ld+json\" class=\"yoast-schema-graph\">{\"@context\":\"https:\/\/schema.org\",\"@graph\":[{\"@type\":\"WebPage\",\"@id\":\"https:\/\/gazetapernambucana.com\/?p=4232\",\"url\":\"https:\/\/gazetapernambucana.com\/?p=4232\",\"name\":\"A Chuva que Confessa. Por Fl\u00e1vio Chaves -\",\"isPartOf\":{\"@id\":\"https:\/\/gazetapernambucana.com\/#website\"},\"primaryImageOfPage\":{\"@id\":\"https:\/\/gazetapernambucana.com\/?p=4232#primaryimage\"},\"image\":{\"@id\":\"https:\/\/gazetapernambucana.com\/?p=4232#primaryimage\"},\"thumbnailUrl\":\"https:\/\/gazetapernambucana.com\/wp-content\/uploads\/2026\/07\/719673435_28328766926708890_4177499632332267504_n.jpg\",\"datePublished\":\"2026-07-19T18:03:51+00:00\",\"author\":{\"@id\":\"https:\/\/gazetapernambucana.com\/#\/schema\/person\/188dc283325181ac2de4db1e9e987427\"},\"breadcrumb\":{\"@id\":\"https:\/\/gazetapernambucana.com\/?p=4232#breadcrumb\"},\"inLanguage\":\"pt-BR\",\"potentialAction\":[{\"@type\":\"ReadAction\",\"target\":[\"https:\/\/gazetapernambucana.com\/?p=4232\"]}]},{\"@type\":\"ImageObject\",\"inLanguage\":\"pt-BR\",\"@id\":\"https:\/\/gazetapernambucana.com\/?p=4232#primaryimage\",\"url\":\"https:\/\/gazetapernambucana.com\/wp-content\/uploads\/2026\/07\/719673435_28328766926708890_4177499632332267504_n.jpg\",\"contentUrl\":\"https:\/\/gazetapernambucana.com\/wp-content\/uploads\/2026\/07\/719673435_28328766926708890_4177499632332267504_n.jpg\",\"width\":640,\"height\":512},{\"@type\":\"BreadcrumbList\",\"@id\":\"https:\/\/gazetapernambucana.com\/?p=4232#breadcrumb\",\"itemListElement\":[{\"@type\":\"ListItem\",\"position\":1,\"name\":\"In\u00edcio\",\"item\":\"https:\/\/gazetapernambucana.com\/\"},{\"@type\":\"ListItem\",\"position\":2,\"name\":\"A Chuva que Confessa. Por Fl\u00e1vio Chaves\"}]},{\"@type\":\"WebSite\",\"@id\":\"https:\/\/gazetapernambucana.com\/#website\",\"url\":\"https:\/\/gazetapernambucana.com\/\",\"name\":\"\",\"description\":\"\",\"potentialAction\":[{\"@type\":\"SearchAction\",\"target\":{\"@type\":\"EntryPoint\",\"urlTemplate\":\"https:\/\/gazetapernambucana.com\/?s={search_term_string}\"},\"query-input\":{\"@type\":\"PropertyValueSpecification\",\"valueRequired\":true,\"valueName\":\"search_term_string\"}}],\"inLanguage\":\"pt-BR\"},{\"@type\":\"Person\",\"@id\":\"https:\/\/gazetapernambucana.com\/#\/schema\/person\/188dc283325181ac2de4db1e9e987427\",\"name\":\"GP\",\"image\":{\"@type\":\"ImageObject\",\"inLanguage\":\"pt-BR\",\"@id\":\"https:\/\/gazetapernambucana.com\/#\/schema\/person\/image\/\",\"url\":\"https:\/\/secure.gravatar.com\/avatar\/9dad78ff9a2d8b5742d11779f8a3f53b052320c550b2e1907882353c067bb111?s=96&d=mm&r=g\",\"contentUrl\":\"https:\/\/secure.gravatar.com\/avatar\/9dad78ff9a2d8b5742d11779f8a3f53b052320c550b2e1907882353c067bb111?s=96&d=mm&r=g\",\"caption\":\"GP\"},\"sameAs\":[\"http:\/\/gazetapernambucana.com\"],\"url\":\"https:\/\/gazetapernambucana.com\/?author=1\"}]}<\/script>\n<!-- \/ Yoast SEO plugin. -->","yoast_head_json":{"title":"A Chuva que Confessa. Por Fl\u00e1vio Chaves -","robots":{"index":"index","follow":"follow","max-snippet":"max-snippet:-1","max-image-preview":"max-image-preview:large","max-video-preview":"max-video-preview:-1"},"canonical":"https:\/\/gazetapernambucana.com\/?p=4232","og_locale":"pt_BR","og_type":"article","og_title":"A Chuva que Confessa. Por Fl\u00e1vio Chaves -","og_description":"Por Fl\u00e1vio Chaves \u2013 Jornalista, poeta, escritor e membro da Academia Pernambucana de Letras. Foi Delegado Federal\/Minc\u00a0 \u2013\u00a0 Vinda das nuvens que se acumulam sobre o mar antes de avan\u00e7arem para o continente, a chuva de julho chega a Pernambuco com uma pontualidade que nenhum calend\u00e1rio oficial jamais conseguiu registrar, e chega n\u00e3o como fen\u00f4meno [&hellip;]","og_url":"https:\/\/gazetapernambucana.com\/?p=4232","article_published_time":"2026-07-19T18:03:51+00:00","og_image":[{"width":640,"height":512,"url":"https:\/\/gazetapernambucana.com\/wp-content\/uploads\/2026\/07\/719673435_28328766926708890_4177499632332267504_n.jpg","type":"image\/jpeg"}],"author":"GP","twitter_card":"summary_large_image","twitter_misc":{"Escrito por":"GP","Est. tempo de leitura":"6 minutos"},"schema":{"@context":"https:\/\/schema.org","@graph":[{"@type":"WebPage","@id":"https:\/\/gazetapernambucana.com\/?p=4232","url":"https:\/\/gazetapernambucana.com\/?p=4232","name":"A Chuva que Confessa. Por Fl\u00e1vio Chaves -","isPartOf":{"@id":"https:\/\/gazetapernambucana.com\/#website"},"primaryImageOfPage":{"@id":"https:\/\/gazetapernambucana.com\/?p=4232#primaryimage"},"image":{"@id":"https:\/\/gazetapernambucana.com\/?p=4232#primaryimage"},"thumbnailUrl":"https:\/\/gazetapernambucana.com\/wp-content\/uploads\/2026\/07\/719673435_28328766926708890_4177499632332267504_n.jpg","datePublished":"2026-07-19T18:03:51+00:00","author":{"@id":"https:\/\/gazetapernambucana.com\/#\/schema\/person\/188dc283325181ac2de4db1e9e987427"},"breadcrumb":{"@id":"https:\/\/gazetapernambucana.com\/?p=4232#breadcrumb"},"inLanguage":"pt-BR","potentialAction":[{"@type":"ReadAction","target":["https:\/\/gazetapernambucana.com\/?p=4232"]}]},{"@type":"ImageObject","inLanguage":"pt-BR","@id":"https:\/\/gazetapernambucana.com\/?p=4232#primaryimage","url":"https:\/\/gazetapernambucana.com\/wp-content\/uploads\/2026\/07\/719673435_28328766926708890_4177499632332267504_n.jpg","contentUrl":"https:\/\/gazetapernambucana.com\/wp-content\/uploads\/2026\/07\/719673435_28328766926708890_4177499632332267504_n.jpg","width":640,"height":512},{"@type":"BreadcrumbList","@id":"https:\/\/gazetapernambucana.com\/?p=4232#breadcrumb","itemListElement":[{"@type":"ListItem","position":1,"name":"In\u00edcio","item":"https:\/\/gazetapernambucana.com\/"},{"@type":"ListItem","position":2,"name":"A Chuva que Confessa. Por Fl\u00e1vio Chaves"}]},{"@type":"WebSite","@id":"https:\/\/gazetapernambucana.com\/#website","url":"https:\/\/gazetapernambucana.com\/","name":"","description":"","potentialAction":[{"@type":"SearchAction","target":{"@type":"EntryPoint","urlTemplate":"https:\/\/gazetapernambucana.com\/?s={search_term_string}"},"query-input":{"@type":"PropertyValueSpecification","valueRequired":true,"valueName":"search_term_string"}}],"inLanguage":"pt-BR"},{"@type":"Person","@id":"https:\/\/gazetapernambucana.com\/#\/schema\/person\/188dc283325181ac2de4db1e9e987427","name":"GP","image":{"@type":"ImageObject","inLanguage":"pt-BR","@id":"https:\/\/gazetapernambucana.com\/#\/schema\/person\/image\/","url":"https:\/\/secure.gravatar.com\/avatar\/9dad78ff9a2d8b5742d11779f8a3f53b052320c550b2e1907882353c067bb111?s=96&d=mm&r=g","contentUrl":"https:\/\/secure.gravatar.com\/avatar\/9dad78ff9a2d8b5742d11779f8a3f53b052320c550b2e1907882353c067bb111?s=96&d=mm&r=g","caption":"GP"},"sameAs":["http:\/\/gazetapernambucana.com"],"url":"https:\/\/gazetapernambucana.com\/?author=1"}]}},"jetpack_publicize_connections":[],"_links":{"self":[{"href":"https:\/\/gazetapernambucana.com\/index.php?rest_route=\/wp\/v2\/posts\/4232","targetHints":{"allow":["GET"]}}],"collection":[{"href":"https:\/\/gazetapernambucana.com\/index.php?rest_route=\/wp\/v2\/posts"}],"about":[{"href":"https:\/\/gazetapernambucana.com\/index.php?rest_route=\/wp\/v2\/types\/post"}],"author":[{"embeddable":true,"href":"https:\/\/gazetapernambucana.com\/index.php?rest_route=\/wp\/v2\/users\/1"}],"replies":[{"embeddable":true,"href":"https:\/\/gazetapernambucana.com\/index.php?rest_route=%2Fwp%2Fv2%2Fcomments&post=4232"}],"version-history":[{"count":1,"href":"https:\/\/gazetapernambucana.com\/index.php?rest_route=\/wp\/v2\/posts\/4232\/revisions"}],"predecessor-version":[{"id":4234,"href":"https:\/\/gazetapernambucana.com\/index.php?rest_route=\/wp\/v2\/posts\/4232\/revisions\/4234"}],"wp:featuredmedia":[{"embeddable":true,"href":"https:\/\/gazetapernambucana.com\/index.php?rest_route=\/wp\/v2\/media\/4233"}],"wp:attachment":[{"href":"https:\/\/gazetapernambucana.com\/index.php?rest_route=%2Fwp%2Fv2%2Fmedia&parent=4232"}],"wp:term":[{"taxonomy":"category","embeddable":true,"href":"https:\/\/gazetapernambucana.com\/index.php?rest_route=%2Fwp%2Fv2%2Fcategories&post=4232"},{"taxonomy":"post_tag","embeddable":true,"href":"https:\/\/gazetapernambucana.com\/index.php?rest_route=%2Fwp%2Fv2%2Ftags&post=4232"}],"curies":[{"name":"wp","href":"https:\/\/api.w.org\/{rel}","templated":true}]}}