{"id":4204,"date":"2026-07-13T23:03:51","date_gmt":"2026-07-14T02:03:51","guid":{"rendered":"https:\/\/gazetapernambucana.com\/?p=4204"},"modified":"2026-07-13T23:03:51","modified_gmt":"2026-07-14T02:03:51","slug":"projeto-de-tulio-gadelha-que-incentiva-visitacao-a-parques-nacionais-e-transformado-em-lei","status":"publish","type":"post","link":"https:\/\/gazetapernambucana.com\/?p=4204","title":{"rendered":"Projeto de T\u00falio Gad\u00ealha que incentiva visita\u00e7\u00e3o a parques nacionais \u00e9 transformado em lei"},"content":{"rendered":"<p data-start=\"96\" data-end=\"610\">A Pol\u00edtica Nacional de Incentivo \u00e0 Visita\u00e7\u00e3o a Unidades de Conserva\u00e7\u00e3o foi oficialmente transformada em lei e passa a integrar o conjunto de pol\u00edticas p\u00fablicas voltadas \u00e0 preserva\u00e7\u00e3o ambiental aliada ao desenvolvimento sustent\u00e1vel. A Lei n\u00ba 15.180\/2025, originada do Projeto de Lei n\u00ba 4.870\/2024, de autoria do deputado federal T\u00falio Gad\u00ealha (Rede-PE), estabelece diretrizes para ampliar a visita\u00e7\u00e3o a parques e outras unidades de conserva\u00e7\u00e3o de forma planejada e sustent\u00e1vel.<\/p>\n<p data-start=\"612\" data-end=\"1113\">A nova legisla\u00e7\u00e3o prev\u00ea mecanismos para fortalecer o turismo ecol\u00f3gico, incentivar a educa\u00e7\u00e3o ambiental e ampliar o acesso da popula\u00e7\u00e3o \u00e0s \u00e1reas protegidas, sempre respeitando crit\u00e9rios de preserva\u00e7\u00e3o dos ecossistemas. Al\u00e9m disso, autoriza o Instituto Chico Mendes de Conserva\u00e7\u00e3o da Biodiversidade (ICMBio) e \u00f3rg\u00e3os estaduais e municipais a criarem um fundo destinado ao financiamento de projetos de infraestrutura e apoio \u00e0 visita\u00e7\u00e3o nas unidades de conserva\u00e7\u00e3o.<\/p>\n<p data-start=\"1115\" data-end=\"1582\">Entre os objetivos da lei est\u00e3o a valoriza\u00e7\u00e3o do patrim\u00f4nio ambiental brasileiro, a conscientiza\u00e7\u00e3o da popula\u00e7\u00e3o sobre a import\u00e2ncia da conserva\u00e7\u00e3o da natureza e a gera\u00e7\u00e3o de oportunidades econ\u00f4micas para comunidades situadas no entorno dessas \u00e1reas. A expectativa \u00e9 que o aumento da visita\u00e7\u00e3o organizada impulsione atividades como ecoturismo, servi\u00e7os de hospedagem, alimenta\u00e7\u00e3o, transporte e comercializa\u00e7\u00e3o de produtos locais.<\/p>\n<p data-start=\"1584\" data-end=\"1961\">Ao anunciar a san\u00e7\u00e3o da proposta, T\u00falio Gad\u00ealha destacou que a iniciativa busca conciliar preserva\u00e7\u00e3o ambiental com desenvolvimento econ\u00f4mico. Em publica\u00e7\u00e3o nas redes sociais, o parlamentar afirmou que a nova pol\u00edtica &#8220;vai ampliar o uso p\u00fablico dos parques de forma sustent\u00e1vel, promover o turismo ecol\u00f3gico e a educa\u00e7\u00e3o ambiental, al\u00e9m de gerar renda para comunidades locais&#8221;.<\/p>\n<p data-start=\"1963\" data-end=\"2437\">A legisla\u00e7\u00e3o tamb\u00e9m estabelece princ\u00edpios para que a visita\u00e7\u00e3o ocorra de forma compat\u00edvel com os objetivos de conserva\u00e7\u00e3o das unidades, estimulando pesquisas cient\u00edficas, atividades de interpreta\u00e7\u00e3o ambiental, lazer em contato com a natureza e a\u00e7\u00f5es educativas. O texto refor\u00e7a que a utiliza\u00e7\u00e3o desses espa\u00e7os dever\u00e1 contribuir para ampliar a consci\u00eancia ambiental da sociedade e preservar os recursos naturais para as futuras gera\u00e7\u00f5es.<\/p>\n<p data-start=\"2439\" data-end=\"2810\" data-is-last-node=\"\" data-is-only-node=\"\">Pr\u00e9-candidato ao Senado por Pernambuco, T\u00falio Gad\u00ealha afirmou que considera a aprova\u00e7\u00e3o da proposta um exemplo de um mandato voltado \u00e0 constru\u00e7\u00e3o de pol\u00edticas p\u00fablicas de longo prazo. Segundo ele, a aprova\u00e7\u00e3o da lei representa um avan\u00e7o na agenda ambiental brasileira ao integrar conserva\u00e7\u00e3o da biodiversidade, desenvolvimento regional e incentivo ao turismo sustent\u00e1vel.<\/p>\n","protected":false},"excerpt":{"rendered":"<p>A Pol\u00edtica Nacional de Incentivo \u00e0 Visita\u00e7\u00e3o a Unidades de Conserva\u00e7\u00e3o foi oficialmente transformada em lei e passa a integrar o conjunto de pol\u00edticas p\u00fablicas voltadas \u00e0 preserva\u00e7\u00e3o ambiental aliada ao desenvolvimento sustent\u00e1vel. A Lei n\u00ba 15.180\/2025, originada do Projeto de Lei n\u00ba 4.870\/2024, de autoria do deputado federal T\u00falio Gad\u00ealha (Rede-PE), estabelece diretrizes para [&hellip;]<\/p>\n","protected":false},"author":1,"featured_media":4205,"comment_status":"open","ping_status":"open","sticky":false,"template":"","format":"standard","meta":{"footnotes":"","jetpack_publicize_message":"","jetpack_publicize_feature_enabled":true,"jetpack_social_post_already_shared":true,"jetpack_social_options":{"image_generator_settings":{"template":"highway","default_image_id":0,"font":"","enabled":false},"version":2}},"categories":[37,66,1,69,65],"tags":[],"class_list":["post-4204","post","type-post","status-publish","format-standard","has-post-thumbnail","hentry","category-https-gazetapernambucana-com-page_id212","category-cidades","category-https-gazetapernambucana-com-page_id225","category-meio-ambiente","category-politica"],"yoast_head":"<!-- This site is optimized with the Yoast SEO plugin v24.5 - https:\/\/yoast.com\/wordpress\/plugins\/seo\/ -->\n<title>Projeto de T\u00falio Gad\u00ealha que incentiva visita\u00e7\u00e3o a parques nacionais \u00e9 transformado em lei -<\/title>\n<meta name=\"robots\" content=\"index, follow, max-snippet:-1, max-image-preview:large, max-video-preview:-1\" \/>\n<link rel=\"canonical\" href=\"https:\/\/gazetapernambucana.com\/?p=4204\" \/>\n<meta property=\"og:locale\" content=\"pt_BR\" \/>\n<meta property=\"og:type\" content=\"article\" \/>\n<meta property=\"og:title\" content=\"Projeto de T\u00falio Gad\u00ealha que incentiva visita\u00e7\u00e3o a parques nacionais \u00e9 transformado em lei -\" \/>\n<meta property=\"og:description\" content=\"A Pol\u00edtica Nacional de Incentivo \u00e0 Visita\u00e7\u00e3o a Unidades de Conserva\u00e7\u00e3o foi oficialmente transformada em lei e passa a integrar o conjunto de pol\u00edticas p\u00fablicas voltadas \u00e0 preserva\u00e7\u00e3o ambiental aliada ao desenvolvimento sustent\u00e1vel. A Lei n\u00ba 15.180\/2025, originada do Projeto de Lei n\u00ba 4.870\/2024, de autoria do deputado federal T\u00falio Gad\u00ealha (Rede-PE), estabelece diretrizes para [&hellip;]\" \/>\n<meta property=\"og:url\" content=\"https:\/\/gazetapernambucana.com\/?p=4204\" \/>\n<meta property=\"article:published_time\" content=\"2026-07-14T02:03:51+00:00\" \/>\n<meta property=\"og:image\" content=\"https:\/\/gazetapernambucana.com\/wp-content\/uploads\/2026\/07\/download-11.jpg\" \/>\n\t<meta property=\"og:image:width\" content=\"1080\" \/>\n\t<meta property=\"og:image:height\" content=\"1427\" \/>\n\t<meta property=\"og:image:type\" content=\"image\/jpeg\" \/>\n<meta name=\"author\" content=\"GP\" \/>\n<meta name=\"twitter:card\" content=\"summary_large_image\" \/>\n<meta name=\"twitter:label1\" content=\"Escrito por\" \/>\n\t<meta name=\"twitter:data1\" content=\"GP\" \/>\n\t<meta name=\"twitter:label2\" content=\"Est. tempo de leitura\" \/>\n\t<meta name=\"twitter:data2\" content=\"3 minutos\" \/>\n<script type=\"application\/ld+json\" class=\"yoast-schema-graph\">{\"@context\":\"https:\/\/schema.org\",\"@graph\":[{\"@type\":\"WebPage\",\"@id\":\"https:\/\/gazetapernambucana.com\/?p=4204\",\"url\":\"https:\/\/gazetapernambucana.com\/?p=4204\",\"name\":\"Projeto de T\u00falio Gad\u00ealha que incentiva visita\u00e7\u00e3o a parques nacionais \u00e9 transformado em lei -\",\"isPartOf\":{\"@id\":\"https:\/\/gazetapernambucana.com\/#website\"},\"primaryImageOfPage\":{\"@id\":\"https:\/\/gazetapernambucana.com\/?p=4204#primaryimage\"},\"image\":{\"@id\":\"https:\/\/gazetapernambucana.com\/?p=4204#primaryimage\"},\"thumbnailUrl\":\"https:\/\/gazetapernambucana.com\/wp-content\/uploads\/2026\/07\/download-11.jpg\",\"datePublished\":\"2026-07-14T02:03:51+00:00\",\"author\":{\"@id\":\"https:\/\/gazetapernambucana.com\/#\/schema\/person\/188dc283325181ac2de4db1e9e987427\"},\"breadcrumb\":{\"@id\":\"https:\/\/gazetapernambucana.com\/?p=4204#breadcrumb\"},\"inLanguage\":\"pt-BR\",\"potentialAction\":[{\"@type\":\"ReadAction\",\"target\":[\"https:\/\/gazetapernambucana.com\/?p=4204\"]}]},{\"@type\":\"ImageObject\",\"inLanguage\":\"pt-BR\",\"@id\":\"https:\/\/gazetapernambucana.com\/?p=4204#primaryimage\",\"url\":\"https:\/\/gazetapernambucana.com\/wp-content\/uploads\/2026\/07\/download-11.jpg\",\"contentUrl\":\"https:\/\/gazetapernambucana.com\/wp-content\/uploads\/2026\/07\/download-11.jpg\",\"width\":1080,\"height\":1427},{\"@type\":\"BreadcrumbList\",\"@id\":\"https:\/\/gazetapernambucana.com\/?p=4204#breadcrumb\",\"itemListElement\":[{\"@type\":\"ListItem\",\"position\":1,\"name\":\"In\u00edcio\",\"item\":\"https:\/\/gazetapernambucana.com\/\"},{\"@type\":\"ListItem\",\"position\":2,\"name\":\"Projeto de T\u00falio Gad\u00ealha que incentiva visita\u00e7\u00e3o a parques nacionais \u00e9 transformado em lei\"}]},{\"@type\":\"WebSite\",\"@id\":\"https:\/\/gazetapernambucana.com\/#website\",\"url\":\"https:\/\/gazetapernambucana.com\/\",\"name\":\"\",\"description\":\"\",\"potentialAction\":[{\"@type\":\"SearchAction\",\"target\":{\"@type\":\"EntryPoint\",\"urlTemplate\":\"https:\/\/gazetapernambucana.com\/?s={search_term_string}\"},\"query-input\":{\"@type\":\"PropertyValueSpecification\",\"valueRequired\":true,\"valueName\":\"search_term_string\"}}],\"inLanguage\":\"pt-BR\"},{\"@type\":\"Person\",\"@id\":\"https:\/\/gazetapernambucana.com\/#\/schema\/person\/188dc283325181ac2de4db1e9e987427\",\"name\":\"GP\",\"image\":{\"@type\":\"ImageObject\",\"inLanguage\":\"pt-BR\",\"@id\":\"https:\/\/gazetapernambucana.com\/#\/schema\/person\/image\/\",\"url\":\"https:\/\/secure.gravatar.com\/avatar\/9dad78ff9a2d8b5742d11779f8a3f53b052320c550b2e1907882353c067bb111?s=96&d=mm&r=g\",\"contentUrl\":\"https:\/\/secure.gravatar.com\/avatar\/9dad78ff9a2d8b5742d11779f8a3f53b052320c550b2e1907882353c067bb111?s=96&d=mm&r=g\",\"caption\":\"GP\"},\"sameAs\":[\"http:\/\/gazetapernambucana.com\"],\"url\":\"https:\/\/gazetapernambucana.com\/?author=1\"}]}<\/script>\n<!-- \/ Yoast SEO plugin. -->","yoast_head_json":{"title":"Projeto de T\u00falio Gad\u00ealha que incentiva visita\u00e7\u00e3o a parques nacionais \u00e9 transformado em lei -","robots":{"index":"index","follow":"follow","max-snippet":"max-snippet:-1","max-image-preview":"max-image-preview:large","max-video-preview":"max-video-preview:-1"},"canonical":"https:\/\/gazetapernambucana.com\/?p=4204","og_locale":"pt_BR","og_type":"article","og_title":"Projeto de T\u00falio Gad\u00ealha que incentiva visita\u00e7\u00e3o a parques nacionais \u00e9 transformado em lei -","og_description":"A Pol\u00edtica Nacional de Incentivo \u00e0 Visita\u00e7\u00e3o a Unidades de Conserva\u00e7\u00e3o foi oficialmente transformada em lei e passa a integrar o conjunto de pol\u00edticas p\u00fablicas voltadas \u00e0 preserva\u00e7\u00e3o ambiental aliada ao desenvolvimento sustent\u00e1vel. A Lei n\u00ba 15.180\/2025, originada do Projeto de Lei n\u00ba 4.870\/2024, de autoria do deputado federal T\u00falio Gad\u00ealha (Rede-PE), estabelece diretrizes para [&hellip;]","og_url":"https:\/\/gazetapernambucana.com\/?p=4204","article_published_time":"2026-07-14T02:03:51+00:00","og_image":[{"width":1080,"height":1427,"url":"https:\/\/gazetapernambucana.com\/wp-content\/uploads\/2026\/07\/download-11.jpg","type":"image\/jpeg"}],"author":"GP","twitter_card":"summary_large_image","twitter_misc":{"Escrito por":"GP","Est. tempo de leitura":"3 minutos"},"schema":{"@context":"https:\/\/schema.org","@graph":[{"@type":"WebPage","@id":"https:\/\/gazetapernambucana.com\/?p=4204","url":"https:\/\/gazetapernambucana.com\/?p=4204","name":"Projeto de T\u00falio Gad\u00ealha que incentiva visita\u00e7\u00e3o a parques nacionais \u00e9 transformado em lei -","isPartOf":{"@id":"https:\/\/gazetapernambucana.com\/#website"},"primaryImageOfPage":{"@id":"https:\/\/gazetapernambucana.com\/?p=4204#primaryimage"},"image":{"@id":"https:\/\/gazetapernambucana.com\/?p=4204#primaryimage"},"thumbnailUrl":"https:\/\/gazetapernambucana.com\/wp-content\/uploads\/2026\/07\/download-11.jpg","datePublished":"2026-07-14T02:03:51+00:00","author":{"@id":"https:\/\/gazetapernambucana.com\/#\/schema\/person\/188dc283325181ac2de4db1e9e987427"},"breadcrumb":{"@id":"https:\/\/gazetapernambucana.com\/?p=4204#breadcrumb"},"inLanguage":"pt-BR","potentialAction":[{"@type":"ReadAction","target":["https:\/\/gazetapernambucana.com\/?p=4204"]}]},{"@type":"ImageObject","inLanguage":"pt-BR","@id":"https:\/\/gazetapernambucana.com\/?p=4204#primaryimage","url":"https:\/\/gazetapernambucana.com\/wp-content\/uploads\/2026\/07\/download-11.jpg","contentUrl":"https:\/\/gazetapernambucana.com\/wp-content\/uploads\/2026\/07\/download-11.jpg","width":1080,"height":1427},{"@type":"BreadcrumbList","@id":"https:\/\/gazetapernambucana.com\/?p=4204#breadcrumb","itemListElement":[{"@type":"ListItem","position":1,"name":"In\u00edcio","item":"https:\/\/gazetapernambucana.com\/"},{"@type":"ListItem","position":2,"name":"Projeto de T\u00falio Gad\u00ealha que incentiva visita\u00e7\u00e3o a parques nacionais \u00e9 transformado em lei"}]},{"@type":"WebSite","@id":"https:\/\/gazetapernambucana.com\/#website","url":"https:\/\/gazetapernambucana.com\/","name":"","description":"","potentialAction":[{"@type":"SearchAction","target":{"@type":"EntryPoint","urlTemplate":"https:\/\/gazetapernambucana.com\/?s={search_term_string}"},"query-input":{"@type":"PropertyValueSpecification","valueRequired":true,"valueName":"search_term_string"}}],"inLanguage":"pt-BR"},{"@type":"Person","@id":"https:\/\/gazetapernambucana.com\/#\/schema\/person\/188dc283325181ac2de4db1e9e987427","name":"GP","image":{"@type":"ImageObject","inLanguage":"pt-BR","@id":"https:\/\/gazetapernambucana.com\/#\/schema\/person\/image\/","url":"https:\/\/secure.gravatar.com\/avatar\/9dad78ff9a2d8b5742d11779f8a3f53b052320c550b2e1907882353c067bb111?s=96&d=mm&r=g","contentUrl":"https:\/\/secure.gravatar.com\/avatar\/9dad78ff9a2d8b5742d11779f8a3f53b052320c550b2e1907882353c067bb111?s=96&d=mm&r=g","caption":"GP"},"sameAs":["http:\/\/gazetapernambucana.com"],"url":"https:\/\/gazetapernambucana.com\/?author=1"}]}},"jetpack_publicize_connections":[],"_links":{"self":[{"href":"https:\/\/gazetapernambucana.com\/index.php?rest_route=\/wp\/v2\/posts\/4204","targetHints":{"allow":["GET"]}}],"collection":[{"href":"https:\/\/gazetapernambucana.com\/index.php?rest_route=\/wp\/v2\/posts"}],"about":[{"href":"https:\/\/gazetapernambucana.com\/index.php?rest_route=\/wp\/v2\/types\/post"}],"author":[{"embeddable":true,"href":"https:\/\/gazetapernambucana.com\/index.php?rest_route=\/wp\/v2\/users\/1"}],"replies":[{"embeddable":true,"href":"https:\/\/gazetapernambucana.com\/index.php?rest_route=%2Fwp%2Fv2%2Fcomments&post=4204"}],"version-history":[{"count":1,"href":"https:\/\/gazetapernambucana.com\/index.php?rest_route=\/wp\/v2\/posts\/4204\/revisions"}],"predecessor-version":[{"id":4206,"href":"https:\/\/gazetapernambucana.com\/index.php?rest_route=\/wp\/v2\/posts\/4204\/revisions\/4206"}],"wp:featuredmedia":[{"embeddable":true,"href":"https:\/\/gazetapernambucana.com\/index.php?rest_route=\/wp\/v2\/media\/4205"}],"wp:attachment":[{"href":"https:\/\/gazetapernambucana.com\/index.php?rest_route=%2Fwp%2Fv2%2Fmedia&parent=4204"}],"wp:term":[{"taxonomy":"category","embeddable":true,"href":"https:\/\/gazetapernambucana.com\/index.php?rest_route=%2Fwp%2Fv2%2Fcategories&post=4204"},{"taxonomy":"post_tag","embeddable":true,"href":"https:\/\/gazetapernambucana.com\/index.php?rest_route=%2Fwp%2Fv2%2Ftags&post=4204"}],"curies":[{"name":"wp","href":"https:\/\/api.w.org\/{rel}","templated":true}]}}