{"id":4201,"date":"2026-07-13T22:14:07","date_gmt":"2026-07-14T01:14:07","guid":{"rendered":"https:\/\/gazetapernambucana.com\/?p=4201"},"modified":"2026-07-13T22:14:07","modified_gmt":"2026-07-14T01:14:07","slug":"lona-de-circo-india-morena-encanta-publicos-de-todas-as-idades-no-34o-festival-de-inverno-de-garanhuns","status":"publish","type":"post","link":"https:\/\/gazetapernambucana.com\/?p=4201","title":{"rendered":"Lona de Circo \u00cdndia Morena encanta p\u00fablicos de todas as idades no 34\u00ba Festival de Inverno de Garanhuns"},"content":{"rendered":"<p><strong>Programa\u00e7\u00e3o gratuita segue at\u00e9 o dia 26 de julho, com espet\u00e1culos di\u00e1rios \u00e0s 11h e \u00e0s 16h<\/strong><\/p>\n<p>A magia do circo segue encantando crian\u00e7as, jovens e adultos durante o 34\u00ba Festival de Inverno de Garanhuns (FIG). Localizada na Avenida Coronel Ant\u00f4nio Victor, a Lona de Circo \u00cdndia Morena recebe diariamente atra\u00e7\u00f5es gratuitas, reunindo artistas e companhias circenses que levam ao p\u00fablico apresenta\u00e7\u00f5es repletas de humor, acrobacias, malabarismos, equil\u00edbrio e muita divers\u00e3o.<\/p>\n<p>Desde a abertura da programa\u00e7\u00e3o, o circo j\u00e1 recebeu grandes espet\u00e1culos. Na sexta-feira (10), o p\u00fablico acompanhou as apresenta\u00e7\u00f5es do Circo \u00c1guia Dourada. No s\u00e1bado (11), foi a vez do Gran Circo Puma levar toda a tradi\u00e7\u00e3o circense ao palco. J\u00e1 no domingo (12), a Fam\u00edlia Nawellington emocionou o p\u00fablico com o espet\u00e1culo Tradi\u00e7\u00e3o Milenar. Nesta segunda-feira (13), as sess\u00f5es ficaram por conta do Vidal Circo, que deu continuidade \u00e0 programa\u00e7\u00e3o dedicada \u00e0 arte circense.<\/p>\n<p>Os espet\u00e1culos acontecem diariamente em duas sess\u00f5es, \u00e0s 11h e \u00e0s 16h, e a programa\u00e7\u00e3o segue at\u00e9 o encerramento do festival, no dia 26 de julho, oferecendo ao p\u00fablico novas atra\u00e7\u00f5es ao longo dos pr\u00f3ximos dias. Os ingressos s\u00e3o gratuitos e devem ser retirados no pr\u00f3prio dia da apresenta\u00e7\u00e3o, \u00e0s 10h, na Lona de Circo \u00cdndia Morena. Cada adulto pode retirar at\u00e9 dois ingressos.<\/p>\n<p>Integrando a programa\u00e7\u00e3o multicultural do FIG, a Lona de Circo \u00cdndia Morena reafirma a import\u00e2ncia da arte circense e proporciona momentos de lazer para toda a fam\u00edlia durante um dos maiores festivais de cultura da Am\u00e9rica Latina.<\/p>\n<p>Confira a programa\u00e7\u00e3o completa da Lona de Circo \u00cdndia Morena<\/p>\n<p>DIA 14 DE JULHO (TER\u00c7A-FEIRA)<br \/>\n11h e 16h &#8211; Circo do Cheirozinho<br \/>\nDIA 15 DE JULHO (QUARTA-FEIRA)<br \/>\n11h e 16h &#8211; Circo do Cheirozinho<br \/>\nDIA 16 DE JULHO (QUINTA-FEIRA)<br \/>\n11h e 16h &#8211; Circo Master &#8211; Tradi\u00e7\u00e3o e Alegria no Picadeiro<br \/>\nDIA 17 DE JULHO (SEXTA-FEIRA)<br \/>\n11h e 16h &#8211; \u00cdndia Morena e Sua Trupe Circense (Patrim\u00f4nio Vivo de Pernambuco)<br \/>\nDIA 18 DE JULHO (S\u00c1BADO)<br \/>\n11h e 16h &#8211; Circo do Cheirozinho<br \/>\nDIA 19 DE JULHO (DOMINGO)<br \/>\n11h e 16h &#8211; Circo \u00c1guia Dourada<br \/>\nDIA 20 DE JULHO (SEGUNDA)<br \/>\n11h e 16h &#8211; Circo Golden<br \/>\nDIA 21 DE JULHO (TER\u00c7A-FEIRA)<br \/>\n11h e 16h &#8211; O Mestre do Picadeiro M\u00e1gico Alakazam (Patrim\u00f4nio Vivo de Pernambuco)<br \/>\nDIA 22 DE JULHO (QUARTA-FEIRA)<br \/>\n11h e 16h &#8211; Circo do Palha\u00e7o Malandrinho &#8211; Uma Aventura Inusitada<br \/>\nDIA 23 DE JULHO (QUINTA-FEIRA)<br \/>\n11h e 16h &#8211; Palha\u00e7o Cheirosito<br \/>\nDIA 24 DE JULHO (SEXTA-FEIRA)<br \/>\n11h e 16h &#8211; Circo Master &#8211; Tradi\u00e7\u00e3o e Alegria no Picadeiro<br \/>\nDIA 25 DE JULHO (S\u00c1BADO)<br \/>\n11h e 16h &#8211; Disney Circo<br \/>\nDIA 26 DE JULHO (DOMINGO)<br \/>\n11h e 16h &#8211; Picadeiro Pernambuco<\/p>\n","protected":false},"excerpt":{"rendered":"<p>Programa\u00e7\u00e3o gratuita segue at\u00e9 o dia 26 de julho, com espet\u00e1culos di\u00e1rios \u00e0s 11h e \u00e0s 16h A magia do circo segue encantando crian\u00e7as, jovens e adultos durante o 34\u00ba Festival de Inverno de Garanhuns (FIG). Localizada na Avenida Coronel Ant\u00f4nio Victor, a Lona de Circo \u00cdndia Morena recebe diariamente atra\u00e7\u00f5es gratuitas, reunindo artistas e [&hellip;]<\/p>\n","protected":false},"author":1,"featured_media":4202,"comment_status":"open","ping_status":"open","sticky":false,"template":"","format":"standard","meta":{"footnotes":"","jetpack_publicize_message":"","jetpack_publicize_feature_enabled":true,"jetpack_social_post_already_shared":true,"jetpack_social_options":{"image_generator_settings":{"template":"highway","default_image_id":0,"font":"","enabled":false},"version":2}},"categories":[66,1,35,40],"tags":[],"class_list":["post-4201","post","type-post","status-publish","format-standard","has-post-thumbnail","hentry","category-cidades","category-https-gazetapernambucana-com-page_id225","category-https-gazetapernambucana-com-page_id218","category-https-gazetapernambucana-com-page_id224"],"yoast_head":"<!-- This site is optimized with the Yoast SEO plugin v24.5 - https:\/\/yoast.com\/wordpress\/plugins\/seo\/ -->\n<title>Lona de Circo \u00cdndia Morena encanta p\u00fablicos de todas as idades no 34\u00ba Festival de Inverno de Garanhuns -<\/title>\n<meta name=\"robots\" content=\"index, follow, max-snippet:-1, max-image-preview:large, max-video-preview:-1\" \/>\n<link rel=\"canonical\" href=\"https:\/\/gazetapernambucana.com\/?p=4201\" \/>\n<meta property=\"og:locale\" content=\"pt_BR\" \/>\n<meta property=\"og:type\" content=\"article\" \/>\n<meta property=\"og:title\" content=\"Lona de Circo \u00cdndia Morena encanta p\u00fablicos de todas as idades no 34\u00ba Festival de Inverno de Garanhuns -\" \/>\n<meta property=\"og:description\" content=\"Programa\u00e7\u00e3o gratuita segue at\u00e9 o dia 26 de julho, com espet\u00e1culos di\u00e1rios \u00e0s 11h e \u00e0s 16h A magia do circo segue encantando crian\u00e7as, jovens e adultos durante o 34\u00ba Festival de Inverno de Garanhuns (FIG). Localizada na Avenida Coronel Ant\u00f4nio Victor, a Lona de Circo \u00cdndia Morena recebe diariamente atra\u00e7\u00f5es gratuitas, reunindo artistas e [&hellip;]\" \/>\n<meta property=\"og:url\" content=\"https:\/\/gazetapernambucana.com\/?p=4201\" \/>\n<meta property=\"article:published_time\" content=\"2026-07-14T01:14:07+00:00\" \/>\n<meta property=\"og:image\" content=\"https:\/\/gazetapernambucana.com\/wp-content\/uploads\/2026\/07\/Circo-34o-FIG-1.webp\" \/>\n\t<meta property=\"og:image:width\" content=\"1024\" \/>\n\t<meta property=\"og:image:height\" content=\"694\" \/>\n\t<meta property=\"og:image:type\" content=\"image\/webp\" \/>\n<meta name=\"author\" content=\"GP\" \/>\n<meta name=\"twitter:card\" content=\"summary_large_image\" \/>\n<meta name=\"twitter:label1\" content=\"Escrito por\" \/>\n\t<meta name=\"twitter:data1\" content=\"GP\" \/>\n\t<meta name=\"twitter:label2\" content=\"Est. tempo de leitura\" \/>\n\t<meta name=\"twitter:data2\" content=\"3 minutos\" \/>\n<script type=\"application\/ld+json\" class=\"yoast-schema-graph\">{\"@context\":\"https:\/\/schema.org\",\"@graph\":[{\"@type\":\"WebPage\",\"@id\":\"https:\/\/gazetapernambucana.com\/?p=4201\",\"url\":\"https:\/\/gazetapernambucana.com\/?p=4201\",\"name\":\"Lona de Circo \u00cdndia Morena encanta p\u00fablicos de todas as idades no 34\u00ba Festival de Inverno de Garanhuns -\",\"isPartOf\":{\"@id\":\"https:\/\/gazetapernambucana.com\/#website\"},\"primaryImageOfPage\":{\"@id\":\"https:\/\/gazetapernambucana.com\/?p=4201#primaryimage\"},\"image\":{\"@id\":\"https:\/\/gazetapernambucana.com\/?p=4201#primaryimage\"},\"thumbnailUrl\":\"https:\/\/gazetapernambucana.com\/wp-content\/uploads\/2026\/07\/Circo-34o-FIG-1.webp\",\"datePublished\":\"2026-07-14T01:14:07+00:00\",\"author\":{\"@id\":\"https:\/\/gazetapernambucana.com\/#\/schema\/person\/188dc283325181ac2de4db1e9e987427\"},\"breadcrumb\":{\"@id\":\"https:\/\/gazetapernambucana.com\/?p=4201#breadcrumb\"},\"inLanguage\":\"pt-BR\",\"potentialAction\":[{\"@type\":\"ReadAction\",\"target\":[\"https:\/\/gazetapernambucana.com\/?p=4201\"]}]},{\"@type\":\"ImageObject\",\"inLanguage\":\"pt-BR\",\"@id\":\"https:\/\/gazetapernambucana.com\/?p=4201#primaryimage\",\"url\":\"https:\/\/gazetapernambucana.com\/wp-content\/uploads\/2026\/07\/Circo-34o-FIG-1.webp\",\"contentUrl\":\"https:\/\/gazetapernambucana.com\/wp-content\/uploads\/2026\/07\/Circo-34o-FIG-1.webp\",\"width\":1024,\"height\":694},{\"@type\":\"BreadcrumbList\",\"@id\":\"https:\/\/gazetapernambucana.com\/?p=4201#breadcrumb\",\"itemListElement\":[{\"@type\":\"ListItem\",\"position\":1,\"name\":\"In\u00edcio\",\"item\":\"https:\/\/gazetapernambucana.com\/\"},{\"@type\":\"ListItem\",\"position\":2,\"name\":\"Lona de Circo \u00cdndia Morena encanta p\u00fablicos de todas as idades no 34\u00ba Festival de Inverno de Garanhuns\"}]},{\"@type\":\"WebSite\",\"@id\":\"https:\/\/gazetapernambucana.com\/#website\",\"url\":\"https:\/\/gazetapernambucana.com\/\",\"name\":\"\",\"description\":\"\",\"potentialAction\":[{\"@type\":\"SearchAction\",\"target\":{\"@type\":\"EntryPoint\",\"urlTemplate\":\"https:\/\/gazetapernambucana.com\/?s={search_term_string}\"},\"query-input\":{\"@type\":\"PropertyValueSpecification\",\"valueRequired\":true,\"valueName\":\"search_term_string\"}}],\"inLanguage\":\"pt-BR\"},{\"@type\":\"Person\",\"@id\":\"https:\/\/gazetapernambucana.com\/#\/schema\/person\/188dc283325181ac2de4db1e9e987427\",\"name\":\"GP\",\"image\":{\"@type\":\"ImageObject\",\"inLanguage\":\"pt-BR\",\"@id\":\"https:\/\/gazetapernambucana.com\/#\/schema\/person\/image\/\",\"url\":\"https:\/\/secure.gravatar.com\/avatar\/9dad78ff9a2d8b5742d11779f8a3f53b052320c550b2e1907882353c067bb111?s=96&d=mm&r=g\",\"contentUrl\":\"https:\/\/secure.gravatar.com\/avatar\/9dad78ff9a2d8b5742d11779f8a3f53b052320c550b2e1907882353c067bb111?s=96&d=mm&r=g\",\"caption\":\"GP\"},\"sameAs\":[\"http:\/\/gazetapernambucana.com\"],\"url\":\"https:\/\/gazetapernambucana.com\/?author=1\"}]}<\/script>\n<!-- \/ Yoast SEO plugin. -->","yoast_head_json":{"title":"Lona de Circo \u00cdndia Morena encanta p\u00fablicos de todas as idades no 34\u00ba Festival de Inverno de Garanhuns -","robots":{"index":"index","follow":"follow","max-snippet":"max-snippet:-1","max-image-preview":"max-image-preview:large","max-video-preview":"max-video-preview:-1"},"canonical":"https:\/\/gazetapernambucana.com\/?p=4201","og_locale":"pt_BR","og_type":"article","og_title":"Lona de Circo \u00cdndia Morena encanta p\u00fablicos de todas as idades no 34\u00ba Festival de Inverno de Garanhuns -","og_description":"Programa\u00e7\u00e3o gratuita segue at\u00e9 o dia 26 de julho, com espet\u00e1culos di\u00e1rios \u00e0s 11h e \u00e0s 16h A magia do circo segue encantando crian\u00e7as, jovens e adultos durante o 34\u00ba Festival de Inverno de Garanhuns (FIG). Localizada na Avenida Coronel Ant\u00f4nio Victor, a Lona de Circo \u00cdndia Morena recebe diariamente atra\u00e7\u00f5es gratuitas, reunindo artistas e [&hellip;]","og_url":"https:\/\/gazetapernambucana.com\/?p=4201","article_published_time":"2026-07-14T01:14:07+00:00","og_image":[{"width":1024,"height":694,"url":"https:\/\/gazetapernambucana.com\/wp-content\/uploads\/2026\/07\/Circo-34o-FIG-1.webp","type":"image\/webp"}],"author":"GP","twitter_card":"summary_large_image","twitter_misc":{"Escrito por":"GP","Est. tempo de leitura":"3 minutos"},"schema":{"@context":"https:\/\/schema.org","@graph":[{"@type":"WebPage","@id":"https:\/\/gazetapernambucana.com\/?p=4201","url":"https:\/\/gazetapernambucana.com\/?p=4201","name":"Lona de Circo \u00cdndia Morena encanta p\u00fablicos de todas as idades no 34\u00ba Festival de Inverno de Garanhuns -","isPartOf":{"@id":"https:\/\/gazetapernambucana.com\/#website"},"primaryImageOfPage":{"@id":"https:\/\/gazetapernambucana.com\/?p=4201#primaryimage"},"image":{"@id":"https:\/\/gazetapernambucana.com\/?p=4201#primaryimage"},"thumbnailUrl":"https:\/\/gazetapernambucana.com\/wp-content\/uploads\/2026\/07\/Circo-34o-FIG-1.webp","datePublished":"2026-07-14T01:14:07+00:00","author":{"@id":"https:\/\/gazetapernambucana.com\/#\/schema\/person\/188dc283325181ac2de4db1e9e987427"},"breadcrumb":{"@id":"https:\/\/gazetapernambucana.com\/?p=4201#breadcrumb"},"inLanguage":"pt-BR","potentialAction":[{"@type":"ReadAction","target":["https:\/\/gazetapernambucana.com\/?p=4201"]}]},{"@type":"ImageObject","inLanguage":"pt-BR","@id":"https:\/\/gazetapernambucana.com\/?p=4201#primaryimage","url":"https:\/\/gazetapernambucana.com\/wp-content\/uploads\/2026\/07\/Circo-34o-FIG-1.webp","contentUrl":"https:\/\/gazetapernambucana.com\/wp-content\/uploads\/2026\/07\/Circo-34o-FIG-1.webp","width":1024,"height":694},{"@type":"BreadcrumbList","@id":"https:\/\/gazetapernambucana.com\/?p=4201#breadcrumb","itemListElement":[{"@type":"ListItem","position":1,"name":"In\u00edcio","item":"https:\/\/gazetapernambucana.com\/"},{"@type":"ListItem","position":2,"name":"Lona de Circo \u00cdndia Morena encanta p\u00fablicos de todas as idades no 34\u00ba Festival de Inverno de Garanhuns"}]},{"@type":"WebSite","@id":"https:\/\/gazetapernambucana.com\/#website","url":"https:\/\/gazetapernambucana.com\/","name":"","description":"","potentialAction":[{"@type":"SearchAction","target":{"@type":"EntryPoint","urlTemplate":"https:\/\/gazetapernambucana.com\/?s={search_term_string}"},"query-input":{"@type":"PropertyValueSpecification","valueRequired":true,"valueName":"search_term_string"}}],"inLanguage":"pt-BR"},{"@type":"Person","@id":"https:\/\/gazetapernambucana.com\/#\/schema\/person\/188dc283325181ac2de4db1e9e987427","name":"GP","image":{"@type":"ImageObject","inLanguage":"pt-BR","@id":"https:\/\/gazetapernambucana.com\/#\/schema\/person\/image\/","url":"https:\/\/secure.gravatar.com\/avatar\/9dad78ff9a2d8b5742d11779f8a3f53b052320c550b2e1907882353c067bb111?s=96&d=mm&r=g","contentUrl":"https:\/\/secure.gravatar.com\/avatar\/9dad78ff9a2d8b5742d11779f8a3f53b052320c550b2e1907882353c067bb111?s=96&d=mm&r=g","caption":"GP"},"sameAs":["http:\/\/gazetapernambucana.com"],"url":"https:\/\/gazetapernambucana.com\/?author=1"}]}},"jetpack_publicize_connections":[],"_links":{"self":[{"href":"https:\/\/gazetapernambucana.com\/index.php?rest_route=\/wp\/v2\/posts\/4201","targetHints":{"allow":["GET"]}}],"collection":[{"href":"https:\/\/gazetapernambucana.com\/index.php?rest_route=\/wp\/v2\/posts"}],"about":[{"href":"https:\/\/gazetapernambucana.com\/index.php?rest_route=\/wp\/v2\/types\/post"}],"author":[{"embeddable":true,"href":"https:\/\/gazetapernambucana.com\/index.php?rest_route=\/wp\/v2\/users\/1"}],"replies":[{"embeddable":true,"href":"https:\/\/gazetapernambucana.com\/index.php?rest_route=%2Fwp%2Fv2%2Fcomments&post=4201"}],"version-history":[{"count":1,"href":"https:\/\/gazetapernambucana.com\/index.php?rest_route=\/wp\/v2\/posts\/4201\/revisions"}],"predecessor-version":[{"id":4203,"href":"https:\/\/gazetapernambucana.com\/index.php?rest_route=\/wp\/v2\/posts\/4201\/revisions\/4203"}],"wp:featuredmedia":[{"embeddable":true,"href":"https:\/\/gazetapernambucana.com\/index.php?rest_route=\/wp\/v2\/media\/4202"}],"wp:attachment":[{"href":"https:\/\/gazetapernambucana.com\/index.php?rest_route=%2Fwp%2Fv2%2Fmedia&parent=4201"}],"wp:term":[{"taxonomy":"category","embeddable":true,"href":"https:\/\/gazetapernambucana.com\/index.php?rest_route=%2Fwp%2Fv2%2Fcategories&post=4201"},{"taxonomy":"post_tag","embeddable":true,"href":"https:\/\/gazetapernambucana.com\/index.php?rest_route=%2Fwp%2Fv2%2Ftags&post=4201"}],"curies":[{"name":"wp","href":"https:\/\/api.w.org\/{rel}","templated":true}]}}