{"id":4198,"date":"2026-07-13T22:06:42","date_gmt":"2026-07-14T01:06:42","guid":{"rendered":"https:\/\/gazetapernambucana.com\/?p=4198"},"modified":"2026-07-13T22:07:34","modified_gmt":"2026-07-14T01:07:34","slug":"operacao-resgata-29-trabalhadores-em-condicoes-analogas-a-escravidao","status":"publish","type":"post","link":"https:\/\/gazetapernambucana.com\/?p=4198","title":{"rendered":"Opera\u00e7\u00e3o resgata 29 trabalhadores em condi\u00e7\u00f5es an\u00e1logas \u00e0 escravid\u00e3o"},"content":{"rendered":"<p>Uma opera\u00e7\u00e3o do Minist\u00e9rio do Trabalho e Emprego (MTE) resgatou 29 trabalhadores em situa\u00e7\u00e3o an\u00e1loga \u00e0 escravid\u00e3o na Bahia e em Pernambuco. A a\u00e7\u00e3o de fiscaliza\u00e7\u00e3o foi feita em tr\u00eas pedreiras nas regi\u00f5es dos munic\u00edpios de Sento S\u00e9 (BA), Casa Nova (BA), nas proximidades de Juazeiro, e Santa Cruz (PE).<\/p>\n<p>A fun\u00e7\u00e3o dos trabalhadores era extrair pedras usadas em obras de pavimenta\u00e7\u00e3o, inclusive em servi\u00e7os ligados a prefeituras da regi\u00e3o.<\/p>\n<p>A Defensoria P\u00fablica da Uni\u00e3o informou nesta segunda-feira (13) que os \u00f3rg\u00e3os firmaram Termos de Ajustamento de Conduta com as empresas respons\u00e1veis. Os empregadores pagar\u00e3o quase R$ 500 mil em verbas rescis\u00f3rias e indeniza\u00e7\u00f5es individuais, bem como valores R$ 30 mil e R$ 102,5 mil em danos morais coletivos.<\/p>\n<p>Durante as fiscaliza\u00e7\u00f5es, realizadas em parceria com o Minist\u00e9rio P\u00fablico do Trabalho, a DPU e a Pol\u00edcia Federal , foram identificadas condi\u00e7\u00f5es degradantes de trabalho e de alojamento.<\/p>\n<p>Os trabalhadores n\u00e3o tinham acesso adequado \u00e0 \u00e1gua pot\u00e1vel, n\u00e3o contavam com espa\u00e7o apropriado para refei\u00e7\u00f5es e estavam instalados em barrac\u00f5es de lona, dormindo em colch\u00f5es no ch\u00e3o.<\/p>\n<p>Al\u00e9m disso, os empregados n\u00e3o contavam com equipamentos de prote\u00e7\u00e3o individual e estavam expostos \u00e0 situa\u00e7\u00f5es de risco \u00e0 sa\u00fade e \u00e0 seguran\u00e7a.<\/p>\n<p>\u201cEm uma das pedreiras fiscalizadas, a equipe encontrou alimentos armazenados junto a subst\u00e2ncias t\u00f3xicas no alojamento. Parte dos equipamentos utilizados nas atividades tamb\u00e9m foi interditada devido ao risco oferecido aos trabalhadores\u201d, disse a DPU.<\/p>\n<p>Tamb\u00e9m foram verificados ind\u00edcios de explora\u00e7\u00e3o mineral sem autoriza\u00e7\u00e3o do \u00f3rg\u00e3o regulador competente, situa\u00e7\u00e3o que dever\u00e1 ser apurada pelos \u00f3rg\u00e3os respons\u00e1veis.<\/p>\n<p>O trabalho em condi\u00e7\u00e3o an\u00e1loga \u00e0 escravid\u00e3o \u00e9 caracterizado por situa\u00e7\u00f5es como condi\u00e7\u00f5es degradantes de trabalho, jornada exaustiva, trabalho for\u00e7ado ou restri\u00e7\u00e3o de locomo\u00e7\u00e3o em raz\u00e3o de d\u00edvida.<\/p>\n<p>Casos de trabalho an\u00e1logo \u00e0 escravid\u00e3o podem ser denunciados de forma an\u00f4nima pelo Sistema IP\u00ca, canal oficial do governo federal para recebimento de den\u00fancias sobre esse tipo de viola\u00e7\u00e3o. Com informa\u00e7\u00f5es da Ag\u00eancia Brasil.<\/p>\n","protected":false},"excerpt":{"rendered":"<p>Uma opera\u00e7\u00e3o do Minist\u00e9rio do Trabalho e Emprego (MTE) resgatou 29 trabalhadores em situa\u00e7\u00e3o an\u00e1loga \u00e0 escravid\u00e3o na Bahia e em Pernambuco. A a\u00e7\u00e3o de fiscaliza\u00e7\u00e3o foi feita em tr\u00eas pedreiras nas regi\u00f5es dos munic\u00edpios de Sento S\u00e9 (BA), Casa Nova (BA), nas proximidades de Juazeiro, e Santa Cruz (PE). A fun\u00e7\u00e3o dos trabalhadores era [&hellip;]<\/p>\n","protected":false},"author":1,"featured_media":4200,"comment_status":"open","ping_status":"open","sticky":false,"template":"","format":"standard","meta":{"footnotes":"","jetpack_publicize_message":"","jetpack_publicize_feature_enabled":true,"jetpack_social_post_already_shared":true,"jetpack_social_options":{"image_generator_settings":{"template":"highway","default_image_id":0,"font":"","enabled":false},"version":2}},"categories":[37,66,1,65],"tags":[],"class_list":["post-4198","post","type-post","status-publish","format-standard","has-post-thumbnail","hentry","category-https-gazetapernambucana-com-page_id212","category-cidades","category-https-gazetapernambucana-com-page_id225","category-politica"],"yoast_head":"<!-- This site is optimized with the Yoast SEO plugin v24.5 - https:\/\/yoast.com\/wordpress\/plugins\/seo\/ -->\n<title>Opera\u00e7\u00e3o resgata 29 trabalhadores em condi\u00e7\u00f5es an\u00e1logas \u00e0 escravid\u00e3o -<\/title>\n<meta name=\"robots\" content=\"index, follow, max-snippet:-1, max-image-preview:large, max-video-preview:-1\" \/>\n<link rel=\"canonical\" href=\"https:\/\/gazetapernambucana.com\/?p=4198\" \/>\n<meta property=\"og:locale\" content=\"pt_BR\" \/>\n<meta property=\"og:type\" content=\"article\" \/>\n<meta property=\"og:title\" content=\"Opera\u00e7\u00e3o resgata 29 trabalhadores em condi\u00e7\u00f5es an\u00e1logas \u00e0 escravid\u00e3o -\" \/>\n<meta property=\"og:description\" content=\"Uma opera\u00e7\u00e3o do Minist\u00e9rio do Trabalho e Emprego (MTE) resgatou 29 trabalhadores em situa\u00e7\u00e3o an\u00e1loga \u00e0 escravid\u00e3o na Bahia e em Pernambuco. A a\u00e7\u00e3o de fiscaliza\u00e7\u00e3o foi feita em tr\u00eas pedreiras nas regi\u00f5es dos munic\u00edpios de Sento S\u00e9 (BA), Casa Nova (BA), nas proximidades de Juazeiro, e Santa Cruz (PE). A fun\u00e7\u00e3o dos trabalhadores era [&hellip;]\" \/>\n<meta property=\"og:url\" content=\"https:\/\/gazetapernambucana.com\/?p=4198\" \/>\n<meta property=\"article:published_time\" content=\"2026-07-14T01:06:42+00:00\" \/>\n<meta property=\"article:modified_time\" content=\"2026-07-14T01:07:34+00:00\" \/>\n<meta property=\"og:image\" content=\"https:\/\/gazetapernambucana.com\/wp-content\/uploads\/2026\/07\/1200x_0.269903001783976742.jpg\" \/>\n\t<meta property=\"og:image:width\" content=\"1200\" \/>\n\t<meta property=\"og:image:height\" content=\"717\" \/>\n\t<meta property=\"og:image:type\" content=\"image\/jpeg\" \/>\n<meta name=\"author\" content=\"GP\" \/>\n<meta name=\"twitter:card\" content=\"summary_large_image\" \/>\n<meta name=\"twitter:label1\" content=\"Escrito por\" \/>\n\t<meta name=\"twitter:data1\" content=\"GP\" \/>\n\t<meta name=\"twitter:label2\" content=\"Est. tempo de leitura\" \/>\n\t<meta name=\"twitter:data2\" content=\"2 minutos\" \/>\n<script type=\"application\/ld+json\" class=\"yoast-schema-graph\">{\"@context\":\"https:\/\/schema.org\",\"@graph\":[{\"@type\":\"WebPage\",\"@id\":\"https:\/\/gazetapernambucana.com\/?p=4198\",\"url\":\"https:\/\/gazetapernambucana.com\/?p=4198\",\"name\":\"Opera\u00e7\u00e3o resgata 29 trabalhadores em condi\u00e7\u00f5es an\u00e1logas \u00e0 escravid\u00e3o -\",\"isPartOf\":{\"@id\":\"https:\/\/gazetapernambucana.com\/#website\"},\"primaryImageOfPage\":{\"@id\":\"https:\/\/gazetapernambucana.com\/?p=4198#primaryimage\"},\"image\":{\"@id\":\"https:\/\/gazetapernambucana.com\/?p=4198#primaryimage\"},\"thumbnailUrl\":\"https:\/\/gazetapernambucana.com\/wp-content\/uploads\/2026\/07\/1200x_0.269903001783976742.jpg\",\"datePublished\":\"2026-07-14T01:06:42+00:00\",\"dateModified\":\"2026-07-14T01:07:34+00:00\",\"author\":{\"@id\":\"https:\/\/gazetapernambucana.com\/#\/schema\/person\/188dc283325181ac2de4db1e9e987427\"},\"breadcrumb\":{\"@id\":\"https:\/\/gazetapernambucana.com\/?p=4198#breadcrumb\"},\"inLanguage\":\"pt-BR\",\"potentialAction\":[{\"@type\":\"ReadAction\",\"target\":[\"https:\/\/gazetapernambucana.com\/?p=4198\"]}]},{\"@type\":\"ImageObject\",\"inLanguage\":\"pt-BR\",\"@id\":\"https:\/\/gazetapernambucana.com\/?p=4198#primaryimage\",\"url\":\"https:\/\/gazetapernambucana.com\/wp-content\/uploads\/2026\/07\/1200x_0.269903001783976742.jpg\",\"contentUrl\":\"https:\/\/gazetapernambucana.com\/wp-content\/uploads\/2026\/07\/1200x_0.269903001783976742.jpg\",\"width\":1200,\"height\":717},{\"@type\":\"BreadcrumbList\",\"@id\":\"https:\/\/gazetapernambucana.com\/?p=4198#breadcrumb\",\"itemListElement\":[{\"@type\":\"ListItem\",\"position\":1,\"name\":\"In\u00edcio\",\"item\":\"https:\/\/gazetapernambucana.com\/\"},{\"@type\":\"ListItem\",\"position\":2,\"name\":\"Opera\u00e7\u00e3o resgata 29 trabalhadores em condi\u00e7\u00f5es an\u00e1logas \u00e0 escravid\u00e3o\"}]},{\"@type\":\"WebSite\",\"@id\":\"https:\/\/gazetapernambucana.com\/#website\",\"url\":\"https:\/\/gazetapernambucana.com\/\",\"name\":\"\",\"description\":\"\",\"potentialAction\":[{\"@type\":\"SearchAction\",\"target\":{\"@type\":\"EntryPoint\",\"urlTemplate\":\"https:\/\/gazetapernambucana.com\/?s={search_term_string}\"},\"query-input\":{\"@type\":\"PropertyValueSpecification\",\"valueRequired\":true,\"valueName\":\"search_term_string\"}}],\"inLanguage\":\"pt-BR\"},{\"@type\":\"Person\",\"@id\":\"https:\/\/gazetapernambucana.com\/#\/schema\/person\/188dc283325181ac2de4db1e9e987427\",\"name\":\"GP\",\"image\":{\"@type\":\"ImageObject\",\"inLanguage\":\"pt-BR\",\"@id\":\"https:\/\/gazetapernambucana.com\/#\/schema\/person\/image\/\",\"url\":\"https:\/\/secure.gravatar.com\/avatar\/9dad78ff9a2d8b5742d11779f8a3f53b052320c550b2e1907882353c067bb111?s=96&d=mm&r=g\",\"contentUrl\":\"https:\/\/secure.gravatar.com\/avatar\/9dad78ff9a2d8b5742d11779f8a3f53b052320c550b2e1907882353c067bb111?s=96&d=mm&r=g\",\"caption\":\"GP\"},\"sameAs\":[\"http:\/\/gazetapernambucana.com\"],\"url\":\"https:\/\/gazetapernambucana.com\/?author=1\"}]}<\/script>\n<!-- \/ Yoast SEO plugin. -->","yoast_head_json":{"title":"Opera\u00e7\u00e3o resgata 29 trabalhadores em condi\u00e7\u00f5es an\u00e1logas \u00e0 escravid\u00e3o -","robots":{"index":"index","follow":"follow","max-snippet":"max-snippet:-1","max-image-preview":"max-image-preview:large","max-video-preview":"max-video-preview:-1"},"canonical":"https:\/\/gazetapernambucana.com\/?p=4198","og_locale":"pt_BR","og_type":"article","og_title":"Opera\u00e7\u00e3o resgata 29 trabalhadores em condi\u00e7\u00f5es an\u00e1logas \u00e0 escravid\u00e3o -","og_description":"Uma opera\u00e7\u00e3o do Minist\u00e9rio do Trabalho e Emprego (MTE) resgatou 29 trabalhadores em situa\u00e7\u00e3o an\u00e1loga \u00e0 escravid\u00e3o na Bahia e em Pernambuco. A a\u00e7\u00e3o de fiscaliza\u00e7\u00e3o foi feita em tr\u00eas pedreiras nas regi\u00f5es dos munic\u00edpios de Sento S\u00e9 (BA), Casa Nova (BA), nas proximidades de Juazeiro, e Santa Cruz (PE). A fun\u00e7\u00e3o dos trabalhadores era [&hellip;]","og_url":"https:\/\/gazetapernambucana.com\/?p=4198","article_published_time":"2026-07-14T01:06:42+00:00","article_modified_time":"2026-07-14T01:07:34+00:00","og_image":[{"width":1200,"height":717,"url":"https:\/\/gazetapernambucana.com\/wp-content\/uploads\/2026\/07\/1200x_0.269903001783976742.jpg","type":"image\/jpeg"}],"author":"GP","twitter_card":"summary_large_image","twitter_misc":{"Escrito por":"GP","Est. tempo de leitura":"2 minutos"},"schema":{"@context":"https:\/\/schema.org","@graph":[{"@type":"WebPage","@id":"https:\/\/gazetapernambucana.com\/?p=4198","url":"https:\/\/gazetapernambucana.com\/?p=4198","name":"Opera\u00e7\u00e3o resgata 29 trabalhadores em condi\u00e7\u00f5es an\u00e1logas \u00e0 escravid\u00e3o -","isPartOf":{"@id":"https:\/\/gazetapernambucana.com\/#website"},"primaryImageOfPage":{"@id":"https:\/\/gazetapernambucana.com\/?p=4198#primaryimage"},"image":{"@id":"https:\/\/gazetapernambucana.com\/?p=4198#primaryimage"},"thumbnailUrl":"https:\/\/gazetapernambucana.com\/wp-content\/uploads\/2026\/07\/1200x_0.269903001783976742.jpg","datePublished":"2026-07-14T01:06:42+00:00","dateModified":"2026-07-14T01:07:34+00:00","author":{"@id":"https:\/\/gazetapernambucana.com\/#\/schema\/person\/188dc283325181ac2de4db1e9e987427"},"breadcrumb":{"@id":"https:\/\/gazetapernambucana.com\/?p=4198#breadcrumb"},"inLanguage":"pt-BR","potentialAction":[{"@type":"ReadAction","target":["https:\/\/gazetapernambucana.com\/?p=4198"]}]},{"@type":"ImageObject","inLanguage":"pt-BR","@id":"https:\/\/gazetapernambucana.com\/?p=4198#primaryimage","url":"https:\/\/gazetapernambucana.com\/wp-content\/uploads\/2026\/07\/1200x_0.269903001783976742.jpg","contentUrl":"https:\/\/gazetapernambucana.com\/wp-content\/uploads\/2026\/07\/1200x_0.269903001783976742.jpg","width":1200,"height":717},{"@type":"BreadcrumbList","@id":"https:\/\/gazetapernambucana.com\/?p=4198#breadcrumb","itemListElement":[{"@type":"ListItem","position":1,"name":"In\u00edcio","item":"https:\/\/gazetapernambucana.com\/"},{"@type":"ListItem","position":2,"name":"Opera\u00e7\u00e3o resgata 29 trabalhadores em condi\u00e7\u00f5es an\u00e1logas \u00e0 escravid\u00e3o"}]},{"@type":"WebSite","@id":"https:\/\/gazetapernambucana.com\/#website","url":"https:\/\/gazetapernambucana.com\/","name":"","description":"","potentialAction":[{"@type":"SearchAction","target":{"@type":"EntryPoint","urlTemplate":"https:\/\/gazetapernambucana.com\/?s={search_term_string}"},"query-input":{"@type":"PropertyValueSpecification","valueRequired":true,"valueName":"search_term_string"}}],"inLanguage":"pt-BR"},{"@type":"Person","@id":"https:\/\/gazetapernambucana.com\/#\/schema\/person\/188dc283325181ac2de4db1e9e987427","name":"GP","image":{"@type":"ImageObject","inLanguage":"pt-BR","@id":"https:\/\/gazetapernambucana.com\/#\/schema\/person\/image\/","url":"https:\/\/secure.gravatar.com\/avatar\/9dad78ff9a2d8b5742d11779f8a3f53b052320c550b2e1907882353c067bb111?s=96&d=mm&r=g","contentUrl":"https:\/\/secure.gravatar.com\/avatar\/9dad78ff9a2d8b5742d11779f8a3f53b052320c550b2e1907882353c067bb111?s=96&d=mm&r=g","caption":"GP"},"sameAs":["http:\/\/gazetapernambucana.com"],"url":"https:\/\/gazetapernambucana.com\/?author=1"}]}},"jetpack_publicize_connections":[],"_links":{"self":[{"href":"https:\/\/gazetapernambucana.com\/index.php?rest_route=\/wp\/v2\/posts\/4198","targetHints":{"allow":["GET"]}}],"collection":[{"href":"https:\/\/gazetapernambucana.com\/index.php?rest_route=\/wp\/v2\/posts"}],"about":[{"href":"https:\/\/gazetapernambucana.com\/index.php?rest_route=\/wp\/v2\/types\/post"}],"author":[{"embeddable":true,"href":"https:\/\/gazetapernambucana.com\/index.php?rest_route=\/wp\/v2\/users\/1"}],"replies":[{"embeddable":true,"href":"https:\/\/gazetapernambucana.com\/index.php?rest_route=%2Fwp%2Fv2%2Fcomments&post=4198"}],"version-history":[{"count":1,"href":"https:\/\/gazetapernambucana.com\/index.php?rest_route=\/wp\/v2\/posts\/4198\/revisions"}],"predecessor-version":[{"id":4199,"href":"https:\/\/gazetapernambucana.com\/index.php?rest_route=\/wp\/v2\/posts\/4198\/revisions\/4199"}],"wp:featuredmedia":[{"embeddable":true,"href":"https:\/\/gazetapernambucana.com\/index.php?rest_route=\/wp\/v2\/media\/4200"}],"wp:attachment":[{"href":"https:\/\/gazetapernambucana.com\/index.php?rest_route=%2Fwp%2Fv2%2Fmedia&parent=4198"}],"wp:term":[{"taxonomy":"category","embeddable":true,"href":"https:\/\/gazetapernambucana.com\/index.php?rest_route=%2Fwp%2Fv2%2Fcategories&post=4198"},{"taxonomy":"post_tag","embeddable":true,"href":"https:\/\/gazetapernambucana.com\/index.php?rest_route=%2Fwp%2Fv2%2Ftags&post=4198"}],"curies":[{"name":"wp","href":"https:\/\/api.w.org\/{rel}","templated":true}]}}