{"id":4181,"date":"2026-07-13T15:57:33","date_gmt":"2026-07-13T18:57:33","guid":{"rendered":"https:\/\/gazetapernambucana.com\/?p=4181"},"modified":"2026-07-13T15:57:33","modified_gmt":"2026-07-13T18:57:33","slug":"olha-essa-restia-de-sol-por-cicero-belmar","status":"publish","type":"post","link":"https:\/\/gazetapernambucana.com\/?p=4181","title":{"rendered":"Olha essa r\u00e9stia de sol. Por C\u00edcero Belmar"},"content":{"rendered":"<p><strong>C\u00edcero Belmar &#8211; Escritor, jornalista e membro da Academia Pernambucana de Letras &#8211;<\/strong><\/p>\n<p>Perto da hora do almo\u00e7o, quase 13 horas, recebi a not\u00edcia \u201cdos sonhos\u201d: a agenda do restante do dia caiu e n\u00f3s, das equipes de texto e v\u00eddeo, est\u00e1vamos dispensados. Permanecer no servi\u00e7o seria facultativo, mas ter\u00edamos a tarde inteira para o que bem entend\u00eassemos. Folga em dia \u00fatil, ainda que apenas num per\u00edodo, era quase um fetiche. Mas, descobri com surpresa, n\u00e3o estava preparado para concretizar o desejo do tempo livre.<\/p>\n<p>Quando peguei minha bolsa para sair, veio-me a pergunta: o que vou fazer nesta tarde? Eu me sentia um apalermado, sem saber lidar com o \u201cpresente\u201d inesperado. Sou uma pessoa que traz um defeito de fabrica\u00e7\u00e3o como bom capricorniano. No dia a dia, deixo as coisas no piloto autom\u00e1tico. Se \u00e9 para cumprir hor\u00e1rio, trabalho cont\u00ednuo. Tudo o que acontece \u00e9 previs\u00edvel e pr\u00e1tico. At\u00e9 as horas de folga s\u00e3o as de praxe.<\/p>\n<p>O que fa\u00e7o, ou deixo de fazer, nesse ciclo de trabalho, s\u00e3o coisas objetivadas. Se, por um lado, funciona, tamb\u00e9m n\u00e3o deixa de ser mon\u00f3tono. Por isso, o grande drama daquele instante, com a bolsa a tiracolo, era saber o que fazer no tempo que foi liberado. Para onde eu iria se nada estava planejado?<\/p>\n<p>Confesso que fiquei perdido com tanta tarde para mim mesmo. Eu n\u00e3o sabia que ter horas vagas, sem esperar, seria um peso. Ainda pensei em ir a um cinema, sempre uma boa op\u00e7\u00e3o. Mas d\u00ea uma olhada nos roteiros de julho, m\u00eas de f\u00e9rias das crian\u00e7as: Minions &amp; Monstros; Moana; Supergirl, Toy Story 5. Nesse caso, que tal bater pernas no shopping?<\/p>\n<p>N\u00e3o tenho disposi\u00e7\u00e3o para ver vitrines de lojas e mergulhar nos para\u00edsos do consumo. Se vou a um shopping center, termino comprando coisas in\u00fateis. Ent\u00e3o, seria o caso de visitar um amigo? Mas, todas as pessoas que eu conhe\u00e7o estariam trabalhando naquele hor\u00e1rio. Terminei fazendo o previs\u00edvel: quando me dei conta, estava na frente do pr\u00e9dio, peguei o elevador, entrei no meu apartamento.<\/p>\n<p>Tomei um banho demorado e fui me sentar, com roupa confort\u00e1vel, no sof\u00e1 da sala. Quem consegue se entregar ao \u00f3cio absoluto? A cabe\u00e7a come\u00e7a a trabalhar, v\u00eam lembran\u00e7as bobas etc. Que tal contar at\u00e9 mil? Quando eu era crian\u00e7a, passava bons minutos tentando contar at\u00e9 cem.<\/p>\n<p>Tente contar at\u00e9 mil. Voc\u00ea come\u00e7a e daqui a pouco, perde-se na continuidade. A cabe\u00e7a flutua, os n\u00fameros ficam parados, e quando voc\u00ea quer voltar, conclui que passou dos seiscentos, mas n\u00e3o sabe o n\u00famero exato em que parou. Quem tenta contar at\u00e9 mil, cai em armadilhas.<\/p>\n<p>Peguei o smart, para ouvir m\u00fasicas no Youtube. Encontrei umas boas op\u00e7\u00f5es, todas de Alceu Valen\u00e7a. Comecei por um cl\u00e1ssico, Borboleta. Depois, mais um, Caravana, m\u00fasicas po\u00e9ticas, cheias de emo\u00e7\u00e3o. Por fim, Talism\u00e3. Essas duas \u00faltimas de Alceu com Geraldo Azevedo.<\/p>\n<p>As m\u00fasicas falam de passado, futuro, sonhos que v\u00e3o al\u00e9m dessa mesmice. Talism\u00e3 me parece algo m\u00e1gico para dar for\u00e7a e coragem a um viajante. Por extens\u00e3o, para mim, fala de liberdade. Da necessidade de irmos adiante.<\/p>\n<p>A m\u00fasica diz assim: \u201cOlha essa sombra, esse rastro de mim. Olha essa seta, essa r\u00e9stia de Sol\u201d. O certo \u00e9 que adormeci e quando acordei, a noitinha chegava. Eu permanecia, ali, no sof\u00e1.<\/p>\n","protected":false},"excerpt":{"rendered":"<p>C\u00edcero Belmar &#8211; Escritor, jornalista e membro da Academia Pernambucana de Letras &#8211; Perto da hora do almo\u00e7o, quase 13 horas, recebi a not\u00edcia \u201cdos sonhos\u201d: a agenda do restante do dia caiu e n\u00f3s, das equipes de texto e v\u00eddeo, est\u00e1vamos dispensados. Permanecer no servi\u00e7o seria facultativo, mas ter\u00edamos a tarde inteira para o [&hellip;]<\/p>\n","protected":false},"author":1,"featured_media":4182,"comment_status":"open","ping_status":"open","sticky":false,"template":"","format":"standard","meta":{"footnotes":"","jetpack_publicize_message":"","jetpack_publicize_feature_enabled":true,"jetpack_social_post_already_shared":true,"jetpack_social_options":{"image_generator_settings":{"template":"highway","default_image_id":0,"font":"","enabled":false},"version":2}},"categories":[1,35,69],"tags":[],"class_list":["post-4181","post","type-post","status-publish","format-standard","has-post-thumbnail","hentry","category-https-gazetapernambucana-com-page_id225","category-https-gazetapernambucana-com-page_id218","category-meio-ambiente"],"yoast_head":"<!-- This site is optimized with the Yoast SEO plugin v24.5 - https:\/\/yoast.com\/wordpress\/plugins\/seo\/ -->\n<title>Olha essa r\u00e9stia de sol. Por C\u00edcero Belmar -<\/title>\n<meta name=\"robots\" content=\"index, follow, max-snippet:-1, max-image-preview:large, max-video-preview:-1\" \/>\n<link rel=\"canonical\" href=\"https:\/\/gazetapernambucana.com\/?p=4181\" \/>\n<meta property=\"og:locale\" content=\"pt_BR\" \/>\n<meta property=\"og:type\" content=\"article\" \/>\n<meta property=\"og:title\" content=\"Olha essa r\u00e9stia de sol. Por C\u00edcero Belmar -\" \/>\n<meta property=\"og:description\" content=\"C\u00edcero Belmar &#8211; Escritor, jornalista e membro da Academia Pernambucana de Letras &#8211; Perto da hora do almo\u00e7o, quase 13 horas, recebi a not\u00edcia \u201cdos sonhos\u201d: a agenda do restante do dia caiu e n\u00f3s, das equipes de texto e v\u00eddeo, est\u00e1vamos dispensados. Permanecer no servi\u00e7o seria facultativo, mas ter\u00edamos a tarde inteira para o [&hellip;]\" \/>\n<meta property=\"og:url\" content=\"https:\/\/gazetapernambucana.com\/?p=4181\" \/>\n<meta property=\"article:published_time\" content=\"2026-07-13T18:57:33+00:00\" \/>\n<meta property=\"og:image\" content=\"https:\/\/gazetapernambucana.com\/wp-content\/uploads\/2026\/07\/cicero-belmar.webp\" \/>\n\t<meta property=\"og:image:width\" content=\"1023\" \/>\n\t<meta property=\"og:image:height\" content=\"769\" \/>\n\t<meta property=\"og:image:type\" content=\"image\/webp\" \/>\n<meta name=\"author\" content=\"GP\" \/>\n<meta name=\"twitter:card\" content=\"summary_large_image\" \/>\n<meta name=\"twitter:label1\" content=\"Escrito por\" \/>\n\t<meta name=\"twitter:data1\" content=\"GP\" \/>\n\t<meta name=\"twitter:label2\" content=\"Est. tempo de leitura\" \/>\n\t<meta name=\"twitter:data2\" content=\"4 minutos\" \/>\n<script type=\"application\/ld+json\" class=\"yoast-schema-graph\">{\"@context\":\"https:\/\/schema.org\",\"@graph\":[{\"@type\":\"WebPage\",\"@id\":\"https:\/\/gazetapernambucana.com\/?p=4181\",\"url\":\"https:\/\/gazetapernambucana.com\/?p=4181\",\"name\":\"Olha essa r\u00e9stia de sol. Por C\u00edcero Belmar -\",\"isPartOf\":{\"@id\":\"https:\/\/gazetapernambucana.com\/#website\"},\"primaryImageOfPage\":{\"@id\":\"https:\/\/gazetapernambucana.com\/?p=4181#primaryimage\"},\"image\":{\"@id\":\"https:\/\/gazetapernambucana.com\/?p=4181#primaryimage\"},\"thumbnailUrl\":\"https:\/\/gazetapernambucana.com\/wp-content\/uploads\/2026\/07\/cicero-belmar.webp\",\"datePublished\":\"2026-07-13T18:57:33+00:00\",\"author\":{\"@id\":\"https:\/\/gazetapernambucana.com\/#\/schema\/person\/188dc283325181ac2de4db1e9e987427\"},\"breadcrumb\":{\"@id\":\"https:\/\/gazetapernambucana.com\/?p=4181#breadcrumb\"},\"inLanguage\":\"pt-BR\",\"potentialAction\":[{\"@type\":\"ReadAction\",\"target\":[\"https:\/\/gazetapernambucana.com\/?p=4181\"]}]},{\"@type\":\"ImageObject\",\"inLanguage\":\"pt-BR\",\"@id\":\"https:\/\/gazetapernambucana.com\/?p=4181#primaryimage\",\"url\":\"https:\/\/gazetapernambucana.com\/wp-content\/uploads\/2026\/07\/cicero-belmar.webp\",\"contentUrl\":\"https:\/\/gazetapernambucana.com\/wp-content\/uploads\/2026\/07\/cicero-belmar.webp\",\"width\":1023,\"height\":769},{\"@type\":\"BreadcrumbList\",\"@id\":\"https:\/\/gazetapernambucana.com\/?p=4181#breadcrumb\",\"itemListElement\":[{\"@type\":\"ListItem\",\"position\":1,\"name\":\"In\u00edcio\",\"item\":\"https:\/\/gazetapernambucana.com\/\"},{\"@type\":\"ListItem\",\"position\":2,\"name\":\"Olha essa r\u00e9stia de sol. Por C\u00edcero Belmar\"}]},{\"@type\":\"WebSite\",\"@id\":\"https:\/\/gazetapernambucana.com\/#website\",\"url\":\"https:\/\/gazetapernambucana.com\/\",\"name\":\"\",\"description\":\"\",\"potentialAction\":[{\"@type\":\"SearchAction\",\"target\":{\"@type\":\"EntryPoint\",\"urlTemplate\":\"https:\/\/gazetapernambucana.com\/?s={search_term_string}\"},\"query-input\":{\"@type\":\"PropertyValueSpecification\",\"valueRequired\":true,\"valueName\":\"search_term_string\"}}],\"inLanguage\":\"pt-BR\"},{\"@type\":\"Person\",\"@id\":\"https:\/\/gazetapernambucana.com\/#\/schema\/person\/188dc283325181ac2de4db1e9e987427\",\"name\":\"GP\",\"image\":{\"@type\":\"ImageObject\",\"inLanguage\":\"pt-BR\",\"@id\":\"https:\/\/gazetapernambucana.com\/#\/schema\/person\/image\/\",\"url\":\"https:\/\/secure.gravatar.com\/avatar\/9dad78ff9a2d8b5742d11779f8a3f53b052320c550b2e1907882353c067bb111?s=96&d=mm&r=g\",\"contentUrl\":\"https:\/\/secure.gravatar.com\/avatar\/9dad78ff9a2d8b5742d11779f8a3f53b052320c550b2e1907882353c067bb111?s=96&d=mm&r=g\",\"caption\":\"GP\"},\"sameAs\":[\"http:\/\/gazetapernambucana.com\"],\"url\":\"https:\/\/gazetapernambucana.com\/?author=1\"}]}<\/script>\n<!-- \/ Yoast SEO plugin. -->","yoast_head_json":{"title":"Olha essa r\u00e9stia de sol. Por C\u00edcero Belmar -","robots":{"index":"index","follow":"follow","max-snippet":"max-snippet:-1","max-image-preview":"max-image-preview:large","max-video-preview":"max-video-preview:-1"},"canonical":"https:\/\/gazetapernambucana.com\/?p=4181","og_locale":"pt_BR","og_type":"article","og_title":"Olha essa r\u00e9stia de sol. Por C\u00edcero Belmar -","og_description":"C\u00edcero Belmar &#8211; Escritor, jornalista e membro da Academia Pernambucana de Letras &#8211; Perto da hora do almo\u00e7o, quase 13 horas, recebi a not\u00edcia \u201cdos sonhos\u201d: a agenda do restante do dia caiu e n\u00f3s, das equipes de texto e v\u00eddeo, est\u00e1vamos dispensados. Permanecer no servi\u00e7o seria facultativo, mas ter\u00edamos a tarde inteira para o [&hellip;]","og_url":"https:\/\/gazetapernambucana.com\/?p=4181","article_published_time":"2026-07-13T18:57:33+00:00","og_image":[{"width":1023,"height":769,"url":"https:\/\/gazetapernambucana.com\/wp-content\/uploads\/2026\/07\/cicero-belmar.webp","type":"image\/webp"}],"author":"GP","twitter_card":"summary_large_image","twitter_misc":{"Escrito por":"GP","Est. tempo de leitura":"4 minutos"},"schema":{"@context":"https:\/\/schema.org","@graph":[{"@type":"WebPage","@id":"https:\/\/gazetapernambucana.com\/?p=4181","url":"https:\/\/gazetapernambucana.com\/?p=4181","name":"Olha essa r\u00e9stia de sol. Por C\u00edcero Belmar -","isPartOf":{"@id":"https:\/\/gazetapernambucana.com\/#website"},"primaryImageOfPage":{"@id":"https:\/\/gazetapernambucana.com\/?p=4181#primaryimage"},"image":{"@id":"https:\/\/gazetapernambucana.com\/?p=4181#primaryimage"},"thumbnailUrl":"https:\/\/gazetapernambucana.com\/wp-content\/uploads\/2026\/07\/cicero-belmar.webp","datePublished":"2026-07-13T18:57:33+00:00","author":{"@id":"https:\/\/gazetapernambucana.com\/#\/schema\/person\/188dc283325181ac2de4db1e9e987427"},"breadcrumb":{"@id":"https:\/\/gazetapernambucana.com\/?p=4181#breadcrumb"},"inLanguage":"pt-BR","potentialAction":[{"@type":"ReadAction","target":["https:\/\/gazetapernambucana.com\/?p=4181"]}]},{"@type":"ImageObject","inLanguage":"pt-BR","@id":"https:\/\/gazetapernambucana.com\/?p=4181#primaryimage","url":"https:\/\/gazetapernambucana.com\/wp-content\/uploads\/2026\/07\/cicero-belmar.webp","contentUrl":"https:\/\/gazetapernambucana.com\/wp-content\/uploads\/2026\/07\/cicero-belmar.webp","width":1023,"height":769},{"@type":"BreadcrumbList","@id":"https:\/\/gazetapernambucana.com\/?p=4181#breadcrumb","itemListElement":[{"@type":"ListItem","position":1,"name":"In\u00edcio","item":"https:\/\/gazetapernambucana.com\/"},{"@type":"ListItem","position":2,"name":"Olha essa r\u00e9stia de sol. Por C\u00edcero Belmar"}]},{"@type":"WebSite","@id":"https:\/\/gazetapernambucana.com\/#website","url":"https:\/\/gazetapernambucana.com\/","name":"","description":"","potentialAction":[{"@type":"SearchAction","target":{"@type":"EntryPoint","urlTemplate":"https:\/\/gazetapernambucana.com\/?s={search_term_string}"},"query-input":{"@type":"PropertyValueSpecification","valueRequired":true,"valueName":"search_term_string"}}],"inLanguage":"pt-BR"},{"@type":"Person","@id":"https:\/\/gazetapernambucana.com\/#\/schema\/person\/188dc283325181ac2de4db1e9e987427","name":"GP","image":{"@type":"ImageObject","inLanguage":"pt-BR","@id":"https:\/\/gazetapernambucana.com\/#\/schema\/person\/image\/","url":"https:\/\/secure.gravatar.com\/avatar\/9dad78ff9a2d8b5742d11779f8a3f53b052320c550b2e1907882353c067bb111?s=96&d=mm&r=g","contentUrl":"https:\/\/secure.gravatar.com\/avatar\/9dad78ff9a2d8b5742d11779f8a3f53b052320c550b2e1907882353c067bb111?s=96&d=mm&r=g","caption":"GP"},"sameAs":["http:\/\/gazetapernambucana.com"],"url":"https:\/\/gazetapernambucana.com\/?author=1"}]}},"jetpack_publicize_connections":[],"_links":{"self":[{"href":"https:\/\/gazetapernambucana.com\/index.php?rest_route=\/wp\/v2\/posts\/4181","targetHints":{"allow":["GET"]}}],"collection":[{"href":"https:\/\/gazetapernambucana.com\/index.php?rest_route=\/wp\/v2\/posts"}],"about":[{"href":"https:\/\/gazetapernambucana.com\/index.php?rest_route=\/wp\/v2\/types\/post"}],"author":[{"embeddable":true,"href":"https:\/\/gazetapernambucana.com\/index.php?rest_route=\/wp\/v2\/users\/1"}],"replies":[{"embeddable":true,"href":"https:\/\/gazetapernambucana.com\/index.php?rest_route=%2Fwp%2Fv2%2Fcomments&post=4181"}],"version-history":[{"count":1,"href":"https:\/\/gazetapernambucana.com\/index.php?rest_route=\/wp\/v2\/posts\/4181\/revisions"}],"predecessor-version":[{"id":4183,"href":"https:\/\/gazetapernambucana.com\/index.php?rest_route=\/wp\/v2\/posts\/4181\/revisions\/4183"}],"wp:featuredmedia":[{"embeddable":true,"href":"https:\/\/gazetapernambucana.com\/index.php?rest_route=\/wp\/v2\/media\/4182"}],"wp:attachment":[{"href":"https:\/\/gazetapernambucana.com\/index.php?rest_route=%2Fwp%2Fv2%2Fmedia&parent=4181"}],"wp:term":[{"taxonomy":"category","embeddable":true,"href":"https:\/\/gazetapernambucana.com\/index.php?rest_route=%2Fwp%2Fv2%2Fcategories&post=4181"},{"taxonomy":"post_tag","embeddable":true,"href":"https:\/\/gazetapernambucana.com\/index.php?rest_route=%2Fwp%2Fv2%2Ftags&post=4181"}],"curies":[{"name":"wp","href":"https:\/\/api.w.org\/{rel}","templated":true}]}}