{"id":3454,"date":"2026-04-30T21:25:57","date_gmt":"2026-05-01T00:25:57","guid":{"rendered":"https:\/\/gazetapernambucana.com\/?p=3454"},"modified":"2026-04-30T21:25:57","modified_gmt":"2026-05-01T00:25:57","slug":"theo-meu-neto-o-menino-que-reinventou-o-tempo-por-flavio-chaves","status":"publish","type":"post","link":"https:\/\/gazetapernambucana.com\/?p=3454","title":{"rendered":"Th\u00e9o, meu neto, o menino que reinventou o tempo. Por Fl\u00e1vio Chaves"},"content":{"rendered":"<p data-start=\"39\" data-end=\"136\">Foto: Th\u00e9o, hoje, brincando com o gato na granja em Aldeia, Pernambuco<\/p>\n<p data-start=\"39\" data-end=\"136\"><strong>Th\u00e9o completou um ano, e a fam\u00edlia descobriu que o tempo tamb\u00e9m sabe ajoelhar diante de um ber\u00e7o.<\/strong><\/p>\n<p data-start=\"138\" data-end=\"498\"><strong>Por Fl\u00e1vio Chaves \u2013 Jornalista, poeta, escritor e membro da Academia Pernambucana de Letras. Foi Delegado Federal\/Minc\u00a0 \u2013\u00a0 <\/strong>Um ano parece pouco para quem mede a vida pelos ponteiros frios do rel\u00f3gio. Mas, para quem ama, um ano pode conter uma eternidade inteira. Em doze meses, Th\u00e9o fez mais do que crescer. Ele iluminou a casa, reorganizou os afetos, desarmou cansa\u00e7os antigos e ensinou que a alegria, quando vem no formato de uma crian\u00e7a, n\u00e3o pede licen\u00e7a: entra, sorri e muda tudo.<\/p>\n<p data-start=\"500\" data-end=\"881\">O primeiro neto n\u00e3o chega apenas nos bra\u00e7os da m\u00e3e. Chega tamb\u00e9m no cora\u00e7\u00e3o dos av\u00f3s, nos olhos da fam\u00edlia, na mem\u00f3ria dos que vieram antes e na esperan\u00e7a dos que ainda vir\u00e3o. Ele traz no corpo pequeno uma esp\u00e9cie de sol dom\u00e9stico. Aquece as paredes, inaugura manh\u00e3s, transforma o sil\u00eancio em m\u00fasica e devolve \u00e0 vida uma delicadeza que o mundo, tantas vezes, tenta arrancar de n\u00f3s.<\/p>\n<p data-start=\"883\" data-end=\"1240\">Th\u00e9o, com seu primeiro ano, ainda n\u00e3o sabe o tamanho do bem que j\u00e1 fez. N\u00e3o sabe que seu riso tem for\u00e7a de cura. N\u00e3o imagina que suas m\u00e3os pequenas s\u00e3o capazes de segurar por dentro uma fam\u00edlia inteira. N\u00e3o percebe que cada gesto seu, cada descoberta, cada olhar curioso, virou acontecimento, virou not\u00edcia boa, virou festa no calend\u00e1rio secreto do cora\u00e7\u00e3o.<\/p>\n<p data-start=\"1242\" data-end=\"1586\">A vida, \u00e0s vezes, pesa. O mundo endurece. Os dias cobram. As batalhas deixam marcas. Mas basta uma crian\u00e7a sorrir para que a esperan\u00e7a volte a conversar conosco. Basta Th\u00e9o estender os bra\u00e7os para que tudo pare\u00e7a menos \u00e1spero, menos escuro, menos distante de Deus. Porque a inf\u00e2ncia tem essa autoridade silenciosa: ela n\u00e3o discursa, ela revela.<\/p>\n<p data-start=\"1588\" data-end=\"1904\">Um neto \u00e9 continuidade. \u00c9 o futuro entrando pela porta com passos pequenos. \u00c9 a prova viva de que a hist\u00f3ria da fam\u00edlia n\u00e3o termina em n\u00f3s. Segue adiante, agora com outro nome, outro rosto, outro brilho. Th\u00e9o \u00e9 semente e promessa. \u00c9 menino e mensagem. \u00c9 ternura e destino. \u00c9 o amor aprendendo a andar dentro de casa.<\/p>\n<p data-start=\"1906\" data-end=\"2226\">Neste primeiro anivers\u00e1rio, celebramos mais do que uma data. Celebramos o milagre de um ano de descobertas, sustos, risos, abra\u00e7os, noites, manh\u00e3s e pequenas vit\u00f3rias. Celebramos a vida em sua forma mais limpa. Celebramos esse menino que, sem saber, nos ensinou a olhar de novo para o mundo com menos pressa e mais alma.<\/p>\n<p data-start=\"2228\" data-end=\"2504\">Que Th\u00e9o cres\u00e7a cercado de amor, sa\u00fade e prote\u00e7\u00e3o. Que tenha coragem sem perder a do\u00e7ura. Que caminhe firme, mas nunca se esque\u00e7a da beleza de ser simples. Que encontre, ao longo da vida, m\u00e3os que o amparem, palavras que o fortale\u00e7am e horizontes que n\u00e3o diminuam seus sonhos.<\/p>\n<p data-start=\"2506\" data-end=\"2591\">Th\u00e9o completou um ano. E, neste primeiro ano dele, a fam\u00edlia inteira tamb\u00e9m renasceu.<\/p>\n<p data-start=\"2593\" data-end=\"2672\" data-is-last-node=\"\" data-is-only-node=\"\">Porque quando nasce um neto, o tempo deixa de passar: ele aprende a permanecer.<\/p>\n","protected":false},"excerpt":{"rendered":"<p>Foto: Th\u00e9o, hoje, brincando com o gato na granja em Aldeia, Pernambuco Th\u00e9o completou um ano, e a fam\u00edlia descobriu que o tempo tamb\u00e9m sabe ajoelhar diante de um ber\u00e7o. Por Fl\u00e1vio Chaves \u2013 Jornalista, poeta, escritor e membro da Academia Pernambucana de Letras. Foi Delegado Federal\/Minc\u00a0 \u2013\u00a0 Um ano parece pouco para quem mede [&hellip;]<\/p>\n","protected":false},"author":1,"featured_media":3455,"comment_status":"open","ping_status":"open","sticky":false,"template":"","format":"standard","meta":{"footnotes":"","jetpack_publicize_message":"","jetpack_publicize_feature_enabled":true,"jetpack_social_post_already_shared":true,"jetpack_social_options":{"image_generator_settings":{"template":"highway","default_image_id":0,"font":"","enabled":false},"version":2}},"categories":[1],"tags":[],"class_list":["post-3454","post","type-post","status-publish","format-standard","has-post-thumbnail","hentry","category-https-gazetapernambucana-com-page_id225"],"yoast_head":"<!-- This site is optimized with the Yoast SEO plugin v24.5 - https:\/\/yoast.com\/wordpress\/plugins\/seo\/ -->\n<title>Th\u00e9o, meu neto, o menino que reinventou o tempo. Por Fl\u00e1vio Chaves -<\/title>\n<meta name=\"robots\" content=\"index, follow, max-snippet:-1, max-image-preview:large, max-video-preview:-1\" \/>\n<link rel=\"canonical\" href=\"https:\/\/gazetapernambucana.com\/?p=3454\" \/>\n<meta property=\"og:locale\" content=\"pt_BR\" \/>\n<meta property=\"og:type\" content=\"article\" \/>\n<meta property=\"og:title\" content=\"Th\u00e9o, meu neto, o menino que reinventou o tempo. Por Fl\u00e1vio Chaves -\" \/>\n<meta property=\"og:description\" content=\"Foto: Th\u00e9o, hoje, brincando com o gato na granja em Aldeia, Pernambuco Th\u00e9o completou um ano, e a fam\u00edlia descobriu que o tempo tamb\u00e9m sabe ajoelhar diante de um ber\u00e7o. Por Fl\u00e1vio Chaves \u2013 Jornalista, poeta, escritor e membro da Academia Pernambucana de Letras. Foi Delegado Federal\/Minc\u00a0 \u2013\u00a0 Um ano parece pouco para quem mede [&hellip;]\" \/>\n<meta property=\"og:url\" content=\"https:\/\/gazetapernambucana.com\/?p=3454\" \/>\n<meta property=\"article:published_time\" content=\"2026-05-01T00:25:57+00:00\" \/>\n<meta property=\"og:image\" content=\"http:\/\/gazetapernambucana.com\/wp-content\/uploads\/2026\/04\/download-73.jpg\" \/>\n\t<meta property=\"og:image:width\" content=\"1200\" \/>\n\t<meta property=\"og:image:height\" content=\"1282\" \/>\n\t<meta property=\"og:image:type\" content=\"image\/jpeg\" \/>\n<meta name=\"author\" content=\"GP\" \/>\n<meta name=\"twitter:card\" content=\"summary_large_image\" \/>\n<meta name=\"twitter:label1\" content=\"Escrito por\" \/>\n\t<meta name=\"twitter:data1\" content=\"GP\" \/>\n\t<meta name=\"twitter:label2\" content=\"Est. tempo de leitura\" \/>\n\t<meta name=\"twitter:data2\" content=\"3 minutos\" \/>\n<script type=\"application\/ld+json\" class=\"yoast-schema-graph\">{\"@context\":\"https:\/\/schema.org\",\"@graph\":[{\"@type\":\"WebPage\",\"@id\":\"https:\/\/gazetapernambucana.com\/?p=3454\",\"url\":\"https:\/\/gazetapernambucana.com\/?p=3454\",\"name\":\"Th\u00e9o, meu neto, o menino que reinventou o tempo. Por Fl\u00e1vio Chaves -\",\"isPartOf\":{\"@id\":\"https:\/\/gazetapernambucana.com\/#website\"},\"primaryImageOfPage\":{\"@id\":\"https:\/\/gazetapernambucana.com\/?p=3454#primaryimage\"},\"image\":{\"@id\":\"https:\/\/gazetapernambucana.com\/?p=3454#primaryimage\"},\"thumbnailUrl\":\"https:\/\/gazetapernambucana.com\/wp-content\/uploads\/2026\/04\/download-73.jpg\",\"datePublished\":\"2026-05-01T00:25:57+00:00\",\"author\":{\"@id\":\"https:\/\/gazetapernambucana.com\/#\/schema\/person\/188dc283325181ac2de4db1e9e987427\"},\"breadcrumb\":{\"@id\":\"https:\/\/gazetapernambucana.com\/?p=3454#breadcrumb\"},\"inLanguage\":\"pt-BR\",\"potentialAction\":[{\"@type\":\"ReadAction\",\"target\":[\"https:\/\/gazetapernambucana.com\/?p=3454\"]}]},{\"@type\":\"ImageObject\",\"inLanguage\":\"pt-BR\",\"@id\":\"https:\/\/gazetapernambucana.com\/?p=3454#primaryimage\",\"url\":\"https:\/\/gazetapernambucana.com\/wp-content\/uploads\/2026\/04\/download-73.jpg\",\"contentUrl\":\"https:\/\/gazetapernambucana.com\/wp-content\/uploads\/2026\/04\/download-73.jpg\",\"width\":1200,\"height\":1282},{\"@type\":\"BreadcrumbList\",\"@id\":\"https:\/\/gazetapernambucana.com\/?p=3454#breadcrumb\",\"itemListElement\":[{\"@type\":\"ListItem\",\"position\":1,\"name\":\"In\u00edcio\",\"item\":\"https:\/\/gazetapernambucana.com\/\"},{\"@type\":\"ListItem\",\"position\":2,\"name\":\"Th\u00e9o, meu neto, o menino que reinventou o tempo. Por Fl\u00e1vio Chaves\"}]},{\"@type\":\"WebSite\",\"@id\":\"https:\/\/gazetapernambucana.com\/#website\",\"url\":\"https:\/\/gazetapernambucana.com\/\",\"name\":\"\",\"description\":\"\",\"potentialAction\":[{\"@type\":\"SearchAction\",\"target\":{\"@type\":\"EntryPoint\",\"urlTemplate\":\"https:\/\/gazetapernambucana.com\/?s={search_term_string}\"},\"query-input\":{\"@type\":\"PropertyValueSpecification\",\"valueRequired\":true,\"valueName\":\"search_term_string\"}}],\"inLanguage\":\"pt-BR\"},{\"@type\":\"Person\",\"@id\":\"https:\/\/gazetapernambucana.com\/#\/schema\/person\/188dc283325181ac2de4db1e9e987427\",\"name\":\"GP\",\"image\":{\"@type\":\"ImageObject\",\"inLanguage\":\"pt-BR\",\"@id\":\"https:\/\/gazetapernambucana.com\/#\/schema\/person\/image\/\",\"url\":\"https:\/\/secure.gravatar.com\/avatar\/9dad78ff9a2d8b5742d11779f8a3f53b052320c550b2e1907882353c067bb111?s=96&d=mm&r=g\",\"contentUrl\":\"https:\/\/secure.gravatar.com\/avatar\/9dad78ff9a2d8b5742d11779f8a3f53b052320c550b2e1907882353c067bb111?s=96&d=mm&r=g\",\"caption\":\"GP\"},\"sameAs\":[\"http:\/\/gazetapernambucana.com\"],\"url\":\"https:\/\/gazetapernambucana.com\/?author=1\"}]}<\/script>\n<!-- \/ Yoast SEO plugin. -->","yoast_head_json":{"title":"Th\u00e9o, meu neto, o menino que reinventou o tempo. Por Fl\u00e1vio Chaves -","robots":{"index":"index","follow":"follow","max-snippet":"max-snippet:-1","max-image-preview":"max-image-preview:large","max-video-preview":"max-video-preview:-1"},"canonical":"https:\/\/gazetapernambucana.com\/?p=3454","og_locale":"pt_BR","og_type":"article","og_title":"Th\u00e9o, meu neto, o menino que reinventou o tempo. Por Fl\u00e1vio Chaves -","og_description":"Foto: Th\u00e9o, hoje, brincando com o gato na granja em Aldeia, Pernambuco Th\u00e9o completou um ano, e a fam\u00edlia descobriu que o tempo tamb\u00e9m sabe ajoelhar diante de um ber\u00e7o. Por Fl\u00e1vio Chaves \u2013 Jornalista, poeta, escritor e membro da Academia Pernambucana de Letras. Foi Delegado Federal\/Minc\u00a0 \u2013\u00a0 Um ano parece pouco para quem mede [&hellip;]","og_url":"https:\/\/gazetapernambucana.com\/?p=3454","article_published_time":"2026-05-01T00:25:57+00:00","og_image":[{"width":1200,"height":1282,"url":"http:\/\/gazetapernambucana.com\/wp-content\/uploads\/2026\/04\/download-73.jpg","type":"image\/jpeg"}],"author":"GP","twitter_card":"summary_large_image","twitter_misc":{"Escrito por":"GP","Est. tempo de leitura":"3 minutos"},"schema":{"@context":"https:\/\/schema.org","@graph":[{"@type":"WebPage","@id":"https:\/\/gazetapernambucana.com\/?p=3454","url":"https:\/\/gazetapernambucana.com\/?p=3454","name":"Th\u00e9o, meu neto, o menino que reinventou o tempo. Por Fl\u00e1vio Chaves -","isPartOf":{"@id":"https:\/\/gazetapernambucana.com\/#website"},"primaryImageOfPage":{"@id":"https:\/\/gazetapernambucana.com\/?p=3454#primaryimage"},"image":{"@id":"https:\/\/gazetapernambucana.com\/?p=3454#primaryimage"},"thumbnailUrl":"https:\/\/gazetapernambucana.com\/wp-content\/uploads\/2026\/04\/download-73.jpg","datePublished":"2026-05-01T00:25:57+00:00","author":{"@id":"https:\/\/gazetapernambucana.com\/#\/schema\/person\/188dc283325181ac2de4db1e9e987427"},"breadcrumb":{"@id":"https:\/\/gazetapernambucana.com\/?p=3454#breadcrumb"},"inLanguage":"pt-BR","potentialAction":[{"@type":"ReadAction","target":["https:\/\/gazetapernambucana.com\/?p=3454"]}]},{"@type":"ImageObject","inLanguage":"pt-BR","@id":"https:\/\/gazetapernambucana.com\/?p=3454#primaryimage","url":"https:\/\/gazetapernambucana.com\/wp-content\/uploads\/2026\/04\/download-73.jpg","contentUrl":"https:\/\/gazetapernambucana.com\/wp-content\/uploads\/2026\/04\/download-73.jpg","width":1200,"height":1282},{"@type":"BreadcrumbList","@id":"https:\/\/gazetapernambucana.com\/?p=3454#breadcrumb","itemListElement":[{"@type":"ListItem","position":1,"name":"In\u00edcio","item":"https:\/\/gazetapernambucana.com\/"},{"@type":"ListItem","position":2,"name":"Th\u00e9o, meu neto, o menino que reinventou o tempo. Por Fl\u00e1vio Chaves"}]},{"@type":"WebSite","@id":"https:\/\/gazetapernambucana.com\/#website","url":"https:\/\/gazetapernambucana.com\/","name":"","description":"","potentialAction":[{"@type":"SearchAction","target":{"@type":"EntryPoint","urlTemplate":"https:\/\/gazetapernambucana.com\/?s={search_term_string}"},"query-input":{"@type":"PropertyValueSpecification","valueRequired":true,"valueName":"search_term_string"}}],"inLanguage":"pt-BR"},{"@type":"Person","@id":"https:\/\/gazetapernambucana.com\/#\/schema\/person\/188dc283325181ac2de4db1e9e987427","name":"GP","image":{"@type":"ImageObject","inLanguage":"pt-BR","@id":"https:\/\/gazetapernambucana.com\/#\/schema\/person\/image\/","url":"https:\/\/secure.gravatar.com\/avatar\/9dad78ff9a2d8b5742d11779f8a3f53b052320c550b2e1907882353c067bb111?s=96&d=mm&r=g","contentUrl":"https:\/\/secure.gravatar.com\/avatar\/9dad78ff9a2d8b5742d11779f8a3f53b052320c550b2e1907882353c067bb111?s=96&d=mm&r=g","caption":"GP"},"sameAs":["http:\/\/gazetapernambucana.com"],"url":"https:\/\/gazetapernambucana.com\/?author=1"}]}},"jetpack_publicize_connections":[],"_links":{"self":[{"href":"https:\/\/gazetapernambucana.com\/index.php?rest_route=\/wp\/v2\/posts\/3454","targetHints":{"allow":["GET"]}}],"collection":[{"href":"https:\/\/gazetapernambucana.com\/index.php?rest_route=\/wp\/v2\/posts"}],"about":[{"href":"https:\/\/gazetapernambucana.com\/index.php?rest_route=\/wp\/v2\/types\/post"}],"author":[{"embeddable":true,"href":"https:\/\/gazetapernambucana.com\/index.php?rest_route=\/wp\/v2\/users\/1"}],"replies":[{"embeddable":true,"href":"https:\/\/gazetapernambucana.com\/index.php?rest_route=%2Fwp%2Fv2%2Fcomments&post=3454"}],"version-history":[{"count":1,"href":"https:\/\/gazetapernambucana.com\/index.php?rest_route=\/wp\/v2\/posts\/3454\/revisions"}],"predecessor-version":[{"id":3456,"href":"https:\/\/gazetapernambucana.com\/index.php?rest_route=\/wp\/v2\/posts\/3454\/revisions\/3456"}],"wp:featuredmedia":[{"embeddable":true,"href":"https:\/\/gazetapernambucana.com\/index.php?rest_route=\/wp\/v2\/media\/3455"}],"wp:attachment":[{"href":"https:\/\/gazetapernambucana.com\/index.php?rest_route=%2Fwp%2Fv2%2Fmedia&parent=3454"}],"wp:term":[{"taxonomy":"category","embeddable":true,"href":"https:\/\/gazetapernambucana.com\/index.php?rest_route=%2Fwp%2Fv2%2Fcategories&post=3454"},{"taxonomy":"post_tag","embeddable":true,"href":"https:\/\/gazetapernambucana.com\/index.php?rest_route=%2Fwp%2Fv2%2Ftags&post=3454"}],"curies":[{"name":"wp","href":"https:\/\/api.w.org\/{rel}","templated":true}]}}