{"id":3450,"date":"2026-04-30T19:47:54","date_gmt":"2026-04-30T22:47:54","guid":{"rendered":"https:\/\/gazetapernambucana.com\/?p=3450"},"modified":"2026-04-30T19:47:54","modified_gmt":"2026-04-30T22:47:54","slug":"arcoverde-e-estrada-de-ibitiranga-tambem-entram-na-agenda-de-raquel-no-sertao","status":"publish","type":"post","link":"https:\/\/gazetapernambucana.com\/?p=3450","title":{"rendered":"Arcoverde e Estrada de Ibitiranga tamb\u00e9m entram na agenda de Raquel no Sert\u00e3o"},"content":{"rendered":"<p>A\u00a0 governadora Raquel Lyra no Agreste e Sert\u00e3o de Pernambuco.<\/p>\n<p>O primeiro compromisso come\u00e7a nesta ter\u00e7a-feira (19), quando a gestora vistoria as obras da PE-300 no munic\u00edpio de \u00c1guas Belas, no Agreste Meridional.<\/p>\n<p>Em uma a\u00e7\u00e3o que faz parte do Programa Juntos pela Educa\u00e7\u00e3o, Raquel Lyra tamb\u00e9m entrega a quadra poliesportiva da Escola Ind\u00edgena Fulni-\u00f4. O Governo de Pernambuco prev\u00ea a cobertura e constru\u00e7\u00e3o de mais de 300 quadras poliesportivas at\u00e9 2026.<\/p>\n<p>\u00c0 tarde, no munic\u00edpio de Bom Conselho, ser\u00e1 a entrega da segunda quadra poliesportiva do dia, na Escola Mestra Beatriz. No mesmo local, ocorrer\u00e1 um evento onde a governadora far\u00e1 a entrega de t\u00edtulos de propriedade de terra por meio do Instituto de Terras e Reforma Agr\u00e1ria (Iterpe). A agenda do dia se encerra em Garanhuns, onde o Governo de Pernambuco inaugura as quadras poliesportivas das escolas estaduais S\u00e3o Crist\u00f3v\u00e3o e Senador Aderbal Jurema.<\/p>\n<p>Raquel pernoita em Garanhuns.\u00a0 Depois, segue\u00a0para Afogados da Ingazeira.\u00a0 \u00c0s dez horas, deve estar no Centro Desportivo Municipal L\u00facio Luiz de Almeida, onde entrega t\u00edtulos do Iterpe. Depois, vai fazer visita ao Hospital Regional Em\u00edlia C\u00e2mara,\u00a0 que est\u00e1 tendo obras de melhorias.<\/p>\n<p>Em seguida, est\u00e1 prevista uma visita \u00e0 Estrada de Ibitiranga, que est\u00e1 em obras. Em seguida, almo\u00e7a com o prefeito Sandrinho Palmeira. Depois,\u00a0 segue para Serra Talhada,\u00a0 onde se encontra para agendas com a prefeita M\u00e1rcia Conrado. Dorme em Arcoverde e segue para Sert\u00e2nia.<\/p>\n","protected":false},"excerpt":{"rendered":"<p>A\u00a0 governadora Raquel Lyra no Agreste e Sert\u00e3o de Pernambuco. O primeiro compromisso come\u00e7a nesta ter\u00e7a-feira (19), quando a gestora vistoria as obras da PE-300 no munic\u00edpio de \u00c1guas Belas, no Agreste Meridional. Em uma a\u00e7\u00e3o que faz parte do Programa Juntos pela Educa\u00e7\u00e3o, Raquel Lyra tamb\u00e9m entrega a quadra poliesportiva da Escola Ind\u00edgena Fulni-\u00f4. [&hellip;]<\/p>\n","protected":false},"author":1,"featured_media":3451,"comment_status":"open","ping_status":"open","sticky":false,"template":"","format":"standard","meta":{"footnotes":"","jetpack_publicize_message":"","jetpack_publicize_feature_enabled":true,"jetpack_social_post_already_shared":true,"jetpack_social_options":{"image_generator_settings":{"template":"highway","default_image_id":0,"font":"","enabled":false},"version":2}},"categories":[66,1,65],"tags":[],"class_list":["post-3450","post","type-post","status-publish","format-standard","has-post-thumbnail","hentry","category-cidades","category-https-gazetapernambucana-com-page_id225","category-politica"],"yoast_head":"<!-- This site is optimized with the Yoast SEO plugin v24.5 - https:\/\/yoast.com\/wordpress\/plugins\/seo\/ -->\n<title>Arcoverde e Estrada de Ibitiranga tamb\u00e9m entram na agenda de Raquel no Sert\u00e3o -<\/title>\n<meta name=\"robots\" content=\"index, follow, max-snippet:-1, max-image-preview:large, max-video-preview:-1\" \/>\n<link rel=\"canonical\" href=\"https:\/\/gazetapernambucana.com\/?p=3450\" \/>\n<meta property=\"og:locale\" content=\"pt_BR\" \/>\n<meta property=\"og:type\" content=\"article\" \/>\n<meta property=\"og:title\" content=\"Arcoverde e Estrada de Ibitiranga tamb\u00e9m entram na agenda de Raquel no Sert\u00e3o -\" \/>\n<meta property=\"og:description\" content=\"A\u00a0 governadora Raquel Lyra no Agreste e Sert\u00e3o de Pernambuco. O primeiro compromisso come\u00e7a nesta ter\u00e7a-feira (19), quando a gestora vistoria as obras da PE-300 no munic\u00edpio de \u00c1guas Belas, no Agreste Meridional. Em uma a\u00e7\u00e3o que faz parte do Programa Juntos pela Educa\u00e7\u00e3o, Raquel Lyra tamb\u00e9m entrega a quadra poliesportiva da Escola Ind\u00edgena Fulni-\u00f4. [&hellip;]\" \/>\n<meta property=\"og:url\" content=\"https:\/\/gazetapernambucana.com\/?p=3450\" \/>\n<meta property=\"article:published_time\" content=\"2026-04-30T22:47:54+00:00\" \/>\n<meta property=\"og:image\" content=\"http:\/\/gazetapernambucana.com\/wp-content\/uploads\/2026\/04\/thumbnail_Janaina-Pepeu_SECOM-3.webp\" \/>\n\t<meta property=\"og:image:width\" content=\"1600\" \/>\n\t<meta property=\"og:image:height\" content=\"1066\" \/>\n\t<meta property=\"og:image:type\" content=\"image\/webp\" \/>\n<meta name=\"author\" content=\"GP\" \/>\n<meta name=\"twitter:card\" content=\"summary_large_image\" \/>\n<meta name=\"twitter:label1\" content=\"Escrito por\" \/>\n\t<meta name=\"twitter:data1\" content=\"GP\" \/>\n\t<meta name=\"twitter:label2\" content=\"Est. tempo de leitura\" \/>\n\t<meta name=\"twitter:data2\" content=\"2 minutos\" \/>\n<script type=\"application\/ld+json\" class=\"yoast-schema-graph\">{\"@context\":\"https:\/\/schema.org\",\"@graph\":[{\"@type\":\"WebPage\",\"@id\":\"https:\/\/gazetapernambucana.com\/?p=3450\",\"url\":\"https:\/\/gazetapernambucana.com\/?p=3450\",\"name\":\"Arcoverde e Estrada de Ibitiranga tamb\u00e9m entram na agenda de Raquel no Sert\u00e3o -\",\"isPartOf\":{\"@id\":\"https:\/\/gazetapernambucana.com\/#website\"},\"primaryImageOfPage\":{\"@id\":\"https:\/\/gazetapernambucana.com\/?p=3450#primaryimage\"},\"image\":{\"@id\":\"https:\/\/gazetapernambucana.com\/?p=3450#primaryimage\"},\"thumbnailUrl\":\"https:\/\/gazetapernambucana.com\/wp-content\/uploads\/2026\/04\/thumbnail_Janaina-Pepeu_SECOM-3.webp\",\"datePublished\":\"2026-04-30T22:47:54+00:00\",\"author\":{\"@id\":\"https:\/\/gazetapernambucana.com\/#\/schema\/person\/188dc283325181ac2de4db1e9e987427\"},\"breadcrumb\":{\"@id\":\"https:\/\/gazetapernambucana.com\/?p=3450#breadcrumb\"},\"inLanguage\":\"pt-BR\",\"potentialAction\":[{\"@type\":\"ReadAction\",\"target\":[\"https:\/\/gazetapernambucana.com\/?p=3450\"]}]},{\"@type\":\"ImageObject\",\"inLanguage\":\"pt-BR\",\"@id\":\"https:\/\/gazetapernambucana.com\/?p=3450#primaryimage\",\"url\":\"https:\/\/gazetapernambucana.com\/wp-content\/uploads\/2026\/04\/thumbnail_Janaina-Pepeu_SECOM-3.webp\",\"contentUrl\":\"https:\/\/gazetapernambucana.com\/wp-content\/uploads\/2026\/04\/thumbnail_Janaina-Pepeu_SECOM-3.webp\",\"width\":1600,\"height\":1066},{\"@type\":\"BreadcrumbList\",\"@id\":\"https:\/\/gazetapernambucana.com\/?p=3450#breadcrumb\",\"itemListElement\":[{\"@type\":\"ListItem\",\"position\":1,\"name\":\"In\u00edcio\",\"item\":\"https:\/\/gazetapernambucana.com\/\"},{\"@type\":\"ListItem\",\"position\":2,\"name\":\"Arcoverde e Estrada de Ibitiranga tamb\u00e9m entram na agenda de Raquel no Sert\u00e3o\"}]},{\"@type\":\"WebSite\",\"@id\":\"https:\/\/gazetapernambucana.com\/#website\",\"url\":\"https:\/\/gazetapernambucana.com\/\",\"name\":\"\",\"description\":\"\",\"potentialAction\":[{\"@type\":\"SearchAction\",\"target\":{\"@type\":\"EntryPoint\",\"urlTemplate\":\"https:\/\/gazetapernambucana.com\/?s={search_term_string}\"},\"query-input\":{\"@type\":\"PropertyValueSpecification\",\"valueRequired\":true,\"valueName\":\"search_term_string\"}}],\"inLanguage\":\"pt-BR\"},{\"@type\":\"Person\",\"@id\":\"https:\/\/gazetapernambucana.com\/#\/schema\/person\/188dc283325181ac2de4db1e9e987427\",\"name\":\"GP\",\"image\":{\"@type\":\"ImageObject\",\"inLanguage\":\"pt-BR\",\"@id\":\"https:\/\/gazetapernambucana.com\/#\/schema\/person\/image\/\",\"url\":\"https:\/\/secure.gravatar.com\/avatar\/9dad78ff9a2d8b5742d11779f8a3f53b052320c550b2e1907882353c067bb111?s=96&d=mm&r=g\",\"contentUrl\":\"https:\/\/secure.gravatar.com\/avatar\/9dad78ff9a2d8b5742d11779f8a3f53b052320c550b2e1907882353c067bb111?s=96&d=mm&r=g\",\"caption\":\"GP\"},\"sameAs\":[\"http:\/\/gazetapernambucana.com\"],\"url\":\"https:\/\/gazetapernambucana.com\/?author=1\"}]}<\/script>\n<!-- \/ Yoast SEO plugin. -->","yoast_head_json":{"title":"Arcoverde e Estrada de Ibitiranga tamb\u00e9m entram na agenda de Raquel no Sert\u00e3o -","robots":{"index":"index","follow":"follow","max-snippet":"max-snippet:-1","max-image-preview":"max-image-preview:large","max-video-preview":"max-video-preview:-1"},"canonical":"https:\/\/gazetapernambucana.com\/?p=3450","og_locale":"pt_BR","og_type":"article","og_title":"Arcoverde e Estrada de Ibitiranga tamb\u00e9m entram na agenda de Raquel no Sert\u00e3o -","og_description":"A\u00a0 governadora Raquel Lyra no Agreste e Sert\u00e3o de Pernambuco. O primeiro compromisso come\u00e7a nesta ter\u00e7a-feira (19), quando a gestora vistoria as obras da PE-300 no munic\u00edpio de \u00c1guas Belas, no Agreste Meridional. Em uma a\u00e7\u00e3o que faz parte do Programa Juntos pela Educa\u00e7\u00e3o, Raquel Lyra tamb\u00e9m entrega a quadra poliesportiva da Escola Ind\u00edgena Fulni-\u00f4. [&hellip;]","og_url":"https:\/\/gazetapernambucana.com\/?p=3450","article_published_time":"2026-04-30T22:47:54+00:00","og_image":[{"width":1600,"height":1066,"url":"http:\/\/gazetapernambucana.com\/wp-content\/uploads\/2026\/04\/thumbnail_Janaina-Pepeu_SECOM-3.webp","type":"image\/webp"}],"author":"GP","twitter_card":"summary_large_image","twitter_misc":{"Escrito por":"GP","Est. tempo de leitura":"2 minutos"},"schema":{"@context":"https:\/\/schema.org","@graph":[{"@type":"WebPage","@id":"https:\/\/gazetapernambucana.com\/?p=3450","url":"https:\/\/gazetapernambucana.com\/?p=3450","name":"Arcoverde e Estrada de Ibitiranga tamb\u00e9m entram na agenda de Raquel no Sert\u00e3o -","isPartOf":{"@id":"https:\/\/gazetapernambucana.com\/#website"},"primaryImageOfPage":{"@id":"https:\/\/gazetapernambucana.com\/?p=3450#primaryimage"},"image":{"@id":"https:\/\/gazetapernambucana.com\/?p=3450#primaryimage"},"thumbnailUrl":"https:\/\/gazetapernambucana.com\/wp-content\/uploads\/2026\/04\/thumbnail_Janaina-Pepeu_SECOM-3.webp","datePublished":"2026-04-30T22:47:54+00:00","author":{"@id":"https:\/\/gazetapernambucana.com\/#\/schema\/person\/188dc283325181ac2de4db1e9e987427"},"breadcrumb":{"@id":"https:\/\/gazetapernambucana.com\/?p=3450#breadcrumb"},"inLanguage":"pt-BR","potentialAction":[{"@type":"ReadAction","target":["https:\/\/gazetapernambucana.com\/?p=3450"]}]},{"@type":"ImageObject","inLanguage":"pt-BR","@id":"https:\/\/gazetapernambucana.com\/?p=3450#primaryimage","url":"https:\/\/gazetapernambucana.com\/wp-content\/uploads\/2026\/04\/thumbnail_Janaina-Pepeu_SECOM-3.webp","contentUrl":"https:\/\/gazetapernambucana.com\/wp-content\/uploads\/2026\/04\/thumbnail_Janaina-Pepeu_SECOM-3.webp","width":1600,"height":1066},{"@type":"BreadcrumbList","@id":"https:\/\/gazetapernambucana.com\/?p=3450#breadcrumb","itemListElement":[{"@type":"ListItem","position":1,"name":"In\u00edcio","item":"https:\/\/gazetapernambucana.com\/"},{"@type":"ListItem","position":2,"name":"Arcoverde e Estrada de Ibitiranga tamb\u00e9m entram na agenda de Raquel no Sert\u00e3o"}]},{"@type":"WebSite","@id":"https:\/\/gazetapernambucana.com\/#website","url":"https:\/\/gazetapernambucana.com\/","name":"","description":"","potentialAction":[{"@type":"SearchAction","target":{"@type":"EntryPoint","urlTemplate":"https:\/\/gazetapernambucana.com\/?s={search_term_string}"},"query-input":{"@type":"PropertyValueSpecification","valueRequired":true,"valueName":"search_term_string"}}],"inLanguage":"pt-BR"},{"@type":"Person","@id":"https:\/\/gazetapernambucana.com\/#\/schema\/person\/188dc283325181ac2de4db1e9e987427","name":"GP","image":{"@type":"ImageObject","inLanguage":"pt-BR","@id":"https:\/\/gazetapernambucana.com\/#\/schema\/person\/image\/","url":"https:\/\/secure.gravatar.com\/avatar\/9dad78ff9a2d8b5742d11779f8a3f53b052320c550b2e1907882353c067bb111?s=96&d=mm&r=g","contentUrl":"https:\/\/secure.gravatar.com\/avatar\/9dad78ff9a2d8b5742d11779f8a3f53b052320c550b2e1907882353c067bb111?s=96&d=mm&r=g","caption":"GP"},"sameAs":["http:\/\/gazetapernambucana.com"],"url":"https:\/\/gazetapernambucana.com\/?author=1"}]}},"jetpack_publicize_connections":[],"_links":{"self":[{"href":"https:\/\/gazetapernambucana.com\/index.php?rest_route=\/wp\/v2\/posts\/3450","targetHints":{"allow":["GET"]}}],"collection":[{"href":"https:\/\/gazetapernambucana.com\/index.php?rest_route=\/wp\/v2\/posts"}],"about":[{"href":"https:\/\/gazetapernambucana.com\/index.php?rest_route=\/wp\/v2\/types\/post"}],"author":[{"embeddable":true,"href":"https:\/\/gazetapernambucana.com\/index.php?rest_route=\/wp\/v2\/users\/1"}],"replies":[{"embeddable":true,"href":"https:\/\/gazetapernambucana.com\/index.php?rest_route=%2Fwp%2Fv2%2Fcomments&post=3450"}],"version-history":[{"count":1,"href":"https:\/\/gazetapernambucana.com\/index.php?rest_route=\/wp\/v2\/posts\/3450\/revisions"}],"predecessor-version":[{"id":3452,"href":"https:\/\/gazetapernambucana.com\/index.php?rest_route=\/wp\/v2\/posts\/3450\/revisions\/3452"}],"wp:featuredmedia":[{"embeddable":true,"href":"https:\/\/gazetapernambucana.com\/index.php?rest_route=\/wp\/v2\/media\/3451"}],"wp:attachment":[{"href":"https:\/\/gazetapernambucana.com\/index.php?rest_route=%2Fwp%2Fv2%2Fmedia&parent=3450"}],"wp:term":[{"taxonomy":"category","embeddable":true,"href":"https:\/\/gazetapernambucana.com\/index.php?rest_route=%2Fwp%2Fv2%2Fcategories&post=3450"},{"taxonomy":"post_tag","embeddable":true,"href":"https:\/\/gazetapernambucana.com\/index.php?rest_route=%2Fwp%2Fv2%2Ftags&post=3450"}],"curies":[{"name":"wp","href":"https:\/\/api.w.org\/{rel}","templated":true}]}}