{"id":3445,"date":"2026-04-30T19:32:37","date_gmt":"2026-04-30T22:32:37","guid":{"rendered":"https:\/\/gazetapernambucana.com\/?p=3445"},"modified":"2026-04-30T19:32:37","modified_gmt":"2026-04-30T22:32:37","slug":"trabalho-desenvolvido-por-lara-santana-em-ipojuca-e-reconhecido-com-premio-estadual-de-inovacao-do-sebrae","status":"publish","type":"post","link":"https:\/\/gazetapernambucana.com\/?p=3445","title":{"rendered":"Trabalho desenvolvido por Lara Santana, em Ipojuca, \u00e9 reconhecido com pr\u00eamio estadual de inova\u00e7\u00e3o do Sebrae"},"content":{"rendered":"<p>O reconhecimento de Ipojuca como refer\u00eancia em gest\u00e3o p\u00fablica no XIII Pr\u00eamio Sebrae Prefeitura Empreendedora destaca, mais uma vez, a capacidade t\u00e9cnica e de inova\u00e7\u00e3o da pr\u00e9-candidata a deputada estadual, Lara Santana. Ex-secret\u00e1ria de Projetos Especiais do munic\u00edpio a engenheira foi a respons\u00e1vel, junto ao prefeito Carlos Santana, pela implanta\u00e7\u00e3o de iniciativas que modernizaram a rela\u00e7\u00e3o entre a prefeitura e o cidad\u00e3o, viabilizando a vit\u00f3ria de Ipojuca na etapa estadual da premia\u00e7\u00e3o, celebrada hoje no Recife Expo Center.<\/p>\n<p>Durante sua passagem pela pasta, Lara Santana liderou a transforma\u00e7\u00e3o digital do munic\u00edpio por meio da Rede Ipojuca. Sob sua coordena\u00e7\u00e3o, a prefeitura alcan\u00e7ou a marca de 177 servi\u00e7os digitalizados, representando 74% de todo o atendimento municipal. Esse processo eliminou filas hist\u00f3ricas e reduziu drasticamente o tempo de espera para o empreendedor ipojucano, com mais de 30 mil demandas j\u00e1 resolvidas eletronicamente.<\/p>\n<p>O pr\u00eamio do Sebrae, um dos mais rigorosos do pa\u00eds, avalia justamente a efici\u00eancia administrativa e o apoio aos pequenos neg\u00f3cios \u2014 pilares que Lara consolidou em sua gest\u00e3o. Al\u00e9m da digitaliza\u00e7\u00e3o, ela esteve \u00e0 frente de projetos como o Orla Legal, que garantiu a regulariza\u00e7\u00e3o e a dignidade de quase 900 trabalhadores, transformando a ocupa\u00e7\u00e3o do litoral em um modelo de organiza\u00e7\u00e3o e seguran\u00e7a.<\/p>\n<p>Para Lara Santana, o resultado colhido hoje \u00e9 o coroamento de um trabalho focado na moderniza\u00e7\u00e3o do Estado para servir melhor \u00e0s pessoas. \u201cEste pr\u00eamio n\u00e3o \u00e9 apenas um trof\u00e9u, \u00e9 o atestado de que a pol\u00edtica pode e deve ser eficiente. Quando decidimos digitalizar a prefeitura e regularizar nossa orla, o objetivo era um s\u00f3: facilitar a vida de quem trabalha e empreende em Ipojuca. Tiramos o cidad\u00e3o das filas e demos a ele o controle na palma da m\u00e3o. Ver esse esfor\u00e7o reconhecido pelo Sebrae nos d\u00e1 a certeza de que a inova\u00e7\u00e3o, quando aplicada com seriedade e compromisso, tem o poder de transformar realidades e preparar as cidades para o futuro\u201d, afirmou Lara Santana.<\/p>\n<p><em>Legado de Inova\u00e7\u00e3o<\/em>\u00a0\u2013 A atua\u00e7\u00e3o de Lara Santana na Secretaria de Projetos Especiais deixou marcos que agora levam Ipojuca para a etapa nacional da premia\u00e7\u00e3o: efici\u00eancia Digital, com a Implementa\u00e7\u00e3o da plataforma que permite o acompanhamento de processos em tempo real pelo celular; desburocratiza\u00e7\u00e3o, com a Integra\u00e7\u00e3o de secretarias para reduzir custos e agilizar a abertura de neg\u00f3cios e concess\u00e3o de licen\u00e7as e impacto social, com foco no empreendedorismo inclusivo, garantindo que a moderniza\u00e7\u00e3o chegasse aos trabalhadores da base da economia local.<\/p>\n<p>Com a vit\u00f3ria em Pernambuco, o modelo de gest\u00e3o implementado por Lara em Ipojuca passa a servir de vitrine para outros munic\u00edpios do estado, refor\u00e7ando seu nome como uma lideran\u00e7a preparada para novos desafios no Legislativo Estadual.<\/p>\n<p>Fonte: Blog do S\u00e9rgio Xavier<\/p>\n","protected":false},"excerpt":{"rendered":"<p>O reconhecimento de Ipojuca como refer\u00eancia em gest\u00e3o p\u00fablica no XIII Pr\u00eamio Sebrae Prefeitura Empreendedora destaca, mais uma vez, a capacidade t\u00e9cnica e de inova\u00e7\u00e3o da pr\u00e9-candidata a deputada estadual, Lara Santana. Ex-secret\u00e1ria de Projetos Especiais do munic\u00edpio a engenheira foi a respons\u00e1vel, junto ao prefeito Carlos Santana, pela implanta\u00e7\u00e3o de iniciativas que modernizaram a [&hellip;]<\/p>\n","protected":false},"author":1,"featured_media":3446,"comment_status":"open","ping_status":"open","sticky":false,"template":"","format":"standard","meta":{"footnotes":"","jetpack_publicize_message":"","jetpack_publicize_feature_enabled":true,"jetpack_social_post_already_shared":true,"jetpack_social_options":{"image_generator_settings":{"template":"highway","default_image_id":0,"font":"","enabled":false},"version":2}},"categories":[66,1,38,65],"tags":[],"class_list":["post-3445","post","type-post","status-publish","format-standard","has-post-thumbnail","hentry","category-cidades","category-https-gazetapernambucana-com-page_id225","category-https-gazetapernambucana-com-page_id215","category-politica"],"yoast_head":"<!-- This site is optimized with the Yoast SEO plugin v24.5 - https:\/\/yoast.com\/wordpress\/plugins\/seo\/ -->\n<title>Trabalho desenvolvido por Lara Santana, em Ipojuca, \u00e9 reconhecido com pr\u00eamio estadual de inova\u00e7\u00e3o do Sebrae -<\/title>\n<meta name=\"robots\" content=\"index, follow, max-snippet:-1, max-image-preview:large, max-video-preview:-1\" \/>\n<link rel=\"canonical\" href=\"https:\/\/gazetapernambucana.com\/?p=3445\" \/>\n<meta property=\"og:locale\" content=\"pt_BR\" \/>\n<meta property=\"og:type\" content=\"article\" \/>\n<meta property=\"og:title\" content=\"Trabalho desenvolvido por Lara Santana, em Ipojuca, \u00e9 reconhecido com pr\u00eamio estadual de inova\u00e7\u00e3o do Sebrae -\" \/>\n<meta property=\"og:description\" content=\"O reconhecimento de Ipojuca como refer\u00eancia em gest\u00e3o p\u00fablica no XIII Pr\u00eamio Sebrae Prefeitura Empreendedora destaca, mais uma vez, a capacidade t\u00e9cnica e de inova\u00e7\u00e3o da pr\u00e9-candidata a deputada estadual, Lara Santana. Ex-secret\u00e1ria de Projetos Especiais do munic\u00edpio a engenheira foi a respons\u00e1vel, junto ao prefeito Carlos Santana, pela implanta\u00e7\u00e3o de iniciativas que modernizaram a [&hellip;]\" \/>\n<meta property=\"og:url\" content=\"https:\/\/gazetapernambucana.com\/?p=3445\" \/>\n<meta property=\"article:published_time\" content=\"2026-04-30T22:32:37+00:00\" \/>\n<meta property=\"og:image\" content=\"http:\/\/gazetapernambucana.com\/wp-content\/uploads\/2026\/04\/IMG_5835.webp\" \/>\n\t<meta property=\"og:image:width\" content=\"800\" \/>\n\t<meta property=\"og:image:height\" content=\"529\" \/>\n\t<meta property=\"og:image:type\" content=\"image\/webp\" \/>\n<meta name=\"author\" content=\"GP\" \/>\n<meta name=\"twitter:card\" content=\"summary_large_image\" \/>\n<meta name=\"twitter:label1\" content=\"Escrito por\" \/>\n\t<meta name=\"twitter:data1\" content=\"GP\" \/>\n\t<meta name=\"twitter:label2\" content=\"Est. tempo de leitura\" \/>\n\t<meta name=\"twitter:data2\" content=\"3 minutos\" \/>\n<script type=\"application\/ld+json\" class=\"yoast-schema-graph\">{\"@context\":\"https:\/\/schema.org\",\"@graph\":[{\"@type\":\"WebPage\",\"@id\":\"https:\/\/gazetapernambucana.com\/?p=3445\",\"url\":\"https:\/\/gazetapernambucana.com\/?p=3445\",\"name\":\"Trabalho desenvolvido por Lara Santana, em Ipojuca, \u00e9 reconhecido com pr\u00eamio estadual de inova\u00e7\u00e3o do Sebrae -\",\"isPartOf\":{\"@id\":\"https:\/\/gazetapernambucana.com\/#website\"},\"primaryImageOfPage\":{\"@id\":\"https:\/\/gazetapernambucana.com\/?p=3445#primaryimage\"},\"image\":{\"@id\":\"https:\/\/gazetapernambucana.com\/?p=3445#primaryimage\"},\"thumbnailUrl\":\"https:\/\/gazetapernambucana.com\/wp-content\/uploads\/2026\/04\/IMG_5835.webp\",\"datePublished\":\"2026-04-30T22:32:37+00:00\",\"author\":{\"@id\":\"https:\/\/gazetapernambucana.com\/#\/schema\/person\/188dc283325181ac2de4db1e9e987427\"},\"breadcrumb\":{\"@id\":\"https:\/\/gazetapernambucana.com\/?p=3445#breadcrumb\"},\"inLanguage\":\"pt-BR\",\"potentialAction\":[{\"@type\":\"ReadAction\",\"target\":[\"https:\/\/gazetapernambucana.com\/?p=3445\"]}]},{\"@type\":\"ImageObject\",\"inLanguage\":\"pt-BR\",\"@id\":\"https:\/\/gazetapernambucana.com\/?p=3445#primaryimage\",\"url\":\"https:\/\/gazetapernambucana.com\/wp-content\/uploads\/2026\/04\/IMG_5835.webp\",\"contentUrl\":\"https:\/\/gazetapernambucana.com\/wp-content\/uploads\/2026\/04\/IMG_5835.webp\",\"width\":800,\"height\":529},{\"@type\":\"BreadcrumbList\",\"@id\":\"https:\/\/gazetapernambucana.com\/?p=3445#breadcrumb\",\"itemListElement\":[{\"@type\":\"ListItem\",\"position\":1,\"name\":\"In\u00edcio\",\"item\":\"https:\/\/gazetapernambucana.com\/\"},{\"@type\":\"ListItem\",\"position\":2,\"name\":\"Trabalho desenvolvido por Lara Santana, em Ipojuca, \u00e9 reconhecido com pr\u00eamio estadual de inova\u00e7\u00e3o do Sebrae\"}]},{\"@type\":\"WebSite\",\"@id\":\"https:\/\/gazetapernambucana.com\/#website\",\"url\":\"https:\/\/gazetapernambucana.com\/\",\"name\":\"\",\"description\":\"\",\"potentialAction\":[{\"@type\":\"SearchAction\",\"target\":{\"@type\":\"EntryPoint\",\"urlTemplate\":\"https:\/\/gazetapernambucana.com\/?s={search_term_string}\"},\"query-input\":{\"@type\":\"PropertyValueSpecification\",\"valueRequired\":true,\"valueName\":\"search_term_string\"}}],\"inLanguage\":\"pt-BR\"},{\"@type\":\"Person\",\"@id\":\"https:\/\/gazetapernambucana.com\/#\/schema\/person\/188dc283325181ac2de4db1e9e987427\",\"name\":\"GP\",\"image\":{\"@type\":\"ImageObject\",\"inLanguage\":\"pt-BR\",\"@id\":\"https:\/\/gazetapernambucana.com\/#\/schema\/person\/image\/\",\"url\":\"https:\/\/secure.gravatar.com\/avatar\/9dad78ff9a2d8b5742d11779f8a3f53b052320c550b2e1907882353c067bb111?s=96&d=mm&r=g\",\"contentUrl\":\"https:\/\/secure.gravatar.com\/avatar\/9dad78ff9a2d8b5742d11779f8a3f53b052320c550b2e1907882353c067bb111?s=96&d=mm&r=g\",\"caption\":\"GP\"},\"sameAs\":[\"http:\/\/gazetapernambucana.com\"],\"url\":\"https:\/\/gazetapernambucana.com\/?author=1\"}]}<\/script>\n<!-- \/ Yoast SEO plugin. -->","yoast_head_json":{"title":"Trabalho desenvolvido por Lara Santana, em Ipojuca, \u00e9 reconhecido com pr\u00eamio estadual de inova\u00e7\u00e3o do Sebrae -","robots":{"index":"index","follow":"follow","max-snippet":"max-snippet:-1","max-image-preview":"max-image-preview:large","max-video-preview":"max-video-preview:-1"},"canonical":"https:\/\/gazetapernambucana.com\/?p=3445","og_locale":"pt_BR","og_type":"article","og_title":"Trabalho desenvolvido por Lara Santana, em Ipojuca, \u00e9 reconhecido com pr\u00eamio estadual de inova\u00e7\u00e3o do Sebrae -","og_description":"O reconhecimento de Ipojuca como refer\u00eancia em gest\u00e3o p\u00fablica no XIII Pr\u00eamio Sebrae Prefeitura Empreendedora destaca, mais uma vez, a capacidade t\u00e9cnica e de inova\u00e7\u00e3o da pr\u00e9-candidata a deputada estadual, Lara Santana. Ex-secret\u00e1ria de Projetos Especiais do munic\u00edpio a engenheira foi a respons\u00e1vel, junto ao prefeito Carlos Santana, pela implanta\u00e7\u00e3o de iniciativas que modernizaram a [&hellip;]","og_url":"https:\/\/gazetapernambucana.com\/?p=3445","article_published_time":"2026-04-30T22:32:37+00:00","og_image":[{"width":800,"height":529,"url":"http:\/\/gazetapernambucana.com\/wp-content\/uploads\/2026\/04\/IMG_5835.webp","type":"image\/webp"}],"author":"GP","twitter_card":"summary_large_image","twitter_misc":{"Escrito por":"GP","Est. tempo de leitura":"3 minutos"},"schema":{"@context":"https:\/\/schema.org","@graph":[{"@type":"WebPage","@id":"https:\/\/gazetapernambucana.com\/?p=3445","url":"https:\/\/gazetapernambucana.com\/?p=3445","name":"Trabalho desenvolvido por Lara Santana, em Ipojuca, \u00e9 reconhecido com pr\u00eamio estadual de inova\u00e7\u00e3o do Sebrae -","isPartOf":{"@id":"https:\/\/gazetapernambucana.com\/#website"},"primaryImageOfPage":{"@id":"https:\/\/gazetapernambucana.com\/?p=3445#primaryimage"},"image":{"@id":"https:\/\/gazetapernambucana.com\/?p=3445#primaryimage"},"thumbnailUrl":"https:\/\/gazetapernambucana.com\/wp-content\/uploads\/2026\/04\/IMG_5835.webp","datePublished":"2026-04-30T22:32:37+00:00","author":{"@id":"https:\/\/gazetapernambucana.com\/#\/schema\/person\/188dc283325181ac2de4db1e9e987427"},"breadcrumb":{"@id":"https:\/\/gazetapernambucana.com\/?p=3445#breadcrumb"},"inLanguage":"pt-BR","potentialAction":[{"@type":"ReadAction","target":["https:\/\/gazetapernambucana.com\/?p=3445"]}]},{"@type":"ImageObject","inLanguage":"pt-BR","@id":"https:\/\/gazetapernambucana.com\/?p=3445#primaryimage","url":"https:\/\/gazetapernambucana.com\/wp-content\/uploads\/2026\/04\/IMG_5835.webp","contentUrl":"https:\/\/gazetapernambucana.com\/wp-content\/uploads\/2026\/04\/IMG_5835.webp","width":800,"height":529},{"@type":"BreadcrumbList","@id":"https:\/\/gazetapernambucana.com\/?p=3445#breadcrumb","itemListElement":[{"@type":"ListItem","position":1,"name":"In\u00edcio","item":"https:\/\/gazetapernambucana.com\/"},{"@type":"ListItem","position":2,"name":"Trabalho desenvolvido por Lara Santana, em Ipojuca, \u00e9 reconhecido com pr\u00eamio estadual de inova\u00e7\u00e3o do Sebrae"}]},{"@type":"WebSite","@id":"https:\/\/gazetapernambucana.com\/#website","url":"https:\/\/gazetapernambucana.com\/","name":"","description":"","potentialAction":[{"@type":"SearchAction","target":{"@type":"EntryPoint","urlTemplate":"https:\/\/gazetapernambucana.com\/?s={search_term_string}"},"query-input":{"@type":"PropertyValueSpecification","valueRequired":true,"valueName":"search_term_string"}}],"inLanguage":"pt-BR"},{"@type":"Person","@id":"https:\/\/gazetapernambucana.com\/#\/schema\/person\/188dc283325181ac2de4db1e9e987427","name":"GP","image":{"@type":"ImageObject","inLanguage":"pt-BR","@id":"https:\/\/gazetapernambucana.com\/#\/schema\/person\/image\/","url":"https:\/\/secure.gravatar.com\/avatar\/9dad78ff9a2d8b5742d11779f8a3f53b052320c550b2e1907882353c067bb111?s=96&d=mm&r=g","contentUrl":"https:\/\/secure.gravatar.com\/avatar\/9dad78ff9a2d8b5742d11779f8a3f53b052320c550b2e1907882353c067bb111?s=96&d=mm&r=g","caption":"GP"},"sameAs":["http:\/\/gazetapernambucana.com"],"url":"https:\/\/gazetapernambucana.com\/?author=1"}]}},"jetpack_publicize_connections":[],"_links":{"self":[{"href":"https:\/\/gazetapernambucana.com\/index.php?rest_route=\/wp\/v2\/posts\/3445","targetHints":{"allow":["GET"]}}],"collection":[{"href":"https:\/\/gazetapernambucana.com\/index.php?rest_route=\/wp\/v2\/posts"}],"about":[{"href":"https:\/\/gazetapernambucana.com\/index.php?rest_route=\/wp\/v2\/types\/post"}],"author":[{"embeddable":true,"href":"https:\/\/gazetapernambucana.com\/index.php?rest_route=\/wp\/v2\/users\/1"}],"replies":[{"embeddable":true,"href":"https:\/\/gazetapernambucana.com\/index.php?rest_route=%2Fwp%2Fv2%2Fcomments&post=3445"}],"version-history":[{"count":1,"href":"https:\/\/gazetapernambucana.com\/index.php?rest_route=\/wp\/v2\/posts\/3445\/revisions"}],"predecessor-version":[{"id":3447,"href":"https:\/\/gazetapernambucana.com\/index.php?rest_route=\/wp\/v2\/posts\/3445\/revisions\/3447"}],"wp:featuredmedia":[{"embeddable":true,"href":"https:\/\/gazetapernambucana.com\/index.php?rest_route=\/wp\/v2\/media\/3446"}],"wp:attachment":[{"href":"https:\/\/gazetapernambucana.com\/index.php?rest_route=%2Fwp%2Fv2%2Fmedia&parent=3445"}],"wp:term":[{"taxonomy":"category","embeddable":true,"href":"https:\/\/gazetapernambucana.com\/index.php?rest_route=%2Fwp%2Fv2%2Fcategories&post=3445"},{"taxonomy":"post_tag","embeddable":true,"href":"https:\/\/gazetapernambucana.com\/index.php?rest_route=%2Fwp%2Fv2%2Ftags&post=3445"}],"curies":[{"name":"wp","href":"https:\/\/api.w.org\/{rel}","templated":true}]}}