{"id":3443,"date":"2026-04-30T18:29:11","date_gmt":"2026-04-30T21:29:11","guid":{"rendered":"https:\/\/gazetapernambucana.com\/?p=3443"},"modified":"2026-04-30T18:29:11","modified_gmt":"2026-04-30T21:29:11","slug":"quando-chove-no-recife-o-povo-chora-por-flavio-chaves","status":"publish","type":"post","link":"https:\/\/gazetapernambucana.com\/?p=3443","title":{"rendered":"Quando Chove no Recife, o Povo Chora. Por Fl\u00e1vio Chaves"},"content":{"rendered":"<p class=\"font-claude-response-body break-words whitespace-normal leading-[1.7]\"><strong>Por Fl\u00e1vio Chaves \u2013 Jornalista, poeta, escritor e membro da Academia Pernambucana de Letras. Foi Delegado Federal\/Minc\u00a0 \u2013\u00a0 <\/strong>Existe uma velha cumplicidade entre o c\u00e9u e o sofrimento do povo recifense, uma alian\u00e7a t\u00e1cita, n\u00e3o escolhida, forjada n\u00e3o pela natureza, mas pela neglig\u00eancia daqueles que deveriam proteg\u00ea-lo. Porque a chuva, em si, n\u00e3o \u00e9 inimiga. A chuva \u00e9 vida, \u00e9 al\u00edvio, \u00e9 o cheiro de terra molhada que qualquer nordestino carrega no fundo da mem\u00f3ria como uma heran\u00e7a sagrada. O problema n\u00e3o est\u00e1 nas nuvens, est\u00e1 naquilo que ficou por fazer enquanto as nuvens se formavam.<\/p>\n<p class=\"font-claude-response-body break-words whitespace-normal leading-[1.7]\">Quando a chuva cai sobre o Recife, e ela cai com a f\u00faria e a generosidade que s\u00f3 o Nordeste conhece, ela n\u00e3o encontra ruas preparadas, canais limpos ou bueiros dignos do nome. Ela encontra, em vez disso, d\u00e9cadas de promessas n\u00e3o cumpridas represadas nos esgotos entupidos, e ent\u00e3o vira tudo caos, lama, grito e sil\u00eancio, o sil\u00eancio pesado de quem j\u00e1 aprendeu, com dor, que esperar por socorro \u00e9 quase o mesmo que n\u00e3o esperar por nada. As fam\u00edlias sobem os m\u00f3veis, as m\u00e3es erguem as crian\u00e7as no colo, os velhos ficam parados na porta olhando a rua virar rio com aquela resigna\u00e7\u00e3o que parte o cora\u00e7\u00e3o de quem v\u00ea, mas que ningu\u00e9m que deveria agir parece sequer notar.<\/p>\n<p class=\"font-claude-response-body break-words whitespace-normal leading-[1.7]\">A \u00e1gua que alaga o Recife n\u00e3o \u00e9 apenas \u00e1gua. \u00c9 a materializa\u00e7\u00e3o vis\u00edvel de anos de descaso, de or\u00e7amentos desviados, de obras prometidas em palanque e esquecidas antes que o microfone esfriasse. \u00c9 o testemunho mudo das drenagens que nunca vieram, das encostas que nunca foram contidas, das comunidades que cresceram empurradas para cima dos morros, para longe das vistas, para perto do perigo, porque a cidade dos outros ficou cara demais e ningu\u00e9m fez nada para mudar isso. Cada cent\u00edmetro que a enchente sobe \u00e9 uma linha a mais num documento de omiss\u00e3o que j\u00e1 tem p\u00e1ginas demais e assinaturas de menos.<\/p>\n<p class=\"font-claude-response-body break-words whitespace-normal leading-[1.7]\">E o mais cruel \u00e9 que isso se repete. Todo ano. Com a exata pontualidade que falta \u00e0s obras. A chuva chega, o povo sofre, as c\u00e2meras aparecem, os rostos de preocupa\u00e7\u00e3o surgem nas telas, os pronunciamentos lamentam as &#8220;fortes precipita\u00e7\u00f5es&#8221; como se a culpa fosse do tempo e n\u00e3o do poder, e ent\u00e3o passa, seca, e o assunto morre junto com a lama que o sol de poucas semanas depois vai secar nas cal\u00e7adas. At\u00e9 a pr\u00f3xima chuva. At\u00e9 o pr\u00f3ximo choro.<\/p>\n<p class=\"font-claude-response-body break-words whitespace-normal leading-[1.7]\">O Recife chove. O povo chora. E em algum gabinete com ar-condicionado gelado, algu\u00e9m assina uma nota de pesar, como se a natureza fosse a culpada, como se a indiferen\u00e7a n\u00e3o tivesse nome, cargo e endere\u00e7o certo. Mas o povo que enfrenta a enxurrada na cintura sabe a diferen\u00e7a entre destino e neglig\u00eancia. Sabe que a chuva \u00e9 de Deus, mas o alagamento \u00e9 de gente.<\/p>\n","protected":false},"excerpt":{"rendered":"<p>Por Fl\u00e1vio Chaves \u2013 Jornalista, poeta, escritor e membro da Academia Pernambucana de Letras. Foi Delegado Federal\/Minc\u00a0 \u2013\u00a0 Existe uma velha cumplicidade entre o c\u00e9u e o sofrimento do povo recifense, uma alian\u00e7a t\u00e1cita, n\u00e3o escolhida, forjada n\u00e3o pela natureza, mas pela neglig\u00eancia daqueles que deveriam proteg\u00ea-lo. Porque a chuva, em si, n\u00e3o \u00e9 inimiga. [&hellip;]<\/p>\n","protected":false},"author":1,"featured_media":2535,"comment_status":"open","ping_status":"open","sticky":false,"template":"","format":"standard","meta":{"footnotes":"","jetpack_publicize_message":"","jetpack_publicize_feature_enabled":true,"jetpack_social_post_already_shared":true,"jetpack_social_options":{"image_generator_settings":{"template":"highway","default_image_id":0,"font":"","enabled":false},"version":2}},"categories":[1,35,46,65],"tags":[],"class_list":["post-3443","post","type-post","status-publish","format-standard","has-post-thumbnail","hentry","category-https-gazetapernambucana-com-page_id225","category-https-gazetapernambucana-com-page_id218","category-literatura","category-politica"],"yoast_head":"<!-- This site is optimized with the Yoast SEO plugin v24.5 - https:\/\/yoast.com\/wordpress\/plugins\/seo\/ -->\n<title>Quando Chove no Recife, o Povo Chora. Por Fl\u00e1vio Chaves -<\/title>\n<meta name=\"robots\" content=\"index, follow, max-snippet:-1, max-image-preview:large, max-video-preview:-1\" \/>\n<link rel=\"canonical\" href=\"https:\/\/gazetapernambucana.com\/?p=3443\" \/>\n<meta property=\"og:locale\" content=\"pt_BR\" \/>\n<meta property=\"og:type\" content=\"article\" \/>\n<meta property=\"og:title\" content=\"Quando Chove no Recife, o Povo Chora. Por Fl\u00e1vio Chaves -\" \/>\n<meta property=\"og:description\" content=\"Por Fl\u00e1vio Chaves \u2013 Jornalista, poeta, escritor e membro da Academia Pernambucana de Letras. Foi Delegado Federal\/Minc\u00a0 \u2013\u00a0 Existe uma velha cumplicidade entre o c\u00e9u e o sofrimento do povo recifense, uma alian\u00e7a t\u00e1cita, n\u00e3o escolhida, forjada n\u00e3o pela natureza, mas pela neglig\u00eancia daqueles que deveriam proteg\u00ea-lo. Porque a chuva, em si, n\u00e3o \u00e9 inimiga. [&hellip;]\" \/>\n<meta property=\"og:url\" content=\"https:\/\/gazetapernambucana.com\/?p=3443\" \/>\n<meta property=\"article:published_time\" content=\"2026-04-30T21:29:11+00:00\" \/>\n<meta property=\"og:image\" content=\"http:\/\/gazetapernambucana.com\/wp-content\/uploads\/2026\/01\/chaves-e1750689346402-1.jpeg\" \/>\n\t<meta property=\"og:image:width\" content=\"881\" \/>\n\t<meta property=\"og:image:height\" content=\"1000\" \/>\n\t<meta property=\"og:image:type\" content=\"image\/jpeg\" \/>\n<meta name=\"author\" content=\"GP\" \/>\n<meta name=\"twitter:card\" content=\"summary_large_image\" \/>\n<meta name=\"twitter:label1\" content=\"Escrito por\" \/>\n\t<meta name=\"twitter:data1\" content=\"GP\" \/>\n\t<meta name=\"twitter:label2\" content=\"Est. tempo de leitura\" \/>\n\t<meta name=\"twitter:data2\" content=\"3 minutos\" \/>\n<script type=\"application\/ld+json\" class=\"yoast-schema-graph\">{\"@context\":\"https:\/\/schema.org\",\"@graph\":[{\"@type\":\"WebPage\",\"@id\":\"https:\/\/gazetapernambucana.com\/?p=3443\",\"url\":\"https:\/\/gazetapernambucana.com\/?p=3443\",\"name\":\"Quando Chove no Recife, o Povo Chora. Por Fl\u00e1vio Chaves -\",\"isPartOf\":{\"@id\":\"https:\/\/gazetapernambucana.com\/#website\"},\"primaryImageOfPage\":{\"@id\":\"https:\/\/gazetapernambucana.com\/?p=3443#primaryimage\"},\"image\":{\"@id\":\"https:\/\/gazetapernambucana.com\/?p=3443#primaryimage\"},\"thumbnailUrl\":\"https:\/\/gazetapernambucana.com\/wp-content\/uploads\/2026\/01\/chaves-e1750689346402-1.jpeg\",\"datePublished\":\"2026-04-30T21:29:11+00:00\",\"author\":{\"@id\":\"https:\/\/gazetapernambucana.com\/#\/schema\/person\/188dc283325181ac2de4db1e9e987427\"},\"breadcrumb\":{\"@id\":\"https:\/\/gazetapernambucana.com\/?p=3443#breadcrumb\"},\"inLanguage\":\"pt-BR\",\"potentialAction\":[{\"@type\":\"ReadAction\",\"target\":[\"https:\/\/gazetapernambucana.com\/?p=3443\"]}]},{\"@type\":\"ImageObject\",\"inLanguage\":\"pt-BR\",\"@id\":\"https:\/\/gazetapernambucana.com\/?p=3443#primaryimage\",\"url\":\"https:\/\/gazetapernambucana.com\/wp-content\/uploads\/2026\/01\/chaves-e1750689346402-1.jpeg\",\"contentUrl\":\"https:\/\/gazetapernambucana.com\/wp-content\/uploads\/2026\/01\/chaves-e1750689346402-1.jpeg\",\"width\":881,\"height\":1000},{\"@type\":\"BreadcrumbList\",\"@id\":\"https:\/\/gazetapernambucana.com\/?p=3443#breadcrumb\",\"itemListElement\":[{\"@type\":\"ListItem\",\"position\":1,\"name\":\"In\u00edcio\",\"item\":\"https:\/\/gazetapernambucana.com\/\"},{\"@type\":\"ListItem\",\"position\":2,\"name\":\"Quando Chove no Recife, o Povo Chora. Por Fl\u00e1vio Chaves\"}]},{\"@type\":\"WebSite\",\"@id\":\"https:\/\/gazetapernambucana.com\/#website\",\"url\":\"https:\/\/gazetapernambucana.com\/\",\"name\":\"\",\"description\":\"\",\"potentialAction\":[{\"@type\":\"SearchAction\",\"target\":{\"@type\":\"EntryPoint\",\"urlTemplate\":\"https:\/\/gazetapernambucana.com\/?s={search_term_string}\"},\"query-input\":{\"@type\":\"PropertyValueSpecification\",\"valueRequired\":true,\"valueName\":\"search_term_string\"}}],\"inLanguage\":\"pt-BR\"},{\"@type\":\"Person\",\"@id\":\"https:\/\/gazetapernambucana.com\/#\/schema\/person\/188dc283325181ac2de4db1e9e987427\",\"name\":\"GP\",\"image\":{\"@type\":\"ImageObject\",\"inLanguage\":\"pt-BR\",\"@id\":\"https:\/\/gazetapernambucana.com\/#\/schema\/person\/image\/\",\"url\":\"https:\/\/secure.gravatar.com\/avatar\/9dad78ff9a2d8b5742d11779f8a3f53b052320c550b2e1907882353c067bb111?s=96&d=mm&r=g\",\"contentUrl\":\"https:\/\/secure.gravatar.com\/avatar\/9dad78ff9a2d8b5742d11779f8a3f53b052320c550b2e1907882353c067bb111?s=96&d=mm&r=g\",\"caption\":\"GP\"},\"sameAs\":[\"http:\/\/gazetapernambucana.com\"],\"url\":\"https:\/\/gazetapernambucana.com\/?author=1\"}]}<\/script>\n<!-- \/ Yoast SEO plugin. -->","yoast_head_json":{"title":"Quando Chove no Recife, o Povo Chora. Por Fl\u00e1vio Chaves -","robots":{"index":"index","follow":"follow","max-snippet":"max-snippet:-1","max-image-preview":"max-image-preview:large","max-video-preview":"max-video-preview:-1"},"canonical":"https:\/\/gazetapernambucana.com\/?p=3443","og_locale":"pt_BR","og_type":"article","og_title":"Quando Chove no Recife, o Povo Chora. Por Fl\u00e1vio Chaves -","og_description":"Por Fl\u00e1vio Chaves \u2013 Jornalista, poeta, escritor e membro da Academia Pernambucana de Letras. Foi Delegado Federal\/Minc\u00a0 \u2013\u00a0 Existe uma velha cumplicidade entre o c\u00e9u e o sofrimento do povo recifense, uma alian\u00e7a t\u00e1cita, n\u00e3o escolhida, forjada n\u00e3o pela natureza, mas pela neglig\u00eancia daqueles que deveriam proteg\u00ea-lo. Porque a chuva, em si, n\u00e3o \u00e9 inimiga. [&hellip;]","og_url":"https:\/\/gazetapernambucana.com\/?p=3443","article_published_time":"2026-04-30T21:29:11+00:00","og_image":[{"width":881,"height":1000,"url":"http:\/\/gazetapernambucana.com\/wp-content\/uploads\/2026\/01\/chaves-e1750689346402-1.jpeg","type":"image\/jpeg"}],"author":"GP","twitter_card":"summary_large_image","twitter_misc":{"Escrito por":"GP","Est. tempo de leitura":"3 minutos"},"schema":{"@context":"https:\/\/schema.org","@graph":[{"@type":"WebPage","@id":"https:\/\/gazetapernambucana.com\/?p=3443","url":"https:\/\/gazetapernambucana.com\/?p=3443","name":"Quando Chove no Recife, o Povo Chora. Por Fl\u00e1vio Chaves -","isPartOf":{"@id":"https:\/\/gazetapernambucana.com\/#website"},"primaryImageOfPage":{"@id":"https:\/\/gazetapernambucana.com\/?p=3443#primaryimage"},"image":{"@id":"https:\/\/gazetapernambucana.com\/?p=3443#primaryimage"},"thumbnailUrl":"https:\/\/gazetapernambucana.com\/wp-content\/uploads\/2026\/01\/chaves-e1750689346402-1.jpeg","datePublished":"2026-04-30T21:29:11+00:00","author":{"@id":"https:\/\/gazetapernambucana.com\/#\/schema\/person\/188dc283325181ac2de4db1e9e987427"},"breadcrumb":{"@id":"https:\/\/gazetapernambucana.com\/?p=3443#breadcrumb"},"inLanguage":"pt-BR","potentialAction":[{"@type":"ReadAction","target":["https:\/\/gazetapernambucana.com\/?p=3443"]}]},{"@type":"ImageObject","inLanguage":"pt-BR","@id":"https:\/\/gazetapernambucana.com\/?p=3443#primaryimage","url":"https:\/\/gazetapernambucana.com\/wp-content\/uploads\/2026\/01\/chaves-e1750689346402-1.jpeg","contentUrl":"https:\/\/gazetapernambucana.com\/wp-content\/uploads\/2026\/01\/chaves-e1750689346402-1.jpeg","width":881,"height":1000},{"@type":"BreadcrumbList","@id":"https:\/\/gazetapernambucana.com\/?p=3443#breadcrumb","itemListElement":[{"@type":"ListItem","position":1,"name":"In\u00edcio","item":"https:\/\/gazetapernambucana.com\/"},{"@type":"ListItem","position":2,"name":"Quando Chove no Recife, o Povo Chora. Por Fl\u00e1vio Chaves"}]},{"@type":"WebSite","@id":"https:\/\/gazetapernambucana.com\/#website","url":"https:\/\/gazetapernambucana.com\/","name":"","description":"","potentialAction":[{"@type":"SearchAction","target":{"@type":"EntryPoint","urlTemplate":"https:\/\/gazetapernambucana.com\/?s={search_term_string}"},"query-input":{"@type":"PropertyValueSpecification","valueRequired":true,"valueName":"search_term_string"}}],"inLanguage":"pt-BR"},{"@type":"Person","@id":"https:\/\/gazetapernambucana.com\/#\/schema\/person\/188dc283325181ac2de4db1e9e987427","name":"GP","image":{"@type":"ImageObject","inLanguage":"pt-BR","@id":"https:\/\/gazetapernambucana.com\/#\/schema\/person\/image\/","url":"https:\/\/secure.gravatar.com\/avatar\/9dad78ff9a2d8b5742d11779f8a3f53b052320c550b2e1907882353c067bb111?s=96&d=mm&r=g","contentUrl":"https:\/\/secure.gravatar.com\/avatar\/9dad78ff9a2d8b5742d11779f8a3f53b052320c550b2e1907882353c067bb111?s=96&d=mm&r=g","caption":"GP"},"sameAs":["http:\/\/gazetapernambucana.com"],"url":"https:\/\/gazetapernambucana.com\/?author=1"}]}},"jetpack_publicize_connections":[],"_links":{"self":[{"href":"https:\/\/gazetapernambucana.com\/index.php?rest_route=\/wp\/v2\/posts\/3443","targetHints":{"allow":["GET"]}}],"collection":[{"href":"https:\/\/gazetapernambucana.com\/index.php?rest_route=\/wp\/v2\/posts"}],"about":[{"href":"https:\/\/gazetapernambucana.com\/index.php?rest_route=\/wp\/v2\/types\/post"}],"author":[{"embeddable":true,"href":"https:\/\/gazetapernambucana.com\/index.php?rest_route=\/wp\/v2\/users\/1"}],"replies":[{"embeddable":true,"href":"https:\/\/gazetapernambucana.com\/index.php?rest_route=%2Fwp%2Fv2%2Fcomments&post=3443"}],"version-history":[{"count":1,"href":"https:\/\/gazetapernambucana.com\/index.php?rest_route=\/wp\/v2\/posts\/3443\/revisions"}],"predecessor-version":[{"id":3444,"href":"https:\/\/gazetapernambucana.com\/index.php?rest_route=\/wp\/v2\/posts\/3443\/revisions\/3444"}],"wp:featuredmedia":[{"embeddable":true,"href":"https:\/\/gazetapernambucana.com\/index.php?rest_route=\/wp\/v2\/media\/2535"}],"wp:attachment":[{"href":"https:\/\/gazetapernambucana.com\/index.php?rest_route=%2Fwp%2Fv2%2Fmedia&parent=3443"}],"wp:term":[{"taxonomy":"category","embeddable":true,"href":"https:\/\/gazetapernambucana.com\/index.php?rest_route=%2Fwp%2Fv2%2Fcategories&post=3443"},{"taxonomy":"post_tag","embeddable":true,"href":"https:\/\/gazetapernambucana.com\/index.php?rest_route=%2Fwp%2Fv2%2Ftags&post=3443"}],"curies":[{"name":"wp","href":"https:\/\/api.w.org\/{rel}","templated":true}]}}