{"id":3439,"date":"2026-04-29T19:37:59","date_gmt":"2026-04-29T22:37:59","guid":{"rendered":"https:\/\/gazetapernambucana.com\/?p=3439"},"modified":"2026-04-29T19:40:29","modified_gmt":"2026-04-29T22:40:29","slug":"tulio-gadelha-ganha-forca-e-embaralha-disputa-pelo-senado-em-pernambuco","status":"publish","type":"post","link":"https:\/\/gazetapernambucana.com\/?p=3439","title":{"rendered":"T\u00falio Gad\u00ealha ganha for\u00e7a e embaralha disputa pelo Senado em Pernambuco"},"content":{"rendered":"<p data-start=\"884\" data-end=\"1270\">A disputa pelo Senado em Pernambuco em 2026 come\u00e7a a revelar um fen\u00f4meno que parte da classe pol\u00edtica ainda parece n\u00e3o ter percebido: nem sempre quem larga na frente est\u00e1 em vantagem real. Em elei\u00e7\u00f5es majorit\u00e1rias, especialmente quando h\u00e1 duas vagas em disputa, lideran\u00e7a inicial pode significar apenas maior conhecimento p\u00fablico \u2014 e n\u00e3o necessariamente maior capacidade de crescimento.<\/p>\n<p data-start=\"1272\" data-end=\"1335\">\u00c9 nesse ponto que o desempenho de T\u00falio Gad\u00ealha merece aten\u00e7\u00e3o.<\/p>\n<p data-start=\"1337\" data-end=\"1667\">A pesquisa Quaest divulgada nesta ter\u00e7a-feira trouxe n\u00fameros que, \u00e0 primeira vista, colocam nomes tradicionais em posi\u00e7\u00e3o de destaque. Mar\u00edlia Arraes e Humberto Costa aparecem entre os mais lembrados, sustentados por trajet\u00f3rias conhecidas, mandatos anteriores, estruturas partid\u00e1rias e forte presen\u00e7a no debate pol\u00edtico estadual.<\/p>\n<p data-start=\"1669\" data-end=\"1754\">Mas h\u00e1 uma diferen\u00e7a fundamental entre estar na frente e ainda ter para onde crescer.<\/p>\n<p data-start=\"1756\" data-end=\"2114\">Mar\u00edlia e Humberto s\u00e3o nomes amplamente conhecidos pelo eleitor pernambucano. Isso lhes garante largada forte, mas tamb\u00e9m imp\u00f5e limites. Ambos j\u00e1 carregam marcas pol\u00edticas consolidadas, rejei\u00e7\u00f5es acumuladas e dificuldades naturais para ampliar apoio fora de seus campos mais fi\u00e9is. Em outras palavras: podem estar mais pr\u00f3ximos do teto do que do crescimento.<\/p>\n<p data-start=\"2116\" data-end=\"2164\">T\u00falio Gad\u00ealha surge exatamente no espa\u00e7o oposto.<\/p>\n<p data-start=\"2166\" data-end=\"2476\">Ainda em processo de apresenta\u00e7\u00e3o como pr\u00e9-candidato ao Senado, ele j\u00e1 aparece com desempenho relevante na pesquisa, especialmente quando se observa a din\u00e2mica do segundo voto. O dado de que T\u00falio sai de 4% no primeiro voto e chega a 9% no segundo n\u00e3o \u00e9 apenas uma curiosidade estat\u00edstica. \u00c9 um sinal pol\u00edtico.<\/p>\n<p data-start=\"2478\" data-end=\"2725\">Esse movimento indica que T\u00falio pode n\u00e3o ser, neste momento, o primeiro nome escolhido por parte do eleitorado, mas j\u00e1 come\u00e7a a ser aceito como uma segunda op\u00e7\u00e3o vi\u00e1vel, simp\u00e1tica e competitiva. Em uma elei\u00e7\u00e3o com duas vagas, isso tem enorme peso.<\/p>\n<p data-start=\"2727\" data-end=\"2939\">O segundo voto costuma revelar aquilo que o primeiro voto nem sempre mostra: menor rejei\u00e7\u00e3o, maior capacidade de composi\u00e7\u00e3o e abertura para crescimento. \u00c9 justamente nesse territ\u00f3rio que T\u00falio come\u00e7a a incomodar.<\/p>\n<p data-start=\"2941\" data-end=\"3277\">Enquanto alguns advers\u00e1rios dependem de estruturas tradicionais, alian\u00e7as antigas e recall eleitoral, T\u00falio se apresenta com uma imagem menos desgastada. Seu nome dialoga com setores urbanos, juventude, movimentos progressistas, parte do eleitorado independente e segmentos que buscam renova\u00e7\u00e3o sem abandonar uma posi\u00e7\u00e3o pol\u00edtica clara.<\/p>\n<p data-start=\"3279\" data-end=\"3313\">Essa combina\u00e7\u00e3o pode ser decisiva.<\/p>\n<p data-start=\"3315\" data-end=\"3596\">A elei\u00e7\u00e3o para o Senado n\u00e3o ser\u00e1 apenas uma disputa de nomes conhecidos. Ser\u00e1 tamb\u00e9m uma disputa de teto. Quem j\u00e1 \u00e9 muito conhecido pode ter menos espa\u00e7o para avan\u00e7ar. Quem ainda est\u00e1 em fase de expans\u00e3o pode crescer conforme a campanha ganhar corpo, agenda e presen\u00e7a no interior.<\/p>\n<p data-start=\"3598\" data-end=\"3866\">Por isso, tratar Mar\u00edlia ou Humberto como favoritos absolutos pode ser um erro de leitura. Eles largam com vantagem, mas tamb\u00e9m com maior exposi\u00e7\u00e3o ao desgaste. T\u00falio, por outro lado, aparece com potencial de crescimento justamente porque ainda n\u00e3o atingiu seu limite.<\/p>\n<p data-start=\"3868\" data-end=\"4134\">O dado dos 9% no segundo voto acende uma luz amarela nos concorrentes. Mostra que h\u00e1 eleitor disposto a considerar T\u00falio para uma das duas vagas. E, quando uma candidatura come\u00e7a a ser lembrada como op\u00e7\u00e3o complementar, ela pode rapidamente deixar de ser coadjuvante.<\/p>\n<p data-start=\"4136\" data-end=\"4371\">A pol\u00edtica pernambucana conhece bem esse tipo de movimento. Campanhas majorit\u00e1rias n\u00e3o s\u00e3o fotografias congeladas. S\u00e3o processos vivos, sujeitos a alian\u00e7as, fatos novos, erros dos favoritos e acertos de quem sabe ocupar espa\u00e7os vazios.<\/p>\n<p data-start=\"4373\" data-end=\"4676\">T\u00falio Gad\u00ealha ainda tem desafios evidentes. Precisa ampliar capilaridade no interior, fortalecer palanques regionais, consolidar discurso estadual e mostrar que sua pr\u00e9-candidatura tem musculatura para atravessar Pernambuco inteiro. Mas a pesquisa indica que ele tem algo precioso neste momento: margem.<\/p>\n<p data-start=\"4678\" data-end=\"4770\">E margem de crescimento, numa disputa aberta, pode valer mais do que uma lideran\u00e7a aparente.<\/p>\n<p data-start=\"4772\" data-end=\"5014\">O Senado de 2026 em Pernambuco n\u00e3o tem dono. Tem nomes conhecidos, candidaturas em teste e um eleitorado ainda em movimento. Nesse cen\u00e1rio, T\u00falio Gad\u00ealha come\u00e7a a aparecer n\u00e3o apenas como pr\u00e9-candidato, mas como poss\u00edvel surpresa competitiva.<\/p>\n<p data-start=\"5016\" data-end=\"5130\" data-is-last-node=\"\" data-is-only-node=\"\">O favoritismo, portanto, talvez n\u00e3o esteja onde alguns imaginam. Pode estar justamente em quem ainda est\u00e1 subindo.<\/p>\n","protected":false},"excerpt":{"rendered":"<p>A disputa pelo Senado em Pernambuco em 2026 come\u00e7a a revelar um fen\u00f4meno que parte da classe pol\u00edtica ainda parece n\u00e3o ter percebido: nem sempre quem larga na frente est\u00e1 em vantagem real. Em elei\u00e7\u00f5es majorit\u00e1rias, especialmente quando h\u00e1 duas vagas em disputa, lideran\u00e7a inicial pode significar apenas maior conhecimento p\u00fablico \u2014 e n\u00e3o necessariamente [&hellip;]<\/p>\n","protected":false},"author":1,"featured_media":3442,"comment_status":"open","ping_status":"open","sticky":false,"template":"","format":"standard","meta":{"footnotes":"","jetpack_publicize_message":"","jetpack_publicize_feature_enabled":true,"jetpack_social_post_already_shared":true,"jetpack_social_options":{"image_generator_settings":{"template":"highway","default_image_id":0,"font":"","enabled":false},"version":2}},"categories":[66,1,65],"tags":[],"class_list":["post-3439","post","type-post","status-publish","format-standard","has-post-thumbnail","hentry","category-cidades","category-https-gazetapernambucana-com-page_id225","category-politica"],"yoast_head":"<!-- This site is optimized with the Yoast SEO plugin v24.5 - https:\/\/yoast.com\/wordpress\/plugins\/seo\/ -->\n<title>T\u00falio Gad\u00ealha ganha for\u00e7a e embaralha disputa pelo Senado em Pernambuco -<\/title>\n<meta name=\"robots\" content=\"index, follow, max-snippet:-1, max-image-preview:large, max-video-preview:-1\" \/>\n<link rel=\"canonical\" href=\"https:\/\/gazetapernambucana.com\/?p=3439\" \/>\n<meta property=\"og:locale\" content=\"pt_BR\" \/>\n<meta property=\"og:type\" content=\"article\" \/>\n<meta property=\"og:title\" content=\"T\u00falio Gad\u00ealha ganha for\u00e7a e embaralha disputa pelo Senado em Pernambuco -\" \/>\n<meta property=\"og:description\" content=\"A disputa pelo Senado em Pernambuco em 2026 come\u00e7a a revelar um fen\u00f4meno que parte da classe pol\u00edtica ainda parece n\u00e3o ter percebido: nem sempre quem larga na frente est\u00e1 em vantagem real. Em elei\u00e7\u00f5es majorit\u00e1rias, especialmente quando h\u00e1 duas vagas em disputa, lideran\u00e7a inicial pode significar apenas maior conhecimento p\u00fablico \u2014 e n\u00e3o necessariamente [&hellip;]\" \/>\n<meta property=\"og:url\" content=\"https:\/\/gazetapernambucana.com\/?p=3439\" \/>\n<meta property=\"article:published_time\" content=\"2026-04-29T22:37:59+00:00\" \/>\n<meta property=\"article:modified_time\" content=\"2026-04-29T22:40:29+00:00\" \/>\n<meta property=\"og:image\" content=\"http:\/\/gazetapernambucana.com\/wp-content\/uploads\/2026\/04\/raquel-lyra-e-tulio-gadelha.jpg\" \/>\n\t<meta property=\"og:image:width\" content=\"1920\" \/>\n\t<meta property=\"og:image:height\" content=\"1080\" \/>\n\t<meta property=\"og:image:type\" content=\"image\/jpeg\" \/>\n<meta name=\"author\" content=\"GP\" \/>\n<meta name=\"twitter:card\" content=\"summary_large_image\" \/>\n<meta name=\"twitter:label1\" content=\"Escrito por\" \/>\n\t<meta name=\"twitter:data1\" content=\"GP\" \/>\n\t<meta name=\"twitter:label2\" content=\"Est. tempo de leitura\" \/>\n\t<meta name=\"twitter:data2\" content=\"4 minutos\" \/>\n<script type=\"application\/ld+json\" class=\"yoast-schema-graph\">{\"@context\":\"https:\/\/schema.org\",\"@graph\":[{\"@type\":\"WebPage\",\"@id\":\"https:\/\/gazetapernambucana.com\/?p=3439\",\"url\":\"https:\/\/gazetapernambucana.com\/?p=3439\",\"name\":\"T\u00falio Gad\u00ealha ganha for\u00e7a e embaralha disputa pelo Senado em Pernambuco -\",\"isPartOf\":{\"@id\":\"https:\/\/gazetapernambucana.com\/#website\"},\"primaryImageOfPage\":{\"@id\":\"https:\/\/gazetapernambucana.com\/?p=3439#primaryimage\"},\"image\":{\"@id\":\"https:\/\/gazetapernambucana.com\/?p=3439#primaryimage\"},\"thumbnailUrl\":\"https:\/\/gazetapernambucana.com\/wp-content\/uploads\/2026\/04\/raquel-lyra-e-tulio-gadelha.jpg\",\"datePublished\":\"2026-04-29T22:37:59+00:00\",\"dateModified\":\"2026-04-29T22:40:29+00:00\",\"author\":{\"@id\":\"https:\/\/gazetapernambucana.com\/#\/schema\/person\/188dc283325181ac2de4db1e9e987427\"},\"breadcrumb\":{\"@id\":\"https:\/\/gazetapernambucana.com\/?p=3439#breadcrumb\"},\"inLanguage\":\"pt-BR\",\"potentialAction\":[{\"@type\":\"ReadAction\",\"target\":[\"https:\/\/gazetapernambucana.com\/?p=3439\"]}]},{\"@type\":\"ImageObject\",\"inLanguage\":\"pt-BR\",\"@id\":\"https:\/\/gazetapernambucana.com\/?p=3439#primaryimage\",\"url\":\"https:\/\/gazetapernambucana.com\/wp-content\/uploads\/2026\/04\/raquel-lyra-e-tulio-gadelha.jpg\",\"contentUrl\":\"https:\/\/gazetapernambucana.com\/wp-content\/uploads\/2026\/04\/raquel-lyra-e-tulio-gadelha.jpg\",\"width\":1920,\"height\":1080},{\"@type\":\"BreadcrumbList\",\"@id\":\"https:\/\/gazetapernambucana.com\/?p=3439#breadcrumb\",\"itemListElement\":[{\"@type\":\"ListItem\",\"position\":1,\"name\":\"In\u00edcio\",\"item\":\"https:\/\/gazetapernambucana.com\/\"},{\"@type\":\"ListItem\",\"position\":2,\"name\":\"T\u00falio Gad\u00ealha ganha for\u00e7a e embaralha disputa pelo Senado em Pernambuco\"}]},{\"@type\":\"WebSite\",\"@id\":\"https:\/\/gazetapernambucana.com\/#website\",\"url\":\"https:\/\/gazetapernambucana.com\/\",\"name\":\"\",\"description\":\"\",\"potentialAction\":[{\"@type\":\"SearchAction\",\"target\":{\"@type\":\"EntryPoint\",\"urlTemplate\":\"https:\/\/gazetapernambucana.com\/?s={search_term_string}\"},\"query-input\":{\"@type\":\"PropertyValueSpecification\",\"valueRequired\":true,\"valueName\":\"search_term_string\"}}],\"inLanguage\":\"pt-BR\"},{\"@type\":\"Person\",\"@id\":\"https:\/\/gazetapernambucana.com\/#\/schema\/person\/188dc283325181ac2de4db1e9e987427\",\"name\":\"GP\",\"image\":{\"@type\":\"ImageObject\",\"inLanguage\":\"pt-BR\",\"@id\":\"https:\/\/gazetapernambucana.com\/#\/schema\/person\/image\/\",\"url\":\"https:\/\/secure.gravatar.com\/avatar\/9dad78ff9a2d8b5742d11779f8a3f53b052320c550b2e1907882353c067bb111?s=96&d=mm&r=g\",\"contentUrl\":\"https:\/\/secure.gravatar.com\/avatar\/9dad78ff9a2d8b5742d11779f8a3f53b052320c550b2e1907882353c067bb111?s=96&d=mm&r=g\",\"caption\":\"GP\"},\"sameAs\":[\"http:\/\/gazetapernambucana.com\"],\"url\":\"https:\/\/gazetapernambucana.com\/?author=1\"}]}<\/script>\n<!-- \/ Yoast SEO plugin. -->","yoast_head_json":{"title":"T\u00falio Gad\u00ealha ganha for\u00e7a e embaralha disputa pelo Senado em Pernambuco -","robots":{"index":"index","follow":"follow","max-snippet":"max-snippet:-1","max-image-preview":"max-image-preview:large","max-video-preview":"max-video-preview:-1"},"canonical":"https:\/\/gazetapernambucana.com\/?p=3439","og_locale":"pt_BR","og_type":"article","og_title":"T\u00falio Gad\u00ealha ganha for\u00e7a e embaralha disputa pelo Senado em Pernambuco -","og_description":"A disputa pelo Senado em Pernambuco em 2026 come\u00e7a a revelar um fen\u00f4meno que parte da classe pol\u00edtica ainda parece n\u00e3o ter percebido: nem sempre quem larga na frente est\u00e1 em vantagem real. Em elei\u00e7\u00f5es majorit\u00e1rias, especialmente quando h\u00e1 duas vagas em disputa, lideran\u00e7a inicial pode significar apenas maior conhecimento p\u00fablico \u2014 e n\u00e3o necessariamente [&hellip;]","og_url":"https:\/\/gazetapernambucana.com\/?p=3439","article_published_time":"2026-04-29T22:37:59+00:00","article_modified_time":"2026-04-29T22:40:29+00:00","og_image":[{"width":1920,"height":1080,"url":"http:\/\/gazetapernambucana.com\/wp-content\/uploads\/2026\/04\/raquel-lyra-e-tulio-gadelha.jpg","type":"image\/jpeg"}],"author":"GP","twitter_card":"summary_large_image","twitter_misc":{"Escrito por":"GP","Est. tempo de leitura":"4 minutos"},"schema":{"@context":"https:\/\/schema.org","@graph":[{"@type":"WebPage","@id":"https:\/\/gazetapernambucana.com\/?p=3439","url":"https:\/\/gazetapernambucana.com\/?p=3439","name":"T\u00falio Gad\u00ealha ganha for\u00e7a e embaralha disputa pelo Senado em Pernambuco -","isPartOf":{"@id":"https:\/\/gazetapernambucana.com\/#website"},"primaryImageOfPage":{"@id":"https:\/\/gazetapernambucana.com\/?p=3439#primaryimage"},"image":{"@id":"https:\/\/gazetapernambucana.com\/?p=3439#primaryimage"},"thumbnailUrl":"https:\/\/gazetapernambucana.com\/wp-content\/uploads\/2026\/04\/raquel-lyra-e-tulio-gadelha.jpg","datePublished":"2026-04-29T22:37:59+00:00","dateModified":"2026-04-29T22:40:29+00:00","author":{"@id":"https:\/\/gazetapernambucana.com\/#\/schema\/person\/188dc283325181ac2de4db1e9e987427"},"breadcrumb":{"@id":"https:\/\/gazetapernambucana.com\/?p=3439#breadcrumb"},"inLanguage":"pt-BR","potentialAction":[{"@type":"ReadAction","target":["https:\/\/gazetapernambucana.com\/?p=3439"]}]},{"@type":"ImageObject","inLanguage":"pt-BR","@id":"https:\/\/gazetapernambucana.com\/?p=3439#primaryimage","url":"https:\/\/gazetapernambucana.com\/wp-content\/uploads\/2026\/04\/raquel-lyra-e-tulio-gadelha.jpg","contentUrl":"https:\/\/gazetapernambucana.com\/wp-content\/uploads\/2026\/04\/raquel-lyra-e-tulio-gadelha.jpg","width":1920,"height":1080},{"@type":"BreadcrumbList","@id":"https:\/\/gazetapernambucana.com\/?p=3439#breadcrumb","itemListElement":[{"@type":"ListItem","position":1,"name":"In\u00edcio","item":"https:\/\/gazetapernambucana.com\/"},{"@type":"ListItem","position":2,"name":"T\u00falio Gad\u00ealha ganha for\u00e7a e embaralha disputa pelo Senado em Pernambuco"}]},{"@type":"WebSite","@id":"https:\/\/gazetapernambucana.com\/#website","url":"https:\/\/gazetapernambucana.com\/","name":"","description":"","potentialAction":[{"@type":"SearchAction","target":{"@type":"EntryPoint","urlTemplate":"https:\/\/gazetapernambucana.com\/?s={search_term_string}"},"query-input":{"@type":"PropertyValueSpecification","valueRequired":true,"valueName":"search_term_string"}}],"inLanguage":"pt-BR"},{"@type":"Person","@id":"https:\/\/gazetapernambucana.com\/#\/schema\/person\/188dc283325181ac2de4db1e9e987427","name":"GP","image":{"@type":"ImageObject","inLanguage":"pt-BR","@id":"https:\/\/gazetapernambucana.com\/#\/schema\/person\/image\/","url":"https:\/\/secure.gravatar.com\/avatar\/9dad78ff9a2d8b5742d11779f8a3f53b052320c550b2e1907882353c067bb111?s=96&d=mm&r=g","contentUrl":"https:\/\/secure.gravatar.com\/avatar\/9dad78ff9a2d8b5742d11779f8a3f53b052320c550b2e1907882353c067bb111?s=96&d=mm&r=g","caption":"GP"},"sameAs":["http:\/\/gazetapernambucana.com"],"url":"https:\/\/gazetapernambucana.com\/?author=1"}]}},"jetpack_publicize_connections":[],"_links":{"self":[{"href":"https:\/\/gazetapernambucana.com\/index.php?rest_route=\/wp\/v2\/posts\/3439","targetHints":{"allow":["GET"]}}],"collection":[{"href":"https:\/\/gazetapernambucana.com\/index.php?rest_route=\/wp\/v2\/posts"}],"about":[{"href":"https:\/\/gazetapernambucana.com\/index.php?rest_route=\/wp\/v2\/types\/post"}],"author":[{"embeddable":true,"href":"https:\/\/gazetapernambucana.com\/index.php?rest_route=\/wp\/v2\/users\/1"}],"replies":[{"embeddable":true,"href":"https:\/\/gazetapernambucana.com\/index.php?rest_route=%2Fwp%2Fv2%2Fcomments&post=3439"}],"version-history":[{"count":1,"href":"https:\/\/gazetapernambucana.com\/index.php?rest_route=\/wp\/v2\/posts\/3439\/revisions"}],"predecessor-version":[{"id":3441,"href":"https:\/\/gazetapernambucana.com\/index.php?rest_route=\/wp\/v2\/posts\/3439\/revisions\/3441"}],"wp:featuredmedia":[{"embeddable":true,"href":"https:\/\/gazetapernambucana.com\/index.php?rest_route=\/wp\/v2\/media\/3442"}],"wp:attachment":[{"href":"https:\/\/gazetapernambucana.com\/index.php?rest_route=%2Fwp%2Fv2%2Fmedia&parent=3439"}],"wp:term":[{"taxonomy":"category","embeddable":true,"href":"https:\/\/gazetapernambucana.com\/index.php?rest_route=%2Fwp%2Fv2%2Fcategories&post=3439"},{"taxonomy":"post_tag","embeddable":true,"href":"https:\/\/gazetapernambucana.com\/index.php?rest_route=%2Fwp%2Fv2%2Ftags&post=3439"}],"curies":[{"name":"wp","href":"https:\/\/api.w.org\/{rel}","templated":true}]}}