{"id":3434,"date":"2026-04-28T22:26:26","date_gmt":"2026-04-29T01:26:26","guid":{"rendered":"https:\/\/gazetapernambucana.com\/?p=3434"},"modified":"2026-04-28T22:26:26","modified_gmt":"2026-04-29T01:26:26","slug":"nada-doi-em-silencio-como-um-lugar-do-passado-por-flavio-chaves","status":"publish","type":"post","link":"https:\/\/gazetapernambucana.com\/?p=3434","title":{"rendered":"Nada d\u00f3i em sil\u00eancio como um lugar do passado. Por Fl\u00e1vio Chaves"},"content":{"rendered":"<p data-start=\"49\" data-end=\"523\"><strong>Por Fl\u00e1vio Chaves \u2013 Jornalista, poeta, escritor e membro da Academia Pernambucana de Letras. Foi Delegado Federal\/Minc\u00a0 \u2013\u00a0 \u00a0<\/strong>Certos endere\u00e7os permanecem no mundo apenas para nos ferir com delicadeza. Passamos anos sem pensar neles, ocupados pelas urg\u00eancias da vida, pelos boletos, pelas not\u00edcias, pelas pequenas batalhas de cada semana, e de repente uma esquina reaparece, uma varanda se oferece ao olhar, uma rua antiga cruza o nosso caminho como quem conhece segredos demais. Ent\u00e3o compreendemos que o tempo n\u00e3o destr\u00f3i tudo. Algumas coisas ele apenas conserva para o momento exato de nos atingir.<\/p>\n<p data-start=\"525\" data-end=\"1026\">Voltar a um lugar do passado nunca significa regressar somente ao espa\u00e7o. Significa atravessar uma porta invis\u00edvel e encontrar, sentado \u00e0 nossa espera, algu\u00e9m que j\u00e1 fomos. A pra\u00e7a continua no mesmo bairro, o banco ainda suporta tardes inteiras, a cal\u00e7ada guarda suas rachaduras, o port\u00e3o conserva o mesmo ru\u00eddo met\u00e1lico, a janela ainda recebe a luz inclinada do fim do dia. Tudo parece obedecer \u00e0 perman\u00eancia. Tudo parece dizer que nada mudou. Mas a grande aus\u00eancia n\u00e3o est\u00e1 nas paredes, est\u00e1 em n\u00f3s.<\/p>\n<p data-start=\"1028\" data-end=\"1638\">Um restaurante onde duas m\u00e3os se tocaram pela primeira vez pode continuar servindo os mesmos pratos, exibindo toalhas limpas, talheres alinhados e gar\u00e7ons atentos, por\u00e9m perdeu o principal ingrediente, aquela vertigem discreta de quando o cora\u00e7\u00e3o tremia diante de uma simples chegada. A praia onde dois corpos aprenderam o idioma do afeto ainda recebe o mar com a mesma paci\u00eancia, contudo j\u00e1 n\u00e3o devolve os passos que corriam na areia como se o futuro fosse infinito. O cinema segue projetando filmes, mas n\u00e3o repete o instante em que um beijo roubou a aten\u00e7\u00e3o da tela. Lugares permanecem. Instantes se exilam.<\/p>\n<p data-start=\"1640\" data-end=\"2110\">No amor isso se torna ainda mais fundo, porque amar de verdade deixa m\u00f3veis invis\u00edveis por onde passa. Uma casa onde se amou intensamente nunca volta a ser apenas uma casa. O corredor recorda passos apressados, a cozinha preserva risos entre panelas e distra\u00e7\u00f5es, o quarto conhece promessas que ningu\u00e9m mais pronunciou, a sala guarda discuss\u00f5es que pareciam o fim e eram apenas medo. Mesmo vazia, uma resid\u00eancia assim continua habitada por vozes que s\u00f3 a mem\u00f3ria escuta.<\/p>\n<p data-start=\"2112\" data-end=\"2573\">Tamb\u00e9m d\u00f3i regressar aos lugares onde fomos felizes antes de sabermos o nome da felicidade. A rua da inf\u00e2ncia, por exemplo, com seus muros menores do que lembr\u00e1vamos, suas \u00e1rvores menos gigantes, suas tardes agora silenciosas. O campo improvisado onde meninos disputavam gl\u00f3rias de barro. A padaria que perfumava manh\u00e3s inteiras. A escola onde sofremos, rimos, sonhamos grande sem possuir nada. O passado tem essa ironia, diminui cen\u00e1rios e aumenta sentimentos.<\/p>\n<p data-start=\"2575\" data-end=\"3039\">Muitos pensam que sofremos por causa das pessoas que perdemos. Nem sempre. Em certas ocasi\u00f5es, sofremos pelos lugares que ficaram carregando aquilo que n\u00e3o pudemos levar. Uma esta\u00e7\u00e3o guarda despedidas. Um hospital conserva o eco de not\u00edcias que dividiram vidas em antes e depois. Uma igreja protege l\u00e1grimas discretas entre bancos de madeira. Um quarto antigo segura, em sil\u00eancio, a \u00faltima noite de algu\u00e9m que partiu. Existem paredes mais fi\u00e9is do que muita gente.<\/p>\n<p data-start=\"3041\" data-end=\"3402\">Talvez por isso tantos evitam retornar. N\u00e3o temem a rua, temem o espelho. Sabem que cada lugar antigo possui o talento de revelar dist\u00e2ncias. Mostra-nos quanto mudamos, quanto endurecemos, quanto esquecemos, quanto sobrevivemos. Mostra tamb\u00e9m que certas alegrias n\u00e3o morreram por completo, apenas mudaram de endere\u00e7o e passaram a morar dentro de uma dor serena.<\/p>\n<p data-start=\"3404\" data-end=\"3733\">Ainda assim, voltar pode ser necess\u00e1rio. Nem sempre para reviver, muitas vezes para compreender. Certos caminhos s\u00f3 encerram sua tarefa quando pisados outra vez. Certas portas s\u00f3 se fecham de verdade quando tocadas pela \u00faltima vez. Certos amores s\u00f3 terminam quando revisitamos o cen\u00e1rio e percebemos que j\u00e1 n\u00e3o esperamos ningu\u00e9m.<\/p>\n<p data-start=\"3735\" data-end=\"4021\" data-is-last-node=\"\" data-is-only-node=\"\">Nada d\u00f3i em sil\u00eancio como um lugar do passado. Ele n\u00e3o acusa, n\u00e3o cobra, n\u00e3o implora. Apenas permanece. E ao permanecer, nos obriga a admitir que a vida seguiu adiante, enquanto uma parte de n\u00f3s ficou sentada ali, olhando a rua, esperando inutilmente que o tempo voltasse para busc\u00e1-la.<\/p>\n","protected":false},"excerpt":{"rendered":"<p>Por Fl\u00e1vio Chaves \u2013 Jornalista, poeta, escritor e membro da Academia Pernambucana de Letras. Foi Delegado Federal\/Minc\u00a0 \u2013\u00a0 \u00a0Certos endere\u00e7os permanecem no mundo apenas para nos ferir com delicadeza. Passamos anos sem pensar neles, ocupados pelas urg\u00eancias da vida, pelos boletos, pelas not\u00edcias, pelas pequenas batalhas de cada semana, e de repente uma esquina reaparece, [&hellip;]<\/p>\n","protected":false},"author":1,"featured_media":3087,"comment_status":"open","ping_status":"open","sticky":false,"template":"","format":"standard","meta":{"footnotes":"","jetpack_publicize_message":"","jetpack_publicize_feature_enabled":true,"jetpack_social_post_already_shared":true,"jetpack_social_options":{"image_generator_settings":{"template":"highway","default_image_id":0,"font":"","enabled":false},"version":2}},"categories":[1,35,46],"tags":[],"class_list":["post-3434","post","type-post","status-publish","format-standard","has-post-thumbnail","hentry","category-https-gazetapernambucana-com-page_id225","category-https-gazetapernambucana-com-page_id218","category-literatura"],"yoast_head":"<!-- This site is optimized with the Yoast SEO plugin v24.5 - https:\/\/yoast.com\/wordpress\/plugins\/seo\/ -->\n<title>Nada d\u00f3i em sil\u00eancio como um lugar do passado. Por Fl\u00e1vio Chaves -<\/title>\n<meta name=\"robots\" content=\"index, follow, max-snippet:-1, max-image-preview:large, max-video-preview:-1\" \/>\n<link rel=\"canonical\" href=\"https:\/\/gazetapernambucana.com\/?p=3434\" \/>\n<meta property=\"og:locale\" content=\"pt_BR\" \/>\n<meta property=\"og:type\" content=\"article\" \/>\n<meta property=\"og:title\" content=\"Nada d\u00f3i em sil\u00eancio como um lugar do passado. Por Fl\u00e1vio Chaves -\" \/>\n<meta property=\"og:description\" content=\"Por Fl\u00e1vio Chaves \u2013 Jornalista, poeta, escritor e membro da Academia Pernambucana de Letras. Foi Delegado Federal\/Minc\u00a0 \u2013\u00a0 \u00a0Certos endere\u00e7os permanecem no mundo apenas para nos ferir com delicadeza. Passamos anos sem pensar neles, ocupados pelas urg\u00eancias da vida, pelos boletos, pelas not\u00edcias, pelas pequenas batalhas de cada semana, e de repente uma esquina reaparece, [&hellip;]\" \/>\n<meta property=\"og:url\" content=\"https:\/\/gazetapernambucana.com\/?p=3434\" \/>\n<meta property=\"article:published_time\" content=\"2026-04-29T01:26:26+00:00\" \/>\n<meta property=\"og:image\" content=\"http:\/\/gazetapernambucana.com\/wp-content\/uploads\/2026\/03\/FLAVIO-CHAVES-1sdsds-1-1.jpg\" \/>\n\t<meta property=\"og:image:width\" content=\"827\" \/>\n\t<meta property=\"og:image:height\" content=\"1272\" \/>\n\t<meta property=\"og:image:type\" content=\"image\/jpeg\" \/>\n<meta name=\"author\" content=\"GP\" \/>\n<meta name=\"twitter:card\" content=\"summary_large_image\" \/>\n<meta name=\"twitter:label1\" content=\"Escrito por\" \/>\n\t<meta name=\"twitter:data1\" content=\"GP\" \/>\n\t<meta name=\"twitter:label2\" content=\"Est. tempo de leitura\" \/>\n\t<meta name=\"twitter:data2\" content=\"4 minutos\" \/>\n<script type=\"application\/ld+json\" class=\"yoast-schema-graph\">{\"@context\":\"https:\/\/schema.org\",\"@graph\":[{\"@type\":\"WebPage\",\"@id\":\"https:\/\/gazetapernambucana.com\/?p=3434\",\"url\":\"https:\/\/gazetapernambucana.com\/?p=3434\",\"name\":\"Nada d\u00f3i em sil\u00eancio como um lugar do passado. Por Fl\u00e1vio Chaves -\",\"isPartOf\":{\"@id\":\"https:\/\/gazetapernambucana.com\/#website\"},\"primaryImageOfPage\":{\"@id\":\"https:\/\/gazetapernambucana.com\/?p=3434#primaryimage\"},\"image\":{\"@id\":\"https:\/\/gazetapernambucana.com\/?p=3434#primaryimage\"},\"thumbnailUrl\":\"https:\/\/gazetapernambucana.com\/wp-content\/uploads\/2026\/03\/FLAVIO-CHAVES-1sdsds-1-1.jpg\",\"datePublished\":\"2026-04-29T01:26:26+00:00\",\"author\":{\"@id\":\"https:\/\/gazetapernambucana.com\/#\/schema\/person\/188dc283325181ac2de4db1e9e987427\"},\"breadcrumb\":{\"@id\":\"https:\/\/gazetapernambucana.com\/?p=3434#breadcrumb\"},\"inLanguage\":\"pt-BR\",\"potentialAction\":[{\"@type\":\"ReadAction\",\"target\":[\"https:\/\/gazetapernambucana.com\/?p=3434\"]}]},{\"@type\":\"ImageObject\",\"inLanguage\":\"pt-BR\",\"@id\":\"https:\/\/gazetapernambucana.com\/?p=3434#primaryimage\",\"url\":\"https:\/\/gazetapernambucana.com\/wp-content\/uploads\/2026\/03\/FLAVIO-CHAVES-1sdsds-1-1.jpg\",\"contentUrl\":\"https:\/\/gazetapernambucana.com\/wp-content\/uploads\/2026\/03\/FLAVIO-CHAVES-1sdsds-1-1.jpg\",\"width\":827,\"height\":1272},{\"@type\":\"BreadcrumbList\",\"@id\":\"https:\/\/gazetapernambucana.com\/?p=3434#breadcrumb\",\"itemListElement\":[{\"@type\":\"ListItem\",\"position\":1,\"name\":\"In\u00edcio\",\"item\":\"https:\/\/gazetapernambucana.com\/\"},{\"@type\":\"ListItem\",\"position\":2,\"name\":\"Nada d\u00f3i em sil\u00eancio como um lugar do passado. Por Fl\u00e1vio Chaves\"}]},{\"@type\":\"WebSite\",\"@id\":\"https:\/\/gazetapernambucana.com\/#website\",\"url\":\"https:\/\/gazetapernambucana.com\/\",\"name\":\"\",\"description\":\"\",\"potentialAction\":[{\"@type\":\"SearchAction\",\"target\":{\"@type\":\"EntryPoint\",\"urlTemplate\":\"https:\/\/gazetapernambucana.com\/?s={search_term_string}\"},\"query-input\":{\"@type\":\"PropertyValueSpecification\",\"valueRequired\":true,\"valueName\":\"search_term_string\"}}],\"inLanguage\":\"pt-BR\"},{\"@type\":\"Person\",\"@id\":\"https:\/\/gazetapernambucana.com\/#\/schema\/person\/188dc283325181ac2de4db1e9e987427\",\"name\":\"GP\",\"image\":{\"@type\":\"ImageObject\",\"inLanguage\":\"pt-BR\",\"@id\":\"https:\/\/gazetapernambucana.com\/#\/schema\/person\/image\/\",\"url\":\"https:\/\/secure.gravatar.com\/avatar\/9dad78ff9a2d8b5742d11779f8a3f53b052320c550b2e1907882353c067bb111?s=96&d=mm&r=g\",\"contentUrl\":\"https:\/\/secure.gravatar.com\/avatar\/9dad78ff9a2d8b5742d11779f8a3f53b052320c550b2e1907882353c067bb111?s=96&d=mm&r=g\",\"caption\":\"GP\"},\"sameAs\":[\"http:\/\/gazetapernambucana.com\"],\"url\":\"https:\/\/gazetapernambucana.com\/?author=1\"}]}<\/script>\n<!-- \/ Yoast SEO plugin. -->","yoast_head_json":{"title":"Nada d\u00f3i em sil\u00eancio como um lugar do passado. Por Fl\u00e1vio Chaves -","robots":{"index":"index","follow":"follow","max-snippet":"max-snippet:-1","max-image-preview":"max-image-preview:large","max-video-preview":"max-video-preview:-1"},"canonical":"https:\/\/gazetapernambucana.com\/?p=3434","og_locale":"pt_BR","og_type":"article","og_title":"Nada d\u00f3i em sil\u00eancio como um lugar do passado. Por Fl\u00e1vio Chaves -","og_description":"Por Fl\u00e1vio Chaves \u2013 Jornalista, poeta, escritor e membro da Academia Pernambucana de Letras. Foi Delegado Federal\/Minc\u00a0 \u2013\u00a0 \u00a0Certos endere\u00e7os permanecem no mundo apenas para nos ferir com delicadeza. Passamos anos sem pensar neles, ocupados pelas urg\u00eancias da vida, pelos boletos, pelas not\u00edcias, pelas pequenas batalhas de cada semana, e de repente uma esquina reaparece, [&hellip;]","og_url":"https:\/\/gazetapernambucana.com\/?p=3434","article_published_time":"2026-04-29T01:26:26+00:00","og_image":[{"width":827,"height":1272,"url":"http:\/\/gazetapernambucana.com\/wp-content\/uploads\/2026\/03\/FLAVIO-CHAVES-1sdsds-1-1.jpg","type":"image\/jpeg"}],"author":"GP","twitter_card":"summary_large_image","twitter_misc":{"Escrito por":"GP","Est. tempo de leitura":"4 minutos"},"schema":{"@context":"https:\/\/schema.org","@graph":[{"@type":"WebPage","@id":"https:\/\/gazetapernambucana.com\/?p=3434","url":"https:\/\/gazetapernambucana.com\/?p=3434","name":"Nada d\u00f3i em sil\u00eancio como um lugar do passado. Por Fl\u00e1vio Chaves -","isPartOf":{"@id":"https:\/\/gazetapernambucana.com\/#website"},"primaryImageOfPage":{"@id":"https:\/\/gazetapernambucana.com\/?p=3434#primaryimage"},"image":{"@id":"https:\/\/gazetapernambucana.com\/?p=3434#primaryimage"},"thumbnailUrl":"https:\/\/gazetapernambucana.com\/wp-content\/uploads\/2026\/03\/FLAVIO-CHAVES-1sdsds-1-1.jpg","datePublished":"2026-04-29T01:26:26+00:00","author":{"@id":"https:\/\/gazetapernambucana.com\/#\/schema\/person\/188dc283325181ac2de4db1e9e987427"},"breadcrumb":{"@id":"https:\/\/gazetapernambucana.com\/?p=3434#breadcrumb"},"inLanguage":"pt-BR","potentialAction":[{"@type":"ReadAction","target":["https:\/\/gazetapernambucana.com\/?p=3434"]}]},{"@type":"ImageObject","inLanguage":"pt-BR","@id":"https:\/\/gazetapernambucana.com\/?p=3434#primaryimage","url":"https:\/\/gazetapernambucana.com\/wp-content\/uploads\/2026\/03\/FLAVIO-CHAVES-1sdsds-1-1.jpg","contentUrl":"https:\/\/gazetapernambucana.com\/wp-content\/uploads\/2026\/03\/FLAVIO-CHAVES-1sdsds-1-1.jpg","width":827,"height":1272},{"@type":"BreadcrumbList","@id":"https:\/\/gazetapernambucana.com\/?p=3434#breadcrumb","itemListElement":[{"@type":"ListItem","position":1,"name":"In\u00edcio","item":"https:\/\/gazetapernambucana.com\/"},{"@type":"ListItem","position":2,"name":"Nada d\u00f3i em sil\u00eancio como um lugar do passado. Por Fl\u00e1vio Chaves"}]},{"@type":"WebSite","@id":"https:\/\/gazetapernambucana.com\/#website","url":"https:\/\/gazetapernambucana.com\/","name":"","description":"","potentialAction":[{"@type":"SearchAction","target":{"@type":"EntryPoint","urlTemplate":"https:\/\/gazetapernambucana.com\/?s={search_term_string}"},"query-input":{"@type":"PropertyValueSpecification","valueRequired":true,"valueName":"search_term_string"}}],"inLanguage":"pt-BR"},{"@type":"Person","@id":"https:\/\/gazetapernambucana.com\/#\/schema\/person\/188dc283325181ac2de4db1e9e987427","name":"GP","image":{"@type":"ImageObject","inLanguage":"pt-BR","@id":"https:\/\/gazetapernambucana.com\/#\/schema\/person\/image\/","url":"https:\/\/secure.gravatar.com\/avatar\/9dad78ff9a2d8b5742d11779f8a3f53b052320c550b2e1907882353c067bb111?s=96&d=mm&r=g","contentUrl":"https:\/\/secure.gravatar.com\/avatar\/9dad78ff9a2d8b5742d11779f8a3f53b052320c550b2e1907882353c067bb111?s=96&d=mm&r=g","caption":"GP"},"sameAs":["http:\/\/gazetapernambucana.com"],"url":"https:\/\/gazetapernambucana.com\/?author=1"}]}},"jetpack_publicize_connections":[],"_links":{"self":[{"href":"https:\/\/gazetapernambucana.com\/index.php?rest_route=\/wp\/v2\/posts\/3434","targetHints":{"allow":["GET"]}}],"collection":[{"href":"https:\/\/gazetapernambucana.com\/index.php?rest_route=\/wp\/v2\/posts"}],"about":[{"href":"https:\/\/gazetapernambucana.com\/index.php?rest_route=\/wp\/v2\/types\/post"}],"author":[{"embeddable":true,"href":"https:\/\/gazetapernambucana.com\/index.php?rest_route=\/wp\/v2\/users\/1"}],"replies":[{"embeddable":true,"href":"https:\/\/gazetapernambucana.com\/index.php?rest_route=%2Fwp%2Fv2%2Fcomments&post=3434"}],"version-history":[{"count":1,"href":"https:\/\/gazetapernambucana.com\/index.php?rest_route=\/wp\/v2\/posts\/3434\/revisions"}],"predecessor-version":[{"id":3435,"href":"https:\/\/gazetapernambucana.com\/index.php?rest_route=\/wp\/v2\/posts\/3434\/revisions\/3435"}],"wp:featuredmedia":[{"embeddable":true,"href":"https:\/\/gazetapernambucana.com\/index.php?rest_route=\/wp\/v2\/media\/3087"}],"wp:attachment":[{"href":"https:\/\/gazetapernambucana.com\/index.php?rest_route=%2Fwp%2Fv2%2Fmedia&parent=3434"}],"wp:term":[{"taxonomy":"category","embeddable":true,"href":"https:\/\/gazetapernambucana.com\/index.php?rest_route=%2Fwp%2Fv2%2Fcategories&post=3434"},{"taxonomy":"post_tag","embeddable":true,"href":"https:\/\/gazetapernambucana.com\/index.php?rest_route=%2Fwp%2Fv2%2Ftags&post=3434"}],"curies":[{"name":"wp","href":"https:\/\/api.w.org\/{rel}","templated":true}]}}