{"id":3423,"date":"2026-04-26T17:56:51","date_gmt":"2026-04-26T20:56:51","guid":{"rendered":"https:\/\/gazetapernambucana.com\/?p=3423"},"modified":"2026-04-26T18:56:09","modified_gmt":"2026-04-26T21:56:09","slug":"a-cronica-domingueira-por-magno-martins-36","status":"publish","type":"post","link":"https:\/\/gazetapernambucana.com\/?p=3423","title":{"rendered":"A cr\u00f4nica domingueira. Por Magno Martins"},"content":{"rendered":"<div class=\"elementor-element elementor-element-7d2fc729 titulo-post elementor-widget elementor-widget-theme-post-title elementor-page-title elementor-widget-heading\" data-id=\"7d2fc729\" data-element_type=\"widget\" data-widget_type=\"theme-post-title.default\">\n<div class=\"elementor-widget-container\"><\/div>\n<\/div>\n<section class=\"elementor-section elementor-inner-section elementor-element elementor-element-7e25a070 elementor-section-boxed elementor-section-height-default elementor-section-height-default\" data-id=\"7e25a070\" data-element_type=\"section\">\n<div class=\"elementor-container elementor-column-gap-default\">\n<div class=\"elementor-column elementor-col-50 elementor-inner-column elementor-element elementor-element-24f401b5\" data-id=\"24f401b5\" data-element_type=\"column\">\n<div class=\"elementor-widget-wrap elementor-element-populated\">\n<div class=\"elementor-element elementor-element-6b34b66e elementor-share-buttons--view-icon elementor-share-buttons--skin-flat elementor-share-buttons--align-right elementor-share-buttons--shape-square elementor-grid-0 elementor-share-buttons--color-official elementor-widget elementor-widget-share-buttons\" data-id=\"6b34b66e\" data-element_type=\"widget\" data-settings=\"{&quot;share_url&quot;:{&quot;url&quot;:&quot;https:\\\/\\\/blogdomagno.com.br\\\/a-cronica-domingueira-78\\\/&quot;,&quot;is_external&quot;:&quot;&quot;,&quot;nofollow&quot;:&quot;&quot;,&quot;custom_attributes&quot;:&quot;&quot;}}\" data-widget_type=\"share-buttons.default\">\n<div class=\"elementor-widget-container\">\n<div class=\"elementor-grid\"><strong>Por Magno Martins \u2013 Jornalista, poeta e escritor \u2013\u00a0 <\/strong>A fome \u00e9 m\u00e1-conselheira, cresci ouvindo esta frase em tom de advert\u00eancia pelo bispo vermelho dom Francisco de Mesquita, chefe soberano da Igreja Cat\u00f3lica no Sert\u00e3o do Paje\u00fa por 40 anos, entre 1961 e 2001. Era visto e tratado como comunista. Batia sem piedade nos governos autorit\u00e1rios.<\/div>\n<\/div>\n<\/div>\n<\/div>\n<\/div>\n<\/div>\n<\/section>\n<div class=\"elementor-element elementor-element-746f5ae4 elementor-widget elementor-widget-theme-post-content\" data-id=\"746f5ae4\" data-element_type=\"widget\" data-widget_type=\"theme-post-content.default\">\n<div class=\"elementor-widget-container\">\n<div id=\"ub-expand-b202171d-9100-455a-bafc-ab9eedf1da77\" class=\"wp-block-ub-expand ub-expand\" data-scroll-type=\"false\" data-scroll-amount=\"\" data-scroll-target=\"\">\n<div id=\"ub-expand-partial-18842234-9a42-471b-9cfa-36ec87dd3aa0\" class=\"ub-expand-portion ub-expand-partial wp-block-ub-expand-portion\" aria-hidden=\"false\">\n<p>Combateu o bom combate numa \u00e9poca em que a seca dizimou almas pela fome, a desnutri\u00e7\u00e3o aguda. Lembrei-me dele ao receber o novo relat\u00f3rio mundial da fome. Conceituada agora de ins\u00a0 \u00a0eguran\u00e7a alimentar, a fome campeia. E mata! Em apenas dois anos, entre 2025 e 2026, chegou a 266 milh\u00f5es de pessoas, impulsionada por conflitos armados, chuvas, secas e instabilidade econ\u00f4mica.<\/p>\n<\/div>\n<div id=\"ub-expand-full-18842234-9a42-471b-9cfa-36ec87dd3aa0\" class=\"ub-expand-portion ub-expand-full wp-block-ub-expand-portion\" aria-hidden=\"false\">\n<p>Ainda se morre de fome no mundo, especialmente em pa\u00edses da \u00c1frica, como Sud\u00e3o, e na Faixa de Gaza, no Oriente M\u00e9dio, onde a crise humanit\u00e1ria agrava a situa\u00e7\u00e3o. A guerra \u00e9 o principal vetor, destruindo infraestruturas e for\u00e7ando deslocamentos (mais de 85 milh\u00f5es de pessoas deslocadas em zonas de crise). Cerca de 35,5 milh\u00f5es de crian\u00e7as sofreram desnutri\u00e7\u00e3o aguda em 2025, com quase 10 milh\u00f5es em estado severo.<\/p>\n<p><img loading=\"lazy\" decoding=\"async\" class=\"size-medium wp-image-3426 aligncenter\" src=\"http:\/\/gazetapernambucana.com\/wp-content\/uploads\/2026\/04\/WhatsApp-Image-2026-04-25-at-08.54.511-300x225.jpeg\" alt=\"\" width=\"300\" height=\"225\" srcset=\"https:\/\/gazetapernambucana.com\/wp-content\/uploads\/2026\/04\/WhatsApp-Image-2026-04-25-at-08.54.511-300x225.jpeg 300w, https:\/\/gazetapernambucana.com\/wp-content\/uploads\/2026\/04\/WhatsApp-Image-2026-04-25-at-08.54.511-768x575.jpeg 768w, https:\/\/gazetapernambucana.com\/wp-content\/uploads\/2026\/04\/WhatsApp-Image-2026-04-25-at-08.54.511.jpeg 800w\" sizes=\"auto, (max-width: 300px) 100vw, 300px\" \/><\/p>\n<p>A guerra no Oriente M\u00e9dio e outras tens\u00f5es elevam o custo de combust\u00edveis e fertilizantes, encarecendo alimentos. \u00c1frica (especialmente Sahel e chifre da \u00c1frica), Oriente M\u00e9dio e partes da \u00c1sia registram os cen\u00e1rios mais graves. A ONU alerta que a fome est\u00e1 sendo usada como arma de guerra e a meta de erradic\u00e1-la at\u00e9 2030 est\u00e1 cada vez mais distante.<\/p>\n<p>O Brasil saiu do Mapa da Fome da ONU, com redu\u00e7\u00e3o significativa da inseguran\u00e7a alimentar grave entre 2022 e 2024. Pesquisas indicam que, embora o Pa\u00eds tenha superado o n\u00edvel de desnutri\u00e7\u00e3o cr\u00f4nica, ainda existem 28,5 milh\u00f5es de almas vivas em algum n\u00edvel de inseguran\u00e7a alimentar (21,4 milh\u00f5es moderada e 7,1 milh\u00f5es grave).<\/p>\n<p>Nunca passei fome, gra\u00e7as a Deus. Crian\u00e7a no Sert\u00e3o das desigualdades de Dom Francisco, que fazia serm\u00f5es contra a fome na igreja e nos microfones da r\u00e1dio Paje\u00fa, n\u00e3o sabia o que era fome porque meus pais sempre trabalharam muito no com\u00e9rcio para nos proporcionar uma vida digna.<\/p>\n<p>Meu pai Gast\u00e3o Cerquinha, que se vivo fosse teria feito ontem 104 anos, chegou a se destacar entre os maiores e mais fartos comerciantes em Afogados da Ingazeira. Nunca deixou de proporcionar uma mesa farta a sua grande prole, nove filhos, todos vindos ao mundo em partos caseiros, de uma \u00fanica parteira, dona Dora Galv\u00e3o, uma m\u00e3o-santa.<\/p>\n<p>S\u00f3 senti mais tarde a assombra\u00e7\u00e3o da fome j\u00e1 no Recife, quando, estudante universit\u00e1rio, vivi de mesada, livrando-me dela em bandej\u00f5es universit\u00e1rios de p\u00e9ssima qualidade. Quando dizia que a fome \u00e9 m\u00e1-conselheira, dom Francisco expressava, sem papas na l\u00edngua, a forma mais sutil de est\u00edmulo aos saques \u00e0s feiras livres no Sert\u00e3o pelas ovelhas famintas que conduzia no campo e mais tarde tangidas para periferia, onde a fome \u00e9 mais perversa.<\/p>\n<p>Mais adiante, como jornalista, ouvi de Dom Francisco, eu j\u00e1 menino com cabelo na venta, numa entrevista de p\u00e1gina inteira ao Di\u00e1rio de Pernambuco, jornal que comecei como correspondente em Afogados da Ingazeira, que a melhor forma de escapar da morte pela fome era saquear. O bispo dizia isso para instigar o governo. Na defesa das suas ovelhas famintas era implac\u00e1vel com quem estava no poder. Por isso, metia medo, era assombra\u00e7\u00e3o.<\/p>\n<p>\u201cA \u00fanica coisa que mete medo em pol\u00edtico \u00e9 povo na rua\u201d, dizia o saudoso Ulysses Guimar\u00e3es, o Senhor Diretas, combatente do regime militar. Figura central na redemocratiza\u00e7\u00e3o do Brasil e na promulga\u00e7\u00e3o da Constitui\u00e7\u00e3o de 1988, Doutor Ulysses defendia que a mobiliza\u00e7\u00e3o social era a \u00fanica forma de evitar abusos de poder e privil\u00e9gios legislativos.<\/p>\n<p>A fome, que assombra o mundo mais uma vez, segundo o mais recente relat\u00f3rio da ONU, chega at\u00e9 n\u00f3s em imagens dolorosas pela TV, como vi na reportagem de Ilze Scamparini, no JN, reproduzindo imagens de gente esqu\u00e1lida, homens, mulheres e crian\u00e7as africanas.<\/p>\n<p>D\u00f3i mais do que a fome na barriga ver quem se ama sem ter o que comer. \u00c9 um grito mudo preso no peito. Um homem com fome n\u00e3o \u00e9 um homem livre, no conceito do bispo vermelho. Dom Francisco morreu em 2006. Deixou como legado o destemor ante poderosos na defesa do seu povo humilde e sedento.<\/p>\n<p>Quem j\u00e1 sentiu fome sempre sabe que se trata de um holocausto silencioso. Segundo Jos\u00e9 Saramago, autor do \u201cEnsaio sobre a cegueira\u201d, n\u00e3o \u00e9 a pornografia que \u00e9 obscena, \u00e9 a fome.<\/p>\n<p>Nenhum homem deveria sentar-se em paz \u00e0 mesa farta, sabendo que em algum lugar h\u00e1 um irm\u00e3o seu passando fome. A fome, por fim, transforma qualquer homem em ladr\u00e3o. Quem j\u00e1 sentiu a dor da fome sabe a alegria que algu\u00e9m sente ao receber uma doa\u00e7\u00e3o de alimento.<\/p>\n<p>Rachel de Queiroz, de \u201cO Quinze\u201d, tinha raz\u00e3o: \u201cFome demais tira o ju\u00edzo\u201d.<\/p>\n<\/div>\n<\/div>\n<\/div>\n<\/div>\n","protected":false},"excerpt":{"rendered":"<p>Por Magno Martins \u2013 Jornalista, poeta e escritor \u2013\u00a0 A fome \u00e9 m\u00e1-conselheira, cresci ouvindo esta frase em tom de advert\u00eancia pelo bispo vermelho dom Francisco de Mesquita, chefe soberano da Igreja Cat\u00f3lica no Sert\u00e3o do Paje\u00fa por 40 anos, entre 1961 e 2001. Era visto e tratado como comunista. Batia sem piedade nos governos [&hellip;]<\/p>\n","protected":false},"author":1,"featured_media":3424,"comment_status":"open","ping_status":"open","sticky":false,"template":"","format":"standard","meta":{"footnotes":"","jetpack_publicize_message":"","jetpack_publicize_feature_enabled":true,"jetpack_social_post_already_shared":true,"jetpack_social_options":{"image_generator_settings":{"template":"highway","default_image_id":0,"font":"","enabled":false},"version":2}},"categories":[1,35,46],"tags":[],"class_list":["post-3423","post","type-post","status-publish","format-standard","has-post-thumbnail","hentry","category-https-gazetapernambucana-com-page_id225","category-https-gazetapernambucana-com-page_id218","category-literatura"],"yoast_head":"<!-- This site is optimized with the Yoast SEO plugin v24.5 - https:\/\/yoast.com\/wordpress\/plugins\/seo\/ -->\n<title>A cr\u00f4nica domingueira. Por Magno Martins -<\/title>\n<meta name=\"robots\" content=\"index, follow, max-snippet:-1, max-image-preview:large, max-video-preview:-1\" \/>\n<link rel=\"canonical\" href=\"https:\/\/gazetapernambucana.com\/?p=3423\" \/>\n<meta property=\"og:locale\" content=\"pt_BR\" \/>\n<meta property=\"og:type\" content=\"article\" \/>\n<meta property=\"og:title\" content=\"A cr\u00f4nica domingueira. Por Magno Martins -\" \/>\n<meta property=\"og:description\" content=\"Por Magno Martins \u2013 Jornalista, poeta e escritor \u2013\u00a0 A fome \u00e9 m\u00e1-conselheira, cresci ouvindo esta frase em tom de advert\u00eancia pelo bispo vermelho dom Francisco de Mesquita, chefe soberano da Igreja Cat\u00f3lica no Sert\u00e3o do Paje\u00fa por 40 anos, entre 1961 e 2001. Era visto e tratado como comunista. Batia sem piedade nos governos [&hellip;]\" \/>\n<meta property=\"og:url\" content=\"https:\/\/gazetapernambucana.com\/?p=3423\" \/>\n<meta property=\"article:published_time\" content=\"2026-04-26T20:56:51+00:00\" \/>\n<meta property=\"article:modified_time\" content=\"2026-04-26T21:56:09+00:00\" \/>\n<meta property=\"og:image\" content=\"http:\/\/gazetapernambucana.com\/wp-content\/uploads\/2026\/04\/download-7-3.jpg\" \/>\n\t<meta property=\"og:image:width\" content=\"369\" \/>\n\t<meta property=\"og:image:height\" content=\"136\" \/>\n\t<meta property=\"og:image:type\" content=\"image\/jpeg\" \/>\n<meta name=\"author\" content=\"GP\" \/>\n<meta name=\"twitter:card\" content=\"summary_large_image\" \/>\n<meta name=\"twitter:label1\" content=\"Escrito por\" \/>\n\t<meta name=\"twitter:data1\" content=\"GP\" \/>\n\t<meta name=\"twitter:label2\" content=\"Est. tempo de leitura\" \/>\n\t<meta name=\"twitter:data2\" content=\"5 minutos\" \/>\n<script type=\"application\/ld+json\" class=\"yoast-schema-graph\">{\"@context\":\"https:\/\/schema.org\",\"@graph\":[{\"@type\":\"WebPage\",\"@id\":\"https:\/\/gazetapernambucana.com\/?p=3423\",\"url\":\"https:\/\/gazetapernambucana.com\/?p=3423\",\"name\":\"A cr\u00f4nica domingueira. Por Magno Martins -\",\"isPartOf\":{\"@id\":\"https:\/\/gazetapernambucana.com\/#website\"},\"primaryImageOfPage\":{\"@id\":\"https:\/\/gazetapernambucana.com\/?p=3423#primaryimage\"},\"image\":{\"@id\":\"https:\/\/gazetapernambucana.com\/?p=3423#primaryimage\"},\"thumbnailUrl\":\"https:\/\/gazetapernambucana.com\/wp-content\/uploads\/2026\/04\/download-7-3.jpg\",\"datePublished\":\"2026-04-26T20:56:51+00:00\",\"dateModified\":\"2026-04-26T21:56:09+00:00\",\"author\":{\"@id\":\"https:\/\/gazetapernambucana.com\/#\/schema\/person\/188dc283325181ac2de4db1e9e987427\"},\"breadcrumb\":{\"@id\":\"https:\/\/gazetapernambucana.com\/?p=3423#breadcrumb\"},\"inLanguage\":\"pt-BR\",\"potentialAction\":[{\"@type\":\"ReadAction\",\"target\":[\"https:\/\/gazetapernambucana.com\/?p=3423\"]}]},{\"@type\":\"ImageObject\",\"inLanguage\":\"pt-BR\",\"@id\":\"https:\/\/gazetapernambucana.com\/?p=3423#primaryimage\",\"url\":\"https:\/\/gazetapernambucana.com\/wp-content\/uploads\/2026\/04\/download-7-3.jpg\",\"contentUrl\":\"https:\/\/gazetapernambucana.com\/wp-content\/uploads\/2026\/04\/download-7-3.jpg\",\"width\":369,\"height\":136},{\"@type\":\"BreadcrumbList\",\"@id\":\"https:\/\/gazetapernambucana.com\/?p=3423#breadcrumb\",\"itemListElement\":[{\"@type\":\"ListItem\",\"position\":1,\"name\":\"In\u00edcio\",\"item\":\"https:\/\/gazetapernambucana.com\/\"},{\"@type\":\"ListItem\",\"position\":2,\"name\":\"A cr\u00f4nica domingueira. Por Magno Martins\"}]},{\"@type\":\"WebSite\",\"@id\":\"https:\/\/gazetapernambucana.com\/#website\",\"url\":\"https:\/\/gazetapernambucana.com\/\",\"name\":\"\",\"description\":\"\",\"potentialAction\":[{\"@type\":\"SearchAction\",\"target\":{\"@type\":\"EntryPoint\",\"urlTemplate\":\"https:\/\/gazetapernambucana.com\/?s={search_term_string}\"},\"query-input\":{\"@type\":\"PropertyValueSpecification\",\"valueRequired\":true,\"valueName\":\"search_term_string\"}}],\"inLanguage\":\"pt-BR\"},{\"@type\":\"Person\",\"@id\":\"https:\/\/gazetapernambucana.com\/#\/schema\/person\/188dc283325181ac2de4db1e9e987427\",\"name\":\"GP\",\"image\":{\"@type\":\"ImageObject\",\"inLanguage\":\"pt-BR\",\"@id\":\"https:\/\/gazetapernambucana.com\/#\/schema\/person\/image\/\",\"url\":\"https:\/\/secure.gravatar.com\/avatar\/9dad78ff9a2d8b5742d11779f8a3f53b052320c550b2e1907882353c067bb111?s=96&d=mm&r=g\",\"contentUrl\":\"https:\/\/secure.gravatar.com\/avatar\/9dad78ff9a2d8b5742d11779f8a3f53b052320c550b2e1907882353c067bb111?s=96&d=mm&r=g\",\"caption\":\"GP\"},\"sameAs\":[\"http:\/\/gazetapernambucana.com\"],\"url\":\"https:\/\/gazetapernambucana.com\/?author=1\"}]}<\/script>\n<!-- \/ Yoast SEO plugin. -->","yoast_head_json":{"title":"A cr\u00f4nica domingueira. Por Magno Martins -","robots":{"index":"index","follow":"follow","max-snippet":"max-snippet:-1","max-image-preview":"max-image-preview:large","max-video-preview":"max-video-preview:-1"},"canonical":"https:\/\/gazetapernambucana.com\/?p=3423","og_locale":"pt_BR","og_type":"article","og_title":"A cr\u00f4nica domingueira. Por Magno Martins -","og_description":"Por Magno Martins \u2013 Jornalista, poeta e escritor \u2013\u00a0 A fome \u00e9 m\u00e1-conselheira, cresci ouvindo esta frase em tom de advert\u00eancia pelo bispo vermelho dom Francisco de Mesquita, chefe soberano da Igreja Cat\u00f3lica no Sert\u00e3o do Paje\u00fa por 40 anos, entre 1961 e 2001. Era visto e tratado como comunista. Batia sem piedade nos governos [&hellip;]","og_url":"https:\/\/gazetapernambucana.com\/?p=3423","article_published_time":"2026-04-26T20:56:51+00:00","article_modified_time":"2026-04-26T21:56:09+00:00","og_image":[{"width":369,"height":136,"url":"http:\/\/gazetapernambucana.com\/wp-content\/uploads\/2026\/04\/download-7-3.jpg","type":"image\/jpeg"}],"author":"GP","twitter_card":"summary_large_image","twitter_misc":{"Escrito por":"GP","Est. tempo de leitura":"5 minutos"},"schema":{"@context":"https:\/\/schema.org","@graph":[{"@type":"WebPage","@id":"https:\/\/gazetapernambucana.com\/?p=3423","url":"https:\/\/gazetapernambucana.com\/?p=3423","name":"A cr\u00f4nica domingueira. Por Magno Martins -","isPartOf":{"@id":"https:\/\/gazetapernambucana.com\/#website"},"primaryImageOfPage":{"@id":"https:\/\/gazetapernambucana.com\/?p=3423#primaryimage"},"image":{"@id":"https:\/\/gazetapernambucana.com\/?p=3423#primaryimage"},"thumbnailUrl":"https:\/\/gazetapernambucana.com\/wp-content\/uploads\/2026\/04\/download-7-3.jpg","datePublished":"2026-04-26T20:56:51+00:00","dateModified":"2026-04-26T21:56:09+00:00","author":{"@id":"https:\/\/gazetapernambucana.com\/#\/schema\/person\/188dc283325181ac2de4db1e9e987427"},"breadcrumb":{"@id":"https:\/\/gazetapernambucana.com\/?p=3423#breadcrumb"},"inLanguage":"pt-BR","potentialAction":[{"@type":"ReadAction","target":["https:\/\/gazetapernambucana.com\/?p=3423"]}]},{"@type":"ImageObject","inLanguage":"pt-BR","@id":"https:\/\/gazetapernambucana.com\/?p=3423#primaryimage","url":"https:\/\/gazetapernambucana.com\/wp-content\/uploads\/2026\/04\/download-7-3.jpg","contentUrl":"https:\/\/gazetapernambucana.com\/wp-content\/uploads\/2026\/04\/download-7-3.jpg","width":369,"height":136},{"@type":"BreadcrumbList","@id":"https:\/\/gazetapernambucana.com\/?p=3423#breadcrumb","itemListElement":[{"@type":"ListItem","position":1,"name":"In\u00edcio","item":"https:\/\/gazetapernambucana.com\/"},{"@type":"ListItem","position":2,"name":"A cr\u00f4nica domingueira. Por Magno Martins"}]},{"@type":"WebSite","@id":"https:\/\/gazetapernambucana.com\/#website","url":"https:\/\/gazetapernambucana.com\/","name":"","description":"","potentialAction":[{"@type":"SearchAction","target":{"@type":"EntryPoint","urlTemplate":"https:\/\/gazetapernambucana.com\/?s={search_term_string}"},"query-input":{"@type":"PropertyValueSpecification","valueRequired":true,"valueName":"search_term_string"}}],"inLanguage":"pt-BR"},{"@type":"Person","@id":"https:\/\/gazetapernambucana.com\/#\/schema\/person\/188dc283325181ac2de4db1e9e987427","name":"GP","image":{"@type":"ImageObject","inLanguage":"pt-BR","@id":"https:\/\/gazetapernambucana.com\/#\/schema\/person\/image\/","url":"https:\/\/secure.gravatar.com\/avatar\/9dad78ff9a2d8b5742d11779f8a3f53b052320c550b2e1907882353c067bb111?s=96&d=mm&r=g","contentUrl":"https:\/\/secure.gravatar.com\/avatar\/9dad78ff9a2d8b5742d11779f8a3f53b052320c550b2e1907882353c067bb111?s=96&d=mm&r=g","caption":"GP"},"sameAs":["http:\/\/gazetapernambucana.com"],"url":"https:\/\/gazetapernambucana.com\/?author=1"}]}},"jetpack_publicize_connections":[],"_links":{"self":[{"href":"https:\/\/gazetapernambucana.com\/index.php?rest_route=\/wp\/v2\/posts\/3423","targetHints":{"allow":["GET"]}}],"collection":[{"href":"https:\/\/gazetapernambucana.com\/index.php?rest_route=\/wp\/v2\/posts"}],"about":[{"href":"https:\/\/gazetapernambucana.com\/index.php?rest_route=\/wp\/v2\/types\/post"}],"author":[{"embeddable":true,"href":"https:\/\/gazetapernambucana.com\/index.php?rest_route=\/wp\/v2\/users\/1"}],"replies":[{"embeddable":true,"href":"https:\/\/gazetapernambucana.com\/index.php?rest_route=%2Fwp%2Fv2%2Fcomments&post=3423"}],"version-history":[{"count":3,"href":"https:\/\/gazetapernambucana.com\/index.php?rest_route=\/wp\/v2\/posts\/3423\/revisions"}],"predecessor-version":[{"id":3428,"href":"https:\/\/gazetapernambucana.com\/index.php?rest_route=\/wp\/v2\/posts\/3423\/revisions\/3428"}],"wp:featuredmedia":[{"embeddable":true,"href":"https:\/\/gazetapernambucana.com\/index.php?rest_route=\/wp\/v2\/media\/3424"}],"wp:attachment":[{"href":"https:\/\/gazetapernambucana.com\/index.php?rest_route=%2Fwp%2Fv2%2Fmedia&parent=3423"}],"wp:term":[{"taxonomy":"category","embeddable":true,"href":"https:\/\/gazetapernambucana.com\/index.php?rest_route=%2Fwp%2Fv2%2Fcategories&post=3423"},{"taxonomy":"post_tag","embeddable":true,"href":"https:\/\/gazetapernambucana.com\/index.php?rest_route=%2Fwp%2Fv2%2Ftags&post=3423"}],"curies":[{"name":"wp","href":"https:\/\/api.w.org\/{rel}","templated":true}]}}