{"id":3040,"date":"2026-03-16T21:56:36","date_gmt":"2026-03-17T00:56:36","guid":{"rendered":"https:\/\/gazetapernambucana.com\/?p=3040"},"modified":"2026-03-16T21:56:36","modified_gmt":"2026-03-17T00:56:36","slug":"o-povo-mostrou-que-o-centro-do-recife-mesmo-abandonado-ainda-pulsa","status":"publish","type":"post","link":"https:\/\/gazetapernambucana.com\/?p=3040","title":{"rendered":"O povo mostrou que o centro do Recife, mesmo abandonado, ainda pulsa"},"content":{"rendered":"<p class=\"isSelectedEnd\">H\u00e1 noites em que uma cidade decide, por conta pr\u00f3pria, lembrar quem ela \u00e9. N\u00e3o por decreto, n\u00e3o por planejamento institucional, n\u00e3o por a\u00e7\u00e3o coordenada de gabinetes ou estrat\u00e9gias de marketing urbano. H\u00e1 noites em que a cidade simplesmente acontece, pulsa, respira e se reconhece viva no corpo do seu povo. Foi isso que se viu diante do Cinema S\u00e3o Luiz, no cora\u00e7\u00e3o do Recife, em uma dessas noites que n\u00e3o cabem apenas na mem\u00f3ria, mas que se transformam em marco, em s\u00edmbolo, em aviso.<\/p>\n<p class=\"isSelectedEnd\">O que aconteceu ali n\u00e3o foi apenas uma aglomera\u00e7\u00e3o festiva. Foi uma manifesta\u00e7\u00e3o espont\u00e2nea de pertencimento. Gente ocupando o espa\u00e7o p\u00fablico com alegria, m\u00fasica, entusiasmo e uma energia que h\u00e1 muito tempo parecia adormecida no imagin\u00e1rio urbano do centro hist\u00f3rico. N\u00e3o havia ali um projeto de revitaliza\u00e7\u00e3o oficial, nem uma grande estrutura estatal conduzindo o momento. Havia algo mais forte. Havia vida.<\/p>\n<p class=\"isSelectedEnd\">E esse talvez seja o ponto mais importante a ser compreendido com lucidez e coragem. O centro do Recife n\u00e3o est\u00e1 morto. Nunca esteve. O que existe \u00e9 um afastamento provocado, ao longo dos anos, por aus\u00eancia de gest\u00e3o, por falta de sensibilidade administrativa e por uma incapacidade persistente de entender que cidades hist\u00f3ricas n\u00e3o sobrevivem apenas de concreto restaurado, mas de presen\u00e7a humana, de circula\u00e7\u00e3o, de afeto e de identidade.<\/p>\n<p class=\"isSelectedEnd\">O esvaziamento do centro n\u00e3o \u00e9 um destino inevit\u00e1vel. \u00c9 resultado. Resultado de escolhas equivocadas, de prioridades deslocadas e, sobretudo, de uma vis\u00e3o p\u00fablica que, em muitos momentos, tratou o Recife mais como trampolim pol\u00edtico do que como um organismo vivo que exige cuidado cont\u00ednuo, compromisso e enraizamento. Faltou, em muitos per\u00edodos recentes, n\u00e3o apenas gest\u00e3o, mas v\u00ednculo verdadeiro com a hist\u00f3ria e com a alma da cidade.<\/p>\n<p class=\"isSelectedEnd\">E, no entanto, bastou uma noite. Bastou um encontro. Bastou que as pessoas voltassem.<\/p>\n<p class=\"isSelectedEnd\">O que se viu foi o Recife fervilhando bonito, com uma for\u00e7a que n\u00e3o dependeu do poder p\u00fablico para existir. Isso n\u00e3o significa negar a import\u00e2ncia da gest\u00e3o. Pelo contr\u00e1rio. Significa evidenciar que, quando h\u00e1 iniciativa, planejamento e vontade pol\u00edtica, o potencial de transforma\u00e7\u00e3o \u00e9 imenso. O que aconteceu diante do S\u00e3o Luiz n\u00e3o pode ser tratado como um epis\u00f3dio isolado ou folcl\u00f3rico. Ele deve ser lido como um diagn\u00f3stico vivo e incontest\u00e1vel.<\/p>\n<p class=\"isSelectedEnd\">H\u00e1 ali um recado claro. A cidade responde quando \u00e9 chamada. A popula\u00e7\u00e3o ocupa quando se sente convidada. O centro revive quando h\u00e1 motivo para estar nele.<\/p>\n<p class=\"isSelectedEnd\">E talvez, no meio de toda essa cena, tenha surgido algo ainda mais importante do que a pr\u00f3pria celebra\u00e7\u00e3o. Surgiu um raio de esperan\u00e7a. N\u00e3o uma esperan\u00e7a ing\u00eanua, imediata ou baseada em promessas vazias, mas uma esperan\u00e7a concreta, constru\u00edda a partir de evid\u00eancia. A evid\u00eancia de que o Recife tem for\u00e7a, tem mem\u00f3ria, tem identidade e, sobretudo, tem um povo que ainda deseja viver sua cidade.<\/p>\n<p class=\"isSelectedEnd\">Pode n\u00e3o ser agora. Pode n\u00e3o ser no tempo presente, ainda marcado por limita\u00e7\u00f5es e aus\u00eancias. Mas \u00e9 poss\u00edvel imaginar, com serenidade e vis\u00e3o, um novo ciclo a partir de 2029. Um ciclo conduzido por gente que conhe\u00e7a o Recife em profundidade, que compreenda suas camadas hist\u00f3ricas, que respeite seu patrim\u00f4nio e que, acima de tudo, ame a cidade sem trat\u00e1-la como degrau para projetos pessoais de poder.<\/p>\n<p class=\"isSelectedEnd\">O Recife n\u00e3o pode continuar sendo usado como passagem. Ele precisa voltar a ser destino.<\/p>\n<p class=\"isSelectedEnd\">O que se viu naquela noite tamb\u00e9m carrega um simbolismo que ultrapassa qualquer premia\u00e7\u00e3o, qualquer evento externo, qualquer expectativa que venha de fora. O reconhecimento mais importante n\u00e3o \u00e9 o que chega em forma de trof\u00e9u. \u00c9 aquele que nasce quando uma cidade olha para si mesma e percebe que continua viva, apesar de tudo.<\/p>\n<p class=\"isSelectedEnd\">Porque h\u00e1 algo que precisa ser dito com todas as letras e com toda a convic\u00e7\u00e3o. Uma cidade com hist\u00f3ria n\u00e3o se destr\u00f3i facilmente. Uma cidade com mem\u00f3ria n\u00e3o desaparece por abandono. Uma cidade que ainda \u00e9 amada pelo seu povo resiste, mesmo quando tentam silenci\u00e1-la.<\/p>\n<p class=\"isSelectedEnd\">O centro do Recife \u00e9 mais do que seus pr\u00e9dios. \u00c9 mais do que suas ruas. \u00c9 mais do que seu passado. Ele \u00e9 um espa\u00e7o de identidade coletiva, um territ\u00f3rio simb\u00f3lico onde gera\u00e7\u00f5es deixaram marcas que n\u00e3o podem ser apagadas por desinteresse, por descuido ou por qualquer tipo de interesse oculto.<\/p>\n<p class=\"isSelectedEnd\">O que aconteceu diante do Cinema S\u00e3o Luiz foi mais do que uma festa. Foi um lembrete. Um gesto coletivo dizendo que o Recife n\u00e3o aceita ser reduzido, n\u00e3o aceita ser esquecido e n\u00e3o aceita ser tratado como algo descart\u00e1vel.<\/p>\n<p class=\"isSelectedEnd\">O Recife continua vivo.<\/p>\n<p>E quando uma cidade continua viva dentro do seu povo, n\u00e3o h\u00e1 for\u00e7a capaz de destru\u00ed-la.<\/p>\n<p><strong>VEJA OS VIDEOS:<\/strong><\/p>\n<div style=\"width: 640px;\" class=\"wp-video\"><video class=\"wp-video-shortcode\" id=\"video-3040-1\" width=\"640\" height=\"1138\" preload=\"metadata\" controls=\"controls\"><source type=\"video\/mp4\" src=\"http:\/\/gazetapernambucana.com\/wp-content\/uploads\/2026\/03\/SnapInsta.to_AQPg_b8zOxNnANYptZMfT3oN7nG0Inq1FdbNT08EPbPhh6mXSSTKKCc_U4vILD-yNau7B308-shXmZke0C6vrG-V.mp4?_=1\" \/><a href=\"http:\/\/gazetapernambucana.com\/wp-content\/uploads\/2026\/03\/SnapInsta.to_AQPg_b8zOxNnANYptZMfT3oN7nG0Inq1FdbNT08EPbPhh6mXSSTKKCc_U4vILD-yNau7B308-shXmZke0C6vrG-V.mp4\">http:\/\/gazetapernambucana.com\/wp-content\/uploads\/2026\/03\/SnapInsta.to_AQPg_b8zOxNnANYptZMfT3oN7nG0Inq1FdbNT08EPbPhh6mXSSTKKCc_U4vILD-yNau7B308-shXmZke0C6vrG-V.mp4<\/a><\/video><\/div>\n<div style=\"width: 640px;\" class=\"wp-video\"><video class=\"wp-video-shortcode\" id=\"video-3040-2\" width=\"640\" height=\"1138\" preload=\"metadata\" controls=\"controls\"><source type=\"video\/mp4\" src=\"http:\/\/gazetapernambucana.com\/wp-content\/uploads\/2026\/03\/SnapInsta.to_AQO5bGN067H0uuZ8p0eZu4a2-HwQdK6p1TdmFsreIwkgp33AWE6kYwbNFva0iTDJywD4cEkAWnRhpFMlGoLL4p6y.mp4?_=2\" \/><a href=\"http:\/\/gazetapernambucana.com\/wp-content\/uploads\/2026\/03\/SnapInsta.to_AQO5bGN067H0uuZ8p0eZu4a2-HwQdK6p1TdmFsreIwkgp33AWE6kYwbNFva0iTDJywD4cEkAWnRhpFMlGoLL4p6y.mp4\">http:\/\/gazetapernambucana.com\/wp-content\/uploads\/2026\/03\/SnapInsta.to_AQO5bGN067H0uuZ8p0eZu4a2-HwQdK6p1TdmFsreIwkgp33AWE6kYwbNFva0iTDJywD4cEkAWnRhpFMlGoLL4p6y.mp4<\/a><\/video><\/div>\n<p>&nbsp;<\/p>\n","protected":false},"excerpt":{"rendered":"<p>H\u00e1 noites em que uma cidade decide, por conta pr\u00f3pria, lembrar quem ela \u00e9. N\u00e3o por decreto, n\u00e3o por planejamento institucional, n\u00e3o por a\u00e7\u00e3o coordenada de gabinetes ou estrat\u00e9gias de marketing urbano. H\u00e1 noites em que a cidade simplesmente acontece, pulsa, respira e se reconhece viva no corpo do seu povo. Foi isso que se [&hellip;]<\/p>\n","protected":false},"author":1,"featured_media":3041,"comment_status":"open","ping_status":"open","sticky":false,"template":"","format":"standard","meta":{"footnotes":"","jetpack_publicize_message":"","jetpack_publicize_feature_enabled":true,"jetpack_social_post_already_shared":true,"jetpack_social_options":{"image_generator_settings":{"template":"highway","default_image_id":0,"font":"","enabled":false},"version":2}},"categories":[66,1,35,65],"tags":[],"class_list":["post-3040","post","type-post","status-publish","format-standard","has-post-thumbnail","hentry","category-cidades","category-https-gazetapernambucana-com-page_id225","category-https-gazetapernambucana-com-page_id218","category-politica"],"yoast_head":"<!-- This site is optimized with the Yoast SEO plugin v24.5 - https:\/\/yoast.com\/wordpress\/plugins\/seo\/ -->\n<title>O povo mostrou que o centro do Recife, mesmo abandonado, ainda pulsa -<\/title>\n<meta name=\"robots\" content=\"index, follow, max-snippet:-1, max-image-preview:large, max-video-preview:-1\" \/>\n<link rel=\"canonical\" href=\"https:\/\/gazetapernambucana.com\/?p=3040\" \/>\n<meta property=\"og:locale\" content=\"pt_BR\" \/>\n<meta property=\"og:type\" content=\"article\" \/>\n<meta property=\"og:title\" content=\"O povo mostrou que o centro do Recife, mesmo abandonado, ainda pulsa -\" \/>\n<meta property=\"og:description\" content=\"H\u00e1 noites em que uma cidade decide, por conta pr\u00f3pria, lembrar quem ela \u00e9. N\u00e3o por decreto, n\u00e3o por planejamento institucional, n\u00e3o por a\u00e7\u00e3o coordenada de gabinetes ou estrat\u00e9gias de marketing urbano. H\u00e1 noites em que a cidade simplesmente acontece, pulsa, respira e se reconhece viva no corpo do seu povo. Foi isso que se [&hellip;]\" \/>\n<meta property=\"og:url\" content=\"https:\/\/gazetapernambucana.com\/?p=3040\" \/>\n<meta property=\"article:published_time\" content=\"2026-03-17T00:56:36+00:00\" \/>\n<meta property=\"og:image\" content=\"https:\/\/gazetapernambucana.com\/wp-content\/uploads\/2026\/03\/1_whatsapp-image-2026-03-15-at-21-12-40-65312424.webp\" \/>\n\t<meta property=\"og:image:width\" content=\"675\" \/>\n\t<meta property=\"og:image:height\" content=\"449\" \/>\n\t<meta property=\"og:image:type\" content=\"image\/webp\" \/>\n<meta name=\"author\" content=\"GP\" \/>\n<meta name=\"twitter:card\" content=\"summary_large_image\" \/>\n<meta name=\"twitter:label1\" content=\"Escrito por\" \/>\n\t<meta name=\"twitter:data1\" content=\"GP\" \/>\n\t<meta name=\"twitter:label2\" content=\"Est. tempo de leitura\" \/>\n\t<meta name=\"twitter:data2\" content=\"5 minutos\" \/>\n<script type=\"application\/ld+json\" class=\"yoast-schema-graph\">{\"@context\":\"https:\/\/schema.org\",\"@graph\":[{\"@type\":\"WebPage\",\"@id\":\"https:\/\/gazetapernambucana.com\/?p=3040\",\"url\":\"https:\/\/gazetapernambucana.com\/?p=3040\",\"name\":\"O povo mostrou que o centro do Recife, mesmo abandonado, ainda pulsa -\",\"isPartOf\":{\"@id\":\"https:\/\/gazetapernambucana.com\/#website\"},\"primaryImageOfPage\":{\"@id\":\"https:\/\/gazetapernambucana.com\/?p=3040#primaryimage\"},\"image\":{\"@id\":\"https:\/\/gazetapernambucana.com\/?p=3040#primaryimage\"},\"thumbnailUrl\":\"https:\/\/gazetapernambucana.com\/wp-content\/uploads\/2026\/03\/1_whatsapp-image-2026-03-15-at-21-12-40-65312424.webp\",\"datePublished\":\"2026-03-17T00:56:36+00:00\",\"author\":{\"@id\":\"https:\/\/gazetapernambucana.com\/#\/schema\/person\/188dc283325181ac2de4db1e9e987427\"},\"breadcrumb\":{\"@id\":\"https:\/\/gazetapernambucana.com\/?p=3040#breadcrumb\"},\"inLanguage\":\"pt-BR\",\"potentialAction\":[{\"@type\":\"ReadAction\",\"target\":[\"https:\/\/gazetapernambucana.com\/?p=3040\"]}]},{\"@type\":\"ImageObject\",\"inLanguage\":\"pt-BR\",\"@id\":\"https:\/\/gazetapernambucana.com\/?p=3040#primaryimage\",\"url\":\"https:\/\/gazetapernambucana.com\/wp-content\/uploads\/2026\/03\/1_whatsapp-image-2026-03-15-at-21-12-40-65312424.webp\",\"contentUrl\":\"https:\/\/gazetapernambucana.com\/wp-content\/uploads\/2026\/03\/1_whatsapp-image-2026-03-15-at-21-12-40-65312424.webp\",\"width\":675,\"height\":449},{\"@type\":\"BreadcrumbList\",\"@id\":\"https:\/\/gazetapernambucana.com\/?p=3040#breadcrumb\",\"itemListElement\":[{\"@type\":\"ListItem\",\"position\":1,\"name\":\"In\u00edcio\",\"item\":\"https:\/\/gazetapernambucana.com\/\"},{\"@type\":\"ListItem\",\"position\":2,\"name\":\"O povo mostrou que o centro do Recife, mesmo abandonado, ainda pulsa\"}]},{\"@type\":\"WebSite\",\"@id\":\"https:\/\/gazetapernambucana.com\/#website\",\"url\":\"https:\/\/gazetapernambucana.com\/\",\"name\":\"\",\"description\":\"\",\"potentialAction\":[{\"@type\":\"SearchAction\",\"target\":{\"@type\":\"EntryPoint\",\"urlTemplate\":\"https:\/\/gazetapernambucana.com\/?s={search_term_string}\"},\"query-input\":{\"@type\":\"PropertyValueSpecification\",\"valueRequired\":true,\"valueName\":\"search_term_string\"}}],\"inLanguage\":\"pt-BR\"},{\"@type\":\"Person\",\"@id\":\"https:\/\/gazetapernambucana.com\/#\/schema\/person\/188dc283325181ac2de4db1e9e987427\",\"name\":\"GP\",\"image\":{\"@type\":\"ImageObject\",\"inLanguage\":\"pt-BR\",\"@id\":\"https:\/\/gazetapernambucana.com\/#\/schema\/person\/image\/\",\"url\":\"https:\/\/secure.gravatar.com\/avatar\/9dad78ff9a2d8b5742d11779f8a3f53b052320c550b2e1907882353c067bb111?s=96&d=mm&r=g\",\"contentUrl\":\"https:\/\/secure.gravatar.com\/avatar\/9dad78ff9a2d8b5742d11779f8a3f53b052320c550b2e1907882353c067bb111?s=96&d=mm&r=g\",\"caption\":\"GP\"},\"sameAs\":[\"http:\/\/gazetapernambucana.com\"],\"url\":\"https:\/\/gazetapernambucana.com\/?author=1\"}]}<\/script>\n<!-- \/ Yoast SEO plugin. -->","yoast_head_json":{"title":"O povo mostrou que o centro do Recife, mesmo abandonado, ainda pulsa -","robots":{"index":"index","follow":"follow","max-snippet":"max-snippet:-1","max-image-preview":"max-image-preview:large","max-video-preview":"max-video-preview:-1"},"canonical":"https:\/\/gazetapernambucana.com\/?p=3040","og_locale":"pt_BR","og_type":"article","og_title":"O povo mostrou que o centro do Recife, mesmo abandonado, ainda pulsa -","og_description":"H\u00e1 noites em que uma cidade decide, por conta pr\u00f3pria, lembrar quem ela \u00e9. N\u00e3o por decreto, n\u00e3o por planejamento institucional, n\u00e3o por a\u00e7\u00e3o coordenada de gabinetes ou estrat\u00e9gias de marketing urbano. H\u00e1 noites em que a cidade simplesmente acontece, pulsa, respira e se reconhece viva no corpo do seu povo. Foi isso que se [&hellip;]","og_url":"https:\/\/gazetapernambucana.com\/?p=3040","article_published_time":"2026-03-17T00:56:36+00:00","og_image":[{"width":675,"height":449,"url":"https:\/\/gazetapernambucana.com\/wp-content\/uploads\/2026\/03\/1_whatsapp-image-2026-03-15-at-21-12-40-65312424.webp","type":"image\/webp"}],"author":"GP","twitter_card":"summary_large_image","twitter_misc":{"Escrito por":"GP","Est. tempo de leitura":"5 minutos"},"schema":{"@context":"https:\/\/schema.org","@graph":[{"@type":"WebPage","@id":"https:\/\/gazetapernambucana.com\/?p=3040","url":"https:\/\/gazetapernambucana.com\/?p=3040","name":"O povo mostrou que o centro do Recife, mesmo abandonado, ainda pulsa -","isPartOf":{"@id":"https:\/\/gazetapernambucana.com\/#website"},"primaryImageOfPage":{"@id":"https:\/\/gazetapernambucana.com\/?p=3040#primaryimage"},"image":{"@id":"https:\/\/gazetapernambucana.com\/?p=3040#primaryimage"},"thumbnailUrl":"https:\/\/gazetapernambucana.com\/wp-content\/uploads\/2026\/03\/1_whatsapp-image-2026-03-15-at-21-12-40-65312424.webp","datePublished":"2026-03-17T00:56:36+00:00","author":{"@id":"https:\/\/gazetapernambucana.com\/#\/schema\/person\/188dc283325181ac2de4db1e9e987427"},"breadcrumb":{"@id":"https:\/\/gazetapernambucana.com\/?p=3040#breadcrumb"},"inLanguage":"pt-BR","potentialAction":[{"@type":"ReadAction","target":["https:\/\/gazetapernambucana.com\/?p=3040"]}]},{"@type":"ImageObject","inLanguage":"pt-BR","@id":"https:\/\/gazetapernambucana.com\/?p=3040#primaryimage","url":"https:\/\/gazetapernambucana.com\/wp-content\/uploads\/2026\/03\/1_whatsapp-image-2026-03-15-at-21-12-40-65312424.webp","contentUrl":"https:\/\/gazetapernambucana.com\/wp-content\/uploads\/2026\/03\/1_whatsapp-image-2026-03-15-at-21-12-40-65312424.webp","width":675,"height":449},{"@type":"BreadcrumbList","@id":"https:\/\/gazetapernambucana.com\/?p=3040#breadcrumb","itemListElement":[{"@type":"ListItem","position":1,"name":"In\u00edcio","item":"https:\/\/gazetapernambucana.com\/"},{"@type":"ListItem","position":2,"name":"O povo mostrou que o centro do Recife, mesmo abandonado, ainda pulsa"}]},{"@type":"WebSite","@id":"https:\/\/gazetapernambucana.com\/#website","url":"https:\/\/gazetapernambucana.com\/","name":"","description":"","potentialAction":[{"@type":"SearchAction","target":{"@type":"EntryPoint","urlTemplate":"https:\/\/gazetapernambucana.com\/?s={search_term_string}"},"query-input":{"@type":"PropertyValueSpecification","valueRequired":true,"valueName":"search_term_string"}}],"inLanguage":"pt-BR"},{"@type":"Person","@id":"https:\/\/gazetapernambucana.com\/#\/schema\/person\/188dc283325181ac2de4db1e9e987427","name":"GP","image":{"@type":"ImageObject","inLanguage":"pt-BR","@id":"https:\/\/gazetapernambucana.com\/#\/schema\/person\/image\/","url":"https:\/\/secure.gravatar.com\/avatar\/9dad78ff9a2d8b5742d11779f8a3f53b052320c550b2e1907882353c067bb111?s=96&d=mm&r=g","contentUrl":"https:\/\/secure.gravatar.com\/avatar\/9dad78ff9a2d8b5742d11779f8a3f53b052320c550b2e1907882353c067bb111?s=96&d=mm&r=g","caption":"GP"},"sameAs":["http:\/\/gazetapernambucana.com"],"url":"https:\/\/gazetapernambucana.com\/?author=1"}]}},"jetpack_publicize_connections":[],"_links":{"self":[{"href":"https:\/\/gazetapernambucana.com\/index.php?rest_route=\/wp\/v2\/posts\/3040","targetHints":{"allow":["GET"]}}],"collection":[{"href":"https:\/\/gazetapernambucana.com\/index.php?rest_route=\/wp\/v2\/posts"}],"about":[{"href":"https:\/\/gazetapernambucana.com\/index.php?rest_route=\/wp\/v2\/types\/post"}],"author":[{"embeddable":true,"href":"https:\/\/gazetapernambucana.com\/index.php?rest_route=\/wp\/v2\/users\/1"}],"replies":[{"embeddable":true,"href":"https:\/\/gazetapernambucana.com\/index.php?rest_route=%2Fwp%2Fv2%2Fcomments&post=3040"}],"version-history":[{"count":1,"href":"https:\/\/gazetapernambucana.com\/index.php?rest_route=\/wp\/v2\/posts\/3040\/revisions"}],"predecessor-version":[{"id":3046,"href":"https:\/\/gazetapernambucana.com\/index.php?rest_route=\/wp\/v2\/posts\/3040\/revisions\/3046"}],"wp:featuredmedia":[{"embeddable":true,"href":"https:\/\/gazetapernambucana.com\/index.php?rest_route=\/wp\/v2\/media\/3041"}],"wp:attachment":[{"href":"https:\/\/gazetapernambucana.com\/index.php?rest_route=%2Fwp%2Fv2%2Fmedia&parent=3040"}],"wp:term":[{"taxonomy":"category","embeddable":true,"href":"https:\/\/gazetapernambucana.com\/index.php?rest_route=%2Fwp%2Fv2%2Fcategories&post=3040"},{"taxonomy":"post_tag","embeddable":true,"href":"https:\/\/gazetapernambucana.com\/index.php?rest_route=%2Fwp%2Fv2%2Ftags&post=3040"}],"curies":[{"name":"wp","href":"https:\/\/api.w.org\/{rel}","templated":true}]}}