{"id":3030,"date":"2026-03-15T16:42:10","date_gmt":"2026-03-15T19:42:10","guid":{"rendered":"https:\/\/gazetapernambucana.com\/?p=3030"},"modified":"2026-03-15T16:42:10","modified_gmt":"2026-03-15T19:42:10","slug":"jose-jorge-e-a-politica-como-vocacao-publica-por-flavio-chaves","status":"publish","type":"post","link":"https:\/\/gazetapernambucana.com\/?p=3030","title":{"rendered":"Jos\u00e9 Jorge e a pol\u00edtica como voca\u00e7\u00e3o p\u00fablica. Por Fl\u00e1vio Chaves"},"content":{"rendered":"<p data-start=\"498\" data-end=\"1144\"><strong>Por Fl\u00e1vio Chaves \u2013 Jornalista, poeta, escritor e membro da Academia Pernambucana de Letras. Foi Delegado Federal\/Minc\u00a0 \u2013\u00a0 <\/strong>Durante d\u00e9cadas, enquanto o Brasil atravessava mudan\u00e7as profundas em sua vida pol\u00edtica e institucional, um pernambucano de forma\u00e7\u00e3o t\u00e9cnica e temperamento sereno percorreu os caminhos da administra\u00e7\u00e3o p\u00fablica com discri\u00e7\u00e3o e firmeza. Deputado constituinte, senador da Rep\u00fablica, ministro de Estado e integrante do Tribunal de Contas da Uni\u00e3o, Jos\u00e9 Jorge de Vasconcelos Lima pertence a uma gera\u00e7\u00e3o de homens p\u00fablicos que ajudaram a construir os alicerces da democracia brasileira. Sua trajet\u00f3ria, marcada pela sobriedade e pela dedica\u00e7\u00e3o ao interesse p\u00fablico, agora ganha registro em uma obra que revisita epis\u00f3dios decisivos da pol\u00edtica nacional.<\/p>\n<hr data-start=\"1146\" data-end=\"1149\" \/>\n<p data-start=\"1151\" data-end=\"1346\">H\u00e1 biografias que contam apenas a hist\u00f3ria de um homem. Outras acabam revelando tamb\u00e9m o percurso de um pa\u00eds. A trajet\u00f3ria p\u00fablica de Jos\u00e9 Jorge de Vasconcelos Lima pertence a esse segundo grupo.<\/p>\n<p data-start=\"1348\" data-end=\"1644\">Engenheiro, professor, gestor p\u00fablico, deputado federal, senador, ministro de Estado e integrante do Tribunal de Contas da Uni\u00e3o, o pernambucano construiu ao longo de d\u00e9cadas uma carreira marcada pela sobriedade, pela capacidade administrativa e pelo compromisso com as institui\u00e7\u00f5es republicanas.<\/p>\n<p data-start=\"1646\" data-end=\"1906\">Essa caminhada agora ganha registro em livro organizado pelo jornalista \u00c2ngelo Castello Branco, obra que revisita epis\u00f3dios decisivos da vida pol\u00edtica brasileira e o papel desempenhado por Jos\u00e9 Jorge em momentos importantes da constru\u00e7\u00e3o institucional do pa\u00eds.<\/p>\n<p data-start=\"1908\" data-end=\"2248\">Mais do que narrar cargos ou mandatos, o trabalho resgata uma trajet\u00f3ria constru\u00edda com base na experi\u00eancia administrativa e no esp\u00edrito p\u00fablico. Ao percorrer diferentes etapas da vida pol\u00edtica nacional, a obra revela tamb\u00e9m um retrato da gera\u00e7\u00e3o de l\u00edderes que participou diretamente da consolida\u00e7\u00e3o democr\u00e1tica ap\u00f3s o per\u00edodo autorit\u00e1rio.<\/p>\n<p data-start=\"2250\" data-end=\"2625\">O lan\u00e7amento acontece em dois cen\u00e1rios que simbolizam a pr\u00f3pria hist\u00f3ria do ex-ministro. No Recife, cidade onde nasceram suas ra\u00edzes pol\u00edticas, a obra ser\u00e1 apresentada no dia 17 de mar\u00e7o na Academia Pernambucana de Letras. Em Bras\u00edlia, centro das grandes decis\u00f5es nacionais, o encontro com leitores est\u00e1 previsto para o dia 24 de mar\u00e7o na sede do Tribunal de Contas da Uni\u00e3o.<\/p>\n<p data-start=\"2627\" data-end=\"2764\">Os dois eventos representam mais que simples lan\u00e7amentos liter\u00e1rios. S\u00e3o encontros com a mem\u00f3ria de uma vida dedicada ao servi\u00e7o p\u00fablico.<\/p>\n<h1 data-section-id=\"175f1um\" data-start=\"2771\" data-end=\"2816\">Forma\u00e7\u00e3o e compromisso com a gest\u00e3o p\u00fablica<\/h1>\n<p data-start=\"2818\" data-end=\"3044\">Jos\u00e9 Jorge nasceu no Recife em 18 de novembro de 1944. Formou-se em engenharia mec\u00e2nica pela Universidade Federal de Pernambuco e ampliou seus estudos na \u00e1rea econ\u00f4mica e estat\u00edstica, com forma\u00e7\u00e3o acad\u00eamica tamb\u00e9m no exterior.<\/p>\n<p data-start=\"3046\" data-end=\"3246\">Desde cedo demonstrou interesse pelas quest\u00f5es administrativas e pelo funcionamento das pol\u00edticas p\u00fablicas. Essa forma\u00e7\u00e3o t\u00e9cnica moldaria sua vis\u00e3o de Estado e sua atua\u00e7\u00e3o pol\u00edtica ao longo dos anos.<\/p>\n<p data-start=\"3248\" data-end=\"3566\">Antes de alcan\u00e7ar proje\u00e7\u00e3o nacional, exerceu fun\u00e7\u00f5es importantes na administra\u00e7\u00e3o de Pernambuco. Foi secret\u00e1rio de Educa\u00e7\u00e3o e Cultura entre 1975 e 1979 e secret\u00e1rio de Habita\u00e7\u00e3o entre 1979 e 1982, participando de iniciativas voltadas \u00e0 amplia\u00e7\u00e3o de pol\u00edticas p\u00fablicas em \u00e1reas essenciais para o desenvolvimento social.<\/p>\n<p data-start=\"3568\" data-end=\"3733\">A experi\u00eancia na gest\u00e3o estadual consolidou a imagem de um administrador atento \u00e0 efici\u00eancia das pol\u00edticas p\u00fablicas e ao papel do planejamento na a\u00e7\u00e3o governamental.<\/p>\n<h1 data-section-id=\"ldzwx1\" data-start=\"3740\" data-end=\"3783\">A longa experi\u00eancia no Congresso Nacional<\/h1>\n<p data-start=\"3785\" data-end=\"4043\">A entrada na C\u00e2mara dos Deputados marcou o in\u00edcio de uma nova etapa em sua trajet\u00f3ria. Eleito deputado federal por Pernambuco, Jos\u00e9 Jorge exerceu quatro mandatos consecutivos e participou de um per\u00edodo especialmente relevante da hist\u00f3ria pol\u00edtica brasileira.<\/p>\n<p data-start=\"4045\" data-end=\"4195\">Foi integrante da Assembleia Nacional Constituinte respons\u00e1vel pela elabora\u00e7\u00e3o da Constitui\u00e7\u00e3o de 1988, marco fundamental da redemocratiza\u00e7\u00e3o do pa\u00eds.<\/p>\n<p data-start=\"4197\" data-end=\"4445\">Durante sua atua\u00e7\u00e3o parlamentar, participou de debates centrais sobre educa\u00e7\u00e3o, desenvolvimento econ\u00f4mico e moderniza\u00e7\u00e3o do Estado. Seu perfil sempre esteve associado \u00e0 reflex\u00e3o t\u00e9cnica e \u00e0 busca de solu\u00e7\u00f5es institucionais para os desafios do pa\u00eds.<\/p>\n<p data-start=\"4447\" data-end=\"4597\">Em 1998 foi eleito senador da Rep\u00fablica por Pernambuco. No Senado ampliou sua participa\u00e7\u00e3o em temas estruturais do funcionamento do Estado brasileiro.<\/p>\n<p data-start=\"4599\" data-end=\"4843\">Entre os trabalhos mais importantes desse per\u00edodo est\u00e1 sua participa\u00e7\u00e3o na relatoria da reforma do Poder Judici\u00e1rio, proposta que resultou na Emenda Constitucional n\u00famero 45 e introduziu mudan\u00e7as relevantes na organiza\u00e7\u00e3o da Justi\u00e7a brasileira.<\/p>\n<h1 data-section-id=\"1pqho3m\" data-start=\"4850\" data-end=\"4894\">No comando da pol\u00edtica energ\u00e9tica nacional<\/h1>\n<p data-start=\"4896\" data-end=\"5131\">A experi\u00eancia acumulada no Legislativo levou Jos\u00e9 Jorge ao Executivo federal. Durante o governo do presidente Fernando Henrique Cardoso assumiu o Minist\u00e9rio de Minas e Energia, uma das pastas mais estrat\u00e9gicas da administra\u00e7\u00e3o p\u00fablica.<\/p>\n<p data-start=\"5133\" data-end=\"5341\">O per\u00edodo foi marcado por desafios significativos no setor el\u00e9trico brasileiro. O pa\u00eds enfrentava dificuldades decorrentes de fatores clim\u00e1ticos e estruturais que pressionavam o sistema de gera\u00e7\u00e3o de energia.<\/p>\n<p data-start=\"5343\" data-end=\"5531\">Nesse cen\u00e1rio, o minist\u00e9rio participou da formula\u00e7\u00e3o de pol\u00edticas voltadas \u00e0 moderniza\u00e7\u00e3o do setor e \u00e0 busca de solu\u00e7\u00f5es capazes de garantir seguran\u00e7a no abastecimento energ\u00e9tico nacional.<\/p>\n<p data-start=\"5533\" data-end=\"5738\">A atua\u00e7\u00e3o de Jos\u00e9 Jorge foi pautada pela busca de solu\u00e7\u00f5es t\u00e9cnicas e pela articula\u00e7\u00e3o entre diferentes \u00e1reas do governo, sempre com o objetivo de preservar a estabilidade do sistema energ\u00e9tico brasileiro.<\/p>\n<h1 data-section-id=\"esq59h\" data-start=\"5745\" data-end=\"5800\">A miss\u00e3o institucional no Tribunal de Contas da Uni\u00e3o<\/h1>\n<p data-start=\"5802\" data-end=\"5940\">Depois de d\u00e9cadas de atua\u00e7\u00e3o no Legislativo e no Executivo, Jos\u00e9 Jorge assumiu em 2009 o cargo de ministro do Tribunal de Contas da Uni\u00e3o.<\/p>\n<p data-start=\"5942\" data-end=\"6115\">A corte \u00e9 respons\u00e1vel pela fiscaliza\u00e7\u00e3o da aplica\u00e7\u00e3o dos recursos p\u00fablicos federais e exerce papel essencial na defesa da transpar\u00eancia e da responsabilidade administrativa.<\/p>\n<p data-start=\"6117\" data-end=\"6277\">Durante sua passagem pelo tribunal, participou de julgamentos e an\u00e1lises que contribu\u00edram para o fortalecimento dos mecanismos de controle do Estado brasileiro.<\/p>\n<p data-start=\"6279\" data-end=\"6467\">Sua atua\u00e7\u00e3o refor\u00e7ou uma reputa\u00e7\u00e3o constru\u00edda ao longo de toda a vida p\u00fablica. A de um homem comprometido com o funcionamento das institui\u00e7\u00f5es e com a integridade da administra\u00e7\u00e3o p\u00fablica.<\/p>\n<h1 data-section-id=\"10801r8\" data-start=\"6474\" data-end=\"6515\">Mem\u00f3ria pol\u00edtica e legado institucional<\/h1>\n<p data-start=\"6517\" data-end=\"6697\">O livro organizado pelo jornalista \u00c2ngelo Castello Branco re\u00fane epis\u00f3dios, mem\u00f3rias e reflex\u00f5es que ajudam a compreender os bastidores de decis\u00f5es importantes da pol\u00edtica nacional.<\/p>\n<p data-start=\"6699\" data-end=\"6867\">A obra tamb\u00e9m oferece ao leitor uma perspectiva sobre a atua\u00e7\u00e3o de uma gera\u00e7\u00e3o de homens p\u00fablicos que participaram diretamente da consolida\u00e7\u00e3o da democracia brasileira.<\/p>\n<p data-start=\"6869\" data-end=\"7149\">Engenheiro, professor universit\u00e1rio, secret\u00e1rio de Estado, deputado federal, senador, ministro e integrante do Tribunal de Contas da Uni\u00e3o, Jos\u00e9 Jorge percorreu diferentes dimens\u00f5es da vida p\u00fablica mantendo uma reputa\u00e7\u00e3o marcada pela seriedade e pela dedica\u00e7\u00e3o ao servi\u00e7o p\u00fablico.<\/p>\n<p data-start=\"7151\" data-end=\"7325\">Sua trajet\u00f3ria demonstra que a pol\u00edtica pode ser exercida como voca\u00e7\u00e3o republicana, sustentada pela responsabilidade institucional e pelo compromisso com o interesse p\u00fablico.<\/p>\n<p data-start=\"7327\" data-end=\"7482\">Ao registrar essa caminhada, a obra preserva n\u00e3o apenas a mem\u00f3ria de uma carreira pol\u00edtica, mas tamb\u00e9m cap\u00edtulos importantes da hist\u00f3ria recente do Brasil.<\/p>\n<h2 data-section-id=\"82zbii\" data-start=\"7728\" data-end=\"7748\">Quem \u00e9 Jos\u00e9 Jorge<\/h2>\n<p data-start=\"7750\" data-end=\"7968\">Jos\u00e9 Jorge de Vasconcelos Lima nasceu no Recife em 18 de novembro de 1944. Engenheiro mec\u00e2nico formado pela Universidade Federal de Pernambuco, construiu uma das mais respeitadas trajet\u00f3rias da vida p\u00fablica brasileira.<\/p>\n<p data-start=\"7970\" data-end=\"8170\">Foi secret\u00e1rio estadual de Educa\u00e7\u00e3o e Cultura e secret\u00e1rio de Habita\u00e7\u00e3o em Pernambuco. No plano nacional exerceu quatro mandatos como deputado federal e posteriormente foi eleito senador da Rep\u00fablica.<\/p>\n<p data-start=\"8172\" data-end=\"8386\">Durante o governo do presidente Fernando Henrique Cardoso assumiu o Minist\u00e9rio de Minas e Energia. Em 2009 tornou-se ministro do Tribunal de Contas da Uni\u00e3o, onde atuou na fiscaliza\u00e7\u00e3o das contas p\u00fablicas federais.<\/p>\n<h1 data-section-id=\"1m7uomt\" data-start=\"8393\" data-end=\"8404\">SERVI\u00c7O<\/h1>\n<h2 data-section-id=\"1ibo53a\" data-start=\"8405\" data-end=\"8426\">Lan\u00e7amento da obra<\/h2>\n<p data-start=\"8428\" data-end=\"8484\">Recife<br data-start=\"8434\" data-end=\"8437\" \/>17 de mar\u00e7o<br data-start=\"8448\" data-end=\"8451\" \/>Academia Pernambucana de Letras<\/p>\n<p data-start=\"8486\" data-end=\"8538\">Bras\u00edlia<br data-start=\"8494\" data-end=\"8497\" \/>24 de mar\u00e7o<br data-start=\"8508\" data-end=\"8511\" \/>Tribunal de Contas da Uni\u00e3o<\/p>\n","protected":false},"excerpt":{"rendered":"<p>Por Fl\u00e1vio Chaves \u2013 Jornalista, poeta, escritor e membro da Academia Pernambucana de Letras. Foi Delegado Federal\/Minc\u00a0 \u2013\u00a0 Durante d\u00e9cadas, enquanto o Brasil atravessava mudan\u00e7as profundas em sua vida pol\u00edtica e institucional, um pernambucano de forma\u00e7\u00e3o t\u00e9cnica e temperamento sereno percorreu os caminhos da administra\u00e7\u00e3o p\u00fablica com discri\u00e7\u00e3o e firmeza. Deputado constituinte, senador da Rep\u00fablica, [&hellip;]<\/p>\n","protected":false},"author":1,"featured_media":3031,"comment_status":"open","ping_status":"open","sticky":false,"template":"","format":"standard","meta":{"footnotes":"","jetpack_publicize_message":"","jetpack_publicize_feature_enabled":true,"jetpack_social_post_already_shared":true,"jetpack_social_options":{"image_generator_settings":{"template":"highway","default_image_id":0,"font":"","enabled":false},"version":2}},"categories":[37,1,35,65],"tags":[],"class_list":["post-3030","post","type-post","status-publish","format-standard","has-post-thumbnail","hentry","category-https-gazetapernambucana-com-page_id212","category-https-gazetapernambucana-com-page_id225","category-https-gazetapernambucana-com-page_id218","category-politica"],"yoast_head":"<!-- This site is optimized with the Yoast SEO plugin v24.5 - https:\/\/yoast.com\/wordpress\/plugins\/seo\/ -->\n<title>Jos\u00e9 Jorge e a pol\u00edtica como voca\u00e7\u00e3o p\u00fablica. Por Fl\u00e1vio Chaves -<\/title>\n<meta name=\"robots\" content=\"index, follow, max-snippet:-1, max-image-preview:large, max-video-preview:-1\" \/>\n<link rel=\"canonical\" href=\"https:\/\/gazetapernambucana.com\/?p=3030\" \/>\n<meta property=\"og:locale\" content=\"pt_BR\" \/>\n<meta property=\"og:type\" content=\"article\" \/>\n<meta property=\"og:title\" content=\"Jos\u00e9 Jorge e a pol\u00edtica como voca\u00e7\u00e3o p\u00fablica. Por Fl\u00e1vio Chaves -\" \/>\n<meta property=\"og:description\" content=\"Por Fl\u00e1vio Chaves \u2013 Jornalista, poeta, escritor e membro da Academia Pernambucana de Letras. Foi Delegado Federal\/Minc\u00a0 \u2013\u00a0 Durante d\u00e9cadas, enquanto o Brasil atravessava mudan\u00e7as profundas em sua vida pol\u00edtica e institucional, um pernambucano de forma\u00e7\u00e3o t\u00e9cnica e temperamento sereno percorreu os caminhos da administra\u00e7\u00e3o p\u00fablica com discri\u00e7\u00e3o e firmeza. Deputado constituinte, senador da Rep\u00fablica, [&hellip;]\" \/>\n<meta property=\"og:url\" content=\"https:\/\/gazetapernambucana.com\/?p=3030\" \/>\n<meta property=\"article:published_time\" content=\"2026-03-15T19:42:10+00:00\" \/>\n<meta property=\"og:image\" content=\"https:\/\/gazetapernambucana.com\/wp-content\/uploads\/2026\/03\/5ge4OYYf6YV8Ebx4uz8SdCnEdZ1LTryL_wz8So6Kn8rHFChIdgte8rWwEdzxeU9T9LG7UtsrDDswC8r4YKJ_dkU-8mX2ULuXA91MZMbpJcpoXXcZmTe9Aws8qr6QCfxnUWKFTDND0oKeuEUOjX0n8w.jpg\" \/>\n\t<meta property=\"og:image:width\" content=\"222\" \/>\n\t<meta property=\"og:image:height\" content=\"227\" \/>\n\t<meta property=\"og:image:type\" content=\"image\/jpeg\" \/>\n<meta name=\"author\" content=\"GP\" \/>\n<meta name=\"twitter:card\" content=\"summary_large_image\" \/>\n<meta name=\"twitter:label1\" content=\"Escrito por\" \/>\n\t<meta name=\"twitter:data1\" content=\"GP\" \/>\n\t<meta name=\"twitter:label2\" content=\"Est. tempo de leitura\" \/>\n\t<meta name=\"twitter:data2\" content=\"7 minutos\" \/>\n<script type=\"application\/ld+json\" class=\"yoast-schema-graph\">{\"@context\":\"https:\/\/schema.org\",\"@graph\":[{\"@type\":\"WebPage\",\"@id\":\"https:\/\/gazetapernambucana.com\/?p=3030\",\"url\":\"https:\/\/gazetapernambucana.com\/?p=3030\",\"name\":\"Jos\u00e9 Jorge e a pol\u00edtica como voca\u00e7\u00e3o p\u00fablica. Por Fl\u00e1vio Chaves -\",\"isPartOf\":{\"@id\":\"https:\/\/gazetapernambucana.com\/#website\"},\"primaryImageOfPage\":{\"@id\":\"https:\/\/gazetapernambucana.com\/?p=3030#primaryimage\"},\"image\":{\"@id\":\"https:\/\/gazetapernambucana.com\/?p=3030#primaryimage\"},\"thumbnailUrl\":\"https:\/\/gazetapernambucana.com\/wp-content\/uploads\/2026\/03\/5ge4OYYf6YV8Ebx4uz8SdCnEdZ1LTryL_wz8So6Kn8rHFChIdgte8rWwEdzxeU9T9LG7UtsrDDswC8r4YKJ_dkU-8mX2ULuXA91MZMbpJcpoXXcZmTe9Aws8qr6QCfxnUWKFTDND0oKeuEUOjX0n8w.jpg\",\"datePublished\":\"2026-03-15T19:42:10+00:00\",\"author\":{\"@id\":\"https:\/\/gazetapernambucana.com\/#\/schema\/person\/188dc283325181ac2de4db1e9e987427\"},\"breadcrumb\":{\"@id\":\"https:\/\/gazetapernambucana.com\/?p=3030#breadcrumb\"},\"inLanguage\":\"pt-BR\",\"potentialAction\":[{\"@type\":\"ReadAction\",\"target\":[\"https:\/\/gazetapernambucana.com\/?p=3030\"]}]},{\"@type\":\"ImageObject\",\"inLanguage\":\"pt-BR\",\"@id\":\"https:\/\/gazetapernambucana.com\/?p=3030#primaryimage\",\"url\":\"https:\/\/gazetapernambucana.com\/wp-content\/uploads\/2026\/03\/5ge4OYYf6YV8Ebx4uz8SdCnEdZ1LTryL_wz8So6Kn8rHFChIdgte8rWwEdzxeU9T9LG7UtsrDDswC8r4YKJ_dkU-8mX2ULuXA91MZMbpJcpoXXcZmTe9Aws8qr6QCfxnUWKFTDND0oKeuEUOjX0n8w.jpg\",\"contentUrl\":\"https:\/\/gazetapernambucana.com\/wp-content\/uploads\/2026\/03\/5ge4OYYf6YV8Ebx4uz8SdCnEdZ1LTryL_wz8So6Kn8rHFChIdgte8rWwEdzxeU9T9LG7UtsrDDswC8r4YKJ_dkU-8mX2ULuXA91MZMbpJcpoXXcZmTe9Aws8qr6QCfxnUWKFTDND0oKeuEUOjX0n8w.jpg\",\"width\":222,\"height\":227},{\"@type\":\"BreadcrumbList\",\"@id\":\"https:\/\/gazetapernambucana.com\/?p=3030#breadcrumb\",\"itemListElement\":[{\"@type\":\"ListItem\",\"position\":1,\"name\":\"In\u00edcio\",\"item\":\"https:\/\/gazetapernambucana.com\/\"},{\"@type\":\"ListItem\",\"position\":2,\"name\":\"Jos\u00e9 Jorge e a pol\u00edtica como voca\u00e7\u00e3o p\u00fablica. Por Fl\u00e1vio Chaves\"}]},{\"@type\":\"WebSite\",\"@id\":\"https:\/\/gazetapernambucana.com\/#website\",\"url\":\"https:\/\/gazetapernambucana.com\/\",\"name\":\"\",\"description\":\"\",\"potentialAction\":[{\"@type\":\"SearchAction\",\"target\":{\"@type\":\"EntryPoint\",\"urlTemplate\":\"https:\/\/gazetapernambucana.com\/?s={search_term_string}\"},\"query-input\":{\"@type\":\"PropertyValueSpecification\",\"valueRequired\":true,\"valueName\":\"search_term_string\"}}],\"inLanguage\":\"pt-BR\"},{\"@type\":\"Person\",\"@id\":\"https:\/\/gazetapernambucana.com\/#\/schema\/person\/188dc283325181ac2de4db1e9e987427\",\"name\":\"GP\",\"image\":{\"@type\":\"ImageObject\",\"inLanguage\":\"pt-BR\",\"@id\":\"https:\/\/gazetapernambucana.com\/#\/schema\/person\/image\/\",\"url\":\"https:\/\/secure.gravatar.com\/avatar\/9dad78ff9a2d8b5742d11779f8a3f53b052320c550b2e1907882353c067bb111?s=96&d=mm&r=g\",\"contentUrl\":\"https:\/\/secure.gravatar.com\/avatar\/9dad78ff9a2d8b5742d11779f8a3f53b052320c550b2e1907882353c067bb111?s=96&d=mm&r=g\",\"caption\":\"GP\"},\"sameAs\":[\"http:\/\/gazetapernambucana.com\"],\"url\":\"https:\/\/gazetapernambucana.com\/?author=1\"}]}<\/script>\n<!-- \/ Yoast SEO plugin. -->","yoast_head_json":{"title":"Jos\u00e9 Jorge e a pol\u00edtica como voca\u00e7\u00e3o p\u00fablica. Por Fl\u00e1vio Chaves -","robots":{"index":"index","follow":"follow","max-snippet":"max-snippet:-1","max-image-preview":"max-image-preview:large","max-video-preview":"max-video-preview:-1"},"canonical":"https:\/\/gazetapernambucana.com\/?p=3030","og_locale":"pt_BR","og_type":"article","og_title":"Jos\u00e9 Jorge e a pol\u00edtica como voca\u00e7\u00e3o p\u00fablica. Por Fl\u00e1vio Chaves -","og_description":"Por Fl\u00e1vio Chaves \u2013 Jornalista, poeta, escritor e membro da Academia Pernambucana de Letras. Foi Delegado Federal\/Minc\u00a0 \u2013\u00a0 Durante d\u00e9cadas, enquanto o Brasil atravessava mudan\u00e7as profundas em sua vida pol\u00edtica e institucional, um pernambucano de forma\u00e7\u00e3o t\u00e9cnica e temperamento sereno percorreu os caminhos da administra\u00e7\u00e3o p\u00fablica com discri\u00e7\u00e3o e firmeza. Deputado constituinte, senador da Rep\u00fablica, [&hellip;]","og_url":"https:\/\/gazetapernambucana.com\/?p=3030","article_published_time":"2026-03-15T19:42:10+00:00","og_image":[{"width":222,"height":227,"url":"https:\/\/gazetapernambucana.com\/wp-content\/uploads\/2026\/03\/5ge4OYYf6YV8Ebx4uz8SdCnEdZ1LTryL_wz8So6Kn8rHFChIdgte8rWwEdzxeU9T9LG7UtsrDDswC8r4YKJ_dkU-8mX2ULuXA91MZMbpJcpoXXcZmTe9Aws8qr6QCfxnUWKFTDND0oKeuEUOjX0n8w.jpg","type":"image\/jpeg"}],"author":"GP","twitter_card":"summary_large_image","twitter_misc":{"Escrito por":"GP","Est. tempo de leitura":"7 minutos"},"schema":{"@context":"https:\/\/schema.org","@graph":[{"@type":"WebPage","@id":"https:\/\/gazetapernambucana.com\/?p=3030","url":"https:\/\/gazetapernambucana.com\/?p=3030","name":"Jos\u00e9 Jorge e a pol\u00edtica como voca\u00e7\u00e3o p\u00fablica. Por Fl\u00e1vio Chaves -","isPartOf":{"@id":"https:\/\/gazetapernambucana.com\/#website"},"primaryImageOfPage":{"@id":"https:\/\/gazetapernambucana.com\/?p=3030#primaryimage"},"image":{"@id":"https:\/\/gazetapernambucana.com\/?p=3030#primaryimage"},"thumbnailUrl":"https:\/\/gazetapernambucana.com\/wp-content\/uploads\/2026\/03\/5ge4OYYf6YV8Ebx4uz8SdCnEdZ1LTryL_wz8So6Kn8rHFChIdgte8rWwEdzxeU9T9LG7UtsrDDswC8r4YKJ_dkU-8mX2ULuXA91MZMbpJcpoXXcZmTe9Aws8qr6QCfxnUWKFTDND0oKeuEUOjX0n8w.jpg","datePublished":"2026-03-15T19:42:10+00:00","author":{"@id":"https:\/\/gazetapernambucana.com\/#\/schema\/person\/188dc283325181ac2de4db1e9e987427"},"breadcrumb":{"@id":"https:\/\/gazetapernambucana.com\/?p=3030#breadcrumb"},"inLanguage":"pt-BR","potentialAction":[{"@type":"ReadAction","target":["https:\/\/gazetapernambucana.com\/?p=3030"]}]},{"@type":"ImageObject","inLanguage":"pt-BR","@id":"https:\/\/gazetapernambucana.com\/?p=3030#primaryimage","url":"https:\/\/gazetapernambucana.com\/wp-content\/uploads\/2026\/03\/5ge4OYYf6YV8Ebx4uz8SdCnEdZ1LTryL_wz8So6Kn8rHFChIdgte8rWwEdzxeU9T9LG7UtsrDDswC8r4YKJ_dkU-8mX2ULuXA91MZMbpJcpoXXcZmTe9Aws8qr6QCfxnUWKFTDND0oKeuEUOjX0n8w.jpg","contentUrl":"https:\/\/gazetapernambucana.com\/wp-content\/uploads\/2026\/03\/5ge4OYYf6YV8Ebx4uz8SdCnEdZ1LTryL_wz8So6Kn8rHFChIdgte8rWwEdzxeU9T9LG7UtsrDDswC8r4YKJ_dkU-8mX2ULuXA91MZMbpJcpoXXcZmTe9Aws8qr6QCfxnUWKFTDND0oKeuEUOjX0n8w.jpg","width":222,"height":227},{"@type":"BreadcrumbList","@id":"https:\/\/gazetapernambucana.com\/?p=3030#breadcrumb","itemListElement":[{"@type":"ListItem","position":1,"name":"In\u00edcio","item":"https:\/\/gazetapernambucana.com\/"},{"@type":"ListItem","position":2,"name":"Jos\u00e9 Jorge e a pol\u00edtica como voca\u00e7\u00e3o p\u00fablica. Por Fl\u00e1vio Chaves"}]},{"@type":"WebSite","@id":"https:\/\/gazetapernambucana.com\/#website","url":"https:\/\/gazetapernambucana.com\/","name":"","description":"","potentialAction":[{"@type":"SearchAction","target":{"@type":"EntryPoint","urlTemplate":"https:\/\/gazetapernambucana.com\/?s={search_term_string}"},"query-input":{"@type":"PropertyValueSpecification","valueRequired":true,"valueName":"search_term_string"}}],"inLanguage":"pt-BR"},{"@type":"Person","@id":"https:\/\/gazetapernambucana.com\/#\/schema\/person\/188dc283325181ac2de4db1e9e987427","name":"GP","image":{"@type":"ImageObject","inLanguage":"pt-BR","@id":"https:\/\/gazetapernambucana.com\/#\/schema\/person\/image\/","url":"https:\/\/secure.gravatar.com\/avatar\/9dad78ff9a2d8b5742d11779f8a3f53b052320c550b2e1907882353c067bb111?s=96&d=mm&r=g","contentUrl":"https:\/\/secure.gravatar.com\/avatar\/9dad78ff9a2d8b5742d11779f8a3f53b052320c550b2e1907882353c067bb111?s=96&d=mm&r=g","caption":"GP"},"sameAs":["http:\/\/gazetapernambucana.com"],"url":"https:\/\/gazetapernambucana.com\/?author=1"}]}},"jetpack_publicize_connections":[],"_links":{"self":[{"href":"https:\/\/gazetapernambucana.com\/index.php?rest_route=\/wp\/v2\/posts\/3030","targetHints":{"allow":["GET"]}}],"collection":[{"href":"https:\/\/gazetapernambucana.com\/index.php?rest_route=\/wp\/v2\/posts"}],"about":[{"href":"https:\/\/gazetapernambucana.com\/index.php?rest_route=\/wp\/v2\/types\/post"}],"author":[{"embeddable":true,"href":"https:\/\/gazetapernambucana.com\/index.php?rest_route=\/wp\/v2\/users\/1"}],"replies":[{"embeddable":true,"href":"https:\/\/gazetapernambucana.com\/index.php?rest_route=%2Fwp%2Fv2%2Fcomments&post=3030"}],"version-history":[{"count":1,"href":"https:\/\/gazetapernambucana.com\/index.php?rest_route=\/wp\/v2\/posts\/3030\/revisions"}],"predecessor-version":[{"id":3032,"href":"https:\/\/gazetapernambucana.com\/index.php?rest_route=\/wp\/v2\/posts\/3030\/revisions\/3032"}],"wp:featuredmedia":[{"embeddable":true,"href":"https:\/\/gazetapernambucana.com\/index.php?rest_route=\/wp\/v2\/media\/3031"}],"wp:attachment":[{"href":"https:\/\/gazetapernambucana.com\/index.php?rest_route=%2Fwp%2Fv2%2Fmedia&parent=3030"}],"wp:term":[{"taxonomy":"category","embeddable":true,"href":"https:\/\/gazetapernambucana.com\/index.php?rest_route=%2Fwp%2Fv2%2Fcategories&post=3030"},{"taxonomy":"post_tag","embeddable":true,"href":"https:\/\/gazetapernambucana.com\/index.php?rest_route=%2Fwp%2Fv2%2Ftags&post=3030"}],"curies":[{"name":"wp","href":"https:\/\/api.w.org\/{rel}","templated":true}]}}