{"id":3023,"date":"2026-03-15T12:36:51","date_gmt":"2026-03-15T15:36:51","guid":{"rendered":"https:\/\/gazetapernambucana.com\/?p=3023"},"modified":"2026-03-15T12:36:51","modified_gmt":"2026-03-15T15:36:51","slug":"a-cronica-domingueira-por-magno-martins-31","status":"publish","type":"post","link":"https:\/\/gazetapernambucana.com\/?p=3023","title":{"rendered":"A cr\u00f4nica domingueira. Por Magno Martins"},"content":{"rendered":"<div class=\"elementor-element elementor-element-7d2fc729 titulo-post elementor-widget elementor-widget-theme-post-title elementor-page-title elementor-widget-heading\" data-id=\"7d2fc729\" data-element_type=\"widget\" data-widget_type=\"theme-post-title.default\">\n<div class=\"elementor-widget-container\"><\/div>\n<\/div>\n<section class=\"elementor-section elementor-inner-section elementor-element elementor-element-7e25a070 elementor-section-boxed elementor-section-height-default elementor-section-height-default\" data-id=\"7e25a070\" data-element_type=\"section\">\n<div class=\"elementor-container elementor-column-gap-default\">\n<div class=\"elementor-column elementor-col-50 elementor-inner-column elementor-element elementor-element-24f401b5\" data-id=\"24f401b5\" data-element_type=\"column\">\n<div class=\"elementor-widget-wrap elementor-element-populated\">\n<div class=\"elementor-element elementor-element-6b34b66e elementor-share-buttons--view-icon elementor-share-buttons--skin-flat elementor-share-buttons--align-right elementor-share-buttons--shape-square elementor-grid-0 elementor-share-buttons--color-official elementor-widget elementor-widget-share-buttons\" data-id=\"6b34b66e\" data-element_type=\"widget\" data-settings=\"{&quot;share_url&quot;:{&quot;url&quot;:&quot;https:\\\/\\\/blogdomagno.com.br\\\/a-cronica-domingueira-72\\\/&quot;,&quot;is_external&quot;:&quot;&quot;,&quot;nofollow&quot;:&quot;&quot;,&quot;custom_attributes&quot;:&quot;&quot;}}\" data-widget_type=\"share-buttons.default\">\n<div class=\"elementor-widget-container\">\n<div class=\"elementor-grid\">\n<div class=\"elementor-grid-item\">\n<div class=\"elementor-share-btn elementor-share-btn_email\" tabindex=\"0\" aria-label=\"Compartilhar no email\"><\/div>\n<\/div>\n<\/div>\n<\/div>\n<\/div>\n<\/div>\n<\/div>\n<\/div>\n<\/section>\n<div class=\"elementor-element elementor-element-7f30e03 elementor-widget elementor-widget-image\" data-id=\"7f30e03\" data-element_type=\"widget\" data-widget_type=\"image.default\">\n<div class=\"elementor-widget-container\"><strong>Por Magno Martins \u2013 Jornalista, poeta e escritor \u2013\u00a0 <\/strong>N\u00e3o escolhi o jornalismo. Com o tempo, compreendi que o jornalismo me escolheu no momento em que nasci. Ao entrar na Unicap no in\u00edcio dos anos 80, para cursar Jornalismo, j\u00e1 tinha as m\u00ednimas no\u00e7\u00f5es da profiss\u00e3o atuando no Sert\u00e3o. Meu laborat\u00f3rio foi o Di\u00e1rio de Pernambuco, meu primeiro chefe Gildson Oliveira, um potiguar que arrebatou v\u00e1rios pr\u00eamios Essos.<\/div>\n<div><img loading=\"lazy\" decoding=\"async\" class=\"size-medium wp-image-3025 aligncenter\" src=\"http:\/\/gazetapernambucana.com\/wp-content\/uploads\/2026\/03\/WhatsApp-Image-2026-03-14-at-18.37.40-300x200.jpeg\" alt=\"\" width=\"300\" height=\"200\" srcset=\"https:\/\/gazetapernambucana.com\/wp-content\/uploads\/2026\/03\/WhatsApp-Image-2026-03-14-at-18.37.40-300x200.jpeg 300w, https:\/\/gazetapernambucana.com\/wp-content\/uploads\/2026\/03\/WhatsApp-Image-2026-03-14-at-18.37.40-768x512.jpeg 768w, https:\/\/gazetapernambucana.com\/wp-content\/uploads\/2026\/03\/WhatsApp-Image-2026-03-14-at-18.37.40.jpeg 825w\" sizes=\"auto, (max-width: 300px) 100vw, 300px\" \/><\/div>\n<\/div>\n<div class=\"elementor-element elementor-element-746f5ae4 elementor-widget elementor-widget-theme-post-content\" data-id=\"746f5ae4\" data-element_type=\"widget\" data-widget_type=\"theme-post-content.default\">\n<div class=\"elementor-widget-container\">\n<div id=\"ub-expand-59ba05bd-b6c0-4f1e-b84b-c24253bbf465\" class=\"wp-block-ub-expand ub-expand\" data-scroll-type=\"false\" data-scroll-amount=\"\" data-scroll-target=\"\">\n<div id=\"ub-expand-partial-4281608c-9362-42cd-b7f2-f7d12422d455\" class=\"ub-expand-portion ub-expand-partial wp-block-ub-expand-portion\" aria-hidden=\"false\">\n<p>O velho DP foi minha verdadeira universidade em Afogados da Ingazeira, onde fui correspondente, com extens\u00e3o depois para todo o Paje\u00fa. Mas nos bancos escolares, mergulhei no mundo da teoria e fiz amizades duradouras. Entre os que levantaram para orgulho dos pais o diploma de Jornalismo comigo, Italo Rocha, que tamb\u00e9m dividiu a bancada da reda\u00e7\u00e3o do DP na cobertura de assuntos urbanos e policiais.<\/p>\n<\/div>\n<div id=\"ub-expand-full-4281608c-9362-42cd-b7f2-f7d12422d455\" class=\"ub-expand-portion ub-expand-full wp-block-ub-expand-portion\" aria-hidden=\"false\">\n<p>J\u00e1 em Bras\u00edlia, comemorei o ingresso dele nos quadros da Globo Nordeste. Tamb\u00e9m voltei a conviver com ele enquanto assessor do ex-governador Miguel Arraes. De vez em quando, ele escreve para este blog. C\u00edcero Belmar, matuto como eu, vindo do Agreste, tamb\u00e9m estudou na minha turma. Atuou por muito tempo no JC, lan\u00e7ou livros e chegou a lecionar. Extremamente talentoso.<\/p>\n<p>Alguns colegas enveredaram por assessorias de Imprensa, fizeram cursos de especializa\u00e7\u00e3o e se deram bem. O exemplo mais bem-sucedido \u00e9 Rosineide Oliveira, na coordena\u00e7\u00e3o de Imprensa da Compesa h\u00e1 mais de 30 anos. J\u00e1 Rejane Modesto, depois de brilhar nos jornais de Pernambuco, se radicou na Espanha, sem not\u00edcias por onde atua no momento.<\/p>\n<p>Tamb\u00e9m colaram grau comigo Jaimar Chedid e Rui Sarinho, este se especializou em cinema e r\u00e1dio, tendo atuado por muito tempo no servi\u00e7o de r\u00e1dio do Governo do Estado. Boas lembran\u00e7as ainda de Cristina Cadaval e Luciene Martins, que tratava de prima e que trabalha na Secretaria de Comunica\u00e7\u00e3o do Estado.<\/p>\n<p>Outras boas lembran\u00e7as: Liseani Morosini, hoje no Rio de Janeiro, Silze Anne, Bento Expedito e a bem-humorada e divertida Lourdes Alves. Um trio bem-sucedido ainda da minha turma: Daniele Romani, Alexandre Figueiroa e Christiane Cordeiro, esta recentemente a encontrei em Arcoverde, e que atuou na Globo. J\u00e1 Dani, talentosa at\u00e9 na arte da pintura, conviveu comigo em Bras\u00edlia na \u00e9poca em que eu dirigia a sucursal do DP e ela integrava a equipe de reportagem do JC.<\/p>\n<p>Amizades de faculdade transformam colegas de sala em fam\u00edlia, unindo pessoas atrav\u00e9s de estudos, perrengues e sonhos compartilhados. Essas conex\u00f5es superam o tempo e a formatura, deixando mem\u00f3rias inesquec\u00edveis e aprendizados para a vida toda. A gente entra sem se conhecer e sai com amigos que viram fam\u00edlia.<\/p>\n<p>E quando se consagram na profiss\u00e3o, d\u00e3o-nos a alegria e a felicidade de compartilhar vit\u00f3rias. Ros\u00e1lia Rangel, inesquec\u00edvel colega de banco da faculdade, atuou por muito tempo na editoria de Pol\u00edtica do JC. N\u00e3o sei onde trabalha hoje, infelizmente nunca mais tive not\u00edcias dela. Regina Xavier, a baianinha de Juazeiro, que adorava Elvis Presley e se vestia de hippie, morreu precocemente. Foi casada com o jornalista Carlos Sinesio, a quem recorri para ser meu secret\u00e1rio adjunto de Imprensa no Governo Joaquim Francisco.<\/p>\n<p>Que saudade do nosso tempo de universit\u00e1rio! Amizade de faculdade nos fortalece, \u00e9 uma parceria na rotina, no estudo e na vida num momento de grande aprendizado. Hoje, s\u00f3 me resta agradecer por terem feito parte do meu percurso acad\u00eamico e por cada conversa boa.<\/p>\n<p>Conversa boa como tem meu amigo Idelfonso Fonseca, o mais te\u00f3rico da turma, que trabalhou tamb\u00e9m no DP e na R\u00e1dio Clube, mas acabou se rendendo \u00e0 voca\u00e7\u00e3o de professor. Deus tamb\u00e9m chamou muito cedo a colega Regina Lima, ex-Globo e TV Jornal, talentos\u00edssima.<\/p>\n<p>Saudades dela nas horas dos intervalos, das conversas bobas e casuais. O tempo e o amadurecimento, que chega com os cabelos brancos, nos ensina que a gente n\u00e3o faz amigos na faculdade, a gente reconhece-os brilhando na profiss\u00e3o, no mercado de trabalho. A melhor parte da faculdade n\u00e3o foi a mat\u00e9ria, foi o intervalo com os colegas.<\/p>\n<p>Com o tempo, que \u00e9 o senhor da raz\u00e3o, o contato vai ficando mais dif\u00edcil, porque cada um vai cuidar da vida e dos seus prop\u00f3sitos, mas em pensamento estamos sempre perto, lembrando momentos inesquec\u00edveis, de dias cinzentos de provas mais coloridas.<\/p>\n<p>A faculdade de granjear amizades \u00e9 de longe a mais eminente entre todas aquelas que contribuem para a sabedoria da felicidade. Nossa turma era pequena, mas bem unida, de prolongar o t\u00e9rmino das aulas nos botequins nas ruas, ent\u00e3o pontos de agitos e bo\u00eamia em torno da Unicap.<\/p>\n<p>N\u00e3o d\u00e1 para esquecer tamb\u00e9m professores que viraram amigos. Valdeluza Darc, que j\u00e1 se foi, Vera Ferraz, que dirigia o Jornalismo da Globo. Eduardo Ferreira, que por muito tempo assinou colunas no JC e DP, era um doce na aula. Continua um gentleman! E o querido Carlos Benevides, que nos levava para bebericar na sua casa no Alto da S\u00e9, em Olinda. Tinha uma voz doce, capaz de acalmar a nossa curiosidade e incentivar o aprendizado.<\/p>\n<p>A faculdade, tenho plena convic\u00e7\u00e3o e consci\u00eancia, n\u00e3o \u00e9 apenas um diploma, s\u00e3o as hist\u00f3rias que contamos com um sorriso no rosto anos depois. Aqueles corredores, aquele cheiro de caf\u00e9 na biblioteca e a sensa\u00e7\u00e3o de que o mundo estava s\u00f3 come\u00e7ando, tudo isso nos remete a um gostoso saudosismo.<\/p>\n<p>Alguns colegas se foram, outros est\u00e3o por a\u00ed para nos alegrar, mas esses tempos bons nunca ser\u00e3o encontrados novamente. Melhor viver o agora, o tempo do presente, com sabedoria e gratid\u00e3o, pois tudo passa.<\/p>\n<p>Li que tempo mal gasto \u00e9 exist\u00eancia, tempo bem gasto \u00e9 vida. O tempo voa sobre n\u00f3s, mas deixa sua sombra. Se aqui falei tamb\u00e9m de saudade, aprendi com o grande M\u00e1rio Quintana: \u201cA saudade \u00e9 o que faz as coisas pararem no tempo.\u201d<\/p>\n<\/div>\n<\/div>\n<\/div>\n<\/div>\n","protected":false},"excerpt":{"rendered":"<p>Por Magno Martins \u2013 Jornalista, poeta e escritor \u2013\u00a0 N\u00e3o escolhi o jornalismo. Com o tempo, compreendi que o jornalismo me escolheu no momento em que nasci. Ao entrar na Unicap no in\u00edcio dos anos 80, para cursar Jornalismo, j\u00e1 tinha as m\u00ednimas no\u00e7\u00f5es da profiss\u00e3o atuando no Sert\u00e3o. Meu laborat\u00f3rio foi o Di\u00e1rio de [&hellip;]<\/p>\n","protected":false},"author":1,"featured_media":3026,"comment_status":"open","ping_status":"open","sticky":false,"template":"","format":"standard","meta":{"footnotes":"","jetpack_publicize_message":"","jetpack_publicize_feature_enabled":true,"jetpack_social_post_already_shared":true,"jetpack_social_options":{"image_generator_settings":{"template":"highway","default_image_id":0,"font":"","enabled":false},"version":2}},"categories":[1,35,46],"tags":[],"class_list":["post-3023","post","type-post","status-publish","format-standard","has-post-thumbnail","hentry","category-https-gazetapernambucana-com-page_id225","category-https-gazetapernambucana-com-page_id218","category-literatura"],"yoast_head":"<!-- This site is optimized with the Yoast SEO plugin v24.5 - https:\/\/yoast.com\/wordpress\/plugins\/seo\/ -->\n<title>A cr\u00f4nica domingueira. Por Magno Martins -<\/title>\n<meta name=\"robots\" content=\"index, follow, max-snippet:-1, max-image-preview:large, max-video-preview:-1\" \/>\n<link rel=\"canonical\" href=\"https:\/\/gazetapernambucana.com\/?p=3023\" \/>\n<meta property=\"og:locale\" content=\"pt_BR\" \/>\n<meta property=\"og:type\" content=\"article\" \/>\n<meta property=\"og:title\" content=\"A cr\u00f4nica domingueira. Por Magno Martins -\" \/>\n<meta property=\"og:description\" content=\"Por Magno Martins \u2013 Jornalista, poeta e escritor \u2013\u00a0 N\u00e3o escolhi o jornalismo. Com o tempo, compreendi que o jornalismo me escolheu no momento em que nasci. Ao entrar na Unicap no in\u00edcio dos anos 80, para cursar Jornalismo, j\u00e1 tinha as m\u00ednimas no\u00e7\u00f5es da profiss\u00e3o atuando no Sert\u00e3o. Meu laborat\u00f3rio foi o Di\u00e1rio de [&hellip;]\" \/>\n<meta property=\"og:url\" content=\"https:\/\/gazetapernambucana.com\/?p=3023\" \/>\n<meta property=\"article:published_time\" content=\"2026-03-15T15:36:51+00:00\" \/>\n<meta property=\"og:image\" content=\"https:\/\/gazetapernambucana.com\/wp-content\/uploads\/2026\/03\/download-7-3-2.jpg\" \/>\n\t<meta property=\"og:image:width\" content=\"369\" \/>\n\t<meta property=\"og:image:height\" content=\"136\" \/>\n\t<meta property=\"og:image:type\" content=\"image\/jpeg\" \/>\n<meta name=\"author\" content=\"GP\" \/>\n<meta name=\"twitter:card\" content=\"summary_large_image\" \/>\n<meta name=\"twitter:label1\" content=\"Escrito por\" \/>\n\t<meta name=\"twitter:data1\" content=\"GP\" \/>\n\t<meta name=\"twitter:label2\" content=\"Est. tempo de leitura\" \/>\n\t<meta name=\"twitter:data2\" content=\"6 minutos\" \/>\n<script type=\"application\/ld+json\" class=\"yoast-schema-graph\">{\"@context\":\"https:\/\/schema.org\",\"@graph\":[{\"@type\":\"WebPage\",\"@id\":\"https:\/\/gazetapernambucana.com\/?p=3023\",\"url\":\"https:\/\/gazetapernambucana.com\/?p=3023\",\"name\":\"A cr\u00f4nica domingueira. Por Magno Martins -\",\"isPartOf\":{\"@id\":\"https:\/\/gazetapernambucana.com\/#website\"},\"primaryImageOfPage\":{\"@id\":\"https:\/\/gazetapernambucana.com\/?p=3023#primaryimage\"},\"image\":{\"@id\":\"https:\/\/gazetapernambucana.com\/?p=3023#primaryimage\"},\"thumbnailUrl\":\"https:\/\/gazetapernambucana.com\/wp-content\/uploads\/2026\/03\/download-7-3-2.jpg\",\"datePublished\":\"2026-03-15T15:36:51+00:00\",\"author\":{\"@id\":\"https:\/\/gazetapernambucana.com\/#\/schema\/person\/188dc283325181ac2de4db1e9e987427\"},\"breadcrumb\":{\"@id\":\"https:\/\/gazetapernambucana.com\/?p=3023#breadcrumb\"},\"inLanguage\":\"pt-BR\",\"potentialAction\":[{\"@type\":\"ReadAction\",\"target\":[\"https:\/\/gazetapernambucana.com\/?p=3023\"]}]},{\"@type\":\"ImageObject\",\"inLanguage\":\"pt-BR\",\"@id\":\"https:\/\/gazetapernambucana.com\/?p=3023#primaryimage\",\"url\":\"https:\/\/gazetapernambucana.com\/wp-content\/uploads\/2026\/03\/download-7-3-2.jpg\",\"contentUrl\":\"https:\/\/gazetapernambucana.com\/wp-content\/uploads\/2026\/03\/download-7-3-2.jpg\",\"width\":369,\"height\":136},{\"@type\":\"BreadcrumbList\",\"@id\":\"https:\/\/gazetapernambucana.com\/?p=3023#breadcrumb\",\"itemListElement\":[{\"@type\":\"ListItem\",\"position\":1,\"name\":\"In\u00edcio\",\"item\":\"https:\/\/gazetapernambucana.com\/\"},{\"@type\":\"ListItem\",\"position\":2,\"name\":\"A cr\u00f4nica domingueira. Por Magno Martins\"}]},{\"@type\":\"WebSite\",\"@id\":\"https:\/\/gazetapernambucana.com\/#website\",\"url\":\"https:\/\/gazetapernambucana.com\/\",\"name\":\"\",\"description\":\"\",\"potentialAction\":[{\"@type\":\"SearchAction\",\"target\":{\"@type\":\"EntryPoint\",\"urlTemplate\":\"https:\/\/gazetapernambucana.com\/?s={search_term_string}\"},\"query-input\":{\"@type\":\"PropertyValueSpecification\",\"valueRequired\":true,\"valueName\":\"search_term_string\"}}],\"inLanguage\":\"pt-BR\"},{\"@type\":\"Person\",\"@id\":\"https:\/\/gazetapernambucana.com\/#\/schema\/person\/188dc283325181ac2de4db1e9e987427\",\"name\":\"GP\",\"image\":{\"@type\":\"ImageObject\",\"inLanguage\":\"pt-BR\",\"@id\":\"https:\/\/gazetapernambucana.com\/#\/schema\/person\/image\/\",\"url\":\"https:\/\/secure.gravatar.com\/avatar\/9dad78ff9a2d8b5742d11779f8a3f53b052320c550b2e1907882353c067bb111?s=96&d=mm&r=g\",\"contentUrl\":\"https:\/\/secure.gravatar.com\/avatar\/9dad78ff9a2d8b5742d11779f8a3f53b052320c550b2e1907882353c067bb111?s=96&d=mm&r=g\",\"caption\":\"GP\"},\"sameAs\":[\"http:\/\/gazetapernambucana.com\"],\"url\":\"https:\/\/gazetapernambucana.com\/?author=1\"}]}<\/script>\n<!-- \/ Yoast SEO plugin. -->","yoast_head_json":{"title":"A cr\u00f4nica domingueira. Por Magno Martins -","robots":{"index":"index","follow":"follow","max-snippet":"max-snippet:-1","max-image-preview":"max-image-preview:large","max-video-preview":"max-video-preview:-1"},"canonical":"https:\/\/gazetapernambucana.com\/?p=3023","og_locale":"pt_BR","og_type":"article","og_title":"A cr\u00f4nica domingueira. Por Magno Martins -","og_description":"Por Magno Martins \u2013 Jornalista, poeta e escritor \u2013\u00a0 N\u00e3o escolhi o jornalismo. Com o tempo, compreendi que o jornalismo me escolheu no momento em que nasci. Ao entrar na Unicap no in\u00edcio dos anos 80, para cursar Jornalismo, j\u00e1 tinha as m\u00ednimas no\u00e7\u00f5es da profiss\u00e3o atuando no Sert\u00e3o. Meu laborat\u00f3rio foi o Di\u00e1rio de [&hellip;]","og_url":"https:\/\/gazetapernambucana.com\/?p=3023","article_published_time":"2026-03-15T15:36:51+00:00","og_image":[{"width":369,"height":136,"url":"https:\/\/gazetapernambucana.com\/wp-content\/uploads\/2026\/03\/download-7-3-2.jpg","type":"image\/jpeg"}],"author":"GP","twitter_card":"summary_large_image","twitter_misc":{"Escrito por":"GP","Est. tempo de leitura":"6 minutos"},"schema":{"@context":"https:\/\/schema.org","@graph":[{"@type":"WebPage","@id":"https:\/\/gazetapernambucana.com\/?p=3023","url":"https:\/\/gazetapernambucana.com\/?p=3023","name":"A cr\u00f4nica domingueira. Por Magno Martins -","isPartOf":{"@id":"https:\/\/gazetapernambucana.com\/#website"},"primaryImageOfPage":{"@id":"https:\/\/gazetapernambucana.com\/?p=3023#primaryimage"},"image":{"@id":"https:\/\/gazetapernambucana.com\/?p=3023#primaryimage"},"thumbnailUrl":"https:\/\/gazetapernambucana.com\/wp-content\/uploads\/2026\/03\/download-7-3-2.jpg","datePublished":"2026-03-15T15:36:51+00:00","author":{"@id":"https:\/\/gazetapernambucana.com\/#\/schema\/person\/188dc283325181ac2de4db1e9e987427"},"breadcrumb":{"@id":"https:\/\/gazetapernambucana.com\/?p=3023#breadcrumb"},"inLanguage":"pt-BR","potentialAction":[{"@type":"ReadAction","target":["https:\/\/gazetapernambucana.com\/?p=3023"]}]},{"@type":"ImageObject","inLanguage":"pt-BR","@id":"https:\/\/gazetapernambucana.com\/?p=3023#primaryimage","url":"https:\/\/gazetapernambucana.com\/wp-content\/uploads\/2026\/03\/download-7-3-2.jpg","contentUrl":"https:\/\/gazetapernambucana.com\/wp-content\/uploads\/2026\/03\/download-7-3-2.jpg","width":369,"height":136},{"@type":"BreadcrumbList","@id":"https:\/\/gazetapernambucana.com\/?p=3023#breadcrumb","itemListElement":[{"@type":"ListItem","position":1,"name":"In\u00edcio","item":"https:\/\/gazetapernambucana.com\/"},{"@type":"ListItem","position":2,"name":"A cr\u00f4nica domingueira. Por Magno Martins"}]},{"@type":"WebSite","@id":"https:\/\/gazetapernambucana.com\/#website","url":"https:\/\/gazetapernambucana.com\/","name":"","description":"","potentialAction":[{"@type":"SearchAction","target":{"@type":"EntryPoint","urlTemplate":"https:\/\/gazetapernambucana.com\/?s={search_term_string}"},"query-input":{"@type":"PropertyValueSpecification","valueRequired":true,"valueName":"search_term_string"}}],"inLanguage":"pt-BR"},{"@type":"Person","@id":"https:\/\/gazetapernambucana.com\/#\/schema\/person\/188dc283325181ac2de4db1e9e987427","name":"GP","image":{"@type":"ImageObject","inLanguage":"pt-BR","@id":"https:\/\/gazetapernambucana.com\/#\/schema\/person\/image\/","url":"https:\/\/secure.gravatar.com\/avatar\/9dad78ff9a2d8b5742d11779f8a3f53b052320c550b2e1907882353c067bb111?s=96&d=mm&r=g","contentUrl":"https:\/\/secure.gravatar.com\/avatar\/9dad78ff9a2d8b5742d11779f8a3f53b052320c550b2e1907882353c067bb111?s=96&d=mm&r=g","caption":"GP"},"sameAs":["http:\/\/gazetapernambucana.com"],"url":"https:\/\/gazetapernambucana.com\/?author=1"}]}},"jetpack_publicize_connections":[],"_links":{"self":[{"href":"https:\/\/gazetapernambucana.com\/index.php?rest_route=\/wp\/v2\/posts\/3023","targetHints":{"allow":["GET"]}}],"collection":[{"href":"https:\/\/gazetapernambucana.com\/index.php?rest_route=\/wp\/v2\/posts"}],"about":[{"href":"https:\/\/gazetapernambucana.com\/index.php?rest_route=\/wp\/v2\/types\/post"}],"author":[{"embeddable":true,"href":"https:\/\/gazetapernambucana.com\/index.php?rest_route=\/wp\/v2\/users\/1"}],"replies":[{"embeddable":true,"href":"https:\/\/gazetapernambucana.com\/index.php?rest_route=%2Fwp%2Fv2%2Fcomments&post=3023"}],"version-history":[{"count":1,"href":"https:\/\/gazetapernambucana.com\/index.php?rest_route=\/wp\/v2\/posts\/3023\/revisions"}],"predecessor-version":[{"id":3027,"href":"https:\/\/gazetapernambucana.com\/index.php?rest_route=\/wp\/v2\/posts\/3023\/revisions\/3027"}],"wp:featuredmedia":[{"embeddable":true,"href":"https:\/\/gazetapernambucana.com\/index.php?rest_route=\/wp\/v2\/media\/3026"}],"wp:attachment":[{"href":"https:\/\/gazetapernambucana.com\/index.php?rest_route=%2Fwp%2Fv2%2Fmedia&parent=3023"}],"wp:term":[{"taxonomy":"category","embeddable":true,"href":"https:\/\/gazetapernambucana.com\/index.php?rest_route=%2Fwp%2Fv2%2Fcategories&post=3023"},{"taxonomy":"post_tag","embeddable":true,"href":"https:\/\/gazetapernambucana.com\/index.php?rest_route=%2Fwp%2Fv2%2Ftags&post=3023"}],"curies":[{"name":"wp","href":"https:\/\/api.w.org\/{rel}","templated":true}]}}