{"id":3019,"date":"2026-03-14T22:37:15","date_gmt":"2026-03-15T01:37:15","guid":{"rendered":"https:\/\/gazetapernambucana.com\/?p=3019"},"modified":"2026-03-14T22:39:17","modified_gmt":"2026-03-15T01:39:17","slug":"a-governadora-raquel-lyra-psd-esta-atenta-a-movimentacao-politica-do-deputado-eduardo-da-fontepp","status":"publish","type":"post","link":"https:\/\/gazetapernambucana.com\/?p=3019","title":{"rendered":"A governadora Raquel Lyra (PSD) est\u00e1 atenta \u00e0 movimenta\u00e7\u00e3o pol\u00edtica do deputado Eduardo da Fonte(PP)"},"content":{"rendered":"<p><strong>Governadora Raquel Lyra e pr\u00e9-candidato a senador Eduardo da Fonte \u2013 Imagem\/arquivo<\/strong><\/p>\n<p>Nos bastidores da pol\u00edtica pernambucana, uma movimenta\u00e7\u00e3o estrat\u00e9gica da governadora Raquel Lyra (PSD) teria surpreendido o deputado federal Eduardo da Fonte (PP). Segundo informa\u00e7\u00f5es de fontes ligadas ao Pal\u00e1cio do Campo das Princesas, a governadora decidiu agir antes que o parlamentar repetisse um movimento pol\u00edtico que, segundo aliados, j\u00e1 se tornou conhecido no meio pol\u00edtico.<\/p>\n<p>Eduardo da Fonte \u00e9 visto por muitos analistas como um articulador habilidoso, conhecido por manter suas posi\u00e7\u00f5es pol\u00edticas abertas at\u00e9 os \u00faltimos momentos das janelas partid\u00e1rias, usufruindo da estrutura e da for\u00e7a pol\u00edtica de alian\u00e7as at\u00e9 o limite do prazo e, em seguida, reposicionando seu grupo de acordo com o cen\u00e1rio mais conveniente.<\/p>\n<p>Dessa vez, no entanto, o c\u00e1lculo pode n\u00e3o ter sa\u00eddo como o esperado. De acordo com interlocutores do governo, Raquel Lyra teria percebido que o deputado poderia repetir a mesma estrat\u00e9gia em rela\u00e7\u00e3o ao seu grupo pol\u00edtico e decidiu antecipar o movimento. Ao identificar a aproxima\u00e7\u00e3o de Eduardo da Fonte com o prefeito do Recife, Jo\u00e3o Campos (PSB), o Pal\u00e1cio passou a reorganizar rapidamente o tabuleiro pol\u00edtico.<\/p>\n<p>A rea\u00e7\u00e3o foi imediata: lideran\u00e7as e parlamentares ligados ao grupo de Eduardo come\u00e7aram a ser procurados por partidos da base da governadora. Nos bastidores, comenta-se que alguns nomes j\u00e1 estariam sendo realocados para outras siglas alinhadas ao governo estadual, o que, na pr\u00e1tica, poderia enfraquecer a forma\u00e7\u00e3o de uma chapa competitiva sob a influ\u00eancia do deputado.<\/p>\n<p>Analistas pol\u00edticos avaliam que a governadora \u201cse antecipou ao lance\u201d, numa met\u00e1fora muito usada na pol\u00edtica: Raquel teria dado um verdadeiro \u201cdrible\u201d no advers\u00e1rio antes mesmo da jogada final. Enquanto isso, o campo governista j\u00e1 trabalha na constru\u00e7\u00e3o de sua estrat\u00e9gia para o Senado e para a elei\u00e7\u00e3o estadual sem depender diretamente do grupo pol\u00edtico de Eduardo da Fonte.<\/p>\n<p>Outro ponto comentado nos bastidores \u00e9 que a movimenta\u00e7\u00e3o pode ter impacto direto no eleitorado de centro-direita, segmento que parte da base pol\u00edtica do deputado representava. Com a nova configura\u00e7\u00e3o, esse espa\u00e7o pol\u00edtico tende a ser disputado por outras lideran\u00e7as alinhadas \u00e0 governadora.<\/p>\n","protected":false},"excerpt":{"rendered":"<p>Governadora Raquel Lyra e pr\u00e9-candidato a senador Eduardo da Fonte \u2013 Imagem\/arquivo Nos bastidores da pol\u00edtica pernambucana, uma movimenta\u00e7\u00e3o estrat\u00e9gica da governadora Raquel Lyra (PSD) teria surpreendido o deputado federal Eduardo da Fonte (PP). Segundo informa\u00e7\u00f5es de fontes ligadas ao Pal\u00e1cio do Campo das Princesas, a governadora decidiu agir antes que o parlamentar repetisse um [&hellip;]<\/p>\n","protected":false},"author":1,"featured_media":3020,"comment_status":"open","ping_status":"open","sticky":false,"template":"","format":"standard","meta":{"footnotes":"","jetpack_publicize_message":"","jetpack_publicize_feature_enabled":true,"jetpack_social_post_already_shared":true,"jetpack_social_options":{"image_generator_settings":{"template":"highway","default_image_id":0,"font":"","enabled":false},"version":2}},"categories":[1,65],"tags":[],"class_list":["post-3019","post","type-post","status-publish","format-standard","has-post-thumbnail","hentry","category-https-gazetapernambucana-com-page_id225","category-politica"],"yoast_head":"<!-- This site is optimized with the Yoast SEO plugin v24.5 - https:\/\/yoast.com\/wordpress\/plugins\/seo\/ -->\n<title>A governadora Raquel Lyra (PSD) est\u00e1 atenta \u00e0 movimenta\u00e7\u00e3o pol\u00edtica do deputado Eduardo da Fonte(PP) -<\/title>\n<meta name=\"robots\" content=\"index, follow, max-snippet:-1, max-image-preview:large, max-video-preview:-1\" \/>\n<link rel=\"canonical\" href=\"https:\/\/gazetapernambucana.com\/?p=3019\" \/>\n<meta property=\"og:locale\" content=\"pt_BR\" \/>\n<meta property=\"og:type\" content=\"article\" \/>\n<meta property=\"og:title\" content=\"A governadora Raquel Lyra (PSD) est\u00e1 atenta \u00e0 movimenta\u00e7\u00e3o pol\u00edtica do deputado Eduardo da Fonte(PP) -\" \/>\n<meta property=\"og:description\" content=\"Governadora Raquel Lyra e pr\u00e9-candidato a senador Eduardo da Fonte \u2013 Imagem\/arquivo Nos bastidores da pol\u00edtica pernambucana, uma movimenta\u00e7\u00e3o estrat\u00e9gica da governadora Raquel Lyra (PSD) teria surpreendido o deputado federal Eduardo da Fonte (PP). Segundo informa\u00e7\u00f5es de fontes ligadas ao Pal\u00e1cio do Campo das Princesas, a governadora decidiu agir antes que o parlamentar repetisse um [&hellip;]\" \/>\n<meta property=\"og:url\" content=\"https:\/\/gazetapernambucana.com\/?p=3019\" \/>\n<meta property=\"article:published_time\" content=\"2026-03-15T01:37:15+00:00\" \/>\n<meta property=\"article:modified_time\" content=\"2026-03-15T01:39:17+00:00\" \/>\n<meta property=\"og:image\" content=\"https:\/\/gazetapernambucana.com\/wp-content\/uploads\/2026\/03\/IMG_0622.webp\" \/>\n\t<meta property=\"og:image:width\" content=\"565\" \/>\n\t<meta property=\"og:image:height\" content=\"541\" \/>\n\t<meta property=\"og:image:type\" content=\"image\/webp\" \/>\n<meta name=\"author\" content=\"GP\" \/>\n<meta name=\"twitter:card\" content=\"summary_large_image\" \/>\n<meta name=\"twitter:label1\" content=\"Escrito por\" \/>\n\t<meta name=\"twitter:data1\" content=\"GP\" \/>\n\t<meta name=\"twitter:label2\" content=\"Est. tempo de leitura\" \/>\n\t<meta name=\"twitter:data2\" content=\"3 minutos\" \/>\n<script type=\"application\/ld+json\" class=\"yoast-schema-graph\">{\"@context\":\"https:\/\/schema.org\",\"@graph\":[{\"@type\":\"WebPage\",\"@id\":\"https:\/\/gazetapernambucana.com\/?p=3019\",\"url\":\"https:\/\/gazetapernambucana.com\/?p=3019\",\"name\":\"A governadora Raquel Lyra (PSD) est\u00e1 atenta \u00e0 movimenta\u00e7\u00e3o pol\u00edtica do deputado Eduardo da Fonte(PP) -\",\"isPartOf\":{\"@id\":\"https:\/\/gazetapernambucana.com\/#website\"},\"primaryImageOfPage\":{\"@id\":\"https:\/\/gazetapernambucana.com\/?p=3019#primaryimage\"},\"image\":{\"@id\":\"https:\/\/gazetapernambucana.com\/?p=3019#primaryimage\"},\"thumbnailUrl\":\"https:\/\/gazetapernambucana.com\/wp-content\/uploads\/2026\/03\/IMG_0622.webp\",\"datePublished\":\"2026-03-15T01:37:15+00:00\",\"dateModified\":\"2026-03-15T01:39:17+00:00\",\"author\":{\"@id\":\"https:\/\/gazetapernambucana.com\/#\/schema\/person\/188dc283325181ac2de4db1e9e987427\"},\"breadcrumb\":{\"@id\":\"https:\/\/gazetapernambucana.com\/?p=3019#breadcrumb\"},\"inLanguage\":\"pt-BR\",\"potentialAction\":[{\"@type\":\"ReadAction\",\"target\":[\"https:\/\/gazetapernambucana.com\/?p=3019\"]}]},{\"@type\":\"ImageObject\",\"inLanguage\":\"pt-BR\",\"@id\":\"https:\/\/gazetapernambucana.com\/?p=3019#primaryimage\",\"url\":\"https:\/\/gazetapernambucana.com\/wp-content\/uploads\/2026\/03\/IMG_0622.webp\",\"contentUrl\":\"https:\/\/gazetapernambucana.com\/wp-content\/uploads\/2026\/03\/IMG_0622.webp\",\"width\":565,\"height\":541},{\"@type\":\"BreadcrumbList\",\"@id\":\"https:\/\/gazetapernambucana.com\/?p=3019#breadcrumb\",\"itemListElement\":[{\"@type\":\"ListItem\",\"position\":1,\"name\":\"In\u00edcio\",\"item\":\"https:\/\/gazetapernambucana.com\/\"},{\"@type\":\"ListItem\",\"position\":2,\"name\":\"A governadora Raquel Lyra (PSD) est\u00e1 atenta \u00e0 movimenta\u00e7\u00e3o pol\u00edtica do deputado Eduardo da Fonte(PP)\"}]},{\"@type\":\"WebSite\",\"@id\":\"https:\/\/gazetapernambucana.com\/#website\",\"url\":\"https:\/\/gazetapernambucana.com\/\",\"name\":\"\",\"description\":\"\",\"potentialAction\":[{\"@type\":\"SearchAction\",\"target\":{\"@type\":\"EntryPoint\",\"urlTemplate\":\"https:\/\/gazetapernambucana.com\/?s={search_term_string}\"},\"query-input\":{\"@type\":\"PropertyValueSpecification\",\"valueRequired\":true,\"valueName\":\"search_term_string\"}}],\"inLanguage\":\"pt-BR\"},{\"@type\":\"Person\",\"@id\":\"https:\/\/gazetapernambucana.com\/#\/schema\/person\/188dc283325181ac2de4db1e9e987427\",\"name\":\"GP\",\"image\":{\"@type\":\"ImageObject\",\"inLanguage\":\"pt-BR\",\"@id\":\"https:\/\/gazetapernambucana.com\/#\/schema\/person\/image\/\",\"url\":\"https:\/\/secure.gravatar.com\/avatar\/9dad78ff9a2d8b5742d11779f8a3f53b052320c550b2e1907882353c067bb111?s=96&d=mm&r=g\",\"contentUrl\":\"https:\/\/secure.gravatar.com\/avatar\/9dad78ff9a2d8b5742d11779f8a3f53b052320c550b2e1907882353c067bb111?s=96&d=mm&r=g\",\"caption\":\"GP\"},\"sameAs\":[\"http:\/\/gazetapernambucana.com\"],\"url\":\"https:\/\/gazetapernambucana.com\/?author=1\"}]}<\/script>\n<!-- \/ Yoast SEO plugin. -->","yoast_head_json":{"title":"A governadora Raquel Lyra (PSD) est\u00e1 atenta \u00e0 movimenta\u00e7\u00e3o pol\u00edtica do deputado Eduardo da Fonte(PP) -","robots":{"index":"index","follow":"follow","max-snippet":"max-snippet:-1","max-image-preview":"max-image-preview:large","max-video-preview":"max-video-preview:-1"},"canonical":"https:\/\/gazetapernambucana.com\/?p=3019","og_locale":"pt_BR","og_type":"article","og_title":"A governadora Raquel Lyra (PSD) est\u00e1 atenta \u00e0 movimenta\u00e7\u00e3o pol\u00edtica do deputado Eduardo da Fonte(PP) -","og_description":"Governadora Raquel Lyra e pr\u00e9-candidato a senador Eduardo da Fonte \u2013 Imagem\/arquivo Nos bastidores da pol\u00edtica pernambucana, uma movimenta\u00e7\u00e3o estrat\u00e9gica da governadora Raquel Lyra (PSD) teria surpreendido o deputado federal Eduardo da Fonte (PP). Segundo informa\u00e7\u00f5es de fontes ligadas ao Pal\u00e1cio do Campo das Princesas, a governadora decidiu agir antes que o parlamentar repetisse um [&hellip;]","og_url":"https:\/\/gazetapernambucana.com\/?p=3019","article_published_time":"2026-03-15T01:37:15+00:00","article_modified_time":"2026-03-15T01:39:17+00:00","og_image":[{"width":565,"height":541,"url":"https:\/\/gazetapernambucana.com\/wp-content\/uploads\/2026\/03\/IMG_0622.webp","type":"image\/webp"}],"author":"GP","twitter_card":"summary_large_image","twitter_misc":{"Escrito por":"GP","Est. tempo de leitura":"3 minutos"},"schema":{"@context":"https:\/\/schema.org","@graph":[{"@type":"WebPage","@id":"https:\/\/gazetapernambucana.com\/?p=3019","url":"https:\/\/gazetapernambucana.com\/?p=3019","name":"A governadora Raquel Lyra (PSD) est\u00e1 atenta \u00e0 movimenta\u00e7\u00e3o pol\u00edtica do deputado Eduardo da Fonte(PP) -","isPartOf":{"@id":"https:\/\/gazetapernambucana.com\/#website"},"primaryImageOfPage":{"@id":"https:\/\/gazetapernambucana.com\/?p=3019#primaryimage"},"image":{"@id":"https:\/\/gazetapernambucana.com\/?p=3019#primaryimage"},"thumbnailUrl":"https:\/\/gazetapernambucana.com\/wp-content\/uploads\/2026\/03\/IMG_0622.webp","datePublished":"2026-03-15T01:37:15+00:00","dateModified":"2026-03-15T01:39:17+00:00","author":{"@id":"https:\/\/gazetapernambucana.com\/#\/schema\/person\/188dc283325181ac2de4db1e9e987427"},"breadcrumb":{"@id":"https:\/\/gazetapernambucana.com\/?p=3019#breadcrumb"},"inLanguage":"pt-BR","potentialAction":[{"@type":"ReadAction","target":["https:\/\/gazetapernambucana.com\/?p=3019"]}]},{"@type":"ImageObject","inLanguage":"pt-BR","@id":"https:\/\/gazetapernambucana.com\/?p=3019#primaryimage","url":"https:\/\/gazetapernambucana.com\/wp-content\/uploads\/2026\/03\/IMG_0622.webp","contentUrl":"https:\/\/gazetapernambucana.com\/wp-content\/uploads\/2026\/03\/IMG_0622.webp","width":565,"height":541},{"@type":"BreadcrumbList","@id":"https:\/\/gazetapernambucana.com\/?p=3019#breadcrumb","itemListElement":[{"@type":"ListItem","position":1,"name":"In\u00edcio","item":"https:\/\/gazetapernambucana.com\/"},{"@type":"ListItem","position":2,"name":"A governadora Raquel Lyra (PSD) est\u00e1 atenta \u00e0 movimenta\u00e7\u00e3o pol\u00edtica do deputado Eduardo da Fonte(PP)"}]},{"@type":"WebSite","@id":"https:\/\/gazetapernambucana.com\/#website","url":"https:\/\/gazetapernambucana.com\/","name":"","description":"","potentialAction":[{"@type":"SearchAction","target":{"@type":"EntryPoint","urlTemplate":"https:\/\/gazetapernambucana.com\/?s={search_term_string}"},"query-input":{"@type":"PropertyValueSpecification","valueRequired":true,"valueName":"search_term_string"}}],"inLanguage":"pt-BR"},{"@type":"Person","@id":"https:\/\/gazetapernambucana.com\/#\/schema\/person\/188dc283325181ac2de4db1e9e987427","name":"GP","image":{"@type":"ImageObject","inLanguage":"pt-BR","@id":"https:\/\/gazetapernambucana.com\/#\/schema\/person\/image\/","url":"https:\/\/secure.gravatar.com\/avatar\/9dad78ff9a2d8b5742d11779f8a3f53b052320c550b2e1907882353c067bb111?s=96&d=mm&r=g","contentUrl":"https:\/\/secure.gravatar.com\/avatar\/9dad78ff9a2d8b5742d11779f8a3f53b052320c550b2e1907882353c067bb111?s=96&d=mm&r=g","caption":"GP"},"sameAs":["http:\/\/gazetapernambucana.com"],"url":"https:\/\/gazetapernambucana.com\/?author=1"}]}},"jetpack_publicize_connections":[],"_links":{"self":[{"href":"https:\/\/gazetapernambucana.com\/index.php?rest_route=\/wp\/v2\/posts\/3019","targetHints":{"allow":["GET"]}}],"collection":[{"href":"https:\/\/gazetapernambucana.com\/index.php?rest_route=\/wp\/v2\/posts"}],"about":[{"href":"https:\/\/gazetapernambucana.com\/index.php?rest_route=\/wp\/v2\/types\/post"}],"author":[{"embeddable":true,"href":"https:\/\/gazetapernambucana.com\/index.php?rest_route=\/wp\/v2\/users\/1"}],"replies":[{"embeddable":true,"href":"https:\/\/gazetapernambucana.com\/index.php?rest_route=%2Fwp%2Fv2%2Fcomments&post=3019"}],"version-history":[{"count":2,"href":"https:\/\/gazetapernambucana.com\/index.php?rest_route=\/wp\/v2\/posts\/3019\/revisions"}],"predecessor-version":[{"id":3022,"href":"https:\/\/gazetapernambucana.com\/index.php?rest_route=\/wp\/v2\/posts\/3019\/revisions\/3022"}],"wp:featuredmedia":[{"embeddable":true,"href":"https:\/\/gazetapernambucana.com\/index.php?rest_route=\/wp\/v2\/media\/3020"}],"wp:attachment":[{"href":"https:\/\/gazetapernambucana.com\/index.php?rest_route=%2Fwp%2Fv2%2Fmedia&parent=3019"}],"wp:term":[{"taxonomy":"category","embeddable":true,"href":"https:\/\/gazetapernambucana.com\/index.php?rest_route=%2Fwp%2Fv2%2Fcategories&post=3019"},{"taxonomy":"post_tag","embeddable":true,"href":"https:\/\/gazetapernambucana.com\/index.php?rest_route=%2Fwp%2Fv2%2Ftags&post=3019"}],"curies":[{"name":"wp","href":"https:\/\/api.w.org\/{rel}","templated":true}]}}