{"id":3007,"date":"2026-03-13T23:03:55","date_gmt":"2026-03-14T02:03:55","guid":{"rendered":"https:\/\/gazetapernambucana.com\/?p=3007"},"modified":"2026-03-13T23:03:55","modified_gmt":"2026-03-14T02:03:55","slug":"moraes-determina-busca-contra-jornalista-e-reacao-de-entidades-reacende-debate-sobre-liberdade-de-imprensa","status":"publish","type":"post","link":"https:\/\/gazetapernambucana.com\/?p=3007","title":{"rendered":"Moraes determina busca contra jornalista e rea\u00e7\u00e3o de entidades reacende debate sobre liberdade de imprensa"},"content":{"rendered":"<article class=\"text-token-text-primary w-full focus:outline-none [--shadow-height:45px] has-data-writing-block:pointer-events-none has-data-writing-block:-mt-(--shadow-height) has-data-writing-block:pt-(--shadow-height) [&amp;:has([data-writing-block])&gt;*]:pointer-events-auto scroll-mt-(--header-height)\" dir=\"auto\" tabindex=\"-1\" data-turn-id=\"17a7c3d2-2674-480d-9ba9-59eed42151b3\" data-testid=\"conversation-turn-51\" data-scroll-anchor=\"false\" data-turn=\"user\"><\/article>\n<article class=\"text-token-text-primary w-full focus:outline-none [--shadow-height:45px] has-data-writing-block:pointer-events-none has-data-writing-block:-mt-(--shadow-height) has-data-writing-block:pt-(--shadow-height) [&amp;:has([data-writing-block])&gt;*]:pointer-events-auto scroll-mt-[calc(var(--header-height)+min(200px,max(70px,20svh)))]\" dir=\"auto\" tabindex=\"-1\" data-turn-id=\"request-WEB:8b90059f-618e-4c7b-af24-af69c989c296-25\" data-testid=\"conversation-turn-52\" data-scroll-anchor=\"true\" data-turn=\"assistant\">\n<div class=\"text-base my-auto mx-auto pb-10 [--thread-content-margin:var(--thread-content-margin-xs,calc(var(--spacing)*4))] @w-sm\/main:[--thread-content-margin:var(--thread-content-margin-sm,calc(var(--spacing)*6))] @w-lg\/main:[--thread-content-margin:var(--thread-content-margin-lg,calc(var(--spacing)*16))] px-(--thread-content-margin)\">\n<div class=\"[--thread-content-max-width:40rem] @w-lg\/main:[--thread-content-max-width:48rem] mx-auto max-w-(--thread-content-max-width) flex-1 group\/turn-messages focus-visible:outline-hidden relative flex w-full min-w-0 flex-col agent-turn\" tabindex=\"-1\">\n<div class=\"flex max-w-full flex-col gap-4 grow\">\n<div class=\"min-h-8 text-message relative flex w-full flex-col items-end gap-2 text-start break-words whitespace-normal [.text-message+&amp;]:mt-1\" dir=\"auto\" data-message-author-role=\"assistant\" data-message-id=\"5e5ce49f-e646-453a-a60e-1bc142b47701\" data-message-model-slug=\"gpt-5-3\">\n<div class=\"flex w-full flex-col gap-1 empty:hidden\">\n<div class=\"markdown prose dark:prose-invert w-full wrap-break-word light markdown-new-styling\">\n<p data-start=\"108\" data-end=\"325\">Associa\u00e7\u00f5es de imprensa, juristas e organiza\u00e7\u00f5es de defesa da liberdade de express\u00e3o manifestam preocupa\u00e7\u00e3o com a decis\u00e3o do Supremo Tribunal Federal que autorizou opera\u00e7\u00e3o da Pol\u00edcia Federal na casa de um jornalista.<\/p>\n<p data-start=\"327\" data-end=\"690\">A decis\u00e3o do ministro Alexandre de Moraes, do Supremo Tribunal Federal, de autorizar busca e apreens\u00e3o na resid\u00eancia de um jornalista provocou forte rea\u00e7\u00e3o de entidades representativas da imprensa e reacendeu um debate sens\u00edvel no pa\u00eds sobre os limites entre o poder de investiga\u00e7\u00e3o do Estado e as garantias constitucionais que protegem o exerc\u00edcio do jornalismo.<\/p>\n<p data-start=\"692\" data-end=\"965\">A medida teve como alvo o jornalista maranhense Lu\u00eds Pablo Concei\u00e7\u00e3o Almeida. Por determina\u00e7\u00e3o judicial, agentes da Pol\u00edcia Federal cumpriram mandados de busca em endere\u00e7os ligados ao profissional, apreendendo equipamentos eletr\u00f4nicos como telefones celulares e computador.<\/p>\n<p data-start=\"967\" data-end=\"1155\">A decis\u00e3o ocorreu no contexto de investiga\u00e7\u00e3o relacionada \u00e0 divulga\u00e7\u00e3o de informa\u00e7\u00f5es sobre o suposto uso irregular de um ve\u00edculo oficial ligado ao entorno do ministro Alexandre de Moraes.<\/p>\n<p data-start=\"1157\" data-end=\"1383\">A opera\u00e7\u00e3o provocou rea\u00e7\u00e3o imediata de organiza\u00e7\u00f5es ligadas \u00e0 imprensa. As entidades manifestaram preocupa\u00e7\u00e3o com os efeitos institucionais que medidas dessa natureza podem produzir sobre o exerc\u00edcio da atividade jornal\u00edstica.<\/p>\n<p data-start=\"1385\" data-end=\"1739\">Em manifesta\u00e7\u00e3o p\u00fablica, associa\u00e7\u00f5es representativas do setor afirmaram que a atividade jornal\u00edstica possui prote\u00e7\u00e3o constitucional, especialmente no que se refere ao sigilo da fonte. Segundo essas organiza\u00e7\u00f5es, medidas como busca e apreens\u00e3o em resid\u00eancias de jornalistas devem ocorrer apenas em circunst\u00e2ncias excepcionais e com fundamenta\u00e7\u00e3o rigorosa.<\/p>\n<p data-start=\"1741\" data-end=\"1997\">As entidades ressaltaram que qualquer a\u00e7\u00e3o que possa afetar o sigilo de fontes ou comprometer o exerc\u00edcio da atividade jornal\u00edstica exige an\u00e1lise cuidadosa das autoridades judiciais, justamente por envolver garantias fundamentais previstas na Constitui\u00e7\u00e3o.<\/p>\n<p data-start=\"1999\" data-end=\"2308\">O epis\u00f3dio tamb\u00e9m repercutiu no meio jur\u00eddico. Especialistas em direito constitucional destacaram que opera\u00e7\u00f5es envolvendo jornalistas exigem cautela adicional das autoridades, justamente porque podem atingir n\u00e3o apenas o profissional investigado, mas tamb\u00e9m fontes e terceiros que mant\u00eam comunica\u00e7\u00e3o com ele.<\/p>\n<p data-start=\"2310\" data-end=\"2482\">\u201cApreens\u00f5es de equipamentos de jornalistas podem afetar n\u00e3o apenas o profissional investigado, mas tamb\u00e9m o sigilo de fontes e o fluxo de informa\u00e7\u00f5es de interesse p\u00fablico.\u201d<\/p>\n<p data-start=\"2484\" data-end=\"2824\">Celulares e computadores apreendidos em investiga\u00e7\u00f5es desse tipo costumam conter registros de contatos, mensagens e documentos sens\u00edveis. Por essa raz\u00e3o, juristas alertam que o acesso a esse tipo de material pode afetar a prote\u00e7\u00e3o do sigilo da fonte, princ\u00edpio considerado essencial para o funcionamento da imprensa em regimes democr\u00e1ticos.<\/p>\n<p data-start=\"2826\" data-end=\"3129\">A Constitui\u00e7\u00e3o brasileira assegura expressamente a preserva\u00e7\u00e3o do sigilo da fonte quando necess\u00e1rio ao exerc\u00edcio profissional do jornalismo. Essa garantia busca permitir que informa\u00e7\u00f5es de interesse p\u00fablico possam ser reveladas sem que pessoas que colaboram com a imprensa sejam expostas ou intimidadas.<\/p>\n<p data-start=\"3131\" data-end=\"3466\">Especialistas observam que decis\u00f5es judiciais envolvendo jornalistas costumam gerar debates mais amplos sobre liberdade de imprensa e equil\u00edbrio entre os poderes institucionais. Em democracias consolidadas, a rela\u00e7\u00e3o entre o poder investigativo do Estado e a prote\u00e7\u00e3o ao trabalho jornal\u00edstico exige permanente vigil\u00e2ncia institucional.<\/p>\n<p data-start=\"3468\" data-end=\"3661\">Para analistas do setor, o desafio consiste em garantir que eventuais investiga\u00e7\u00f5es ocorram dentro da legalidade sem criar precedentes que possam intimidar ou restringir o trabalho da imprensa.<\/p>\n<p data-start=\"3663\" data-end=\"3873\" data-is-last-node=\"\" data-is-only-node=\"\">O epis\u00f3dio, portanto, ultrapassa a discuss\u00e3o sobre um caso isolado e se insere em um debate mais amplo sobre os limites da atua\u00e7\u00e3o estatal e o papel da imprensa como instrumento de fiscaliza\u00e7\u00e3o da vida p\u00fablica.<\/p>\n<\/div>\n<\/div>\n<\/div>\n<\/div>\n<\/div>\n<\/div>\n<\/article>\n","protected":false},"excerpt":{"rendered":"<p>Associa\u00e7\u00f5es de imprensa, juristas e organiza\u00e7\u00f5es de defesa da liberdade de express\u00e3o manifestam preocupa\u00e7\u00e3o com a decis\u00e3o do Supremo Tribunal Federal que autorizou opera\u00e7\u00e3o da Pol\u00edcia Federal na casa de um jornalista. A decis\u00e3o do ministro Alexandre de Moraes, do Supremo Tribunal Federal, de autorizar busca e apreens\u00e3o na resid\u00eancia de um jornalista provocou forte [&hellip;]<\/p>\n","protected":false},"author":1,"featured_media":3008,"comment_status":"open","ping_status":"open","sticky":false,"template":"","format":"standard","meta":{"footnotes":"","jetpack_publicize_message":"","jetpack_publicize_feature_enabled":true,"jetpack_social_post_already_shared":true,"jetpack_social_options":{"image_generator_settings":{"template":"highway","default_image_id":0,"font":"","enabled":false},"version":2}},"categories":[37,1,65],"tags":[],"class_list":["post-3007","post","type-post","status-publish","format-standard","has-post-thumbnail","hentry","category-https-gazetapernambucana-com-page_id212","category-https-gazetapernambucana-com-page_id225","category-politica"],"yoast_head":"<!-- This site is optimized with the Yoast SEO plugin v24.5 - https:\/\/yoast.com\/wordpress\/plugins\/seo\/ -->\n<title>Moraes determina busca contra jornalista e rea\u00e7\u00e3o de entidades reacende debate sobre liberdade de imprensa -<\/title>\n<meta name=\"robots\" content=\"index, follow, max-snippet:-1, max-image-preview:large, max-video-preview:-1\" \/>\n<link rel=\"canonical\" href=\"https:\/\/gazetapernambucana.com\/?p=3007\" \/>\n<meta property=\"og:locale\" content=\"pt_BR\" \/>\n<meta property=\"og:type\" content=\"article\" \/>\n<meta property=\"og:title\" content=\"Moraes determina busca contra jornalista e rea\u00e7\u00e3o de entidades reacende debate sobre liberdade de imprensa -\" \/>\n<meta property=\"og:description\" content=\"Associa\u00e7\u00f5es de imprensa, juristas e organiza\u00e7\u00f5es de defesa da liberdade de express\u00e3o manifestam preocupa\u00e7\u00e3o com a decis\u00e3o do Supremo Tribunal Federal que autorizou opera\u00e7\u00e3o da Pol\u00edcia Federal na casa de um jornalista. A decis\u00e3o do ministro Alexandre de Moraes, do Supremo Tribunal Federal, de autorizar busca e apreens\u00e3o na resid\u00eancia de um jornalista provocou forte [&hellip;]\" \/>\n<meta property=\"og:url\" content=\"https:\/\/gazetapernambucana.com\/?p=3007\" \/>\n<meta property=\"article:published_time\" content=\"2026-03-14T02:03:55+00:00\" \/>\n<meta property=\"og:image\" content=\"https:\/\/gazetapernambucana.com\/wp-content\/uploads\/2026\/03\/54040896630_88f8a8780d_b.jpg\" \/>\n\t<meta property=\"og:image:width\" content=\"1024\" \/>\n\t<meta property=\"og:image:height\" content=\"683\" \/>\n\t<meta property=\"og:image:type\" content=\"image\/jpeg\" \/>\n<meta name=\"author\" content=\"GP\" \/>\n<meta name=\"twitter:card\" content=\"summary_large_image\" \/>\n<meta name=\"twitter:label1\" content=\"Escrito por\" \/>\n\t<meta name=\"twitter:data1\" content=\"GP\" \/>\n\t<meta name=\"twitter:label2\" content=\"Est. tempo de leitura\" \/>\n\t<meta name=\"twitter:data2\" content=\"4 minutos\" \/>\n<script type=\"application\/ld+json\" class=\"yoast-schema-graph\">{\"@context\":\"https:\/\/schema.org\",\"@graph\":[{\"@type\":\"WebPage\",\"@id\":\"https:\/\/gazetapernambucana.com\/?p=3007\",\"url\":\"https:\/\/gazetapernambucana.com\/?p=3007\",\"name\":\"Moraes determina busca contra jornalista e rea\u00e7\u00e3o de entidades reacende debate sobre liberdade de imprensa -\",\"isPartOf\":{\"@id\":\"https:\/\/gazetapernambucana.com\/#website\"},\"primaryImageOfPage\":{\"@id\":\"https:\/\/gazetapernambucana.com\/?p=3007#primaryimage\"},\"image\":{\"@id\":\"https:\/\/gazetapernambucana.com\/?p=3007#primaryimage\"},\"thumbnailUrl\":\"https:\/\/gazetapernambucana.com\/wp-content\/uploads\/2026\/03\/54040896630_88f8a8780d_b.jpg\",\"datePublished\":\"2026-03-14T02:03:55+00:00\",\"author\":{\"@id\":\"https:\/\/gazetapernambucana.com\/#\/schema\/person\/188dc283325181ac2de4db1e9e987427\"},\"breadcrumb\":{\"@id\":\"https:\/\/gazetapernambucana.com\/?p=3007#breadcrumb\"},\"inLanguage\":\"pt-BR\",\"potentialAction\":[{\"@type\":\"ReadAction\",\"target\":[\"https:\/\/gazetapernambucana.com\/?p=3007\"]}]},{\"@type\":\"ImageObject\",\"inLanguage\":\"pt-BR\",\"@id\":\"https:\/\/gazetapernambucana.com\/?p=3007#primaryimage\",\"url\":\"https:\/\/gazetapernambucana.com\/wp-content\/uploads\/2026\/03\/54040896630_88f8a8780d_b.jpg\",\"contentUrl\":\"https:\/\/gazetapernambucana.com\/wp-content\/uploads\/2026\/03\/54040896630_88f8a8780d_b.jpg\",\"width\":1024,\"height\":683},{\"@type\":\"BreadcrumbList\",\"@id\":\"https:\/\/gazetapernambucana.com\/?p=3007#breadcrumb\",\"itemListElement\":[{\"@type\":\"ListItem\",\"position\":1,\"name\":\"In\u00edcio\",\"item\":\"https:\/\/gazetapernambucana.com\/\"},{\"@type\":\"ListItem\",\"position\":2,\"name\":\"Moraes determina busca contra jornalista e rea\u00e7\u00e3o de entidades reacende debate sobre liberdade de imprensa\"}]},{\"@type\":\"WebSite\",\"@id\":\"https:\/\/gazetapernambucana.com\/#website\",\"url\":\"https:\/\/gazetapernambucana.com\/\",\"name\":\"\",\"description\":\"\",\"potentialAction\":[{\"@type\":\"SearchAction\",\"target\":{\"@type\":\"EntryPoint\",\"urlTemplate\":\"https:\/\/gazetapernambucana.com\/?s={search_term_string}\"},\"query-input\":{\"@type\":\"PropertyValueSpecification\",\"valueRequired\":true,\"valueName\":\"search_term_string\"}}],\"inLanguage\":\"pt-BR\"},{\"@type\":\"Person\",\"@id\":\"https:\/\/gazetapernambucana.com\/#\/schema\/person\/188dc283325181ac2de4db1e9e987427\",\"name\":\"GP\",\"image\":{\"@type\":\"ImageObject\",\"inLanguage\":\"pt-BR\",\"@id\":\"https:\/\/gazetapernambucana.com\/#\/schema\/person\/image\/\",\"url\":\"https:\/\/secure.gravatar.com\/avatar\/9dad78ff9a2d8b5742d11779f8a3f53b052320c550b2e1907882353c067bb111?s=96&d=mm&r=g\",\"contentUrl\":\"https:\/\/secure.gravatar.com\/avatar\/9dad78ff9a2d8b5742d11779f8a3f53b052320c550b2e1907882353c067bb111?s=96&d=mm&r=g\",\"caption\":\"GP\"},\"sameAs\":[\"http:\/\/gazetapernambucana.com\"],\"url\":\"https:\/\/gazetapernambucana.com\/?author=1\"}]}<\/script>\n<!-- \/ Yoast SEO plugin. -->","yoast_head_json":{"title":"Moraes determina busca contra jornalista e rea\u00e7\u00e3o de entidades reacende debate sobre liberdade de imprensa -","robots":{"index":"index","follow":"follow","max-snippet":"max-snippet:-1","max-image-preview":"max-image-preview:large","max-video-preview":"max-video-preview:-1"},"canonical":"https:\/\/gazetapernambucana.com\/?p=3007","og_locale":"pt_BR","og_type":"article","og_title":"Moraes determina busca contra jornalista e rea\u00e7\u00e3o de entidades reacende debate sobre liberdade de imprensa -","og_description":"Associa\u00e7\u00f5es de imprensa, juristas e organiza\u00e7\u00f5es de defesa da liberdade de express\u00e3o manifestam preocupa\u00e7\u00e3o com a decis\u00e3o do Supremo Tribunal Federal que autorizou opera\u00e7\u00e3o da Pol\u00edcia Federal na casa de um jornalista. A decis\u00e3o do ministro Alexandre de Moraes, do Supremo Tribunal Federal, de autorizar busca e apreens\u00e3o na resid\u00eancia de um jornalista provocou forte [&hellip;]","og_url":"https:\/\/gazetapernambucana.com\/?p=3007","article_published_time":"2026-03-14T02:03:55+00:00","og_image":[{"width":1024,"height":683,"url":"https:\/\/gazetapernambucana.com\/wp-content\/uploads\/2026\/03\/54040896630_88f8a8780d_b.jpg","type":"image\/jpeg"}],"author":"GP","twitter_card":"summary_large_image","twitter_misc":{"Escrito por":"GP","Est. tempo de leitura":"4 minutos"},"schema":{"@context":"https:\/\/schema.org","@graph":[{"@type":"WebPage","@id":"https:\/\/gazetapernambucana.com\/?p=3007","url":"https:\/\/gazetapernambucana.com\/?p=3007","name":"Moraes determina busca contra jornalista e rea\u00e7\u00e3o de entidades reacende debate sobre liberdade de imprensa -","isPartOf":{"@id":"https:\/\/gazetapernambucana.com\/#website"},"primaryImageOfPage":{"@id":"https:\/\/gazetapernambucana.com\/?p=3007#primaryimage"},"image":{"@id":"https:\/\/gazetapernambucana.com\/?p=3007#primaryimage"},"thumbnailUrl":"https:\/\/gazetapernambucana.com\/wp-content\/uploads\/2026\/03\/54040896630_88f8a8780d_b.jpg","datePublished":"2026-03-14T02:03:55+00:00","author":{"@id":"https:\/\/gazetapernambucana.com\/#\/schema\/person\/188dc283325181ac2de4db1e9e987427"},"breadcrumb":{"@id":"https:\/\/gazetapernambucana.com\/?p=3007#breadcrumb"},"inLanguage":"pt-BR","potentialAction":[{"@type":"ReadAction","target":["https:\/\/gazetapernambucana.com\/?p=3007"]}]},{"@type":"ImageObject","inLanguage":"pt-BR","@id":"https:\/\/gazetapernambucana.com\/?p=3007#primaryimage","url":"https:\/\/gazetapernambucana.com\/wp-content\/uploads\/2026\/03\/54040896630_88f8a8780d_b.jpg","contentUrl":"https:\/\/gazetapernambucana.com\/wp-content\/uploads\/2026\/03\/54040896630_88f8a8780d_b.jpg","width":1024,"height":683},{"@type":"BreadcrumbList","@id":"https:\/\/gazetapernambucana.com\/?p=3007#breadcrumb","itemListElement":[{"@type":"ListItem","position":1,"name":"In\u00edcio","item":"https:\/\/gazetapernambucana.com\/"},{"@type":"ListItem","position":2,"name":"Moraes determina busca contra jornalista e rea\u00e7\u00e3o de entidades reacende debate sobre liberdade de imprensa"}]},{"@type":"WebSite","@id":"https:\/\/gazetapernambucana.com\/#website","url":"https:\/\/gazetapernambucana.com\/","name":"","description":"","potentialAction":[{"@type":"SearchAction","target":{"@type":"EntryPoint","urlTemplate":"https:\/\/gazetapernambucana.com\/?s={search_term_string}"},"query-input":{"@type":"PropertyValueSpecification","valueRequired":true,"valueName":"search_term_string"}}],"inLanguage":"pt-BR"},{"@type":"Person","@id":"https:\/\/gazetapernambucana.com\/#\/schema\/person\/188dc283325181ac2de4db1e9e987427","name":"GP","image":{"@type":"ImageObject","inLanguage":"pt-BR","@id":"https:\/\/gazetapernambucana.com\/#\/schema\/person\/image\/","url":"https:\/\/secure.gravatar.com\/avatar\/9dad78ff9a2d8b5742d11779f8a3f53b052320c550b2e1907882353c067bb111?s=96&d=mm&r=g","contentUrl":"https:\/\/secure.gravatar.com\/avatar\/9dad78ff9a2d8b5742d11779f8a3f53b052320c550b2e1907882353c067bb111?s=96&d=mm&r=g","caption":"GP"},"sameAs":["http:\/\/gazetapernambucana.com"],"url":"https:\/\/gazetapernambucana.com\/?author=1"}]}},"jetpack_publicize_connections":[],"_links":{"self":[{"href":"https:\/\/gazetapernambucana.com\/index.php?rest_route=\/wp\/v2\/posts\/3007","targetHints":{"allow":["GET"]}}],"collection":[{"href":"https:\/\/gazetapernambucana.com\/index.php?rest_route=\/wp\/v2\/posts"}],"about":[{"href":"https:\/\/gazetapernambucana.com\/index.php?rest_route=\/wp\/v2\/types\/post"}],"author":[{"embeddable":true,"href":"https:\/\/gazetapernambucana.com\/index.php?rest_route=\/wp\/v2\/users\/1"}],"replies":[{"embeddable":true,"href":"https:\/\/gazetapernambucana.com\/index.php?rest_route=%2Fwp%2Fv2%2Fcomments&post=3007"}],"version-history":[{"count":1,"href":"https:\/\/gazetapernambucana.com\/index.php?rest_route=\/wp\/v2\/posts\/3007\/revisions"}],"predecessor-version":[{"id":3009,"href":"https:\/\/gazetapernambucana.com\/index.php?rest_route=\/wp\/v2\/posts\/3007\/revisions\/3009"}],"wp:featuredmedia":[{"embeddable":true,"href":"https:\/\/gazetapernambucana.com\/index.php?rest_route=\/wp\/v2\/media\/3008"}],"wp:attachment":[{"href":"https:\/\/gazetapernambucana.com\/index.php?rest_route=%2Fwp%2Fv2%2Fmedia&parent=3007"}],"wp:term":[{"taxonomy":"category","embeddable":true,"href":"https:\/\/gazetapernambucana.com\/index.php?rest_route=%2Fwp%2Fv2%2Fcategories&post=3007"},{"taxonomy":"post_tag","embeddable":true,"href":"https:\/\/gazetapernambucana.com\/index.php?rest_route=%2Fwp%2Fv2%2Ftags&post=3007"}],"curies":[{"name":"wp","href":"https:\/\/api.w.org\/{rel}","templated":true}]}}