{"id":2993,"date":"2026-03-11T20:49:36","date_gmt":"2026-03-11T23:49:36","guid":{"rendered":"https:\/\/gazetapernambucana.com\/?p=2993"},"modified":"2026-03-12T11:25:36","modified_gmt":"2026-03-12T14:25:36","slug":"o-esvaziamento-da-lideranca-publica","status":"publish","type":"post","link":"https:\/\/gazetapernambucana.com\/?p=2993","title":{"rendered":"O esvaziamento da lideran\u00e7a p\u00fablica"},"content":{"rendered":"<p data-start=\"690\" data-end=\"888\"><strong>Entre c\u00e1lculos eleitorais e rearranjos partid\u00e1rios, o Brasil parece viver um tempo de rarefa\u00e7\u00e3o de lideran\u00e7as capazes de mobilizar projetos de pa\u00eds e reunir multid\u00f5es em torno de ideias.<\/strong><\/p>\n<p data-start=\"897\" data-end=\"1310\">A pol\u00edtica brasileira atravessa um momento singular de sua hist\u00f3ria recente. Nunca houve tanta movimenta\u00e7\u00e3o partid\u00e1ria, tantas articula\u00e7\u00f5es eleitorais e tantas negocia\u00e7\u00f5es em torno da forma\u00e7\u00e3o de chapas e alian\u00e7as. Ainda assim, cresce a percep\u00e7\u00e3o de que o pa\u00eds vive um per\u00edodo de rarefa\u00e7\u00e3o de lideran\u00e7as capazes de mobilizar projetos de pa\u00eds e reunir multid\u00f5es em torno de ideias, causas e caminhos para o futuro.<\/p>\n<p data-start=\"1312\" data-end=\"1903\">A disputa pelo poder permanece intensa, como sempre ocorreu nas democracias. O que chama a aten\u00e7\u00e3o, entretanto, \u00e9 a natureza dessa disputa. Em muitos casos, a pol\u00edtica parece cada vez mais orientada por c\u00e1lculos eleitorais imediatos, nos quais a soma de apoios regionais, a influ\u00eancia de grupos locais e a capacidade de agregar votos passam a ocupar o centro das decis\u00f5es estrat\u00e9gicas. A forma\u00e7\u00e3o de chapas majorit\u00e1rias muitas vezes obedece a uma l\u00f3gica de equil\u00edbrio regional ou de conveni\u00eancia eleitoral, na qual o peso pol\u00edtico e a experi\u00eancia p\u00fablica cedem espa\u00e7o \u00e0 aritm\u00e9tica dos votos.<\/p>\n<p data-start=\"1905\" data-end=\"2299\">Esse cen\u00e1rio contrasta com momentos anteriores da vida pol\u00edtica brasileira, quando lideran\u00e7as de grande densidade p\u00fablica exerciam papel decisivo na condu\u00e7\u00e3o de projetos nacionais e na organiza\u00e7\u00e3o de correntes de pensamento. O pa\u00eds j\u00e1 conviveu com figuras que, concordando-se ou n\u00e3o com suas ideias, possu\u00edam capacidade real de mobiliza\u00e7\u00e3o social e influ\u00eancia duradoura sobre os rumos da na\u00e7\u00e3o.<\/p>\n<p data-start=\"2301\" data-end=\"2751\">Nomes como Get\u00falio Vargas, Juscelino Kubitschek, Ulysses Guimar\u00e3es e Leonel Brizola marcaram \u00e9pocas distintas e representaram projetos pol\u00edticos que ultrapassavam disputas eleitorais pontuais. Em diferentes momentos da hist\u00f3ria nacional tamb\u00e9m se destacaram lideran\u00e7as como Teot\u00f4nio Vilela, Tancredo Neves, Ant\u00f4nio Carlos Magalh\u00e3es e M\u00e1rio Covas, figuras que exerceram influ\u00eancia significativa na organiza\u00e7\u00e3o da vida pol\u00edtica e institucional do pa\u00eds.<\/p>\n<p data-start=\"2753\" data-end=\"3285\">Em Pernambuco, a hist\u00f3ria pol\u00edtica tamb\u00e9m produziu lideran\u00e7as de grande express\u00e3o p\u00fablica. Figuras como Cid Sampaio, Marco Maciel, Jarbas Vasconcelos, Miguel Arraes e Roberto Magalh\u00e3es simbolizaram uma tradi\u00e7\u00e3o pol\u00edtica marcada pela experi\u00eancia, pela capacidade de articula\u00e7\u00e3o e por uma presen\u00e7a institucional respeitada. Em outra vertente da hist\u00f3ria p\u00fablica pernambucana, Francisco Juli\u00e3o tornou-se uma figura emblem\u00e1tica ao mobilizar movimentos sociais e provocar debates profundos sobre as desigualdades no campo e a quest\u00e3o agr\u00e1ria no Brasil.<\/p>\n<p data-start=\"3287\" data-end=\"3665\">A hist\u00f3ria brasileira tamb\u00e9m conheceu lideran\u00e7as morais e religiosas capazes de mobilizar consci\u00eancias e influenciar o debate p\u00fablico em momentos decisivos. Figuras como Dom H\u00e9lder C\u00e2mara, Dom Paulo Evaristo Arns e Dom Luciano Mendes de Almeida exerceram papel relevante na defesa dos direitos humanos e na mobiliza\u00e7\u00e3o da sociedade em per\u00edodos de forte tens\u00e3o pol\u00edtica e social.<\/p>\n<p data-start=\"3667\" data-end=\"4228\">No cen\u00e1rio contempor\u00e2neo, duas figuras ainda demonstram capacidade de mobiliza\u00e7\u00e3o popular significativa no pa\u00eds, embora ambas atravessem momentos de desgaste e limita\u00e7\u00f5es pr\u00f3prias do tempo pol\u00edtico que vivem. Luiz In\u00e1cio Lula da Silva permanece como uma lideran\u00e7a de forte influ\u00eancia em amplos setores da sociedade, enquanto Jair Bolsonaro tamb\u00e9m construiu uma base expressiva de apoio popular ao longo dos \u00faltimos anos. Ainda assim, o debate p\u00fablico parece cada vez mais marcado pela polariza\u00e7\u00e3o e menos pela constru\u00e7\u00e3o de projetos estruturados de longo prazo.<\/p>\n<p data-start=\"4230\" data-end=\"4594\">A democracia brasileira continua viva e din\u00e2mica, mas a qualidade de sua vida p\u00fablica depende tamb\u00e9m da presen\u00e7a de lideran\u00e7as capazes de ir al\u00e9m da aritm\u00e9tica eleitoral. A hist\u00f3ria pol\u00edtica do pa\u00eds demonstra que momentos de maior transforma\u00e7\u00e3o foram conduzidos por figuras que souberam combinar experi\u00eancia, vis\u00e3o institucional e capacidade de mobiliza\u00e7\u00e3o social.<\/p>\n<p data-start=\"4596\" data-end=\"4883\">Talvez um dos grandes desafios do presente seja justamente o de recuperar esse espa\u00e7o para lideran\u00e7as que consigam reconectar a pol\u00edtica com projetos de futuro, devolvendo ao debate p\u00fablico a dimens\u00e3o estrat\u00e9gica que muitas vezes parece ofuscada pelo imediatismo das disputas eleitorais.<\/p>\n","protected":false},"excerpt":{"rendered":"<p>Entre c\u00e1lculos eleitorais e rearranjos partid\u00e1rios, o Brasil parece viver um tempo de rarefa\u00e7\u00e3o de lideran\u00e7as capazes de mobilizar projetos de pa\u00eds e reunir multid\u00f5es em torno de ideias. A pol\u00edtica brasileira atravessa um momento singular de sua hist\u00f3ria recente. Nunca houve tanta movimenta\u00e7\u00e3o partid\u00e1ria, tantas articula\u00e7\u00f5es eleitorais e tantas negocia\u00e7\u00f5es em torno da forma\u00e7\u00e3o [&hellip;]<\/p>\n","protected":false},"author":1,"featured_media":2994,"comment_status":"open","ping_status":"open","sticky":false,"template":"","format":"standard","meta":{"footnotes":"","jetpack_publicize_message":"","jetpack_publicize_feature_enabled":true,"jetpack_social_post_already_shared":true,"jetpack_social_options":{"image_generator_settings":{"template":"highway","default_image_id":0,"font":"","enabled":false},"version":2}},"categories":[37,1,35,65],"tags":[],"class_list":["post-2993","post","type-post","status-publish","format-standard","has-post-thumbnail","hentry","category-https-gazetapernambucana-com-page_id212","category-https-gazetapernambucana-com-page_id225","category-https-gazetapernambucana-com-page_id218","category-politica"],"yoast_head":"<!-- This site is optimized with the Yoast SEO plugin v24.5 - https:\/\/yoast.com\/wordpress\/plugins\/seo\/ -->\n<title>O esvaziamento da lideran\u00e7a p\u00fablica -<\/title>\n<meta name=\"robots\" content=\"index, follow, max-snippet:-1, max-image-preview:large, max-video-preview:-1\" \/>\n<link rel=\"canonical\" href=\"https:\/\/gazetapernambucana.com\/?p=2993\" \/>\n<meta property=\"og:locale\" content=\"pt_BR\" \/>\n<meta property=\"og:type\" content=\"article\" \/>\n<meta property=\"og:title\" content=\"O esvaziamento da lideran\u00e7a p\u00fablica -\" \/>\n<meta property=\"og:description\" content=\"Entre c\u00e1lculos eleitorais e rearranjos partid\u00e1rios, o Brasil parece viver um tempo de rarefa\u00e7\u00e3o de lideran\u00e7as capazes de mobilizar projetos de pa\u00eds e reunir multid\u00f5es em torno de ideias. A pol\u00edtica brasileira atravessa um momento singular de sua hist\u00f3ria recente. Nunca houve tanta movimenta\u00e7\u00e3o partid\u00e1ria, tantas articula\u00e7\u00f5es eleitorais e tantas negocia\u00e7\u00f5es em torno da forma\u00e7\u00e3o [&hellip;]\" \/>\n<meta property=\"og:url\" content=\"https:\/\/gazetapernambucana.com\/?p=2993\" \/>\n<meta property=\"article:published_time\" content=\"2026-03-11T23:49:36+00:00\" \/>\n<meta property=\"article:modified_time\" content=\"2026-03-12T14:25:36+00:00\" \/>\n<meta property=\"og:image\" content=\"https:\/\/gazetapernambucana.com\/wp-content\/uploads\/2026\/03\/4afea0f8-0563-4f10-9362-d06f0f1a4626.png\" \/>\n\t<meta property=\"og:image:width\" content=\"1024\" \/>\n\t<meta property=\"og:image:height\" content=\"1024\" \/>\n\t<meta property=\"og:image:type\" content=\"image\/png\" \/>\n<meta name=\"author\" content=\"GP\" \/>\n<meta name=\"twitter:card\" content=\"summary_large_image\" \/>\n<meta name=\"twitter:label1\" content=\"Escrito por\" \/>\n\t<meta name=\"twitter:data1\" content=\"GP\" \/>\n\t<meta name=\"twitter:label2\" content=\"Est. tempo de leitura\" \/>\n\t<meta name=\"twitter:data2\" content=\"4 minutos\" \/>\n<script type=\"application\/ld+json\" class=\"yoast-schema-graph\">{\"@context\":\"https:\/\/schema.org\",\"@graph\":[{\"@type\":\"WebPage\",\"@id\":\"https:\/\/gazetapernambucana.com\/?p=2993\",\"url\":\"https:\/\/gazetapernambucana.com\/?p=2993\",\"name\":\"O esvaziamento da lideran\u00e7a p\u00fablica -\",\"isPartOf\":{\"@id\":\"https:\/\/gazetapernambucana.com\/#website\"},\"primaryImageOfPage\":{\"@id\":\"https:\/\/gazetapernambucana.com\/?p=2993#primaryimage\"},\"image\":{\"@id\":\"https:\/\/gazetapernambucana.com\/?p=2993#primaryimage\"},\"thumbnailUrl\":\"https:\/\/gazetapernambucana.com\/wp-content\/uploads\/2026\/03\/4afea0f8-0563-4f10-9362-d06f0f1a4626.png\",\"datePublished\":\"2026-03-11T23:49:36+00:00\",\"dateModified\":\"2026-03-12T14:25:36+00:00\",\"author\":{\"@id\":\"https:\/\/gazetapernambucana.com\/#\/schema\/person\/188dc283325181ac2de4db1e9e987427\"},\"breadcrumb\":{\"@id\":\"https:\/\/gazetapernambucana.com\/?p=2993#breadcrumb\"},\"inLanguage\":\"pt-BR\",\"potentialAction\":[{\"@type\":\"ReadAction\",\"target\":[\"https:\/\/gazetapernambucana.com\/?p=2993\"]}]},{\"@type\":\"ImageObject\",\"inLanguage\":\"pt-BR\",\"@id\":\"https:\/\/gazetapernambucana.com\/?p=2993#primaryimage\",\"url\":\"https:\/\/gazetapernambucana.com\/wp-content\/uploads\/2026\/03\/4afea0f8-0563-4f10-9362-d06f0f1a4626.png\",\"contentUrl\":\"https:\/\/gazetapernambucana.com\/wp-content\/uploads\/2026\/03\/4afea0f8-0563-4f10-9362-d06f0f1a4626.png\",\"width\":1024,\"height\":1024},{\"@type\":\"BreadcrumbList\",\"@id\":\"https:\/\/gazetapernambucana.com\/?p=2993#breadcrumb\",\"itemListElement\":[{\"@type\":\"ListItem\",\"position\":1,\"name\":\"In\u00edcio\",\"item\":\"https:\/\/gazetapernambucana.com\/\"},{\"@type\":\"ListItem\",\"position\":2,\"name\":\"O esvaziamento da lideran\u00e7a p\u00fablica\"}]},{\"@type\":\"WebSite\",\"@id\":\"https:\/\/gazetapernambucana.com\/#website\",\"url\":\"https:\/\/gazetapernambucana.com\/\",\"name\":\"\",\"description\":\"\",\"potentialAction\":[{\"@type\":\"SearchAction\",\"target\":{\"@type\":\"EntryPoint\",\"urlTemplate\":\"https:\/\/gazetapernambucana.com\/?s={search_term_string}\"},\"query-input\":{\"@type\":\"PropertyValueSpecification\",\"valueRequired\":true,\"valueName\":\"search_term_string\"}}],\"inLanguage\":\"pt-BR\"},{\"@type\":\"Person\",\"@id\":\"https:\/\/gazetapernambucana.com\/#\/schema\/person\/188dc283325181ac2de4db1e9e987427\",\"name\":\"GP\",\"image\":{\"@type\":\"ImageObject\",\"inLanguage\":\"pt-BR\",\"@id\":\"https:\/\/gazetapernambucana.com\/#\/schema\/person\/image\/\",\"url\":\"https:\/\/secure.gravatar.com\/avatar\/9dad78ff9a2d8b5742d11779f8a3f53b052320c550b2e1907882353c067bb111?s=96&d=mm&r=g\",\"contentUrl\":\"https:\/\/secure.gravatar.com\/avatar\/9dad78ff9a2d8b5742d11779f8a3f53b052320c550b2e1907882353c067bb111?s=96&d=mm&r=g\",\"caption\":\"GP\"},\"sameAs\":[\"http:\/\/gazetapernambucana.com\"],\"url\":\"https:\/\/gazetapernambucana.com\/?author=1\"}]}<\/script>\n<!-- \/ Yoast SEO plugin. -->","yoast_head_json":{"title":"O esvaziamento da lideran\u00e7a p\u00fablica -","robots":{"index":"index","follow":"follow","max-snippet":"max-snippet:-1","max-image-preview":"max-image-preview:large","max-video-preview":"max-video-preview:-1"},"canonical":"https:\/\/gazetapernambucana.com\/?p=2993","og_locale":"pt_BR","og_type":"article","og_title":"O esvaziamento da lideran\u00e7a p\u00fablica -","og_description":"Entre c\u00e1lculos eleitorais e rearranjos partid\u00e1rios, o Brasil parece viver um tempo de rarefa\u00e7\u00e3o de lideran\u00e7as capazes de mobilizar projetos de pa\u00eds e reunir multid\u00f5es em torno de ideias. A pol\u00edtica brasileira atravessa um momento singular de sua hist\u00f3ria recente. Nunca houve tanta movimenta\u00e7\u00e3o partid\u00e1ria, tantas articula\u00e7\u00f5es eleitorais e tantas negocia\u00e7\u00f5es em torno da forma\u00e7\u00e3o [&hellip;]","og_url":"https:\/\/gazetapernambucana.com\/?p=2993","article_published_time":"2026-03-11T23:49:36+00:00","article_modified_time":"2026-03-12T14:25:36+00:00","og_image":[{"width":1024,"height":1024,"url":"https:\/\/gazetapernambucana.com\/wp-content\/uploads\/2026\/03\/4afea0f8-0563-4f10-9362-d06f0f1a4626.png","type":"image\/png"}],"author":"GP","twitter_card":"summary_large_image","twitter_misc":{"Escrito por":"GP","Est. tempo de leitura":"4 minutos"},"schema":{"@context":"https:\/\/schema.org","@graph":[{"@type":"WebPage","@id":"https:\/\/gazetapernambucana.com\/?p=2993","url":"https:\/\/gazetapernambucana.com\/?p=2993","name":"O esvaziamento da lideran\u00e7a p\u00fablica -","isPartOf":{"@id":"https:\/\/gazetapernambucana.com\/#website"},"primaryImageOfPage":{"@id":"https:\/\/gazetapernambucana.com\/?p=2993#primaryimage"},"image":{"@id":"https:\/\/gazetapernambucana.com\/?p=2993#primaryimage"},"thumbnailUrl":"https:\/\/gazetapernambucana.com\/wp-content\/uploads\/2026\/03\/4afea0f8-0563-4f10-9362-d06f0f1a4626.png","datePublished":"2026-03-11T23:49:36+00:00","dateModified":"2026-03-12T14:25:36+00:00","author":{"@id":"https:\/\/gazetapernambucana.com\/#\/schema\/person\/188dc283325181ac2de4db1e9e987427"},"breadcrumb":{"@id":"https:\/\/gazetapernambucana.com\/?p=2993#breadcrumb"},"inLanguage":"pt-BR","potentialAction":[{"@type":"ReadAction","target":["https:\/\/gazetapernambucana.com\/?p=2993"]}]},{"@type":"ImageObject","inLanguage":"pt-BR","@id":"https:\/\/gazetapernambucana.com\/?p=2993#primaryimage","url":"https:\/\/gazetapernambucana.com\/wp-content\/uploads\/2026\/03\/4afea0f8-0563-4f10-9362-d06f0f1a4626.png","contentUrl":"https:\/\/gazetapernambucana.com\/wp-content\/uploads\/2026\/03\/4afea0f8-0563-4f10-9362-d06f0f1a4626.png","width":1024,"height":1024},{"@type":"BreadcrumbList","@id":"https:\/\/gazetapernambucana.com\/?p=2993#breadcrumb","itemListElement":[{"@type":"ListItem","position":1,"name":"In\u00edcio","item":"https:\/\/gazetapernambucana.com\/"},{"@type":"ListItem","position":2,"name":"O esvaziamento da lideran\u00e7a p\u00fablica"}]},{"@type":"WebSite","@id":"https:\/\/gazetapernambucana.com\/#website","url":"https:\/\/gazetapernambucana.com\/","name":"","description":"","potentialAction":[{"@type":"SearchAction","target":{"@type":"EntryPoint","urlTemplate":"https:\/\/gazetapernambucana.com\/?s={search_term_string}"},"query-input":{"@type":"PropertyValueSpecification","valueRequired":true,"valueName":"search_term_string"}}],"inLanguage":"pt-BR"},{"@type":"Person","@id":"https:\/\/gazetapernambucana.com\/#\/schema\/person\/188dc283325181ac2de4db1e9e987427","name":"GP","image":{"@type":"ImageObject","inLanguage":"pt-BR","@id":"https:\/\/gazetapernambucana.com\/#\/schema\/person\/image\/","url":"https:\/\/secure.gravatar.com\/avatar\/9dad78ff9a2d8b5742d11779f8a3f53b052320c550b2e1907882353c067bb111?s=96&d=mm&r=g","contentUrl":"https:\/\/secure.gravatar.com\/avatar\/9dad78ff9a2d8b5742d11779f8a3f53b052320c550b2e1907882353c067bb111?s=96&d=mm&r=g","caption":"GP"},"sameAs":["http:\/\/gazetapernambucana.com"],"url":"https:\/\/gazetapernambucana.com\/?author=1"}]}},"jetpack_publicize_connections":[],"_links":{"self":[{"href":"https:\/\/gazetapernambucana.com\/index.php?rest_route=\/wp\/v2\/posts\/2993","targetHints":{"allow":["GET"]}}],"collection":[{"href":"https:\/\/gazetapernambucana.com\/index.php?rest_route=\/wp\/v2\/posts"}],"about":[{"href":"https:\/\/gazetapernambucana.com\/index.php?rest_route=\/wp\/v2\/types\/post"}],"author":[{"embeddable":true,"href":"https:\/\/gazetapernambucana.com\/index.php?rest_route=\/wp\/v2\/users\/1"}],"replies":[{"embeddable":true,"href":"https:\/\/gazetapernambucana.com\/index.php?rest_route=%2Fwp%2Fv2%2Fcomments&post=2993"}],"version-history":[{"count":2,"href":"https:\/\/gazetapernambucana.com\/index.php?rest_route=\/wp\/v2\/posts\/2993\/revisions"}],"predecessor-version":[{"id":2996,"href":"https:\/\/gazetapernambucana.com\/index.php?rest_route=\/wp\/v2\/posts\/2993\/revisions\/2996"}],"wp:featuredmedia":[{"embeddable":true,"href":"https:\/\/gazetapernambucana.com\/index.php?rest_route=\/wp\/v2\/media\/2994"}],"wp:attachment":[{"href":"https:\/\/gazetapernambucana.com\/index.php?rest_route=%2Fwp%2Fv2%2Fmedia&parent=2993"}],"wp:term":[{"taxonomy":"category","embeddable":true,"href":"https:\/\/gazetapernambucana.com\/index.php?rest_route=%2Fwp%2Fv2%2Fcategories&post=2993"},{"taxonomy":"post_tag","embeddable":true,"href":"https:\/\/gazetapernambucana.com\/index.php?rest_route=%2Fwp%2Fv2%2Ftags&post=2993"}],"curies":[{"name":"wp","href":"https:\/\/api.w.org\/{rel}","templated":true}]}}