{"id":2937,"date":"2026-03-07T23:05:53","date_gmt":"2026-03-08T02:05:53","guid":{"rendered":"https:\/\/gazetapernambucana.com\/?p=2937"},"modified":"2026-03-07T23:05:53","modified_gmt":"2026-03-08T02:05:53","slug":"goleiro-bruno-finalmente-revela-noticias-sobre-elisa-samudio","status":"publish","type":"post","link":"https:\/\/gazetapernambucana.com\/?p=2937","title":{"rendered":"Goleiro Bruno finalmente revela not\u00edcias sobre Elisa Samudio"},"content":{"rendered":"<div class=\"entry-header\">\n<h1 class=\"jeg_post_title\"><span style=\"font-size: 16px;\">Do Diario de Pernambuco<\/span><\/h1>\n<\/div>\n<div class=\"entry-content no-share\">\n<div class=\"content-inner \">\n<p data-start=\"251\" data-end=\"625\">Durante participa\u00e7\u00e3o em um podcast, o goleiro Bruno, condenado pelo assassinato de Elisa Samudio,\u00a0 o criminoso comentou sobre o relacionamento com Elisa Samudio e a forma como lidava com sua vida pessoal na \u00e9poca. Ele revelou que, em determinado momento, n\u00e3o tinha mais di\u00e1logo direto com ela. Segundo Bruno, quem cuidava de suas quest\u00f5es era uma terceira pessoa, apelidada de \u201cMacarr\u00e3o\u201d. \u201cEle fazia tudo para mim\u201d, disse o atleta.<\/p>\n<p data-start=\"251\" data-end=\"625\">Bruno explicou que chegou um momento em que n\u00e3o conseguia mais conversar com Elisa. A aus\u00eancia de comunica\u00e7\u00e3o direta marcou um per\u00edodo conturbado de sua vida, em que decis\u00f5es importantes foram tomadas por terceiros.<\/p>\n<h2 data-start=\"872\" data-end=\"900\">Reflex\u00f5es sobre o j\u00fari<\/h2>\n<p data-start=\"902\" data-end=\"1365\">O ex-goleiro, que ficou cerca de seis anos preso pelo crime, tamb\u00e9m falou sobre o julgamento e os momentos em que precisou se explicar diante do tribunal. Ele disse que, quando questionado pela ju\u00edza sobre se havia mandado executar o assassinato de Elisa, respondeu que n\u00e3o, embora tivesse conhecimento delas.<\/p>\n<p data-start=\"902\" data-end=\"1365\">\u201cQuando a ju\u00edza me pergunta: \u2018voc\u00ea mandou fazer isso?\u2019, eu falo: n\u00e3o. Mas voc\u00ea sabia? Sabia, mas eu n\u00e3o mandei. A\u00ed eu quis dizer o que para as pessoas? Fui omisso. Meu erro foi ter sido omisso\u201d, afirmou.<\/p>\n<h2 data-start=\"1367\" data-end=\"1402\">Bruno revela que n\u00e3o \u00e9 inocente<\/h2>\n<p data-start=\"1404\" data-end=\"1636\">Bruno ressaltou que admitir a omiss\u00e3o n\u00e3o significa se declarar inocente. \u201cIsso faz de mim uma pessoa inocente? N\u00e3o. Em momento algum, em todo o j\u00fari, eu disse que sou inocente. Mas tamb\u00e9m n\u00e3o sou o dem\u00f4nio da situa\u00e7\u00e3o\u201d, explicou.<\/p>\n<p data-start=\"1666\" data-end=\"1932\">Ele ainda destacou que precisou lidar com uma situa\u00e7\u00e3o complexa, envolvendo fac\u00e7\u00f5es e pessoas al\u00e9m do que o p\u00fablico poderia imaginar. Segundo Bruno, isso exigiu cautela, conten\u00e7\u00e3o e decis\u00f5es dif\u00edceis para administrar problemas que ultrapassavam sua esfera pessoal.<\/p>\n<\/div>\n<\/div>\n","protected":false},"excerpt":{"rendered":"<p>Do Diario de Pernambuco Durante participa\u00e7\u00e3o em um podcast, o goleiro Bruno, condenado pelo assassinato de Elisa Samudio,\u00a0 o criminoso comentou sobre o relacionamento com Elisa Samudio e a forma como lidava com sua vida pessoal na \u00e9poca. Ele revelou que, em determinado momento, n\u00e3o tinha mais di\u00e1logo direto com ela. Segundo Bruno, quem cuidava [&hellip;]<\/p>\n","protected":false},"author":1,"featured_media":2938,"comment_status":"open","ping_status":"open","sticky":false,"template":"","format":"standard","meta":{"footnotes":"","jetpack_publicize_message":"","jetpack_publicize_feature_enabled":true,"jetpack_social_post_already_shared":true,"jetpack_social_options":{"image_generator_settings":{"template":"highway","default_image_id":0,"font":"","enabled":false},"version":2}},"categories":[37,1],"tags":[],"class_list":["post-2937","post","type-post","status-publish","format-standard","has-post-thumbnail","hentry","category-https-gazetapernambucana-com-page_id212","category-https-gazetapernambucana-com-page_id225"],"yoast_head":"<!-- This site is optimized with the Yoast SEO plugin v24.5 - https:\/\/yoast.com\/wordpress\/plugins\/seo\/ -->\n<title>Goleiro Bruno finalmente revela not\u00edcias sobre Elisa Samudio -<\/title>\n<meta name=\"robots\" content=\"index, follow, max-snippet:-1, max-image-preview:large, max-video-preview:-1\" \/>\n<link rel=\"canonical\" href=\"https:\/\/gazetapernambucana.com\/?p=2937\" \/>\n<meta property=\"og:locale\" content=\"pt_BR\" \/>\n<meta property=\"og:type\" content=\"article\" \/>\n<meta property=\"og:title\" content=\"Goleiro Bruno finalmente revela not\u00edcias sobre Elisa Samudio -\" \/>\n<meta property=\"og:description\" content=\"Do Diario de Pernambuco Durante participa\u00e7\u00e3o em um podcast, o goleiro Bruno, condenado pelo assassinato de Elisa Samudio,\u00a0 o criminoso comentou sobre o relacionamento com Elisa Samudio e a forma como lidava com sua vida pessoal na \u00e9poca. Ele revelou que, em determinado momento, n\u00e3o tinha mais di\u00e1logo direto com ela. Segundo Bruno, quem cuidava [&hellip;]\" \/>\n<meta property=\"og:url\" content=\"https:\/\/gazetapernambucana.com\/?p=2937\" \/>\n<meta property=\"article:published_time\" content=\"2026-03-08T02:05:53+00:00\" \/>\n<meta property=\"og:image\" content=\"https:\/\/gazetapernambucana.com\/wp-content\/uploads\/2026\/03\/goleiro-bruno-3-750x375-1.jpg\" \/>\n\t<meta property=\"og:image:width\" content=\"750\" \/>\n\t<meta property=\"og:image:height\" content=\"375\" \/>\n\t<meta property=\"og:image:type\" content=\"image\/jpeg\" \/>\n<meta name=\"author\" content=\"GP\" \/>\n<meta name=\"twitter:card\" content=\"summary_large_image\" \/>\n<meta name=\"twitter:label1\" content=\"Escrito por\" \/>\n\t<meta name=\"twitter:data1\" content=\"GP\" \/>\n\t<meta name=\"twitter:label2\" content=\"Est. tempo de leitura\" \/>\n\t<meta name=\"twitter:data2\" content=\"2 minutos\" \/>\n<script type=\"application\/ld+json\" class=\"yoast-schema-graph\">{\"@context\":\"https:\/\/schema.org\",\"@graph\":[{\"@type\":\"WebPage\",\"@id\":\"https:\/\/gazetapernambucana.com\/?p=2937\",\"url\":\"https:\/\/gazetapernambucana.com\/?p=2937\",\"name\":\"Goleiro Bruno finalmente revela not\u00edcias sobre Elisa Samudio -\",\"isPartOf\":{\"@id\":\"https:\/\/gazetapernambucana.com\/#website\"},\"primaryImageOfPage\":{\"@id\":\"https:\/\/gazetapernambucana.com\/?p=2937#primaryimage\"},\"image\":{\"@id\":\"https:\/\/gazetapernambucana.com\/?p=2937#primaryimage\"},\"thumbnailUrl\":\"https:\/\/gazetapernambucana.com\/wp-content\/uploads\/2026\/03\/goleiro-bruno-3-750x375-1.jpg\",\"datePublished\":\"2026-03-08T02:05:53+00:00\",\"author\":{\"@id\":\"https:\/\/gazetapernambucana.com\/#\/schema\/person\/188dc283325181ac2de4db1e9e987427\"},\"breadcrumb\":{\"@id\":\"https:\/\/gazetapernambucana.com\/?p=2937#breadcrumb\"},\"inLanguage\":\"pt-BR\",\"potentialAction\":[{\"@type\":\"ReadAction\",\"target\":[\"https:\/\/gazetapernambucana.com\/?p=2937\"]}]},{\"@type\":\"ImageObject\",\"inLanguage\":\"pt-BR\",\"@id\":\"https:\/\/gazetapernambucana.com\/?p=2937#primaryimage\",\"url\":\"https:\/\/gazetapernambucana.com\/wp-content\/uploads\/2026\/03\/goleiro-bruno-3-750x375-1.jpg\",\"contentUrl\":\"https:\/\/gazetapernambucana.com\/wp-content\/uploads\/2026\/03\/goleiro-bruno-3-750x375-1.jpg\",\"width\":750,\"height\":375},{\"@type\":\"BreadcrumbList\",\"@id\":\"https:\/\/gazetapernambucana.com\/?p=2937#breadcrumb\",\"itemListElement\":[{\"@type\":\"ListItem\",\"position\":1,\"name\":\"In\u00edcio\",\"item\":\"https:\/\/gazetapernambucana.com\/\"},{\"@type\":\"ListItem\",\"position\":2,\"name\":\"Goleiro Bruno finalmente revela not\u00edcias sobre Elisa Samudio\"}]},{\"@type\":\"WebSite\",\"@id\":\"https:\/\/gazetapernambucana.com\/#website\",\"url\":\"https:\/\/gazetapernambucana.com\/\",\"name\":\"\",\"description\":\"\",\"potentialAction\":[{\"@type\":\"SearchAction\",\"target\":{\"@type\":\"EntryPoint\",\"urlTemplate\":\"https:\/\/gazetapernambucana.com\/?s={search_term_string}\"},\"query-input\":{\"@type\":\"PropertyValueSpecification\",\"valueRequired\":true,\"valueName\":\"search_term_string\"}}],\"inLanguage\":\"pt-BR\"},{\"@type\":\"Person\",\"@id\":\"https:\/\/gazetapernambucana.com\/#\/schema\/person\/188dc283325181ac2de4db1e9e987427\",\"name\":\"GP\",\"image\":{\"@type\":\"ImageObject\",\"inLanguage\":\"pt-BR\",\"@id\":\"https:\/\/gazetapernambucana.com\/#\/schema\/person\/image\/\",\"url\":\"https:\/\/secure.gravatar.com\/avatar\/9dad78ff9a2d8b5742d11779f8a3f53b052320c550b2e1907882353c067bb111?s=96&d=mm&r=g\",\"contentUrl\":\"https:\/\/secure.gravatar.com\/avatar\/9dad78ff9a2d8b5742d11779f8a3f53b052320c550b2e1907882353c067bb111?s=96&d=mm&r=g\",\"caption\":\"GP\"},\"sameAs\":[\"http:\/\/gazetapernambucana.com\"],\"url\":\"https:\/\/gazetapernambucana.com\/?author=1\"}]}<\/script>\n<!-- \/ Yoast SEO plugin. -->","yoast_head_json":{"title":"Goleiro Bruno finalmente revela not\u00edcias sobre Elisa Samudio -","robots":{"index":"index","follow":"follow","max-snippet":"max-snippet:-1","max-image-preview":"max-image-preview:large","max-video-preview":"max-video-preview:-1"},"canonical":"https:\/\/gazetapernambucana.com\/?p=2937","og_locale":"pt_BR","og_type":"article","og_title":"Goleiro Bruno finalmente revela not\u00edcias sobre Elisa Samudio -","og_description":"Do Diario de Pernambuco Durante participa\u00e7\u00e3o em um podcast, o goleiro Bruno, condenado pelo assassinato de Elisa Samudio,\u00a0 o criminoso comentou sobre o relacionamento com Elisa Samudio e a forma como lidava com sua vida pessoal na \u00e9poca. Ele revelou que, em determinado momento, n\u00e3o tinha mais di\u00e1logo direto com ela. Segundo Bruno, quem cuidava [&hellip;]","og_url":"https:\/\/gazetapernambucana.com\/?p=2937","article_published_time":"2026-03-08T02:05:53+00:00","og_image":[{"width":750,"height":375,"url":"https:\/\/gazetapernambucana.com\/wp-content\/uploads\/2026\/03\/goleiro-bruno-3-750x375-1.jpg","type":"image\/jpeg"}],"author":"GP","twitter_card":"summary_large_image","twitter_misc":{"Escrito por":"GP","Est. tempo de leitura":"2 minutos"},"schema":{"@context":"https:\/\/schema.org","@graph":[{"@type":"WebPage","@id":"https:\/\/gazetapernambucana.com\/?p=2937","url":"https:\/\/gazetapernambucana.com\/?p=2937","name":"Goleiro Bruno finalmente revela not\u00edcias sobre Elisa Samudio -","isPartOf":{"@id":"https:\/\/gazetapernambucana.com\/#website"},"primaryImageOfPage":{"@id":"https:\/\/gazetapernambucana.com\/?p=2937#primaryimage"},"image":{"@id":"https:\/\/gazetapernambucana.com\/?p=2937#primaryimage"},"thumbnailUrl":"https:\/\/gazetapernambucana.com\/wp-content\/uploads\/2026\/03\/goleiro-bruno-3-750x375-1.jpg","datePublished":"2026-03-08T02:05:53+00:00","author":{"@id":"https:\/\/gazetapernambucana.com\/#\/schema\/person\/188dc283325181ac2de4db1e9e987427"},"breadcrumb":{"@id":"https:\/\/gazetapernambucana.com\/?p=2937#breadcrumb"},"inLanguage":"pt-BR","potentialAction":[{"@type":"ReadAction","target":["https:\/\/gazetapernambucana.com\/?p=2937"]}]},{"@type":"ImageObject","inLanguage":"pt-BR","@id":"https:\/\/gazetapernambucana.com\/?p=2937#primaryimage","url":"https:\/\/gazetapernambucana.com\/wp-content\/uploads\/2026\/03\/goleiro-bruno-3-750x375-1.jpg","contentUrl":"https:\/\/gazetapernambucana.com\/wp-content\/uploads\/2026\/03\/goleiro-bruno-3-750x375-1.jpg","width":750,"height":375},{"@type":"BreadcrumbList","@id":"https:\/\/gazetapernambucana.com\/?p=2937#breadcrumb","itemListElement":[{"@type":"ListItem","position":1,"name":"In\u00edcio","item":"https:\/\/gazetapernambucana.com\/"},{"@type":"ListItem","position":2,"name":"Goleiro Bruno finalmente revela not\u00edcias sobre Elisa Samudio"}]},{"@type":"WebSite","@id":"https:\/\/gazetapernambucana.com\/#website","url":"https:\/\/gazetapernambucana.com\/","name":"","description":"","potentialAction":[{"@type":"SearchAction","target":{"@type":"EntryPoint","urlTemplate":"https:\/\/gazetapernambucana.com\/?s={search_term_string}"},"query-input":{"@type":"PropertyValueSpecification","valueRequired":true,"valueName":"search_term_string"}}],"inLanguage":"pt-BR"},{"@type":"Person","@id":"https:\/\/gazetapernambucana.com\/#\/schema\/person\/188dc283325181ac2de4db1e9e987427","name":"GP","image":{"@type":"ImageObject","inLanguage":"pt-BR","@id":"https:\/\/gazetapernambucana.com\/#\/schema\/person\/image\/","url":"https:\/\/secure.gravatar.com\/avatar\/9dad78ff9a2d8b5742d11779f8a3f53b052320c550b2e1907882353c067bb111?s=96&d=mm&r=g","contentUrl":"https:\/\/secure.gravatar.com\/avatar\/9dad78ff9a2d8b5742d11779f8a3f53b052320c550b2e1907882353c067bb111?s=96&d=mm&r=g","caption":"GP"},"sameAs":["http:\/\/gazetapernambucana.com"],"url":"https:\/\/gazetapernambucana.com\/?author=1"}]}},"jetpack_publicize_connections":[],"_links":{"self":[{"href":"https:\/\/gazetapernambucana.com\/index.php?rest_route=\/wp\/v2\/posts\/2937","targetHints":{"allow":["GET"]}}],"collection":[{"href":"https:\/\/gazetapernambucana.com\/index.php?rest_route=\/wp\/v2\/posts"}],"about":[{"href":"https:\/\/gazetapernambucana.com\/index.php?rest_route=\/wp\/v2\/types\/post"}],"author":[{"embeddable":true,"href":"https:\/\/gazetapernambucana.com\/index.php?rest_route=\/wp\/v2\/users\/1"}],"replies":[{"embeddable":true,"href":"https:\/\/gazetapernambucana.com\/index.php?rest_route=%2Fwp%2Fv2%2Fcomments&post=2937"}],"version-history":[{"count":1,"href":"https:\/\/gazetapernambucana.com\/index.php?rest_route=\/wp\/v2\/posts\/2937\/revisions"}],"predecessor-version":[{"id":2939,"href":"https:\/\/gazetapernambucana.com\/index.php?rest_route=\/wp\/v2\/posts\/2937\/revisions\/2939"}],"wp:featuredmedia":[{"embeddable":true,"href":"https:\/\/gazetapernambucana.com\/index.php?rest_route=\/wp\/v2\/media\/2938"}],"wp:attachment":[{"href":"https:\/\/gazetapernambucana.com\/index.php?rest_route=%2Fwp%2Fv2%2Fmedia&parent=2937"}],"wp:term":[{"taxonomy":"category","embeddable":true,"href":"https:\/\/gazetapernambucana.com\/index.php?rest_route=%2Fwp%2Fv2%2Fcategories&post=2937"},{"taxonomy":"post_tag","embeddable":true,"href":"https:\/\/gazetapernambucana.com\/index.php?rest_route=%2Fwp%2Fv2%2Ftags&post=2937"}],"curies":[{"name":"wp","href":"https:\/\/api.w.org\/{rel}","templated":true}]}}