{"id":2934,"date":"2026-03-07T22:46:49","date_gmt":"2026-03-08T01:46:49","guid":{"rendered":"https:\/\/gazetapernambucana.com\/?p=2934"},"modified":"2026-03-07T22:46:49","modified_gmt":"2026-03-08T01:46:49","slug":"paul-mccartney-fala-sobre-fim-dos-beatles-e-fracasso-do-wings-em-novo-documentario","status":"publish","type":"post","link":"https:\/\/gazetapernambucana.com\/?p=2934","title":{"rendered":"Paul McCartney fala sobre fim dos Beatles e &#8220;fracasso&#8221; do Wings em novo document\u00e1rio"},"content":{"rendered":"<div class=\"cabecalhoNot mt-5\">\n<p>Paul McCartney em cena no document\u00e1rio &#8220;Man On The Run&#8221;, do Prime Video. (Linda McCartney\/Amazon Prime Video)<\/p>\n<p class=\"assinaturaNot font-bold text-[14px] md:text-[14px] tracking-[-5%] text-[var(--var-primary--color)]\"><strong>\u00a0Estad\u00e3o Conte\u00fado<\/strong><\/p>\n<\/div>\n<div class=\"corpoNot w-full py-5 text-[16px] font-normal leading-normal tracking-normal text-black\">\n<p class=\"texto\">O \u00edcone<strong>\u00a0Paul McCartney\u00a0<\/strong>conta em document\u00e1rio exclusivo do Prime Video como foi o recome\u00e7o de sua carreira ap\u00f3s o fim dos Beatles. O filme est\u00e1 dispon\u00edvel na plataforma de streaming desde a \u00faltima sexta-feira (27). O novo projeto sobre o ex-Beatle foi dirigido pelo cineasta Morgan Neville, ganhador do Oscar de Melhor Document\u00e1rio em Longa-Metragem, em 2014, com o filme &#8220;20 Feet From Stardom&#8221;.<\/p>\n<p class=\"texto\">Narrado em primeira pessoa pelo m\u00fasico,<strong>\u00a0&#8220;Man On The Run&#8221;<\/strong>\u00a0mostra quando Paul resolveu criar a banda Wings em parceria com sua esposa, Linda McCartney, e como eles deram a volta por cima ao longo do tempo, j\u00e1 que ele revela que a estreia do grupo &#8220;foi um fracasso&#8221;. No trailer da produ\u00e7\u00e3o, Paul compartilha que se sentiu depressivo em certo momento e que chegou a se distanciar de seu ex-companheiro de banda, John Lennon, mas que ter a esposa ao lado o ajudou a se sentir melhor.<\/p>\n<p class=\"texto\">Imagens raras e in\u00e9ditas de arquivo pessoal do artista foram utilizadas na produ\u00e7\u00e3o, al\u00e9m de grava\u00e7\u00f5es caseiras. Familiares e amigos de Paul McCartney foram entrevistados e aparecem no filme, incluindo nomes de peso como Mick Jagger, dos Rolling Stones, e Sean Ono Lennon, filho de John Lennon.<\/p>\n<p class=\"texto\">O filme tem cerca de duas horas de dura\u00e7\u00e3o e chega acompanhado da trilha sonora oficial, j\u00e1 dispon\u00edvel nas plataformas de streaming de \u00e1udio e reunindo grava\u00e7\u00f5es dos anos 70, incluindo material raro entre as doze faixas. Entre elas est\u00e1 a in\u00e9dita \u201cGotta Sing Gotta Dance\u201d, originalmente apresentada no programa \u201cThe James Paul McCartney TV Special\u201d, de 1973.<\/p>\n<p class=\"texto\">Al\u00e9m do formato digital, a trilha sonora do document\u00e1rio, intitulada \u201cMan On The Run: Music From The Motion Picture Soundtrack\u201d, tamb\u00e9m ganhar\u00e1 edi\u00e7\u00f5es em vinil e cd. A dire\u00e7\u00e3o criativa da arte foi assinada pelo pr\u00f3prio Paul McCartney e Aubrey \u2018Po\u2019 Powell. Esse \u00faltimo foi respons\u00e1vel por oito \u00e1lbuns do Wings, incluindo \u201cBand On The Run\u201d, \u201cVenus And Mars\u201d e \u201cWings Over America\u201d.<\/p>\n<\/div>\n","protected":false},"excerpt":{"rendered":"<p>Paul McCartney em cena no document\u00e1rio &#8220;Man On The Run&#8221;, do Prime Video. (Linda McCartney\/Amazon Prime Video) \u00a0Estad\u00e3o Conte\u00fado O \u00edcone\u00a0Paul McCartney\u00a0conta em document\u00e1rio exclusivo do Prime Video como foi o recome\u00e7o de sua carreira ap\u00f3s o fim dos Beatles. O filme est\u00e1 dispon\u00edvel na plataforma de streaming desde a \u00faltima sexta-feira (27). O novo [&hellip;]<\/p>\n","protected":false},"author":1,"featured_media":2935,"comment_status":"open","ping_status":"open","sticky":false,"template":"","format":"standard","meta":{"footnotes":"","jetpack_publicize_message":"","jetpack_publicize_feature_enabled":true,"jetpack_social_post_already_shared":true,"jetpack_social_options":{"image_generator_settings":{"template":"highway","default_image_id":0,"font":"","enabled":false},"version":2}},"categories":[1,35,36],"tags":[],"class_list":["post-2934","post","type-post","status-publish","format-standard","has-post-thumbnail","hentry","category-https-gazetapernambucana-com-page_id225","category-https-gazetapernambucana-com-page_id218","category-https-gazetapernambucana-com-page_id209"],"yoast_head":"<!-- This site is optimized with the Yoast SEO plugin v24.5 - https:\/\/yoast.com\/wordpress\/plugins\/seo\/ -->\n<title>Paul McCartney fala sobre fim dos Beatles e &quot;fracasso&quot; do Wings em novo document\u00e1rio -<\/title>\n<meta name=\"robots\" content=\"index, follow, max-snippet:-1, max-image-preview:large, max-video-preview:-1\" \/>\n<link rel=\"canonical\" href=\"https:\/\/gazetapernambucana.com\/?p=2934\" \/>\n<meta property=\"og:locale\" content=\"pt_BR\" \/>\n<meta property=\"og:type\" content=\"article\" \/>\n<meta property=\"og:title\" content=\"Paul McCartney fala sobre fim dos Beatles e &quot;fracasso&quot; do Wings em novo document\u00e1rio -\" \/>\n<meta property=\"og:description\" content=\"Paul McCartney em cena no document\u00e1rio &#8220;Man On The Run&#8221;, do Prime Video. (Linda McCartney\/Amazon Prime Video) \u00a0Estad\u00e3o Conte\u00fado O \u00edcone\u00a0Paul McCartney\u00a0conta em document\u00e1rio exclusivo do Prime Video como foi o recome\u00e7o de sua carreira ap\u00f3s o fim dos Beatles. O filme est\u00e1 dispon\u00edvel na plataforma de streaming desde a \u00faltima sexta-feira (27). O novo [&hellip;]\" \/>\n<meta property=\"og:url\" content=\"https:\/\/gazetapernambucana.com\/?p=2934\" \/>\n<meta property=\"article:published_time\" content=\"2026-03-08T01:46:49+00:00\" \/>\n<meta property=\"og:image\" content=\"https:\/\/gazetapernambucana.com\/wp-content\/uploads\/2026\/03\/man_on_the_run-855719.jpg\" \/>\n\t<meta property=\"og:image:width\" content=\"1200\" \/>\n\t<meta property=\"og:image:height\" content=\"762\" \/>\n\t<meta property=\"og:image:type\" content=\"image\/jpeg\" \/>\n<meta name=\"author\" content=\"GP\" \/>\n<meta name=\"twitter:card\" content=\"summary_large_image\" \/>\n<meta name=\"twitter:label1\" content=\"Escrito por\" \/>\n\t<meta name=\"twitter:data1\" content=\"GP\" \/>\n\t<meta name=\"twitter:label2\" content=\"Est. tempo de leitura\" \/>\n\t<meta name=\"twitter:data2\" content=\"3 minutos\" \/>\n<script type=\"application\/ld+json\" class=\"yoast-schema-graph\">{\"@context\":\"https:\/\/schema.org\",\"@graph\":[{\"@type\":\"WebPage\",\"@id\":\"https:\/\/gazetapernambucana.com\/?p=2934\",\"url\":\"https:\/\/gazetapernambucana.com\/?p=2934\",\"name\":\"Paul McCartney fala sobre fim dos Beatles e \\\"fracasso\\\" do Wings em novo document\u00e1rio -\",\"isPartOf\":{\"@id\":\"https:\/\/gazetapernambucana.com\/#website\"},\"primaryImageOfPage\":{\"@id\":\"https:\/\/gazetapernambucana.com\/?p=2934#primaryimage\"},\"image\":{\"@id\":\"https:\/\/gazetapernambucana.com\/?p=2934#primaryimage\"},\"thumbnailUrl\":\"https:\/\/gazetapernambucana.com\/wp-content\/uploads\/2026\/03\/man_on_the_run-855719.jpg\",\"datePublished\":\"2026-03-08T01:46:49+00:00\",\"author\":{\"@id\":\"https:\/\/gazetapernambucana.com\/#\/schema\/person\/188dc283325181ac2de4db1e9e987427\"},\"breadcrumb\":{\"@id\":\"https:\/\/gazetapernambucana.com\/?p=2934#breadcrumb\"},\"inLanguage\":\"pt-BR\",\"potentialAction\":[{\"@type\":\"ReadAction\",\"target\":[\"https:\/\/gazetapernambucana.com\/?p=2934\"]}]},{\"@type\":\"ImageObject\",\"inLanguage\":\"pt-BR\",\"@id\":\"https:\/\/gazetapernambucana.com\/?p=2934#primaryimage\",\"url\":\"https:\/\/gazetapernambucana.com\/wp-content\/uploads\/2026\/03\/man_on_the_run-855719.jpg\",\"contentUrl\":\"https:\/\/gazetapernambucana.com\/wp-content\/uploads\/2026\/03\/man_on_the_run-855719.jpg\",\"width\":1200,\"height\":762},{\"@type\":\"BreadcrumbList\",\"@id\":\"https:\/\/gazetapernambucana.com\/?p=2934#breadcrumb\",\"itemListElement\":[{\"@type\":\"ListItem\",\"position\":1,\"name\":\"In\u00edcio\",\"item\":\"https:\/\/gazetapernambucana.com\/\"},{\"@type\":\"ListItem\",\"position\":2,\"name\":\"Paul McCartney fala sobre fim dos Beatles e &#8220;fracasso&#8221; do Wings em novo document\u00e1rio\"}]},{\"@type\":\"WebSite\",\"@id\":\"https:\/\/gazetapernambucana.com\/#website\",\"url\":\"https:\/\/gazetapernambucana.com\/\",\"name\":\"\",\"description\":\"\",\"potentialAction\":[{\"@type\":\"SearchAction\",\"target\":{\"@type\":\"EntryPoint\",\"urlTemplate\":\"https:\/\/gazetapernambucana.com\/?s={search_term_string}\"},\"query-input\":{\"@type\":\"PropertyValueSpecification\",\"valueRequired\":true,\"valueName\":\"search_term_string\"}}],\"inLanguage\":\"pt-BR\"},{\"@type\":\"Person\",\"@id\":\"https:\/\/gazetapernambucana.com\/#\/schema\/person\/188dc283325181ac2de4db1e9e987427\",\"name\":\"GP\",\"image\":{\"@type\":\"ImageObject\",\"inLanguage\":\"pt-BR\",\"@id\":\"https:\/\/gazetapernambucana.com\/#\/schema\/person\/image\/\",\"url\":\"https:\/\/secure.gravatar.com\/avatar\/9dad78ff9a2d8b5742d11779f8a3f53b052320c550b2e1907882353c067bb111?s=96&d=mm&r=g\",\"contentUrl\":\"https:\/\/secure.gravatar.com\/avatar\/9dad78ff9a2d8b5742d11779f8a3f53b052320c550b2e1907882353c067bb111?s=96&d=mm&r=g\",\"caption\":\"GP\"},\"sameAs\":[\"http:\/\/gazetapernambucana.com\"],\"url\":\"https:\/\/gazetapernambucana.com\/?author=1\"}]}<\/script>\n<!-- \/ Yoast SEO plugin. -->","yoast_head_json":{"title":"Paul McCartney fala sobre fim dos Beatles e \"fracasso\" do Wings em novo document\u00e1rio -","robots":{"index":"index","follow":"follow","max-snippet":"max-snippet:-1","max-image-preview":"max-image-preview:large","max-video-preview":"max-video-preview:-1"},"canonical":"https:\/\/gazetapernambucana.com\/?p=2934","og_locale":"pt_BR","og_type":"article","og_title":"Paul McCartney fala sobre fim dos Beatles e \"fracasso\" do Wings em novo document\u00e1rio -","og_description":"Paul McCartney em cena no document\u00e1rio &#8220;Man On The Run&#8221;, do Prime Video. (Linda McCartney\/Amazon Prime Video) \u00a0Estad\u00e3o Conte\u00fado O \u00edcone\u00a0Paul McCartney\u00a0conta em document\u00e1rio exclusivo do Prime Video como foi o recome\u00e7o de sua carreira ap\u00f3s o fim dos Beatles. O filme est\u00e1 dispon\u00edvel na plataforma de streaming desde a \u00faltima sexta-feira (27). O novo [&hellip;]","og_url":"https:\/\/gazetapernambucana.com\/?p=2934","article_published_time":"2026-03-08T01:46:49+00:00","og_image":[{"width":1200,"height":762,"url":"https:\/\/gazetapernambucana.com\/wp-content\/uploads\/2026\/03\/man_on_the_run-855719.jpg","type":"image\/jpeg"}],"author":"GP","twitter_card":"summary_large_image","twitter_misc":{"Escrito por":"GP","Est. tempo de leitura":"3 minutos"},"schema":{"@context":"https:\/\/schema.org","@graph":[{"@type":"WebPage","@id":"https:\/\/gazetapernambucana.com\/?p=2934","url":"https:\/\/gazetapernambucana.com\/?p=2934","name":"Paul McCartney fala sobre fim dos Beatles e \"fracasso\" do Wings em novo document\u00e1rio -","isPartOf":{"@id":"https:\/\/gazetapernambucana.com\/#website"},"primaryImageOfPage":{"@id":"https:\/\/gazetapernambucana.com\/?p=2934#primaryimage"},"image":{"@id":"https:\/\/gazetapernambucana.com\/?p=2934#primaryimage"},"thumbnailUrl":"https:\/\/gazetapernambucana.com\/wp-content\/uploads\/2026\/03\/man_on_the_run-855719.jpg","datePublished":"2026-03-08T01:46:49+00:00","author":{"@id":"https:\/\/gazetapernambucana.com\/#\/schema\/person\/188dc283325181ac2de4db1e9e987427"},"breadcrumb":{"@id":"https:\/\/gazetapernambucana.com\/?p=2934#breadcrumb"},"inLanguage":"pt-BR","potentialAction":[{"@type":"ReadAction","target":["https:\/\/gazetapernambucana.com\/?p=2934"]}]},{"@type":"ImageObject","inLanguage":"pt-BR","@id":"https:\/\/gazetapernambucana.com\/?p=2934#primaryimage","url":"https:\/\/gazetapernambucana.com\/wp-content\/uploads\/2026\/03\/man_on_the_run-855719.jpg","contentUrl":"https:\/\/gazetapernambucana.com\/wp-content\/uploads\/2026\/03\/man_on_the_run-855719.jpg","width":1200,"height":762},{"@type":"BreadcrumbList","@id":"https:\/\/gazetapernambucana.com\/?p=2934#breadcrumb","itemListElement":[{"@type":"ListItem","position":1,"name":"In\u00edcio","item":"https:\/\/gazetapernambucana.com\/"},{"@type":"ListItem","position":2,"name":"Paul McCartney fala sobre fim dos Beatles e &#8220;fracasso&#8221; do Wings em novo document\u00e1rio"}]},{"@type":"WebSite","@id":"https:\/\/gazetapernambucana.com\/#website","url":"https:\/\/gazetapernambucana.com\/","name":"","description":"","potentialAction":[{"@type":"SearchAction","target":{"@type":"EntryPoint","urlTemplate":"https:\/\/gazetapernambucana.com\/?s={search_term_string}"},"query-input":{"@type":"PropertyValueSpecification","valueRequired":true,"valueName":"search_term_string"}}],"inLanguage":"pt-BR"},{"@type":"Person","@id":"https:\/\/gazetapernambucana.com\/#\/schema\/person\/188dc283325181ac2de4db1e9e987427","name":"GP","image":{"@type":"ImageObject","inLanguage":"pt-BR","@id":"https:\/\/gazetapernambucana.com\/#\/schema\/person\/image\/","url":"https:\/\/secure.gravatar.com\/avatar\/9dad78ff9a2d8b5742d11779f8a3f53b052320c550b2e1907882353c067bb111?s=96&d=mm&r=g","contentUrl":"https:\/\/secure.gravatar.com\/avatar\/9dad78ff9a2d8b5742d11779f8a3f53b052320c550b2e1907882353c067bb111?s=96&d=mm&r=g","caption":"GP"},"sameAs":["http:\/\/gazetapernambucana.com"],"url":"https:\/\/gazetapernambucana.com\/?author=1"}]}},"jetpack_publicize_connections":[],"_links":{"self":[{"href":"https:\/\/gazetapernambucana.com\/index.php?rest_route=\/wp\/v2\/posts\/2934","targetHints":{"allow":["GET"]}}],"collection":[{"href":"https:\/\/gazetapernambucana.com\/index.php?rest_route=\/wp\/v2\/posts"}],"about":[{"href":"https:\/\/gazetapernambucana.com\/index.php?rest_route=\/wp\/v2\/types\/post"}],"author":[{"embeddable":true,"href":"https:\/\/gazetapernambucana.com\/index.php?rest_route=\/wp\/v2\/users\/1"}],"replies":[{"embeddable":true,"href":"https:\/\/gazetapernambucana.com\/index.php?rest_route=%2Fwp%2Fv2%2Fcomments&post=2934"}],"version-history":[{"count":1,"href":"https:\/\/gazetapernambucana.com\/index.php?rest_route=\/wp\/v2\/posts\/2934\/revisions"}],"predecessor-version":[{"id":2936,"href":"https:\/\/gazetapernambucana.com\/index.php?rest_route=\/wp\/v2\/posts\/2934\/revisions\/2936"}],"wp:featuredmedia":[{"embeddable":true,"href":"https:\/\/gazetapernambucana.com\/index.php?rest_route=\/wp\/v2\/media\/2935"}],"wp:attachment":[{"href":"https:\/\/gazetapernambucana.com\/index.php?rest_route=%2Fwp%2Fv2%2Fmedia&parent=2934"}],"wp:term":[{"taxonomy":"category","embeddable":true,"href":"https:\/\/gazetapernambucana.com\/index.php?rest_route=%2Fwp%2Fv2%2Fcategories&post=2934"},{"taxonomy":"post_tag","embeddable":true,"href":"https:\/\/gazetapernambucana.com\/index.php?rest_route=%2Fwp%2Fv2%2Ftags&post=2934"}],"curies":[{"name":"wp","href":"https:\/\/api.w.org\/{rel}","templated":true}]}}