{"id":2473,"date":"2026-01-13T19:56:50","date_gmt":"2026-01-13T22:56:50","guid":{"rendered":"https:\/\/gazetapernambucana.com\/?p=2473"},"modified":"2026-01-13T19:56:50","modified_gmt":"2026-01-13T22:56:50","slug":"jo-mazzarolo-toma-posse-na-academia-pernambucana-de-letras","status":"publish","type":"post","link":"https:\/\/gazetapernambucana.com\/?p=2473","title":{"rendered":"J\u00f4 Mazzarolo toma posse na Academia Pernambucana de Letras"},"content":{"rendered":"<p data-start=\"321\" data-end=\"727\">Na noite desta quarta-feira, 14 de janeiro, \u00e0s 19h, a sede da Academia Pernambucana de Letras abrir\u00e1 suas portas para um momento simb\u00f3lico: a posse da escritora J\u00f4 Mazzarolo como sua nova imortal. O ato solene marca n\u00e3o apenas a chegada de um novo nome \u00e0 institui\u00e7\u00e3o centen\u00e1ria, mas a consagra\u00e7\u00e3o p\u00fablica de uma voz liter\u00e1ria que se formou lentamente, por dentro de d\u00e9cadas dedicadas \u00e0 observa\u00e7\u00e3o do mundo.<\/p>\n<p data-start=\"729\" data-end=\"1249\">Natural de Veran\u00f3polis, no Rio Grande do Sul, Mazzarolo construiu uma trajet\u00f3ria s\u00f3lida no jornalismo brasileiro. Come\u00e7ou na TV Bandeirantes, integrou a RBS a partir de 1984 e, em 1988, passou a atuar na Rede Globo, no Rio de Janeiro, onde exerceu fun\u00e7\u00f5es como editora do Jornal Hoje e chefe de produ\u00e7\u00e3o do Jornal Nacional e do Jornal da Globo. Em 2000, assumiu a dire\u00e7\u00e3o de jornalismo da Globo Recife, cargo que ocupou por 23 anos, liderando processos de moderniza\u00e7\u00e3o editorial e reestrutura\u00e7\u00e3o de reda\u00e7\u00f5es no Nordeste.<\/p>\n<p data-start=\"1251\" data-end=\"1805\">Essa longa travessia profissional, marcada pela escuta sens\u00edvel, pelo olhar estrat\u00e9gico e pela curadoria da informa\u00e7\u00e3o, serviu de base para o nascimento de uma outra inst\u00e2ncia de express\u00e3o: a da autora. Em Mude o Conceito \u2013 Quando inovar n\u00e3o era op\u00e7\u00e3o, publicado em 2025, Mazzarolo organiza mais do que experi\u00eancias profissionais. Ali, h\u00e1 um tecido narrativo entrela\u00e7ado por mem\u00f3ria, an\u00e1lise e inquieta\u00e7\u00f5es contempor\u00e2neas. O texto \u00e9 menos um manual sobre comunica\u00e7\u00e3o e mais uma cartografia \u00edntima sobre transforma\u00e7\u00e3o, pessoal, institucional e simb\u00f3lica.<\/p>\n<p data-start=\"1807\" data-end=\"2322\">Ao tomar posse na APL, J\u00f4 Mazzarolo n\u00e3o abandona a hist\u00f3ria que a trouxe at\u00e9 aqui. Mas a escritura que agora se reconhece e se celebra \u00e9 outra: mais lenta, mais reflexiva, mais liter\u00e1ria. \u00c9 a passagem da escuta jornal\u00edstica para a introspec\u00e7\u00e3o criativa, onde a palavra nasce para durar. Essa transi\u00e7\u00e3o \u00e9 tamb\u00e9m um gesto pol\u00edtico e cultural, pois sinaliza a amplia\u00e7\u00e3o dos territ\u00f3rios da literatura local, abrindo espa\u00e7o para vozes que emergem de trajet\u00f3rias h\u00edbridas, vividas fora dos eixos convencionais das letras.<\/p>\n<p data-start=\"2324\" data-end=\"2745\">A presen\u00e7a de Mazzarolo na Academia traz uma perspectiva feminina contempor\u00e2nea, afinada com os desafios e deslocamentos do nosso tempo. Sua escrita, constru\u00edda sem alarde, agora se senta \u00e0 mesa dos imortais com a autoridade de quem n\u00e3o precisou gritar para ser ouvida. Representa, portanto, n\u00e3o um rompimento, mas um amadurecimento, da autora com a pr\u00f3pria linguagem e da institui\u00e7\u00e3o com a diversidade de suas escolhas.<\/p>\n<p data-start=\"2747\" data-end=\"2992\">Nesta quarta-feira, na sede da APL, n\u00e3o ser\u00e1 a jornalista quem ser\u00e1 celebrada. Ser\u00e1 a escritora que, depois de ouvir tantos outros, finalmente fala por si, com voz pr\u00f3pria, tempo pr\u00f3prio e lugar definitivo entre os que escrevem para permanecer.<\/p>\n","protected":false},"excerpt":{"rendered":"<p>Na noite desta quarta-feira, 14 de janeiro, \u00e0s 19h, a sede da Academia Pernambucana de Letras abrir\u00e1 suas portas para um momento simb\u00f3lico: a posse da escritora J\u00f4 Mazzarolo como sua nova imortal. O ato solene marca n\u00e3o apenas a chegada de um novo nome \u00e0 institui\u00e7\u00e3o centen\u00e1ria, mas a consagra\u00e7\u00e3o p\u00fablica de uma voz [&hellip;]<\/p>\n","protected":false},"author":1,"featured_media":2474,"comment_status":"open","ping_status":"open","sticky":false,"template":"","format":"standard","meta":{"footnotes":"","jetpack_publicize_message":"","jetpack_publicize_feature_enabled":true,"jetpack_social_post_already_shared":true,"jetpack_social_options":{"image_generator_settings":{"template":"highway","default_image_id":0,"font":"","enabled":false},"version":2}},"categories":[1],"tags":[],"class_list":["post-2473","post","type-post","status-publish","format-standard","has-post-thumbnail","hentry","category-https-gazetapernambucana-com-page_id225"],"yoast_head":"<!-- This site is optimized with the Yoast SEO plugin v24.5 - https:\/\/yoast.com\/wordpress\/plugins\/seo\/ -->\n<title>J\u00f4 Mazzarolo toma posse na Academia Pernambucana de Letras -<\/title>\n<meta name=\"robots\" content=\"index, follow, max-snippet:-1, max-image-preview:large, max-video-preview:-1\" \/>\n<link rel=\"canonical\" href=\"https:\/\/gazetapernambucana.com\/?p=2473\" \/>\n<meta property=\"og:locale\" content=\"pt_BR\" \/>\n<meta property=\"og:type\" content=\"article\" \/>\n<meta property=\"og:title\" content=\"J\u00f4 Mazzarolo toma posse na Academia Pernambucana de Letras -\" \/>\n<meta property=\"og:description\" content=\"Na noite desta quarta-feira, 14 de janeiro, \u00e0s 19h, a sede da Academia Pernambucana de Letras abrir\u00e1 suas portas para um momento simb\u00f3lico: a posse da escritora J\u00f4 Mazzarolo como sua nova imortal. O ato solene marca n\u00e3o apenas a chegada de um novo nome \u00e0 institui\u00e7\u00e3o centen\u00e1ria, mas a consagra\u00e7\u00e3o p\u00fablica de uma voz [&hellip;]\" \/>\n<meta property=\"og:url\" content=\"https:\/\/gazetapernambucana.com\/?p=2473\" \/>\n<meta property=\"article:published_time\" content=\"2026-01-13T22:56:50+00:00\" \/>\n<meta property=\"og:image\" content=\"https:\/\/gazetapernambucana.com\/wp-content\/uploads\/2026\/01\/download-64.jpg\" \/>\n\t<meta property=\"og:image:width\" content=\"1080\" \/>\n\t<meta property=\"og:image:height\" content=\"928\" \/>\n\t<meta property=\"og:image:type\" content=\"image\/jpeg\" \/>\n<meta name=\"author\" content=\"GP\" \/>\n<meta name=\"twitter:card\" content=\"summary_large_image\" \/>\n<meta name=\"twitter:label1\" content=\"Escrito por\" \/>\n\t<meta name=\"twitter:data1\" content=\"GP\" \/>\n\t<meta name=\"twitter:label2\" content=\"Est. tempo de leitura\" \/>\n\t<meta name=\"twitter:data2\" content=\"3 minutos\" \/>\n<script type=\"application\/ld+json\" class=\"yoast-schema-graph\">{\"@context\":\"https:\/\/schema.org\",\"@graph\":[{\"@type\":\"WebPage\",\"@id\":\"https:\/\/gazetapernambucana.com\/?p=2473\",\"url\":\"https:\/\/gazetapernambucana.com\/?p=2473\",\"name\":\"J\u00f4 Mazzarolo toma posse na Academia Pernambucana de Letras -\",\"isPartOf\":{\"@id\":\"https:\/\/gazetapernambucana.com\/#website\"},\"primaryImageOfPage\":{\"@id\":\"https:\/\/gazetapernambucana.com\/?p=2473#primaryimage\"},\"image\":{\"@id\":\"https:\/\/gazetapernambucana.com\/?p=2473#primaryimage\"},\"thumbnailUrl\":\"https:\/\/gazetapernambucana.com\/wp-content\/uploads\/2026\/01\/download-64.jpg\",\"datePublished\":\"2026-01-13T22:56:50+00:00\",\"author\":{\"@id\":\"https:\/\/gazetapernambucana.com\/#\/schema\/person\/188dc283325181ac2de4db1e9e987427\"},\"breadcrumb\":{\"@id\":\"https:\/\/gazetapernambucana.com\/?p=2473#breadcrumb\"},\"inLanguage\":\"pt-BR\",\"potentialAction\":[{\"@type\":\"ReadAction\",\"target\":[\"https:\/\/gazetapernambucana.com\/?p=2473\"]}]},{\"@type\":\"ImageObject\",\"inLanguage\":\"pt-BR\",\"@id\":\"https:\/\/gazetapernambucana.com\/?p=2473#primaryimage\",\"url\":\"https:\/\/gazetapernambucana.com\/wp-content\/uploads\/2026\/01\/download-64.jpg\",\"contentUrl\":\"https:\/\/gazetapernambucana.com\/wp-content\/uploads\/2026\/01\/download-64.jpg\",\"width\":1080,\"height\":928},{\"@type\":\"BreadcrumbList\",\"@id\":\"https:\/\/gazetapernambucana.com\/?p=2473#breadcrumb\",\"itemListElement\":[{\"@type\":\"ListItem\",\"position\":1,\"name\":\"In\u00edcio\",\"item\":\"https:\/\/gazetapernambucana.com\/\"},{\"@type\":\"ListItem\",\"position\":2,\"name\":\"J\u00f4 Mazzarolo toma posse na Academia Pernambucana de Letras\"}]},{\"@type\":\"WebSite\",\"@id\":\"https:\/\/gazetapernambucana.com\/#website\",\"url\":\"https:\/\/gazetapernambucana.com\/\",\"name\":\"\",\"description\":\"\",\"potentialAction\":[{\"@type\":\"SearchAction\",\"target\":{\"@type\":\"EntryPoint\",\"urlTemplate\":\"https:\/\/gazetapernambucana.com\/?s={search_term_string}\"},\"query-input\":{\"@type\":\"PropertyValueSpecification\",\"valueRequired\":true,\"valueName\":\"search_term_string\"}}],\"inLanguage\":\"pt-BR\"},{\"@type\":\"Person\",\"@id\":\"https:\/\/gazetapernambucana.com\/#\/schema\/person\/188dc283325181ac2de4db1e9e987427\",\"name\":\"GP\",\"image\":{\"@type\":\"ImageObject\",\"inLanguage\":\"pt-BR\",\"@id\":\"https:\/\/gazetapernambucana.com\/#\/schema\/person\/image\/\",\"url\":\"https:\/\/secure.gravatar.com\/avatar\/9dad78ff9a2d8b5742d11779f8a3f53b052320c550b2e1907882353c067bb111?s=96&d=mm&r=g\",\"contentUrl\":\"https:\/\/secure.gravatar.com\/avatar\/9dad78ff9a2d8b5742d11779f8a3f53b052320c550b2e1907882353c067bb111?s=96&d=mm&r=g\",\"caption\":\"GP\"},\"sameAs\":[\"http:\/\/gazetapernambucana.com\"],\"url\":\"https:\/\/gazetapernambucana.com\/?author=1\"}]}<\/script>\n<!-- \/ Yoast SEO plugin. -->","yoast_head_json":{"title":"J\u00f4 Mazzarolo toma posse na Academia Pernambucana de Letras -","robots":{"index":"index","follow":"follow","max-snippet":"max-snippet:-1","max-image-preview":"max-image-preview:large","max-video-preview":"max-video-preview:-1"},"canonical":"https:\/\/gazetapernambucana.com\/?p=2473","og_locale":"pt_BR","og_type":"article","og_title":"J\u00f4 Mazzarolo toma posse na Academia Pernambucana de Letras -","og_description":"Na noite desta quarta-feira, 14 de janeiro, \u00e0s 19h, a sede da Academia Pernambucana de Letras abrir\u00e1 suas portas para um momento simb\u00f3lico: a posse da escritora J\u00f4 Mazzarolo como sua nova imortal. O ato solene marca n\u00e3o apenas a chegada de um novo nome \u00e0 institui\u00e7\u00e3o centen\u00e1ria, mas a consagra\u00e7\u00e3o p\u00fablica de uma voz [&hellip;]","og_url":"https:\/\/gazetapernambucana.com\/?p=2473","article_published_time":"2026-01-13T22:56:50+00:00","og_image":[{"width":1080,"height":928,"url":"https:\/\/gazetapernambucana.com\/wp-content\/uploads\/2026\/01\/download-64.jpg","type":"image\/jpeg"}],"author":"GP","twitter_card":"summary_large_image","twitter_misc":{"Escrito por":"GP","Est. tempo de leitura":"3 minutos"},"schema":{"@context":"https:\/\/schema.org","@graph":[{"@type":"WebPage","@id":"https:\/\/gazetapernambucana.com\/?p=2473","url":"https:\/\/gazetapernambucana.com\/?p=2473","name":"J\u00f4 Mazzarolo toma posse na Academia Pernambucana de Letras -","isPartOf":{"@id":"https:\/\/gazetapernambucana.com\/#website"},"primaryImageOfPage":{"@id":"https:\/\/gazetapernambucana.com\/?p=2473#primaryimage"},"image":{"@id":"https:\/\/gazetapernambucana.com\/?p=2473#primaryimage"},"thumbnailUrl":"https:\/\/gazetapernambucana.com\/wp-content\/uploads\/2026\/01\/download-64.jpg","datePublished":"2026-01-13T22:56:50+00:00","author":{"@id":"https:\/\/gazetapernambucana.com\/#\/schema\/person\/188dc283325181ac2de4db1e9e987427"},"breadcrumb":{"@id":"https:\/\/gazetapernambucana.com\/?p=2473#breadcrumb"},"inLanguage":"pt-BR","potentialAction":[{"@type":"ReadAction","target":["https:\/\/gazetapernambucana.com\/?p=2473"]}]},{"@type":"ImageObject","inLanguage":"pt-BR","@id":"https:\/\/gazetapernambucana.com\/?p=2473#primaryimage","url":"https:\/\/gazetapernambucana.com\/wp-content\/uploads\/2026\/01\/download-64.jpg","contentUrl":"https:\/\/gazetapernambucana.com\/wp-content\/uploads\/2026\/01\/download-64.jpg","width":1080,"height":928},{"@type":"BreadcrumbList","@id":"https:\/\/gazetapernambucana.com\/?p=2473#breadcrumb","itemListElement":[{"@type":"ListItem","position":1,"name":"In\u00edcio","item":"https:\/\/gazetapernambucana.com\/"},{"@type":"ListItem","position":2,"name":"J\u00f4 Mazzarolo toma posse na Academia Pernambucana de Letras"}]},{"@type":"WebSite","@id":"https:\/\/gazetapernambucana.com\/#website","url":"https:\/\/gazetapernambucana.com\/","name":"","description":"","potentialAction":[{"@type":"SearchAction","target":{"@type":"EntryPoint","urlTemplate":"https:\/\/gazetapernambucana.com\/?s={search_term_string}"},"query-input":{"@type":"PropertyValueSpecification","valueRequired":true,"valueName":"search_term_string"}}],"inLanguage":"pt-BR"},{"@type":"Person","@id":"https:\/\/gazetapernambucana.com\/#\/schema\/person\/188dc283325181ac2de4db1e9e987427","name":"GP","image":{"@type":"ImageObject","inLanguage":"pt-BR","@id":"https:\/\/gazetapernambucana.com\/#\/schema\/person\/image\/","url":"https:\/\/secure.gravatar.com\/avatar\/9dad78ff9a2d8b5742d11779f8a3f53b052320c550b2e1907882353c067bb111?s=96&d=mm&r=g","contentUrl":"https:\/\/secure.gravatar.com\/avatar\/9dad78ff9a2d8b5742d11779f8a3f53b052320c550b2e1907882353c067bb111?s=96&d=mm&r=g","caption":"GP"},"sameAs":["http:\/\/gazetapernambucana.com"],"url":"https:\/\/gazetapernambucana.com\/?author=1"}]}},"jetpack_publicize_connections":[],"_links":{"self":[{"href":"https:\/\/gazetapernambucana.com\/index.php?rest_route=\/wp\/v2\/posts\/2473","targetHints":{"allow":["GET"]}}],"collection":[{"href":"https:\/\/gazetapernambucana.com\/index.php?rest_route=\/wp\/v2\/posts"}],"about":[{"href":"https:\/\/gazetapernambucana.com\/index.php?rest_route=\/wp\/v2\/types\/post"}],"author":[{"embeddable":true,"href":"https:\/\/gazetapernambucana.com\/index.php?rest_route=\/wp\/v2\/users\/1"}],"replies":[{"embeddable":true,"href":"https:\/\/gazetapernambucana.com\/index.php?rest_route=%2Fwp%2Fv2%2Fcomments&post=2473"}],"version-history":[{"count":1,"href":"https:\/\/gazetapernambucana.com\/index.php?rest_route=\/wp\/v2\/posts\/2473\/revisions"}],"predecessor-version":[{"id":2475,"href":"https:\/\/gazetapernambucana.com\/index.php?rest_route=\/wp\/v2\/posts\/2473\/revisions\/2475"}],"wp:featuredmedia":[{"embeddable":true,"href":"https:\/\/gazetapernambucana.com\/index.php?rest_route=\/wp\/v2\/media\/2474"}],"wp:attachment":[{"href":"https:\/\/gazetapernambucana.com\/index.php?rest_route=%2Fwp%2Fv2%2Fmedia&parent=2473"}],"wp:term":[{"taxonomy":"category","embeddable":true,"href":"https:\/\/gazetapernambucana.com\/index.php?rest_route=%2Fwp%2Fv2%2Fcategories&post=2473"},{"taxonomy":"post_tag","embeddable":true,"href":"https:\/\/gazetapernambucana.com\/index.php?rest_route=%2Fwp%2Fv2%2Ftags&post=2473"}],"curies":[{"name":"wp","href":"https:\/\/api.w.org\/{rel}","templated":true}]}}