{"id":2470,"date":"2026-01-12T12:04:15","date_gmt":"2026-01-12T15:04:15","guid":{"rendered":"https:\/\/gazetapernambucana.com\/?p=2470"},"modified":"2026-01-12T12:04:15","modified_gmt":"2026-01-12T15:04:15","slug":"retrato-de-uma-ditadura-tragica-mas-tambem-ridicula-entrevista-com-jose-nivaldo","status":"publish","type":"post","link":"https:\/\/gazetapernambucana.com\/?p=2470","title":{"rendered":"Retrato de uma ditadura tr\u00e1gica, mas tamb\u00e9m rid\u00edcula \u2014 entrevista com Jos\u00e9 Nivaldo"},"content":{"rendered":"<div class=\"texto-principal\">O publicit\u00e1rio e escritor Jos\u00e9 Nivaldo J\u00fanior revisita, no seu romance intitulado \u2018O Julgamento de Deus\u2019 os tensos momentos de abril de 64 e retrata uma ditadura tr\u00e1gica e cruel, mas tamb\u00e9m rid\u00edcula, como o regime de exce\u00e7\u00e3o. A declara\u00e7\u00e3o \u00e9 do jornalista Maur\u00edcio Melo J\u00fanior, que fez uma entrevista longa com o escritor Jos\u00e9 Nivaldo J\u00fanior, autor da obra, pela TV Senado, veiculada em 15\/05\/2014 (ano do lan\u00e7amento) e muito acessada at\u00e9 hoje pelos leitores e telespectadores.<\/p>\n<p>\u2018O julgamento de Deus\u2019 narra o encadeamento de fatos enigm\u00e1ticos e acontecimentos pol\u00edticos que envolveram o in\u00e9dito julgamento e o seu desfecho. Um evento que, a partir de uma cidade do interior, repercutiu, dividiu e apaixonou o mundo.<\/p>\n<p>A obra, um romance, \u00e9 considerado pela cr\u00edtica nacional \u201cinovadora, divertida, pol\u00eamica e surpreendente da primeira \u00e0 \u00faltima p\u00e1gina\u201d.<\/p>\n<p><b>Acesse abaixo a entrevista de Jos\u00e9 Nivaldo veiculada pela TV Senado:<\/b><\/p>\n<div class=\"central\"><iframe class=\"video\" src=\"https:\/\/www.youtube.com\/embed\/tPiGOBsv3Ew\" frameborder=\"0\" allowfullscreen=\"allowfullscreen\" data-mce-fragment=\"1\"><\/iframe><\/div>\n<p><strong>Fonte: Jornal O PODER<\/strong><\/div>\n","protected":false},"excerpt":{"rendered":"<p>O publicit\u00e1rio e escritor Jos\u00e9 Nivaldo J\u00fanior revisita, no seu romance intitulado \u2018O Julgamento de Deus\u2019 os tensos momentos de abril de 64 e retrata uma ditadura tr\u00e1gica e cruel, mas tamb\u00e9m rid\u00edcula, como o regime de exce\u00e7\u00e3o. A declara\u00e7\u00e3o \u00e9 do jornalista Maur\u00edcio Melo J\u00fanior, que fez uma entrevista longa com o escritor Jos\u00e9 [&hellip;]<\/p>\n","protected":false},"author":1,"featured_media":2471,"comment_status":"open","ping_status":"open","sticky":false,"template":"","format":"standard","meta":{"footnotes":"","jetpack_publicize_message":"","jetpack_publicize_feature_enabled":true,"jetpack_social_post_already_shared":true,"jetpack_social_options":{"image_generator_settings":{"template":"highway","default_image_id":0,"font":"","enabled":false},"version":2}},"categories":[1,65],"tags":[],"class_list":["post-2470","post","type-post","status-publish","format-standard","has-post-thumbnail","hentry","category-https-gazetapernambucana-com-page_id225","category-politica"],"yoast_head":"<!-- This site is optimized with the Yoast SEO plugin v24.5 - https:\/\/yoast.com\/wordpress\/plugins\/seo\/ -->\n<title>Retrato de uma ditadura tr\u00e1gica, mas tamb\u00e9m rid\u00edcula \u2014 entrevista com Jos\u00e9 Nivaldo -<\/title>\n<meta name=\"robots\" content=\"index, follow, max-snippet:-1, max-image-preview:large, max-video-preview:-1\" \/>\n<link rel=\"canonical\" href=\"https:\/\/gazetapernambucana.com\/?p=2470\" \/>\n<meta property=\"og:locale\" content=\"pt_BR\" \/>\n<meta property=\"og:type\" content=\"article\" \/>\n<meta property=\"og:title\" content=\"Retrato de uma ditadura tr\u00e1gica, mas tamb\u00e9m rid\u00edcula \u2014 entrevista com Jos\u00e9 Nivaldo -\" \/>\n<meta property=\"og:description\" content=\"O publicit\u00e1rio e escritor Jos\u00e9 Nivaldo J\u00fanior revisita, no seu romance intitulado \u2018O Julgamento de Deus\u2019 os tensos momentos de abril de 64 e retrata uma ditadura tr\u00e1gica e cruel, mas tamb\u00e9m rid\u00edcula, como o regime de exce\u00e7\u00e3o. A declara\u00e7\u00e3o \u00e9 do jornalista Maur\u00edcio Melo J\u00fanior, que fez uma entrevista longa com o escritor Jos\u00e9 [&hellip;]\" \/>\n<meta property=\"og:url\" content=\"https:\/\/gazetapernambucana.com\/?p=2470\" \/>\n<meta property=\"article:published_time\" content=\"2026-01-12T15:04:15+00:00\" \/>\n<meta property=\"og:image\" content=\"https:\/\/gazetapernambucana.com\/wp-content\/uploads\/2026\/01\/1000384726-17680953136962fe51a2e88.jpg\" \/>\n\t<meta property=\"og:image:width\" content=\"400\" \/>\n\t<meta property=\"og:image:height\" content=\"299\" \/>\n\t<meta property=\"og:image:type\" content=\"image\/jpeg\" \/>\n<meta name=\"author\" content=\"GP\" \/>\n<meta name=\"twitter:card\" content=\"summary_large_image\" \/>\n<meta name=\"twitter:label1\" content=\"Escrito por\" \/>\n\t<meta name=\"twitter:data1\" content=\"GP\" \/>\n\t<meta name=\"twitter:label2\" content=\"Est. tempo de leitura\" \/>\n\t<meta name=\"twitter:data2\" content=\"2 minutos\" \/>\n<script type=\"application\/ld+json\" class=\"yoast-schema-graph\">{\"@context\":\"https:\/\/schema.org\",\"@graph\":[{\"@type\":\"WebPage\",\"@id\":\"https:\/\/gazetapernambucana.com\/?p=2470\",\"url\":\"https:\/\/gazetapernambucana.com\/?p=2470\",\"name\":\"Retrato de uma ditadura tr\u00e1gica, mas tamb\u00e9m rid\u00edcula \u2014 entrevista com Jos\u00e9 Nivaldo -\",\"isPartOf\":{\"@id\":\"https:\/\/gazetapernambucana.com\/#website\"},\"primaryImageOfPage\":{\"@id\":\"https:\/\/gazetapernambucana.com\/?p=2470#primaryimage\"},\"image\":{\"@id\":\"https:\/\/gazetapernambucana.com\/?p=2470#primaryimage\"},\"thumbnailUrl\":\"https:\/\/gazetapernambucana.com\/wp-content\/uploads\/2026\/01\/1000384726-17680953136962fe51a2e88.jpg\",\"datePublished\":\"2026-01-12T15:04:15+00:00\",\"author\":{\"@id\":\"https:\/\/gazetapernambucana.com\/#\/schema\/person\/188dc283325181ac2de4db1e9e987427\"},\"breadcrumb\":{\"@id\":\"https:\/\/gazetapernambucana.com\/?p=2470#breadcrumb\"},\"inLanguage\":\"pt-BR\",\"potentialAction\":[{\"@type\":\"ReadAction\",\"target\":[\"https:\/\/gazetapernambucana.com\/?p=2470\"]}]},{\"@type\":\"ImageObject\",\"inLanguage\":\"pt-BR\",\"@id\":\"https:\/\/gazetapernambucana.com\/?p=2470#primaryimage\",\"url\":\"https:\/\/gazetapernambucana.com\/wp-content\/uploads\/2026\/01\/1000384726-17680953136962fe51a2e88.jpg\",\"contentUrl\":\"https:\/\/gazetapernambucana.com\/wp-content\/uploads\/2026\/01\/1000384726-17680953136962fe51a2e88.jpg\",\"width\":400,\"height\":299},{\"@type\":\"BreadcrumbList\",\"@id\":\"https:\/\/gazetapernambucana.com\/?p=2470#breadcrumb\",\"itemListElement\":[{\"@type\":\"ListItem\",\"position\":1,\"name\":\"In\u00edcio\",\"item\":\"https:\/\/gazetapernambucana.com\/\"},{\"@type\":\"ListItem\",\"position\":2,\"name\":\"Retrato de uma ditadura tr\u00e1gica, mas tamb\u00e9m rid\u00edcula \u2014 entrevista com Jos\u00e9 Nivaldo\"}]},{\"@type\":\"WebSite\",\"@id\":\"https:\/\/gazetapernambucana.com\/#website\",\"url\":\"https:\/\/gazetapernambucana.com\/\",\"name\":\"\",\"description\":\"\",\"potentialAction\":[{\"@type\":\"SearchAction\",\"target\":{\"@type\":\"EntryPoint\",\"urlTemplate\":\"https:\/\/gazetapernambucana.com\/?s={search_term_string}\"},\"query-input\":{\"@type\":\"PropertyValueSpecification\",\"valueRequired\":true,\"valueName\":\"search_term_string\"}}],\"inLanguage\":\"pt-BR\"},{\"@type\":\"Person\",\"@id\":\"https:\/\/gazetapernambucana.com\/#\/schema\/person\/188dc283325181ac2de4db1e9e987427\",\"name\":\"GP\",\"image\":{\"@type\":\"ImageObject\",\"inLanguage\":\"pt-BR\",\"@id\":\"https:\/\/gazetapernambucana.com\/#\/schema\/person\/image\/\",\"url\":\"https:\/\/secure.gravatar.com\/avatar\/9dad78ff9a2d8b5742d11779f8a3f53b052320c550b2e1907882353c067bb111?s=96&d=mm&r=g\",\"contentUrl\":\"https:\/\/secure.gravatar.com\/avatar\/9dad78ff9a2d8b5742d11779f8a3f53b052320c550b2e1907882353c067bb111?s=96&d=mm&r=g\",\"caption\":\"GP\"},\"sameAs\":[\"http:\/\/gazetapernambucana.com\"],\"url\":\"https:\/\/gazetapernambucana.com\/?author=1\"}]}<\/script>\n<!-- \/ Yoast SEO plugin. -->","yoast_head_json":{"title":"Retrato de uma ditadura tr\u00e1gica, mas tamb\u00e9m rid\u00edcula \u2014 entrevista com Jos\u00e9 Nivaldo -","robots":{"index":"index","follow":"follow","max-snippet":"max-snippet:-1","max-image-preview":"max-image-preview:large","max-video-preview":"max-video-preview:-1"},"canonical":"https:\/\/gazetapernambucana.com\/?p=2470","og_locale":"pt_BR","og_type":"article","og_title":"Retrato de uma ditadura tr\u00e1gica, mas tamb\u00e9m rid\u00edcula \u2014 entrevista com Jos\u00e9 Nivaldo -","og_description":"O publicit\u00e1rio e escritor Jos\u00e9 Nivaldo J\u00fanior revisita, no seu romance intitulado \u2018O Julgamento de Deus\u2019 os tensos momentos de abril de 64 e retrata uma ditadura tr\u00e1gica e cruel, mas tamb\u00e9m rid\u00edcula, como o regime de exce\u00e7\u00e3o. A declara\u00e7\u00e3o \u00e9 do jornalista Maur\u00edcio Melo J\u00fanior, que fez uma entrevista longa com o escritor Jos\u00e9 [&hellip;]","og_url":"https:\/\/gazetapernambucana.com\/?p=2470","article_published_time":"2026-01-12T15:04:15+00:00","og_image":[{"width":400,"height":299,"url":"https:\/\/gazetapernambucana.com\/wp-content\/uploads\/2026\/01\/1000384726-17680953136962fe51a2e88.jpg","type":"image\/jpeg"}],"author":"GP","twitter_card":"summary_large_image","twitter_misc":{"Escrito por":"GP","Est. tempo de leitura":"2 minutos"},"schema":{"@context":"https:\/\/schema.org","@graph":[{"@type":"WebPage","@id":"https:\/\/gazetapernambucana.com\/?p=2470","url":"https:\/\/gazetapernambucana.com\/?p=2470","name":"Retrato de uma ditadura tr\u00e1gica, mas tamb\u00e9m rid\u00edcula \u2014 entrevista com Jos\u00e9 Nivaldo -","isPartOf":{"@id":"https:\/\/gazetapernambucana.com\/#website"},"primaryImageOfPage":{"@id":"https:\/\/gazetapernambucana.com\/?p=2470#primaryimage"},"image":{"@id":"https:\/\/gazetapernambucana.com\/?p=2470#primaryimage"},"thumbnailUrl":"https:\/\/gazetapernambucana.com\/wp-content\/uploads\/2026\/01\/1000384726-17680953136962fe51a2e88.jpg","datePublished":"2026-01-12T15:04:15+00:00","author":{"@id":"https:\/\/gazetapernambucana.com\/#\/schema\/person\/188dc283325181ac2de4db1e9e987427"},"breadcrumb":{"@id":"https:\/\/gazetapernambucana.com\/?p=2470#breadcrumb"},"inLanguage":"pt-BR","potentialAction":[{"@type":"ReadAction","target":["https:\/\/gazetapernambucana.com\/?p=2470"]}]},{"@type":"ImageObject","inLanguage":"pt-BR","@id":"https:\/\/gazetapernambucana.com\/?p=2470#primaryimage","url":"https:\/\/gazetapernambucana.com\/wp-content\/uploads\/2026\/01\/1000384726-17680953136962fe51a2e88.jpg","contentUrl":"https:\/\/gazetapernambucana.com\/wp-content\/uploads\/2026\/01\/1000384726-17680953136962fe51a2e88.jpg","width":400,"height":299},{"@type":"BreadcrumbList","@id":"https:\/\/gazetapernambucana.com\/?p=2470#breadcrumb","itemListElement":[{"@type":"ListItem","position":1,"name":"In\u00edcio","item":"https:\/\/gazetapernambucana.com\/"},{"@type":"ListItem","position":2,"name":"Retrato de uma ditadura tr\u00e1gica, mas tamb\u00e9m rid\u00edcula \u2014 entrevista com Jos\u00e9 Nivaldo"}]},{"@type":"WebSite","@id":"https:\/\/gazetapernambucana.com\/#website","url":"https:\/\/gazetapernambucana.com\/","name":"","description":"","potentialAction":[{"@type":"SearchAction","target":{"@type":"EntryPoint","urlTemplate":"https:\/\/gazetapernambucana.com\/?s={search_term_string}"},"query-input":{"@type":"PropertyValueSpecification","valueRequired":true,"valueName":"search_term_string"}}],"inLanguage":"pt-BR"},{"@type":"Person","@id":"https:\/\/gazetapernambucana.com\/#\/schema\/person\/188dc283325181ac2de4db1e9e987427","name":"GP","image":{"@type":"ImageObject","inLanguage":"pt-BR","@id":"https:\/\/gazetapernambucana.com\/#\/schema\/person\/image\/","url":"https:\/\/secure.gravatar.com\/avatar\/9dad78ff9a2d8b5742d11779f8a3f53b052320c550b2e1907882353c067bb111?s=96&d=mm&r=g","contentUrl":"https:\/\/secure.gravatar.com\/avatar\/9dad78ff9a2d8b5742d11779f8a3f53b052320c550b2e1907882353c067bb111?s=96&d=mm&r=g","caption":"GP"},"sameAs":["http:\/\/gazetapernambucana.com"],"url":"https:\/\/gazetapernambucana.com\/?author=1"}]}},"jetpack_publicize_connections":[],"_links":{"self":[{"href":"https:\/\/gazetapernambucana.com\/index.php?rest_route=\/wp\/v2\/posts\/2470","targetHints":{"allow":["GET"]}}],"collection":[{"href":"https:\/\/gazetapernambucana.com\/index.php?rest_route=\/wp\/v2\/posts"}],"about":[{"href":"https:\/\/gazetapernambucana.com\/index.php?rest_route=\/wp\/v2\/types\/post"}],"author":[{"embeddable":true,"href":"https:\/\/gazetapernambucana.com\/index.php?rest_route=\/wp\/v2\/users\/1"}],"replies":[{"embeddable":true,"href":"https:\/\/gazetapernambucana.com\/index.php?rest_route=%2Fwp%2Fv2%2Fcomments&post=2470"}],"version-history":[{"count":1,"href":"https:\/\/gazetapernambucana.com\/index.php?rest_route=\/wp\/v2\/posts\/2470\/revisions"}],"predecessor-version":[{"id":2472,"href":"https:\/\/gazetapernambucana.com\/index.php?rest_route=\/wp\/v2\/posts\/2470\/revisions\/2472"}],"wp:featuredmedia":[{"embeddable":true,"href":"https:\/\/gazetapernambucana.com\/index.php?rest_route=\/wp\/v2\/media\/2471"}],"wp:attachment":[{"href":"https:\/\/gazetapernambucana.com\/index.php?rest_route=%2Fwp%2Fv2%2Fmedia&parent=2470"}],"wp:term":[{"taxonomy":"category","embeddable":true,"href":"https:\/\/gazetapernambucana.com\/index.php?rest_route=%2Fwp%2Fv2%2Fcategories&post=2470"},{"taxonomy":"post_tag","embeddable":true,"href":"https:\/\/gazetapernambucana.com\/index.php?rest_route=%2Fwp%2Fv2%2Ftags&post=2470"}],"curies":[{"name":"wp","href":"https:\/\/api.w.org\/{rel}","templated":true}]}}