{"id":2468,"date":"2026-01-11T11:14:21","date_gmt":"2026-01-11T14:14:21","guid":{"rendered":"https:\/\/gazetapernambucana.com\/?p=2468"},"modified":"2026-01-11T11:14:21","modified_gmt":"2026-01-11T14:14:21","slug":"museu-de-novidades-por-claudemir-gomes","status":"publish","type":"post","link":"https:\/\/gazetapernambucana.com\/?p=2468","title":{"rendered":"MUSEU DE NOVIDADES. Por CLAUDEMIR GOMES"},"content":{"rendered":"<p><strong>Por CLAUDEMIR GOMES<\/strong> &#8211;\u00a0Os torcedores pernambucanos est\u00e3o em contagem regressiva para o in\u00edcio do campeonato estadual que come\u00e7a na pr\u00f3xima sexta-feira (09\/01\/26). A primeira edi\u00e7\u00e3o do Pernambucano foi disputada em 1915, com a participa\u00e7\u00e3o de cinco clubes, todos do Recife. Este ano \u2013 2026 \u2013 teremos uma competi\u00e7\u00e3o com oito clubes, e com a maioria dos jogos acontecendo na Capital Pernambucana.<br \/>\nO sentimento \u00e9 de que, ao longo desses 111 anos (1915\/2026), a bola, em seus movimentos de rota\u00e7\u00e3o e transla\u00e7\u00e3o, deu uma guinada de 360 graus, e nos trouxe de volta ao ponto de partida. Em mais de um s\u00e9culo de hist\u00f3ria vivenciamos momentos memor\u00e1veis; testemunhamos ascens\u00e3o e queda de algumas tribos; vimos agremia\u00e7\u00f5es a deriva em mares tenebrosos; assistimos a coroamentos e deposi\u00e7\u00f5es de \u201creis\u201d, como uma consequ\u00eancia natural do futebol onde a bola rola para os dois lados.<br \/>\nOs movimentos de rota\u00e7\u00e3o e transla\u00e7\u00e3o promovem mudan\u00e7as, e quem n\u00e3o se adapta a elas fica preso a um passado que n\u00e3o volta, embora muitas vezes os fatos pare\u00e7am sazonais. Privilegiados foram os que participaram dos grandes banquetes. Privilegiados s\u00e3o os vivem a nova ordem de um futebol sem fronteiras. Como bem ressalta o s\u00e1bio radialista, Adherval Barros, \u201co importante \u00e9 ter hist\u00f3rias pra contar\u201d.<br \/>\nO centen\u00e1rio Campeonato Pernambucano come\u00e7ou pequeno, restrito aos clubes recifenses, mas cresceu, se agigantou, chegou ao extremo oeste do Estado; percorreu as regi\u00f5es da Mata Norte e da Mata Sul, mas sucumbi, igual a todos os outros estaduais, diante da internacionaliza\u00e7\u00e3o do futebol, uma imposi\u00e7\u00e3o dos tempos modernos.<br \/>\nO in\u00e9dito hexa conquistado pelo N\u00e1utico nos anos 60; o tri supercampeonato do Santa Cruz \u2013 1957, 1976 e 1983 \u2013 assim como o vig\u00e9simo t\u00edtulo conquistado pelo Sport em 1975, que mudou o rumo da hist\u00f3ria do clube da Ilha do Retiro, s\u00e3o feitos que enriquecem a hist\u00f3ria num per\u00edodo de crescimento e transforma\u00e7\u00f5es. Fatos que traduzem a grandeza de um futebol que cresceu sobre o alicerce de tr\u00eas pilares: N\u00e1utico, Sport e Santa Cruz.<br \/>\nO Trio de Ferro da Capital, por uma s\u00e9rie de fatores que vai al\u00e9m da tradi\u00e7\u00e3o, segue creditado para brigar pelo t\u00edtulo dom\u00e9stico da temporada. Os demais participantes \u2013 Decis\u00e3o, Maguary, Retr\u00f4, Jaguar e Vit\u00f3ria \u2013 s\u00e3o coadjuvantes a serem respeitados como complicadores que podem atrapalhar a vida dos que realmente t\u00eam condi\u00e7\u00f5es de p\u00f4r a m\u00e3o na ta\u00e7a. Embora seja um clube contempor\u00e2neo do S\u00e9culo XXI, o Retr\u00f4 j\u00e1 possui dois vice-campeonatos. Em s\u00edntese: a F\u00eanix mandou a bola duas vezes na trave, e pode vir a ser o fato novo em 2026.<br \/>\nApesar do pouco interesse que desperta, o Campeonato Pernambucano \u00e9 a \u00fanica competi\u00e7\u00e3o que nossos clubes participam com cr\u00e9dito para serem campe\u00f5es. Nas disputas regionais e nacionais se posicionam no lugar comum dos francos atiradores.<br \/>\nPor imposi\u00e7\u00e3o das mudan\u00e7as, est\u00e3o nos servindo um campeonato t\u00e3o pequeno quanto o que foi posto na mesa h\u00e1 111 anos. Como bem cantou o controverso Cazuza, \u201cEu vejo o futuro repetir o passado\/Eu vejo um museu de grandes novidades\/O tempo n\u00e3o para, n\u00e3o para, n\u00e3o para\u201d.<\/p>\n","protected":false},"excerpt":{"rendered":"<p>Por CLAUDEMIR GOMES &#8211;\u00a0Os torcedores pernambucanos est\u00e3o em contagem regressiva para o in\u00edcio do campeonato estadual que come\u00e7a na pr\u00f3xima sexta-feira (09\/01\/26). A primeira edi\u00e7\u00e3o do Pernambucano foi disputada em 1915, com a participa\u00e7\u00e3o de cinco clubes, todos do Recife. Este ano \u2013 2026 \u2013 teremos uma competi\u00e7\u00e3o com oito clubes, e com a maioria [&hellip;]<\/p>\n","protected":false},"author":1,"featured_media":2236,"comment_status":"open","ping_status":"open","sticky":false,"template":"","format":"standard","meta":{"footnotes":"","jetpack_publicize_message":"","jetpack_publicize_feature_enabled":true,"jetpack_social_post_already_shared":true,"jetpack_social_options":{"image_generator_settings":{"template":"highway","default_image_id":0,"font":"","enabled":false},"version":2}},"categories":[1],"tags":[],"class_list":["post-2468","post","type-post","status-publish","format-standard","has-post-thumbnail","hentry","category-https-gazetapernambucana-com-page_id225"],"yoast_head":"<!-- This site is optimized with the Yoast SEO plugin v24.5 - https:\/\/yoast.com\/wordpress\/plugins\/seo\/ -->\n<title>MUSEU DE NOVIDADES. Por CLAUDEMIR GOMES -<\/title>\n<meta name=\"robots\" content=\"index, follow, max-snippet:-1, max-image-preview:large, max-video-preview:-1\" \/>\n<link rel=\"canonical\" href=\"https:\/\/gazetapernambucana.com\/?p=2468\" \/>\n<meta property=\"og:locale\" content=\"pt_BR\" \/>\n<meta property=\"og:type\" content=\"article\" \/>\n<meta property=\"og:title\" content=\"MUSEU DE NOVIDADES. Por CLAUDEMIR GOMES -\" \/>\n<meta property=\"og:description\" content=\"Por CLAUDEMIR GOMES &#8211;\u00a0Os torcedores pernambucanos est\u00e3o em contagem regressiva para o in\u00edcio do campeonato estadual que come\u00e7a na pr\u00f3xima sexta-feira (09\/01\/26). A primeira edi\u00e7\u00e3o do Pernambucano foi disputada em 1915, com a participa\u00e7\u00e3o de cinco clubes, todos do Recife. Este ano \u2013 2026 \u2013 teremos uma competi\u00e7\u00e3o com oito clubes, e com a maioria [&hellip;]\" \/>\n<meta property=\"og:url\" content=\"https:\/\/gazetapernambucana.com\/?p=2468\" \/>\n<meta property=\"article:published_time\" content=\"2026-01-11T14:14:21+00:00\" \/>\n<meta property=\"og:image\" content=\"https:\/\/gazetapernambucana.com\/wp-content\/uploads\/2025\/11\/43163348_124416095196984_1643391599985557504_n-1-1-300x300-1-2.jpg\" \/>\n\t<meta property=\"og:image:width\" content=\"300\" \/>\n\t<meta property=\"og:image:height\" content=\"300\" \/>\n\t<meta property=\"og:image:type\" content=\"image\/jpeg\" \/>\n<meta name=\"author\" content=\"GP\" \/>\n<meta name=\"twitter:card\" content=\"summary_large_image\" \/>\n<meta name=\"twitter:label1\" content=\"Escrito por\" \/>\n\t<meta name=\"twitter:data1\" content=\"GP\" \/>\n\t<meta name=\"twitter:label2\" content=\"Est. tempo de leitura\" \/>\n\t<meta name=\"twitter:data2\" content=\"3 minutos\" \/>\n<script type=\"application\/ld+json\" class=\"yoast-schema-graph\">{\"@context\":\"https:\/\/schema.org\",\"@graph\":[{\"@type\":\"WebPage\",\"@id\":\"https:\/\/gazetapernambucana.com\/?p=2468\",\"url\":\"https:\/\/gazetapernambucana.com\/?p=2468\",\"name\":\"MUSEU DE NOVIDADES. Por CLAUDEMIR GOMES -\",\"isPartOf\":{\"@id\":\"https:\/\/gazetapernambucana.com\/#website\"},\"primaryImageOfPage\":{\"@id\":\"https:\/\/gazetapernambucana.com\/?p=2468#primaryimage\"},\"image\":{\"@id\":\"https:\/\/gazetapernambucana.com\/?p=2468#primaryimage\"},\"thumbnailUrl\":\"https:\/\/gazetapernambucana.com\/wp-content\/uploads\/2025\/11\/43163348_124416095196984_1643391599985557504_n-1-1-300x300-1-2.jpg\",\"datePublished\":\"2026-01-11T14:14:21+00:00\",\"author\":{\"@id\":\"https:\/\/gazetapernambucana.com\/#\/schema\/person\/188dc283325181ac2de4db1e9e987427\"},\"breadcrumb\":{\"@id\":\"https:\/\/gazetapernambucana.com\/?p=2468#breadcrumb\"},\"inLanguage\":\"pt-BR\",\"potentialAction\":[{\"@type\":\"ReadAction\",\"target\":[\"https:\/\/gazetapernambucana.com\/?p=2468\"]}]},{\"@type\":\"ImageObject\",\"inLanguage\":\"pt-BR\",\"@id\":\"https:\/\/gazetapernambucana.com\/?p=2468#primaryimage\",\"url\":\"https:\/\/gazetapernambucana.com\/wp-content\/uploads\/2025\/11\/43163348_124416095196984_1643391599985557504_n-1-1-300x300-1-2.jpg\",\"contentUrl\":\"https:\/\/gazetapernambucana.com\/wp-content\/uploads\/2025\/11\/43163348_124416095196984_1643391599985557504_n-1-1-300x300-1-2.jpg\",\"width\":300,\"height\":300},{\"@type\":\"BreadcrumbList\",\"@id\":\"https:\/\/gazetapernambucana.com\/?p=2468#breadcrumb\",\"itemListElement\":[{\"@type\":\"ListItem\",\"position\":1,\"name\":\"In\u00edcio\",\"item\":\"https:\/\/gazetapernambucana.com\/\"},{\"@type\":\"ListItem\",\"position\":2,\"name\":\"MUSEU DE NOVIDADES. Por CLAUDEMIR GOMES\"}]},{\"@type\":\"WebSite\",\"@id\":\"https:\/\/gazetapernambucana.com\/#website\",\"url\":\"https:\/\/gazetapernambucana.com\/\",\"name\":\"\",\"description\":\"\",\"potentialAction\":[{\"@type\":\"SearchAction\",\"target\":{\"@type\":\"EntryPoint\",\"urlTemplate\":\"https:\/\/gazetapernambucana.com\/?s={search_term_string}\"},\"query-input\":{\"@type\":\"PropertyValueSpecification\",\"valueRequired\":true,\"valueName\":\"search_term_string\"}}],\"inLanguage\":\"pt-BR\"},{\"@type\":\"Person\",\"@id\":\"https:\/\/gazetapernambucana.com\/#\/schema\/person\/188dc283325181ac2de4db1e9e987427\",\"name\":\"GP\",\"image\":{\"@type\":\"ImageObject\",\"inLanguage\":\"pt-BR\",\"@id\":\"https:\/\/gazetapernambucana.com\/#\/schema\/person\/image\/\",\"url\":\"https:\/\/secure.gravatar.com\/avatar\/9dad78ff9a2d8b5742d11779f8a3f53b052320c550b2e1907882353c067bb111?s=96&d=mm&r=g\",\"contentUrl\":\"https:\/\/secure.gravatar.com\/avatar\/9dad78ff9a2d8b5742d11779f8a3f53b052320c550b2e1907882353c067bb111?s=96&d=mm&r=g\",\"caption\":\"GP\"},\"sameAs\":[\"http:\/\/gazetapernambucana.com\"],\"url\":\"https:\/\/gazetapernambucana.com\/?author=1\"}]}<\/script>\n<!-- \/ Yoast SEO plugin. -->","yoast_head_json":{"title":"MUSEU DE NOVIDADES. Por CLAUDEMIR GOMES -","robots":{"index":"index","follow":"follow","max-snippet":"max-snippet:-1","max-image-preview":"max-image-preview:large","max-video-preview":"max-video-preview:-1"},"canonical":"https:\/\/gazetapernambucana.com\/?p=2468","og_locale":"pt_BR","og_type":"article","og_title":"MUSEU DE NOVIDADES. Por CLAUDEMIR GOMES -","og_description":"Por CLAUDEMIR GOMES &#8211;\u00a0Os torcedores pernambucanos est\u00e3o em contagem regressiva para o in\u00edcio do campeonato estadual que come\u00e7a na pr\u00f3xima sexta-feira (09\/01\/26). A primeira edi\u00e7\u00e3o do Pernambucano foi disputada em 1915, com a participa\u00e7\u00e3o de cinco clubes, todos do Recife. Este ano \u2013 2026 \u2013 teremos uma competi\u00e7\u00e3o com oito clubes, e com a maioria [&hellip;]","og_url":"https:\/\/gazetapernambucana.com\/?p=2468","article_published_time":"2026-01-11T14:14:21+00:00","og_image":[{"width":300,"height":300,"url":"https:\/\/gazetapernambucana.com\/wp-content\/uploads\/2025\/11\/43163348_124416095196984_1643391599985557504_n-1-1-300x300-1-2.jpg","type":"image\/jpeg"}],"author":"GP","twitter_card":"summary_large_image","twitter_misc":{"Escrito por":"GP","Est. tempo de leitura":"3 minutos"},"schema":{"@context":"https:\/\/schema.org","@graph":[{"@type":"WebPage","@id":"https:\/\/gazetapernambucana.com\/?p=2468","url":"https:\/\/gazetapernambucana.com\/?p=2468","name":"MUSEU DE NOVIDADES. Por CLAUDEMIR GOMES -","isPartOf":{"@id":"https:\/\/gazetapernambucana.com\/#website"},"primaryImageOfPage":{"@id":"https:\/\/gazetapernambucana.com\/?p=2468#primaryimage"},"image":{"@id":"https:\/\/gazetapernambucana.com\/?p=2468#primaryimage"},"thumbnailUrl":"https:\/\/gazetapernambucana.com\/wp-content\/uploads\/2025\/11\/43163348_124416095196984_1643391599985557504_n-1-1-300x300-1-2.jpg","datePublished":"2026-01-11T14:14:21+00:00","author":{"@id":"https:\/\/gazetapernambucana.com\/#\/schema\/person\/188dc283325181ac2de4db1e9e987427"},"breadcrumb":{"@id":"https:\/\/gazetapernambucana.com\/?p=2468#breadcrumb"},"inLanguage":"pt-BR","potentialAction":[{"@type":"ReadAction","target":["https:\/\/gazetapernambucana.com\/?p=2468"]}]},{"@type":"ImageObject","inLanguage":"pt-BR","@id":"https:\/\/gazetapernambucana.com\/?p=2468#primaryimage","url":"https:\/\/gazetapernambucana.com\/wp-content\/uploads\/2025\/11\/43163348_124416095196984_1643391599985557504_n-1-1-300x300-1-2.jpg","contentUrl":"https:\/\/gazetapernambucana.com\/wp-content\/uploads\/2025\/11\/43163348_124416095196984_1643391599985557504_n-1-1-300x300-1-2.jpg","width":300,"height":300},{"@type":"BreadcrumbList","@id":"https:\/\/gazetapernambucana.com\/?p=2468#breadcrumb","itemListElement":[{"@type":"ListItem","position":1,"name":"In\u00edcio","item":"https:\/\/gazetapernambucana.com\/"},{"@type":"ListItem","position":2,"name":"MUSEU DE NOVIDADES. Por CLAUDEMIR GOMES"}]},{"@type":"WebSite","@id":"https:\/\/gazetapernambucana.com\/#website","url":"https:\/\/gazetapernambucana.com\/","name":"","description":"","potentialAction":[{"@type":"SearchAction","target":{"@type":"EntryPoint","urlTemplate":"https:\/\/gazetapernambucana.com\/?s={search_term_string}"},"query-input":{"@type":"PropertyValueSpecification","valueRequired":true,"valueName":"search_term_string"}}],"inLanguage":"pt-BR"},{"@type":"Person","@id":"https:\/\/gazetapernambucana.com\/#\/schema\/person\/188dc283325181ac2de4db1e9e987427","name":"GP","image":{"@type":"ImageObject","inLanguage":"pt-BR","@id":"https:\/\/gazetapernambucana.com\/#\/schema\/person\/image\/","url":"https:\/\/secure.gravatar.com\/avatar\/9dad78ff9a2d8b5742d11779f8a3f53b052320c550b2e1907882353c067bb111?s=96&d=mm&r=g","contentUrl":"https:\/\/secure.gravatar.com\/avatar\/9dad78ff9a2d8b5742d11779f8a3f53b052320c550b2e1907882353c067bb111?s=96&d=mm&r=g","caption":"GP"},"sameAs":["http:\/\/gazetapernambucana.com"],"url":"https:\/\/gazetapernambucana.com\/?author=1"}]}},"jetpack_publicize_connections":[],"_links":{"self":[{"href":"https:\/\/gazetapernambucana.com\/index.php?rest_route=\/wp\/v2\/posts\/2468","targetHints":{"allow":["GET"]}}],"collection":[{"href":"https:\/\/gazetapernambucana.com\/index.php?rest_route=\/wp\/v2\/posts"}],"about":[{"href":"https:\/\/gazetapernambucana.com\/index.php?rest_route=\/wp\/v2\/types\/post"}],"author":[{"embeddable":true,"href":"https:\/\/gazetapernambucana.com\/index.php?rest_route=\/wp\/v2\/users\/1"}],"replies":[{"embeddable":true,"href":"https:\/\/gazetapernambucana.com\/index.php?rest_route=%2Fwp%2Fv2%2Fcomments&post=2468"}],"version-history":[{"count":1,"href":"https:\/\/gazetapernambucana.com\/index.php?rest_route=\/wp\/v2\/posts\/2468\/revisions"}],"predecessor-version":[{"id":2469,"href":"https:\/\/gazetapernambucana.com\/index.php?rest_route=\/wp\/v2\/posts\/2468\/revisions\/2469"}],"wp:featuredmedia":[{"embeddable":true,"href":"https:\/\/gazetapernambucana.com\/index.php?rest_route=\/wp\/v2\/media\/2236"}],"wp:attachment":[{"href":"https:\/\/gazetapernambucana.com\/index.php?rest_route=%2Fwp%2Fv2%2Fmedia&parent=2468"}],"wp:term":[{"taxonomy":"category","embeddable":true,"href":"https:\/\/gazetapernambucana.com\/index.php?rest_route=%2Fwp%2Fv2%2Fcategories&post=2468"},{"taxonomy":"post_tag","embeddable":true,"href":"https:\/\/gazetapernambucana.com\/index.php?rest_route=%2Fwp%2Fv2%2Ftags&post=2468"}],"curies":[{"name":"wp","href":"https:\/\/api.w.org\/{rel}","templated":true}]}}